{"id":196178,"date":"2023-02-02T19:15:19","date_gmt":"2023-02-02T18:15:19","guid":{"rendered":"https:\/\/tuzlainfo.ba\/?p=196178"},"modified":"2023-02-02T16:58:46","modified_gmt":"2023-02-02T15:58:46","slug":"prof-mesalic-jos-cekamo-nacionalne-skrining-programe-za-karcinom-grlica-maternice","status":"publish","type":"post","link":"https:\/\/tuzlainfo.ba\/index.php\/novosti\/item\/196178-prof-mesalic-jos-cekamo-nacionalne-skrining-programe-za-karcinom-grlica-maternice\/","title":{"rendered":"Prof. Me\u0161ali\u0107: Jo\u0161 \u010dekamo nacionalne skrining programe za karcinom grli\u0107a maternice"},"content":{"rendered":"<p>Rak grli\u0107a maternice je drugi naju\u010destaliji karcinom kod \u017eena u svijetu, \u010diji se uzrok u vi\u0161e od 99 posto slu\u010dajeva povezuje sa HPV virusom. Skoro svaki slu\u010daj raka grli\u0107a maternice mo\u017ee biti sprije\u010den redovnim skriningom grli\u0107a, te HPV vakcinacijom.<\/p>\n<p>Tuzlanski kanton je prvi put u historiji dobio HPV vakcine. Djevoj\u010dice i \u017eene u tom kantonu nisu imale\u00a0 priliku primiti tu vakcinu, koja prevenira obolijevanje od raka grli\u0107a materice. Odsad \u0107e mo\u0107i besplatno dobiti tu vakcinu.<\/p>\n<p>Specijalista ginekologije i aku\u0161erstva, \u0161efica ginekolo\u0161kog odjeljenja u tuzlanskom Domu zdravlja prof. dr Lejla Me\u0161ali\u0107 nagla\u0161ava da to jeste naj\u010de\u0161\u0107i genitalni karcinom kod \u017eena, ali je preventabilan te se lako i jednostavno dijagnosticira.<\/p>\n<p>&#8211; Na\u017ealost, u BiH nemamo nacionalne programe skrininga za karcinom grli\u0107a maternice. U i\u0161\u010dekivanju smo takvog programa, koji bi smanjio u\u010destalost te bolesti &#8211; kazala je.<\/p>\n<p>Kako nagla\u0161ava, rak grli\u0107a maternice nastaje abnormalnim umno\u017eavanjem pojedinih stanica koje su inficirane. Zahvata vrat maternice koji je okrenut prema vagini \u0161to, taj dio genitalnog trakta, \u010dini veoma dostupnim i vidljivim.<\/p>\n<p>&#8211; Zdrave \u017eene nema bez zdravog grli\u0107a maternice. To je jako va\u017eno. Va\u017eno je napomenuti i to da, ako se otkrije na vrijeme, taj karcinom je izlje\u010diva bolest. Zato je uvijek akcent na preventivnim pregledima &#8211; naglasila je.<\/p>\n<p>Profesorica dr. Me\u0161ali\u0107 nagla\u0161ava da su brojni faktori rizika, ali danas se najvi\u0161e govori o humanom papiloma virusu odnosno HPV infekciji kao glavnom uzro\u010dniku karcinoma grli\u0107a maternice i prekanceroza.<\/p>\n<p>&#8211; Taj virus jeste seksualno prenosiv, ali to ne zna\u010di da je apsolutno seksualno prenosiv. Mu\u0161karci su prenosioci, \u017eene su nosioci, me\u0111utim va\u017eno je re\u0107i da mo\u017ee spontano da regredira (povu\u0107e se) ako \u017eena vodi zdrav stil \u017eivota ili ima partnera \u010diju seksualnu historiju poznaje. Pri tom je va\u017eno seksualno obrazovanje adolescentica &#8211; kazala je.<\/p>\n<p>Zala\u017ee se za otvaranje savjetovali\u0161ta za mlade gdje bi adolescentice imale mo\u017eda lak\u0161i pristup ginekologu, priliku za savjet i pregled.<\/p>\n<p>&#8211; HPV virus mo\u017ee biti naro\u010dito opasan ako je do\u0161lo do ranog stupanja u seksualno odnose (sa 14 ili 15 godina) &#8211; ka\u017ee ona.<\/p>\n<p>Me\u0111u riziko faktorima je i zapaljenje grli\u0107a uzrokovano bakterijama. Zdrav grli\u0107 je nu\u017ean da bi se, kako je kazala prof. dr. Me\u0161ali\u0107, sa\u010duvala fertilnost jedne \u017eene.<\/p>\n<p>&#8211; Zato se mora lije\u010diti infekcija, voditi ra\u010duna o simptomima koje pacijentica navodi, redovnim pregledima i PAPA testovima &#8211; ka\u017ee. U faktore rizika ubraja se i socijalno stanje, nezdrav na\u010din \u017eivota, pu\u0161enje&#8230;..<\/p>\n<p>U slu\u010daju da \u017eena ima faktore rizika, potrebno je pet do deset godina da se razvije karcinom grli\u0107a maternice. To zna\u010di da se PAPA test preporu\u010duje jednom godi\u0161nje. Ako je PAPA test uredan, dvije godine zaredom, mo\u017ee se ponavljati svake dvije \u010dak i tri godine. Pod uvjetom da je HPV negativan.<\/p>\n<p>&#8211; Naj\u010de\u0161\u0107e se javlja kod \u017eena od 35 do 55 godine, ali ni mla\u0111e osobe nisu toga po\u0161te\u0111ene. Mo\u017eda tome doprinosi i rano stupanje u seksualne odnose. Zato je jako bitno seksualno obrazovanje mladih, treba da krene iz ku\u0107e potom u vrti\u0107u, osnovnoj i srednjoj \u0161koli. \u010cak i da se mo\u017eda uvede kao izborni predmet, o\u010duvanje reproduktivnog zdravlja &#8211; kazala je.<\/p>\n<p>Prema anketama, mladi do informacija te vrste naj\u010de\u0161\u0107e dolaze putem interneta ili iz me\u0111usobne komunikacije. Rijetko informaciju dobiju od roditelja, nastavnika ili da se obrate zdravstvenom profesionalcu.<\/p>\n<p>&#8211; Nama dolaze u ordinaciju ve\u0107inom onda kad ve\u0107 imaju problem, odnosno kada imaju neke od simptoma zbog kojih su zabrinuti &#8211; kazala je.<\/p>\n<p>HPV infekcija naj\u010de\u0161\u0107e ne daje nikakve simptome. Hroni\u010dni cervicitis (upala grli\u0107a maternice) se mo\u017ee manifestirati bolovima po dnu stomaka, nespecifi\u010dnim vaginalnim iscjetkom i bolnim seksualnim odnosima.<\/p>\n<p>&#8211; Ako se javi krvarenje mimo menstrualnog ciklusa, krvarenje nakon seksualnog odnosa, nespecifi\u010dna vaginalna sekrecija, bolovi po dnu stomaka i u krstima &#8211; to mogu biti simptomi. Me\u0111utim, ti simptomi se pojavljuju kad je ve\u0107 uznapredovali karcinom. Kad primijeti neki nespecifi\u010dan vaginalni iscjedak, \u017eena treba da se javi ginekologu \u2013 naglasila je.<\/p>\n<p>ZA HPV vakcine, koje su stigle u Tuzlanski kanton, ka\u017ee da su namijenjene djevoj\u010dicama dobi prije stupanja u seksualne odnose (od 11 do 15 godina). To mo\u017ee biti i starija \u017eenska osoba, od navedene, ako nije stupila u odnose. Me\u0111utim, i nakon \u0161to bude vakcinisana djevojka, preporu\u010duje se redovan PAPA test nakon \u0161to postane seksualno aktivna. Rezultati vakcinacije bit \u0107e vidljivi za desetak godina te \u0107e se tad mo\u0107i govoriti o u\u010dinkovitosti. U zemljama zapadne Evrope, ve\u0107a je zainteresiranost, ali ne u mjeri kako se to o\u010dekivalo, prenosi Fena.<\/p>\n","protected":false},"excerpt":{"rendered":"<p>Rak grli\u0107a maternice je drugi naju\u010destaliji karcinom kod \u017eena u svijetu, \u010diji se uzrok u&hellip;<\/p>\n","protected":false},"author":4,"featured_media":196179,"comment_status":"open","ping_status":"closed","sticky":false,"template":"","format":"standard","meta":{"_acf_changed":false,"footnotes":""},"categories":[304,12],"tags":[6108,6206,42,360],"acf":[],"yoast_head":"<!-- This site is optimized with the Yoast SEO plugin v23.5 - https:\/\/yoast.com\/wordpress\/plugins\/seo\/ -->\n<title>Prof. Me\u0161ali\u0107: Jo\u0161 \u010dekamo nacionalne skrining programe za karcinom grli\u0107a maternice - TuzlaInfo.ba<\/title>\n<meta name=\"robots\" content=\"index, follow, max-snippet:-1, max-image-preview:large, max-video-preview:-1\" \/>\n<link rel=\"canonical\" href=\"https:\/\/tuzlainfo.ba\/index.php\/novosti\/item\/196178-prof-mesalic-jos-cekamo-nacionalne-skrining-programe-za-karcinom-grlica-maternice\/\" \/>\n<meta property=\"og:locale\" content=\"bs_BA\" \/>\n<meta property=\"og:type\" content=\"article\" \/>\n<meta property=\"og:title\" content=\"Prof. Me\u0161ali\u0107: Jo\u0161 \u010dekamo nacionalne skrining programe za karcinom grli\u0107a maternice - TuzlaInfo.ba\" \/>\n<meta property=\"og:description\" content=\"Rak grli\u0107a maternice je drugi naju\u010destaliji karcinom kod \u017eena u svijetu, \u010diji se uzrok u&hellip;\" \/>\n<meta property=\"og:url\" content=\"https:\/\/tuzlainfo.ba\/index.php\/novosti\/item\/196178-prof-mesalic-jos-cekamo-nacionalne-skrining-programe-za-karcinom-grlica-maternice\/\" \/>\n<meta property=\"og:site_name\" content=\"TuzlaInfo.ba\" \/>\n<meta property=\"article:publisher\" content=\"https:\/\/www.facebook.com\/tuzlainfo.ba\/\" \/>\n<meta property=\"article:published_time\" content=\"2023-02-02T18:15:19+00:00\" \/>\n<meta property=\"article:modified_time\" content=\"2023-02-02T15:58:46+00:00\" \/>\n<meta property=\"og:image\" content=\"https:\/\/tuzlainfo.ba\/wp-content\/uploads\/2023\/02\/lejla-mesalic.jpg\" \/>\n\t<meta property=\"og:image:width\" content=\"1024\" \/>\n\t<meta property=\"og:image:height\" content=\"683\" \/>\n\t<meta property=\"og:image:type\" content=\"image\/jpeg\" \/>\n<meta name=\"author\" content=\"Tuzla Info\" \/>\n<meta name=\"twitter:card\" content=\"summary_large_image\" \/>\n<meta name=\"twitter:label1\" content=\"Written by\" \/>\n\t<meta name=\"twitter:data1\" content=\"Tuzla Info\" \/>\n\t<meta name=\"twitter:label2\" content=\"Est. reading time\" \/>\n\t<meta name=\"twitter:data2\" content=\"4 minute\" \/>\n<script type=\"application\/ld+json\" class=\"yoast-schema-graph\">{\"@context\":\"https:\/\/schema.org\",\"@graph\":[{\"@type\":\"Article\",\"@id\":\"https:\/\/tuzlainfo.ba\/index.php\/novosti\/item\/196178-prof-mesalic-jos-cekamo-nacionalne-skrining-programe-za-karcinom-grlica-maternice\/#article\",\"isPartOf\":{\"@id\":\"https:\/\/tuzlainfo.ba\/index.php\/novosti\/item\/196178-prof-mesalic-jos-cekamo-nacionalne-skrining-programe-za-karcinom-grlica-maternice\/\"},\"author\":{\"name\":\"Tuzla Info\",\"@id\":\"https:\/\/tuzlainfo.ba\/#\/schema\/person\/46cad4c57790cbc50781edd14870825a\"},\"headline\":\"Prof. Me\u0161ali\u0107: Jo\u0161 \u010dekamo nacionalne skrining programe za karcinom grli\u0107a maternice\",\"datePublished\":\"2023-02-02T18:15:19+00:00\",\"dateModified\":\"2023-02-02T15:58:46+00:00\",\"mainEntityOfPage\":{\"@id\":\"https:\/\/tuzlainfo.ba\/index.php\/novosti\/item\/196178-prof-mesalic-jos-cekamo-nacionalne-skrining-programe-za-karcinom-grlica-maternice\/\"},\"wordCount\":822,\"commentCount\":0,\"publisher\":{\"@id\":\"https:\/\/tuzlainfo.ba\/#organization\"},\"image\":{\"@id\":\"https:\/\/tuzlainfo.ba\/index.php\/novosti\/item\/196178-prof-mesalic-jos-cekamo-nacionalne-skrining-programe-za-karcinom-grlica-maternice\/#primaryimage\"},\"thumbnailUrl\":\"https:\/\/tuzlainfo.ba\/wp-content\/uploads\/2023\/02\/lejla-mesalic.jpg\",\"keywords\":[\"hpv vakcine\",\"lejla mesalic\",\"tuzla\",\"tuzlanski kanton\"],\"articleSection\":[\"Istaknuto\",\"Novosti\"],\"inLanguage\":\"bs-BA\"},{\"@type\":\"WebPage\",\"@id\":\"https:\/\/tuzlainfo.ba\/index.php\/novosti\/item\/196178-prof-mesalic-jos-cekamo-nacionalne-skrining-programe-za-karcinom-grlica-maternice\/\",\"url\":\"https:\/\/tuzlainfo.ba\/index.php\/novosti\/item\/196178-prof-mesalic-jos-cekamo-nacionalne-skrining-programe-za-karcinom-grlica-maternice\/\",\"name\":\"Prof. Me\u0161ali\u0107: Jo\u0161 \u010dekamo nacionalne skrining programe za karcinom grli\u0107a maternice - TuzlaInfo.ba\",\"isPartOf\":{\"@id\":\"https:\/\/tuzlainfo.ba\/#website\"},\"primaryImageOfPage\":{\"@id\":\"https:\/\/tuzlainfo.ba\/index.php\/novosti\/item\/196178-prof-mesalic-jos-cekamo-nacionalne-skrining-programe-za-karcinom-grlica-maternice\/#primaryimage\"},\"image\":{\"@id\":\"https:\/\/tuzlainfo.ba\/index.php\/novosti\/item\/196178-prof-mesalic-jos-cekamo-nacionalne-skrining-programe-za-karcinom-grlica-maternice\/#primaryimage\"},\"thumbnailUrl\":\"https:\/\/tuzlainfo.ba\/wp-content\/uploads\/2023\/02\/lejla-mesalic.jpg\",\"datePublished\":\"2023-02-02T18:15:19+00:00\",\"dateModified\":\"2023-02-02T15:58:46+00:00\",\"breadcrumb\":{\"@id\":\"https:\/\/tuzlainfo.ba\/index.php\/novosti\/item\/196178-prof-mesalic-jos-cekamo-nacionalne-skrining-programe-za-karcinom-grlica-maternice\/#breadcrumb\"},\"inLanguage\":\"bs-BA\",\"potentialAction\":[{\"@type\":\"ReadAction\",\"target\":[\"https:\/\/tuzlainfo.ba\/index.php\/novosti\/item\/196178-prof-mesalic-jos-cekamo-nacionalne-skrining-programe-za-karcinom-grlica-maternice\/\"]}]},{\"@type\":\"ImageObject\",\"inLanguage\":\"bs-BA\",\"@id\":\"https:\/\/tuzlainfo.ba\/index.php\/novosti\/item\/196178-prof-mesalic-jos-cekamo-nacionalne-skrining-programe-za-karcinom-grlica-maternice\/#primaryimage\",\"url\":\"https:\/\/tuzlainfo.ba\/wp-content\/uploads\/2023\/02\/lejla-mesalic.jpg\",\"contentUrl\":\"https:\/\/tuzlainfo.ba\/wp-content\/uploads\/2023\/02\/lejla-mesalic.jpg\",\"width\":1024,\"height\":683},{\"@type\":\"BreadcrumbList\",\"@id\":\"https:\/\/tuzlainfo.ba\/index.php\/novosti\/item\/196178-prof-mesalic-jos-cekamo-nacionalne-skrining-programe-za-karcinom-grlica-maternice\/#breadcrumb\",\"itemListElement\":[{\"@type\":\"ListItem\",\"position\":1,\"name\":\"Home\",\"item\":\"https:\/\/tuzlainfo.ba\/\"},{\"@type\":\"ListItem\",\"position\":2,\"name\":\"Prof. Me\u0161ali\u0107: Jo\u0161 \u010dekamo nacionalne skrining programe za karcinom grli\u0107a maternice\"}]},{\"@type\":\"WebSite\",\"@id\":\"https:\/\/tuzlainfo.ba\/#website\",\"url\":\"https:\/\/tuzlainfo.ba\/\",\"name\":\"TuzlaInfo.ba\",\"description\":\"Tuzla info, gradski informator - Tuzla na dlanu\",\"publisher\":{\"@id\":\"https:\/\/tuzlainfo.ba\/#organization\"},\"potentialAction\":[{\"@type\":\"SearchAction\",\"target\":{\"@type\":\"EntryPoint\",\"urlTemplate\":\"https:\/\/tuzlainfo.ba\/?s={search_term_string}\"},\"query-input\":{\"@type\":\"PropertyValueSpecification\",\"valueRequired\":true,\"valueName\":\"search_term_string\"}}],\"inLanguage\":\"bs-BA\"},{\"@type\":\"Organization\",\"@id\":\"https:\/\/tuzlainfo.ba\/#organization\",\"name\":\"TuzlaInfo.ba\",\"url\":\"https:\/\/tuzlainfo.ba\/\",\"logo\":{\"@type\":\"ImageObject\",\"inLanguage\":\"bs-BA\",\"@id\":\"https:\/\/tuzlainfo.ba\/#\/schema\/logo\/image\/\",\"url\":\"https:\/\/tuzlainfo.ba\/wp-content\/uploads\/2021\/03\/logo-ver-3-1.png\",\"contentUrl\":\"https:\/\/tuzlainfo.ba\/wp-content\/uploads\/2021\/03\/logo-ver-3-1.png\",\"width\":350,\"height\":95,\"caption\":\"TuzlaInfo.ba\"},\"image\":{\"@id\":\"https:\/\/tuzlainfo.ba\/#\/schema\/logo\/image\/\"},\"sameAs\":[\"https:\/\/www.facebook.com\/tuzlainfo.ba\/\"]},{\"@type\":\"Person\",\"@id\":\"https:\/\/tuzlainfo.ba\/#\/schema\/person\/46cad4c57790cbc50781edd14870825a\",\"name\":\"Tuzla Info\",\"image\":{\"@type\":\"ImageObject\",\"inLanguage\":\"bs-BA\",\"@id\":\"https:\/\/tuzlainfo.ba\/#\/schema\/person\/image\/\",\"url\":\"https:\/\/tuzlainfo.ba\/wp-content\/litespeed\/avatar\/b6c453a6c38e3654f2e4416c643fc25c.jpg?ver=1777051911\",\"contentUrl\":\"https:\/\/tuzlainfo.ba\/wp-content\/litespeed\/avatar\/b6c453a6c38e3654f2e4416c643fc25c.jpg?ver=1777051911\",\"caption\":\"Tuzla Info\"}}]}<\/script>\n<!-- \/ Yoast SEO plugin. -->","yoast_head_json":{"title":"Prof. Me\u0161ali\u0107: Jo\u0161 \u010dekamo nacionalne skrining programe za karcinom grli\u0107a maternice - TuzlaInfo.ba","robots":{"index":"index","follow":"follow","max-snippet":"max-snippet:-1","max-image-preview":"max-image-preview:large","max-video-preview":"max-video-preview:-1"},"canonical":"https:\/\/tuzlainfo.ba\/index.php\/novosti\/item\/196178-prof-mesalic-jos-cekamo-nacionalne-skrining-programe-za-karcinom-grlica-maternice\/","og_locale":"bs_BA","og_type":"article","og_title":"Prof. Me\u0161ali\u0107: Jo\u0161 \u010dekamo nacionalne skrining programe za karcinom grli\u0107a maternice - TuzlaInfo.ba","og_description":"Rak grli\u0107a maternice je drugi naju\u010destaliji karcinom kod \u017eena u svijetu, \u010diji se uzrok u&hellip;","og_url":"https:\/\/tuzlainfo.ba\/index.php\/novosti\/item\/196178-prof-mesalic-jos-cekamo-nacionalne-skrining-programe-za-karcinom-grlica-maternice\/","og_site_name":"TuzlaInfo.ba","article_publisher":"https:\/\/www.facebook.com\/tuzlainfo.ba\/","article_published_time":"2023-02-02T18:15:19+00:00","article_modified_time":"2023-02-02T15:58:46+00:00","og_image":[{"width":1024,"height":683,"url":"https:\/\/tuzlainfo.ba\/wp-content\/uploads\/2023\/02\/lejla-mesalic.jpg","type":"image\/jpeg"}],"author":"Tuzla Info","twitter_card":"summary_large_image","twitter_misc":{"Written by":"Tuzla Info","Est. reading time":"4 minute"},"schema":{"@context":"https:\/\/schema.org","@graph":[{"@type":"Article","@id":"https:\/\/tuzlainfo.ba\/index.php\/novosti\/item\/196178-prof-mesalic-jos-cekamo-nacionalne-skrining-programe-za-karcinom-grlica-maternice\/#article","isPartOf":{"@id":"https:\/\/tuzlainfo.ba\/index.php\/novosti\/item\/196178-prof-mesalic-jos-cekamo-nacionalne-skrining-programe-za-karcinom-grlica-maternice\/"},"author":{"name":"Tuzla Info","@id":"https:\/\/tuzlainfo.ba\/#\/schema\/person\/46cad4c57790cbc50781edd14870825a"},"headline":"Prof. Me\u0161ali\u0107: Jo\u0161 \u010dekamo nacionalne skrining programe za karcinom grli\u0107a maternice","datePublished":"2023-02-02T18:15:19+00:00","dateModified":"2023-02-02T15:58:46+00:00","mainEntityOfPage":{"@id":"https:\/\/tuzlainfo.ba\/index.php\/novosti\/item\/196178-prof-mesalic-jos-cekamo-nacionalne-skrining-programe-za-karcinom-grlica-maternice\/"},"wordCount":822,"commentCount":0,"publisher":{"@id":"https:\/\/tuzlainfo.ba\/#organization"},"image":{"@id":"https:\/\/tuzlainfo.ba\/index.php\/novosti\/item\/196178-prof-mesalic-jos-cekamo-nacionalne-skrining-programe-za-karcinom-grlica-maternice\/#primaryimage"},"thumbnailUrl":"https:\/\/tuzlainfo.ba\/wp-content\/uploads\/2023\/02\/lejla-mesalic.jpg","keywords":["hpv vakcine","lejla mesalic","tuzla","tuzlanski kanton"],"articleSection":["Istaknuto","Novosti"],"inLanguage":"bs-BA"},{"@type":"WebPage","@id":"https:\/\/tuzlainfo.ba\/index.php\/novosti\/item\/196178-prof-mesalic-jos-cekamo-nacionalne-skrining-programe-za-karcinom-grlica-maternice\/","url":"https:\/\/tuzlainfo.ba\/index.php\/novosti\/item\/196178-prof-mesalic-jos-cekamo-nacionalne-skrining-programe-za-karcinom-grlica-maternice\/","name":"Prof. Me\u0161ali\u0107: Jo\u0161 \u010dekamo nacionalne skrining programe za karcinom grli\u0107a maternice - TuzlaInfo.ba","isPartOf":{"@id":"https:\/\/tuzlainfo.ba\/#website"},"primaryImageOfPage":{"@id":"https:\/\/tuzlainfo.ba\/index.php\/novosti\/item\/196178-prof-mesalic-jos-cekamo-nacionalne-skrining-programe-za-karcinom-grlica-maternice\/#primaryimage"},"image":{"@id":"https:\/\/tuzlainfo.ba\/index.php\/novosti\/item\/196178-prof-mesalic-jos-cekamo-nacionalne-skrining-programe-za-karcinom-grlica-maternice\/#primaryimage"},"thumbnailUrl":"https:\/\/tuzlainfo.ba\/wp-content\/uploads\/2023\/02\/lejla-mesalic.jpg","datePublished":"2023-02-02T18:15:19+00:00","dateModified":"2023-02-02T15:58:46+00:00","breadcrumb":{"@id":"https:\/\/tuzlainfo.ba\/index.php\/novosti\/item\/196178-prof-mesalic-jos-cekamo-nacionalne-skrining-programe-za-karcinom-grlica-maternice\/#breadcrumb"},"inLanguage":"bs-BA","potentialAction":[{"@type":"ReadAction","target":["https:\/\/tuzlainfo.ba\/index.php\/novosti\/item\/196178-prof-mesalic-jos-cekamo-nacionalne-skrining-programe-za-karcinom-grlica-maternice\/"]}]},{"@type":"ImageObject","inLanguage":"bs-BA","@id":"https:\/\/tuzlainfo.ba\/index.php\/novosti\/item\/196178-prof-mesalic-jos-cekamo-nacionalne-skrining-programe-za-karcinom-grlica-maternice\/#primaryimage","url":"https:\/\/tuzlainfo.ba\/wp-content\/uploads\/2023\/02\/lejla-mesalic.jpg","contentUrl":"https:\/\/tuzlainfo.ba\/wp-content\/uploads\/2023\/02\/lejla-mesalic.jpg","width":1024,"height":683},{"@type":"BreadcrumbList","@id":"https:\/\/tuzlainfo.ba\/index.php\/novosti\/item\/196178-prof-mesalic-jos-cekamo-nacionalne-skrining-programe-za-karcinom-grlica-maternice\/#breadcrumb","itemListElement":[{"@type":"ListItem","position":1,"name":"Home","item":"https:\/\/tuzlainfo.ba\/"},{"@type":"ListItem","position":2,"name":"Prof. Me\u0161ali\u0107: Jo\u0161 \u010dekamo nacionalne skrining programe za karcinom grli\u0107a maternice"}]},{"@type":"WebSite","@id":"https:\/\/tuzlainfo.ba\/#website","url":"https:\/\/tuzlainfo.ba\/","name":"TuzlaInfo.ba","description":"Tuzla info, gradski informator - Tuzla na dlanu","publisher":{"@id":"https:\/\/tuzlainfo.ba\/#organization"},"potentialAction":[{"@type":"SearchAction","target":{"@type":"EntryPoint","urlTemplate":"https:\/\/tuzlainfo.ba\/?s={search_term_string}"},"query-input":{"@type":"PropertyValueSpecification","valueRequired":true,"valueName":"search_term_string"}}],"inLanguage":"bs-BA"},{"@type":"Organization","@id":"https:\/\/tuzlainfo.ba\/#organization","name":"TuzlaInfo.ba","url":"https:\/\/tuzlainfo.ba\/","logo":{"@type":"ImageObject","inLanguage":"bs-BA","@id":"https:\/\/tuzlainfo.ba\/#\/schema\/logo\/image\/","url":"https:\/\/tuzlainfo.ba\/wp-content\/uploads\/2021\/03\/logo-ver-3-1.png","contentUrl":"https:\/\/tuzlainfo.ba\/wp-content\/uploads\/2021\/03\/logo-ver-3-1.png","width":350,"height":95,"caption":"TuzlaInfo.ba"},"image":{"@id":"https:\/\/tuzlainfo.ba\/#\/schema\/logo\/image\/"},"sameAs":["https:\/\/www.facebook.com\/tuzlainfo.ba\/"]},{"@type":"Person","@id":"https:\/\/tuzlainfo.ba\/#\/schema\/person\/46cad4c57790cbc50781edd14870825a","name":"Tuzla Info","image":{"@type":"ImageObject","inLanguage":"bs-BA","@id":"https:\/\/tuzlainfo.ba\/#\/schema\/person\/image\/","url":"https:\/\/tuzlainfo.ba\/wp-content\/litespeed\/avatar\/b6c453a6c38e3654f2e4416c643fc25c.jpg?ver=1777051911","contentUrl":"https:\/\/tuzlainfo.ba\/wp-content\/litespeed\/avatar\/b6c453a6c38e3654f2e4416c643fc25c.jpg?ver=1777051911","caption":"Tuzla Info"}}]}},"_links":{"self":[{"href":"https:\/\/tuzlainfo.ba\/index.php\/wp-json\/wp\/v2\/posts\/196178"}],"collection":[{"href":"https:\/\/tuzlainfo.ba\/index.php\/wp-json\/wp\/v2\/posts"}],"about":[{"href":"https:\/\/tuzlainfo.ba\/index.php\/wp-json\/wp\/v2\/types\/post"}],"author":[{"embeddable":true,"href":"https:\/\/tuzlainfo.ba\/index.php\/wp-json\/wp\/v2\/users\/4"}],"replies":[{"embeddable":true,"href":"https:\/\/tuzlainfo.ba\/index.php\/wp-json\/wp\/v2\/comments?post=196178"}],"version-history":[{"count":0,"href":"https:\/\/tuzlainfo.ba\/index.php\/wp-json\/wp\/v2\/posts\/196178\/revisions"}],"wp:featuredmedia":[{"embeddable":true,"href":"https:\/\/tuzlainfo.ba\/index.php\/wp-json\/wp\/v2\/media\/196179"}],"wp:attachment":[{"href":"https:\/\/tuzlainfo.ba\/index.php\/wp-json\/wp\/v2\/media?parent=196178"}],"wp:term":[{"taxonomy":"category","embeddable":true,"href":"https:\/\/tuzlainfo.ba\/index.php\/wp-json\/wp\/v2\/categories?post=196178"},{"taxonomy":"post_tag","embeddable":true,"href":"https:\/\/tuzlainfo.ba\/index.php\/wp-json\/wp\/v2\/tags?post=196178"}],"curies":[{"name":"wp","href":"https:\/\/api.w.org\/{rel}","templated":true}]}}