{"id":196168,"date":"2023-02-02T16:00:41","date_gmt":"2023-02-02T15:00:41","guid":{"rendered":"https:\/\/tuzlainfo.ba\/?p=196168"},"modified":"2023-02-02T15:27:05","modified_gmt":"2023-02-02T14:27:05","slug":"ljekarska-komora-tk-zdravstveni-sistem-u-kantonu-se-urusava","status":"publish","type":"post","link":"https:\/\/tuzlainfo.ba\/index.php\/novosti\/item\/196168-ljekarska-komora-tk-zdravstveni-sistem-u-kantonu-se-urusava\/","title":{"rendered":"Ljekarska komora TK: &#8220;Zdravstveni sistem u kantonu se uru\u0161ava&#8221;"},"content":{"rendered":"<p>Ljekarska komora Tuzlanskog kantona obratila se javnosti sa saop\u0107enjem u vezi sa trenutnim stanjem u zdravstvenom sistemu TK. U svom saop\u0107enju navode da \u0107e se obratiti Vladi TK, kako bi poku\u0161ali do\u0107i do rje\u0161enja brojnih, kako ka\u017eu, nagomilanih problema u zdravstvu.<\/p>\n<p>Njihovo saop\u0107enje prenosimo u cjelosti:<\/p>\n<p>\u201c\u010clanovi LJK TK su, na \u017ealost, samo svjedoci uru\u0161avanja zdravstvene za\u0161tite na podru\u010dju TK. Odnos insitucija vlasti prema stanju u zdravstvu na podru\u010dju TK je ma\u0107ehinski jer se ne preduzimaju dovoljno mjere kako bi se ovo stanje popravilo. Predstavnici vlasti sa podru\u010dja TK u institucijama dr\u017eave BiH, posebno FBiH, kao promatra\u010di prate kako se dijele sredstva za razvoj zdravstvene za\u0161tite u druge kantone i kako se i dalje TK diskriminira u odnosu na druge kantone u FBiH i u BiH. Sredstva informiranja bruje o gubitku UKC Tuzla a nitko ne govori o tome da je Sveu\u010dili\u0161na klinika u Mostaru u duplo ve\u0107em gubitku u odnosu na UKC Tuzla.<\/p>\n<p>Kako objasniti da to ne spre\u010dava Sveu\u010dili\u0161nu kliniku u Mostaru i Univezitetski centar u Kantonu Sarajevo da standardno i redovno nabavljaju novu modernu opremu \u0161to se u zdr. ustanovama na podru\u010dju TK \u010dini nedovoljno. Opremeljenost zdr. ustanova u TK je u odnosu na druge kantona u velikom zaostatku.<\/p>\n<p>Planirana sredstva prema finansijskom planu vlade TK i Fonda zdr. osiguranja TK za 2023 g. ne zadovoljavaju objektivne potrebe za normaliziranje rada u zdrvstvenim usanovama na podru\u010dju TK. Planirani prijem novih zdr. radnika u javne zdr. ustanove ne odgvora potrebama gradjana TK i ne\u0107e utjecati na primjetan odlazak ljekara iz TK u inostrantstvo i druge dijelove BiH. Ljekarska komora TK izra\u017eava nezadovoljstvo \u0161to u izradi ovih planova nisu u\u010destvovali ljekari a od javnosti su najvi\u0161e optu\u017eeni za ovakvo stanje.<\/p>\n<p>Na zahtjev velikog broja \u010dlanova komore odr\u017eana je sjednica IO LJK TK 30.01.2023 g. Na kojoj je odlu\u010deno da se uputi zahtjev vladi kantona da hitno po\u010dne rije\u0161avati nagomilane probleme u zdr. ustanovama u TK i da se nadje na\u010din da se popravi materijalno tehni\u010dka opremljenost zdr. ustanova i da se pobolj\u0161aju uslovi rada zdr. radnika u kantonu kao i da se odobri prijem novih zdravstvenih radnika u brojne deficitarne slu\u017ebe u zdr. ustanovama TK. Izgovor da vlada TK i resorna ministarstva jo\u0161 nisu formirana ne mo\u017ee biti i izgovor \u0161to se ova problematika ne rije\u0161ava\u201d \u2013 stoji u saop\u0107enju Ljekarske komore TK.<\/p>\n<p>&nbsp;<\/p>\n<p>Tuzlainfo\/RTV Slon<\/p>\n","protected":false},"excerpt":{"rendered":"<p>Ljekarska komora Tuzlanskog kantona obratila se javnosti sa saop\u0107enjem u vezi sa trenutnim stanjem u&hellip;<\/p>\n","protected":false},"author":4,"featured_media":196169,"comment_status":"open","ping_status":"closed","sticky":false,"template":"","format":"standard","meta":{"_acf_changed":false,"footnotes":""},"categories":[304,12],"tags":[2665],"acf":[],"yoast_head":"<!-- This site is optimized with the Yoast SEO plugin v23.5 - https:\/\/yoast.com\/wordpress\/plugins\/seo\/ -->\n<title>Ljekarska komora TK: &quot;Zdravstveni sistem u kantonu se uru\u0161ava&quot; - TuzlaInfo.ba<\/title>\n<meta name=\"robots\" content=\"index, follow, max-snippet:-1, max-image-preview:large, max-video-preview:-1\" \/>\n<link rel=\"canonical\" href=\"https:\/\/tuzlainfo.ba\/index.php\/novosti\/item\/196168-ljekarska-komora-tk-zdravstveni-sistem-u-kantonu-se-urusava\/\" \/>\n<meta property=\"og:locale\" content=\"bs_BA\" \/>\n<meta property=\"og:type\" content=\"article\" \/>\n<meta property=\"og:title\" content=\"Ljekarska komora TK: &quot;Zdravstveni sistem u kantonu se uru\u0161ava&quot; - TuzlaInfo.ba\" \/>\n<meta property=\"og:description\" content=\"Ljekarska komora Tuzlanskog kantona obratila se javnosti sa saop\u0107enjem u vezi sa trenutnim stanjem u&hellip;\" \/>\n<meta property=\"og:url\" content=\"https:\/\/tuzlainfo.ba\/index.php\/novosti\/item\/196168-ljekarska-komora-tk-zdravstveni-sistem-u-kantonu-se-urusava\/\" \/>\n<meta property=\"og:site_name\" content=\"TuzlaInfo.ba\" \/>\n<meta property=\"article:publisher\" content=\"https:\/\/www.facebook.com\/tuzlainfo.ba\/\" \/>\n<meta property=\"article:published_time\" content=\"2023-02-02T15:00:41+00:00\" \/>\n<meta property=\"article:modified_time\" content=\"2023-02-02T14:27:05+00:00\" \/>\n<meta property=\"og:image\" content=\"https:\/\/tuzlainfo.ba\/wp-content\/uploads\/2023\/02\/ljekarska-komora-tk.jpg\" \/>\n\t<meta property=\"og:image:width\" content=\"744\" \/>\n\t<meta property=\"og:image:height\" content=\"752\" \/>\n\t<meta property=\"og:image:type\" content=\"image\/jpeg\" \/>\n<meta name=\"author\" content=\"Tuzla Info\" \/>\n<meta name=\"twitter:card\" content=\"summary_large_image\" \/>\n<meta name=\"twitter:label1\" content=\"Written by\" \/>\n\t<meta name=\"twitter:data1\" content=\"Tuzla Info\" \/>\n\t<meta name=\"twitter:label2\" content=\"Est. reading time\" \/>\n\t<meta name=\"twitter:data2\" content=\"2 minute\" \/>\n<script type=\"application\/ld+json\" class=\"yoast-schema-graph\">{\"@context\":\"https:\/\/schema.org\",\"@graph\":[{\"@type\":\"Article\",\"@id\":\"https:\/\/tuzlainfo.ba\/index.php\/novosti\/item\/196168-ljekarska-komora-tk-zdravstveni-sistem-u-kantonu-se-urusava\/#article\",\"isPartOf\":{\"@id\":\"https:\/\/tuzlainfo.ba\/index.php\/novosti\/item\/196168-ljekarska-komora-tk-zdravstveni-sistem-u-kantonu-se-urusava\/\"},\"author\":{\"name\":\"Tuzla Info\",\"@id\":\"https:\/\/tuzlainfo.ba\/#\/schema\/person\/46cad4c57790cbc50781edd14870825a\"},\"headline\":\"Ljekarska komora TK: &#8220;Zdravstveni sistem u kantonu se uru\u0161ava&#8221;\",\"datePublished\":\"2023-02-02T15:00:41+00:00\",\"dateModified\":\"2023-02-02T14:27:05+00:00\",\"mainEntityOfPage\":{\"@id\":\"https:\/\/tuzlainfo.ba\/index.php\/novosti\/item\/196168-ljekarska-komora-tk-zdravstveni-sistem-u-kantonu-se-urusava\/\"},\"wordCount\":435,\"commentCount\":0,\"publisher\":{\"@id\":\"https:\/\/tuzlainfo.ba\/#organization\"},\"image\":{\"@id\":\"https:\/\/tuzlainfo.ba\/index.php\/novosti\/item\/196168-ljekarska-komora-tk-zdravstveni-sistem-u-kantonu-se-urusava\/#primaryimage\"},\"thumbnailUrl\":\"https:\/\/tuzlainfo.ba\/wp-content\/uploads\/2023\/02\/ljekarska-komora-tk.jpg\",\"keywords\":[\"ljekarska komora tk\"],\"articleSection\":[\"Istaknuto\",\"Novosti\"],\"inLanguage\":\"bs-BA\"},{\"@type\":\"WebPage\",\"@id\":\"https:\/\/tuzlainfo.ba\/index.php\/novosti\/item\/196168-ljekarska-komora-tk-zdravstveni-sistem-u-kantonu-se-urusava\/\",\"url\":\"https:\/\/tuzlainfo.ba\/index.php\/novosti\/item\/196168-ljekarska-komora-tk-zdravstveni-sistem-u-kantonu-se-urusava\/\",\"name\":\"Ljekarska komora TK: \\\"Zdravstveni sistem u kantonu se uru\u0161ava\\\" - TuzlaInfo.ba\",\"isPartOf\":{\"@id\":\"https:\/\/tuzlainfo.ba\/#website\"},\"primaryImageOfPage\":{\"@id\":\"https:\/\/tuzlainfo.ba\/index.php\/novosti\/item\/196168-ljekarska-komora-tk-zdravstveni-sistem-u-kantonu-se-urusava\/#primaryimage\"},\"image\":{\"@id\":\"https:\/\/tuzlainfo.ba\/index.php\/novosti\/item\/196168-ljekarska-komora-tk-zdravstveni-sistem-u-kantonu-se-urusava\/#primaryimage\"},\"thumbnailUrl\":\"https:\/\/tuzlainfo.ba\/wp-content\/uploads\/2023\/02\/ljekarska-komora-tk.jpg\",\"datePublished\":\"2023-02-02T15:00:41+00:00\",\"dateModified\":\"2023-02-02T14:27:05+00:00\",\"breadcrumb\":{\"@id\":\"https:\/\/tuzlainfo.ba\/index.php\/novosti\/item\/196168-ljekarska-komora-tk-zdravstveni-sistem-u-kantonu-se-urusava\/#breadcrumb\"},\"inLanguage\":\"bs-BA\",\"potentialAction\":[{\"@type\":\"ReadAction\",\"target\":[\"https:\/\/tuzlainfo.ba\/index.php\/novosti\/item\/196168-ljekarska-komora-tk-zdravstveni-sistem-u-kantonu-se-urusava\/\"]}]},{\"@type\":\"ImageObject\",\"inLanguage\":\"bs-BA\",\"@id\":\"https:\/\/tuzlainfo.ba\/index.php\/novosti\/item\/196168-ljekarska-komora-tk-zdravstveni-sistem-u-kantonu-se-urusava\/#primaryimage\",\"url\":\"https:\/\/tuzlainfo.ba\/wp-content\/uploads\/2023\/02\/ljekarska-komora-tk.jpg\",\"contentUrl\":\"https:\/\/tuzlainfo.ba\/wp-content\/uploads\/2023\/02\/ljekarska-komora-tk.jpg\",\"width\":744,\"height\":752},{\"@type\":\"BreadcrumbList\",\"@id\":\"https:\/\/tuzlainfo.ba\/index.php\/novosti\/item\/196168-ljekarska-komora-tk-zdravstveni-sistem-u-kantonu-se-urusava\/#breadcrumb\",\"itemListElement\":[{\"@type\":\"ListItem\",\"position\":1,\"name\":\"Home\",\"item\":\"https:\/\/tuzlainfo.ba\/\"},{\"@type\":\"ListItem\",\"position\":2,\"name\":\"Ljekarska komora TK: &#8220;Zdravstveni sistem u kantonu se uru\u0161ava&#8221;\"}]},{\"@type\":\"WebSite\",\"@id\":\"https:\/\/tuzlainfo.ba\/#website\",\"url\":\"https:\/\/tuzlainfo.ba\/\",\"name\":\"TuzlaInfo.ba\",\"description\":\"Tuzla info, gradski informator - Tuzla na dlanu\",\"publisher\":{\"@id\":\"https:\/\/tuzlainfo.ba\/#organization\"},\"potentialAction\":[{\"@type\":\"SearchAction\",\"target\":{\"@type\":\"EntryPoint\",\"urlTemplate\":\"https:\/\/tuzlainfo.ba\/?s={search_term_string}\"},\"query-input\":{\"@type\":\"PropertyValueSpecification\",\"valueRequired\":true,\"valueName\":\"search_term_string\"}}],\"inLanguage\":\"bs-BA\"},{\"@type\":\"Organization\",\"@id\":\"https:\/\/tuzlainfo.ba\/#organization\",\"name\":\"TuzlaInfo.ba\",\"url\":\"https:\/\/tuzlainfo.ba\/\",\"logo\":{\"@type\":\"ImageObject\",\"inLanguage\":\"bs-BA\",\"@id\":\"https:\/\/tuzlainfo.ba\/#\/schema\/logo\/image\/\",\"url\":\"https:\/\/tuzlainfo.ba\/wp-content\/uploads\/2021\/03\/logo-ver-3-1.png\",\"contentUrl\":\"https:\/\/tuzlainfo.ba\/wp-content\/uploads\/2021\/03\/logo-ver-3-1.png\",\"width\":350,\"height\":95,\"caption\":\"TuzlaInfo.ba\"},\"image\":{\"@id\":\"https:\/\/tuzlainfo.ba\/#\/schema\/logo\/image\/\"},\"sameAs\":[\"https:\/\/www.facebook.com\/tuzlainfo.ba\/\"]},{\"@type\":\"Person\",\"@id\":\"https:\/\/tuzlainfo.ba\/#\/schema\/person\/46cad4c57790cbc50781edd14870825a\",\"name\":\"Tuzla Info\",\"image\":{\"@type\":\"ImageObject\",\"inLanguage\":\"bs-BA\",\"@id\":\"https:\/\/tuzlainfo.ba\/#\/schema\/person\/image\/\",\"url\":\"https:\/\/tuzlainfo.ba\/wp-content\/litespeed\/avatar\/b6c453a6c38e3654f2e4416c643fc25c.jpg?ver=1777051911\",\"contentUrl\":\"https:\/\/tuzlainfo.ba\/wp-content\/litespeed\/avatar\/b6c453a6c38e3654f2e4416c643fc25c.jpg?ver=1777051911\",\"caption\":\"Tuzla Info\"}}]}<\/script>\n<!-- \/ Yoast SEO plugin. -->","yoast_head_json":{"title":"Ljekarska komora TK: \"Zdravstveni sistem u kantonu se uru\u0161ava\" - TuzlaInfo.ba","robots":{"index":"index","follow":"follow","max-snippet":"max-snippet:-1","max-image-preview":"max-image-preview:large","max-video-preview":"max-video-preview:-1"},"canonical":"https:\/\/tuzlainfo.ba\/index.php\/novosti\/item\/196168-ljekarska-komora-tk-zdravstveni-sistem-u-kantonu-se-urusava\/","og_locale":"bs_BA","og_type":"article","og_title":"Ljekarska komora TK: \"Zdravstveni sistem u kantonu se uru\u0161ava\" - TuzlaInfo.ba","og_description":"Ljekarska komora Tuzlanskog kantona obratila se javnosti sa saop\u0107enjem u vezi sa trenutnim stanjem u&hellip;","og_url":"https:\/\/tuzlainfo.ba\/index.php\/novosti\/item\/196168-ljekarska-komora-tk-zdravstveni-sistem-u-kantonu-se-urusava\/","og_site_name":"TuzlaInfo.ba","article_publisher":"https:\/\/www.facebook.com\/tuzlainfo.ba\/","article_published_time":"2023-02-02T15:00:41+00:00","article_modified_time":"2023-02-02T14:27:05+00:00","og_image":[{"width":744,"height":752,"url":"https:\/\/tuzlainfo.ba\/wp-content\/uploads\/2023\/02\/ljekarska-komora-tk.jpg","type":"image\/jpeg"}],"author":"Tuzla Info","twitter_card":"summary_large_image","twitter_misc":{"Written by":"Tuzla Info","Est. reading time":"2 minute"},"schema":{"@context":"https:\/\/schema.org","@graph":[{"@type":"Article","@id":"https:\/\/tuzlainfo.ba\/index.php\/novosti\/item\/196168-ljekarska-komora-tk-zdravstveni-sistem-u-kantonu-se-urusava\/#article","isPartOf":{"@id":"https:\/\/tuzlainfo.ba\/index.php\/novosti\/item\/196168-ljekarska-komora-tk-zdravstveni-sistem-u-kantonu-se-urusava\/"},"author":{"name":"Tuzla Info","@id":"https:\/\/tuzlainfo.ba\/#\/schema\/person\/46cad4c57790cbc50781edd14870825a"},"headline":"Ljekarska komora TK: &#8220;Zdravstveni sistem u kantonu se uru\u0161ava&#8221;","datePublished":"2023-02-02T15:00:41+00:00","dateModified":"2023-02-02T14:27:05+00:00","mainEntityOfPage":{"@id":"https:\/\/tuzlainfo.ba\/index.php\/novosti\/item\/196168-ljekarska-komora-tk-zdravstveni-sistem-u-kantonu-se-urusava\/"},"wordCount":435,"commentCount":0,"publisher":{"@id":"https:\/\/tuzlainfo.ba\/#organization"},"image":{"@id":"https:\/\/tuzlainfo.ba\/index.php\/novosti\/item\/196168-ljekarska-komora-tk-zdravstveni-sistem-u-kantonu-se-urusava\/#primaryimage"},"thumbnailUrl":"https:\/\/tuzlainfo.ba\/wp-content\/uploads\/2023\/02\/ljekarska-komora-tk.jpg","keywords":["ljekarska komora tk"],"articleSection":["Istaknuto","Novosti"],"inLanguage":"bs-BA"},{"@type":"WebPage","@id":"https:\/\/tuzlainfo.ba\/index.php\/novosti\/item\/196168-ljekarska-komora-tk-zdravstveni-sistem-u-kantonu-se-urusava\/","url":"https:\/\/tuzlainfo.ba\/index.php\/novosti\/item\/196168-ljekarska-komora-tk-zdravstveni-sistem-u-kantonu-se-urusava\/","name":"Ljekarska komora TK: \"Zdravstveni sistem u kantonu se uru\u0161ava\" - TuzlaInfo.ba","isPartOf":{"@id":"https:\/\/tuzlainfo.ba\/#website"},"primaryImageOfPage":{"@id":"https:\/\/tuzlainfo.ba\/index.php\/novosti\/item\/196168-ljekarska-komora-tk-zdravstveni-sistem-u-kantonu-se-urusava\/#primaryimage"},"image":{"@id":"https:\/\/tuzlainfo.ba\/index.php\/novosti\/item\/196168-ljekarska-komora-tk-zdravstveni-sistem-u-kantonu-se-urusava\/#primaryimage"},"thumbnailUrl":"https:\/\/tuzlainfo.ba\/wp-content\/uploads\/2023\/02\/ljekarska-komora-tk.jpg","datePublished":"2023-02-02T15:00:41+00:00","dateModified":"2023-02-02T14:27:05+00:00","breadcrumb":{"@id":"https:\/\/tuzlainfo.ba\/index.php\/novosti\/item\/196168-ljekarska-komora-tk-zdravstveni-sistem-u-kantonu-se-urusava\/#breadcrumb"},"inLanguage":"bs-BA","potentialAction":[{"@type":"ReadAction","target":["https:\/\/tuzlainfo.ba\/index.php\/novosti\/item\/196168-ljekarska-komora-tk-zdravstveni-sistem-u-kantonu-se-urusava\/"]}]},{"@type":"ImageObject","inLanguage":"bs-BA","@id":"https:\/\/tuzlainfo.ba\/index.php\/novosti\/item\/196168-ljekarska-komora-tk-zdravstveni-sistem-u-kantonu-se-urusava\/#primaryimage","url":"https:\/\/tuzlainfo.ba\/wp-content\/uploads\/2023\/02\/ljekarska-komora-tk.jpg","contentUrl":"https:\/\/tuzlainfo.ba\/wp-content\/uploads\/2023\/02\/ljekarska-komora-tk.jpg","width":744,"height":752},{"@type":"BreadcrumbList","@id":"https:\/\/tuzlainfo.ba\/index.php\/novosti\/item\/196168-ljekarska-komora-tk-zdravstveni-sistem-u-kantonu-se-urusava\/#breadcrumb","itemListElement":[{"@type":"ListItem","position":1,"name":"Home","item":"https:\/\/tuzlainfo.ba\/"},{"@type":"ListItem","position":2,"name":"Ljekarska komora TK: &#8220;Zdravstveni sistem u kantonu se uru\u0161ava&#8221;"}]},{"@type":"WebSite","@id":"https:\/\/tuzlainfo.ba\/#website","url":"https:\/\/tuzlainfo.ba\/","name":"TuzlaInfo.ba","description":"Tuzla info, gradski informator - Tuzla na dlanu","publisher":{"@id":"https:\/\/tuzlainfo.ba\/#organization"},"potentialAction":[{"@type":"SearchAction","target":{"@type":"EntryPoint","urlTemplate":"https:\/\/tuzlainfo.ba\/?s={search_term_string}"},"query-input":{"@type":"PropertyValueSpecification","valueRequired":true,"valueName":"search_term_string"}}],"inLanguage":"bs-BA"},{"@type":"Organization","@id":"https:\/\/tuzlainfo.ba\/#organization","name":"TuzlaInfo.ba","url":"https:\/\/tuzlainfo.ba\/","logo":{"@type":"ImageObject","inLanguage":"bs-BA","@id":"https:\/\/tuzlainfo.ba\/#\/schema\/logo\/image\/","url":"https:\/\/tuzlainfo.ba\/wp-content\/uploads\/2021\/03\/logo-ver-3-1.png","contentUrl":"https:\/\/tuzlainfo.ba\/wp-content\/uploads\/2021\/03\/logo-ver-3-1.png","width":350,"height":95,"caption":"TuzlaInfo.ba"},"image":{"@id":"https:\/\/tuzlainfo.ba\/#\/schema\/logo\/image\/"},"sameAs":["https:\/\/www.facebook.com\/tuzlainfo.ba\/"]},{"@type":"Person","@id":"https:\/\/tuzlainfo.ba\/#\/schema\/person\/46cad4c57790cbc50781edd14870825a","name":"Tuzla Info","image":{"@type":"ImageObject","inLanguage":"bs-BA","@id":"https:\/\/tuzlainfo.ba\/#\/schema\/person\/image\/","url":"https:\/\/tuzlainfo.ba\/wp-content\/litespeed\/avatar\/b6c453a6c38e3654f2e4416c643fc25c.jpg?ver=1777051911","contentUrl":"https:\/\/tuzlainfo.ba\/wp-content\/litespeed\/avatar\/b6c453a6c38e3654f2e4416c643fc25c.jpg?ver=1777051911","caption":"Tuzla Info"}}]}},"_links":{"self":[{"href":"https:\/\/tuzlainfo.ba\/index.php\/wp-json\/wp\/v2\/posts\/196168"}],"collection":[{"href":"https:\/\/tuzlainfo.ba\/index.php\/wp-json\/wp\/v2\/posts"}],"about":[{"href":"https:\/\/tuzlainfo.ba\/index.php\/wp-json\/wp\/v2\/types\/post"}],"author":[{"embeddable":true,"href":"https:\/\/tuzlainfo.ba\/index.php\/wp-json\/wp\/v2\/users\/4"}],"replies":[{"embeddable":true,"href":"https:\/\/tuzlainfo.ba\/index.php\/wp-json\/wp\/v2\/comments?post=196168"}],"version-history":[{"count":0,"href":"https:\/\/tuzlainfo.ba\/index.php\/wp-json\/wp\/v2\/posts\/196168\/revisions"}],"wp:featuredmedia":[{"embeddable":true,"href":"https:\/\/tuzlainfo.ba\/index.php\/wp-json\/wp\/v2\/media\/196169"}],"wp:attachment":[{"href":"https:\/\/tuzlainfo.ba\/index.php\/wp-json\/wp\/v2\/media?parent=196168"}],"wp:term":[{"taxonomy":"category","embeddable":true,"href":"https:\/\/tuzlainfo.ba\/index.php\/wp-json\/wp\/v2\/categories?post=196168"},{"taxonomy":"post_tag","embeddable":true,"href":"https:\/\/tuzlainfo.ba\/index.php\/wp-json\/wp\/v2\/tags?post=196168"}],"curies":[{"name":"wp","href":"https:\/\/api.w.org\/{rel}","templated":true}]}}