{"id":196052,"date":"2023-02-01T15:07:27","date_gmt":"2023-02-01T14:07:27","guid":{"rendered":"https:\/\/tuzlainfo.ba\/?p=196052"},"modified":"2023-02-01T12:55:54","modified_gmt":"2023-02-01T11:55:54","slug":"jkp-komunalac-tuzla-izmijenjeni-nacin-i-dinamika-odvoza-krupnog-i-kabastog-otpada","status":"publish","type":"post","link":"https:\/\/tuzlainfo.ba\/index.php\/novosti\/item\/196052-jkp-komunalac-tuzla-izmijenjeni-nacin-i-dinamika-odvoza-krupnog-i-kabastog-otpada\/","title":{"rendered":"JKP Komunalac Tuzla: Izmijenjeni na\u010din i dinamika odvoza krupnog i kabastog otpada"},"content":{"rendered":"<p>Dinamika i na\u010din odvoza krupnog i kabastog otpada u 2023. godini, koju organizuje JKP Komunalaz Tuzla \u0107e biti izmjenjen od dosada\u0161njeg spram definisanih obaveza i aktivnosti koje\u00a0 je JKP Komunalac sproveo realizacijom projekta &#8220;Uspostavljanje sistema za odr\u017eivo upravljanje kabastim otpadom, na teritoriji gradova U\u017eica i Tuzle &#8211; Bulky Waste Less&#8221; \u2013 BWL.<\/p>\n<p>Tako da \u0107e tokom\u00a0 2023. godine, usluga odvoza krupnog i kabastog otpada biti organizovana na na\u010din da \u0107e grad biti podjeljenja na dvije zone.<\/p>\n<p>U 1. zoni \u0107e se kabasti otpad preuzimati\/odvozitri u zadnjoj sedmici\u00a0<strong>januara, aprila, jula i oktobra<\/strong>\u00a0i to u MZ: Batva, Br\u010danska Malta, Centar, Jala, Kula, Kreka, Mosnik, Mejdan, Novi Grad I, Novi Grad II, Sjenjak, Slavinovi\u0107i, Slatina, Solana, Solina, Stari Grad i Tu\u0161anj. Otpad \u0107e se odlagati u velike narand\u017easte kontejnere (peke) koje \u0107e prema utvr\u0111enom planu biti postavljene na prepoznatljive lokacije u gradu, o \u010demu \u0107e gra\u0111ani biti informisani putem medija, socijalnih mre\u017ea, i letaka.<\/p>\n<p>U 2. zoni \u0107e se kabasti otpad preuzimati tako\u0111er u zadnjoj sedmici\u00a0<strong>januara, aprila, jula i oktobra<\/strong>\u00a0u MZ: Bre\u0161ke, Bukinje, Dobrnja, Dokanj, Donja Obodnica, Dragunja, Gornja Tuzla, Gornja Obodnica, Gornja Lipnica, Grabovica, Husino, Kiseljak, Lipnica, Ljepunice, Ljuba\u010de, Mramor, Par Selo, Pasci Gornji, Po\u017earnica, Simin Han, Srednja Lipnica, \u0160i Selo i \u0160i\u0107ki Brod.<br \/>\nGra\u0111ani koji gravitiraju ovim MZ, koji imaju uslugu odvoza komunalnog otpada na na\u010din da imaju svoje kante, svoj kabasti otpad \u0107e u zadnjoj sedmici januara, aprila, jula i oktobra mo\u0107i iznjeti ispred svojih objekata, na mjestu gdje iznose i kante sa komunalnim otpadom. Tako odlo\u017eeni kabasti otpad \u0107e u danima poslije biti odvezen odvezen vozilom namjenjenim za transport kabastog otpada.<\/p>\n<p>O terminima i trajanju akcije odvoza krupnog i kabastog, JKP \u201eKomunalac\u201d d.o.o Tuzla \u0107e dodatno obavjestiti gra\u0111ane preko povjerenika u mjesnim zajednicama, lokalnih sredstava informisanja, web portala ili putem svojih ra\u010duna.<\/p>\n<p>JKP \u201eKomunalac\u201c Tuzla d.o.o. \u0107e dodatno omogu\u0107iti korisnicima usluga da predaju svoj krupni otpad iz doma\u0107instava van organizovanih termina, na na\u010din da isti u svom aran\u017emanu dovezu i predaju u recikla\u017eno dvori\u0161te na deponiji Desetine, bez naknade, ako korisnik redovno izmiruje svoje obaveze za usluge odvoza sme\u0107a.<\/p>\n<p>Ukoliko gra\u0111ani nemaju mogu\u0107nost obezbjediti li\u010dni transport za odvoz svog kabastog otpada na deponiju, mogu koristiti uslugu na\u0161eg transporta, uz naknadu definisanu iz cjenovnika vanrednih usluga JKP Komunalac Tuzla.<\/p>\n<p>Svi nesavjesni gra\u0111ani koji svoj kabasti otpad budu odlagali na zato nepredvi\u0111ena mjesta i van ugovorenih termina, \u0107e biti prijavljen inspekcijskim organima na dalje postupanje.<\/p>\n<p>Pod krupnim i kabastim otpadom podrazumijevaju se predmeti koji po svojoj veli\u010dini, koli\u010dini i sastavu ne ulaze u kategoriju ku\u0107nog komunalnog otpada. To su, naj\u010de\u0161\u0107e dotrajali predmeti iz doma\u0107instava, stari namje\u0161taj, dijelovi sanitarne opreme i sli\u010dno. Krupnim i kabastim otpadom se ne smatra: iskopni materijal, gra\u0111evinski otpad, \u0161ut, \u0161ljaka, pepeo, ostaci vozila (karoserije), te zeleni otpad.<strong>\/Tuzlainfo\/<\/strong><\/p>\n","protected":false},"excerpt":{"rendered":"<p>Dinamika i na\u010din odvoza krupnog i kabastog otpada u 2023. godini, koju organizuje JKP Komunalaz&hellip;<\/p>\n","protected":false},"author":2,"featured_media":170851,"comment_status":"open","ping_status":"closed","sticky":false,"template":"","format":"standard","meta":{"_acf_changed":false,"footnotes":""},"categories":[304,12],"tags":[2942,4013,1442],"acf":[],"yoast_head":"<!-- This site is optimized with the Yoast SEO plugin v23.5 - https:\/\/yoast.com\/wordpress\/plugins\/seo\/ -->\n<title>JKP Komunalac Tuzla: Izmijenjeni na\u010din i dinamika odvoza krupnog i kabastog otpada - TuzlaInfo.ba<\/title>\n<meta name=\"robots\" content=\"index, follow, max-snippet:-1, max-image-preview:large, max-video-preview:-1\" \/>\n<link rel=\"canonical\" href=\"https:\/\/tuzlainfo.ba\/index.php\/novosti\/item\/196052-jkp-komunalac-tuzla-izmijenjeni-nacin-i-dinamika-odvoza-krupnog-i-kabastog-otpada\/\" \/>\n<meta property=\"og:locale\" content=\"bs_BA\" \/>\n<meta property=\"og:type\" content=\"article\" \/>\n<meta property=\"og:title\" content=\"JKP Komunalac Tuzla: Izmijenjeni na\u010din i dinamika odvoza krupnog i kabastog otpada - TuzlaInfo.ba\" \/>\n<meta property=\"og:description\" content=\"Dinamika i na\u010din odvoza krupnog i kabastog otpada u 2023. godini, koju organizuje JKP Komunalaz&hellip;\" \/>\n<meta property=\"og:url\" content=\"https:\/\/tuzlainfo.ba\/index.php\/novosti\/item\/196052-jkp-komunalac-tuzla-izmijenjeni-nacin-i-dinamika-odvoza-krupnog-i-kabastog-otpada\/\" \/>\n<meta property=\"og:site_name\" content=\"TuzlaInfo.ba\" \/>\n<meta property=\"article:publisher\" content=\"https:\/\/www.facebook.com\/tuzlainfo.ba\/\" \/>\n<meta property=\"article:published_time\" content=\"2023-02-01T14:07:27+00:00\" \/>\n<meta property=\"article:modified_time\" content=\"2023-02-01T11:55:54+00:00\" \/>\n<meta property=\"og:image\" content=\"https:\/\/tuzlainfo.ba\/wp-content\/uploads\/2022\/04\/3004_kabasti_otpad.jpg\" \/>\n\t<meta property=\"og:image:width\" content=\"1000\" \/>\n\t<meta property=\"og:image:height\" content=\"680\" \/>\n\t<meta property=\"og:image:type\" content=\"image\/jpeg\" \/>\n<meta name=\"author\" content=\"nedim\" \/>\n<meta name=\"twitter:card\" content=\"summary_large_image\" \/>\n<meta name=\"twitter:label1\" content=\"Written by\" \/>\n\t<meta name=\"twitter:data1\" content=\"nedim\" \/>\n\t<meta name=\"twitter:label2\" content=\"Est. reading time\" \/>\n\t<meta name=\"twitter:data2\" content=\"3 minute\" \/>\n<script type=\"application\/ld+json\" class=\"yoast-schema-graph\">{\"@context\":\"https:\/\/schema.org\",\"@graph\":[{\"@type\":\"Article\",\"@id\":\"https:\/\/tuzlainfo.ba\/index.php\/novosti\/item\/196052-jkp-komunalac-tuzla-izmijenjeni-nacin-i-dinamika-odvoza-krupnog-i-kabastog-otpada\/#article\",\"isPartOf\":{\"@id\":\"https:\/\/tuzlainfo.ba\/index.php\/novosti\/item\/196052-jkp-komunalac-tuzla-izmijenjeni-nacin-i-dinamika-odvoza-krupnog-i-kabastog-otpada\/\"},\"author\":{\"name\":\"nedim\",\"@id\":\"https:\/\/tuzlainfo.ba\/#\/schema\/person\/f434e20dc27ea133923aab08451b7f7f\"},\"headline\":\"JKP Komunalac Tuzla: Izmijenjeni na\u010din i dinamika odvoza krupnog i kabastog otpada\",\"datePublished\":\"2023-02-01T14:07:27+00:00\",\"dateModified\":\"2023-02-01T11:55:54+00:00\",\"mainEntityOfPage\":{\"@id\":\"https:\/\/tuzlainfo.ba\/index.php\/novosti\/item\/196052-jkp-komunalac-tuzla-izmijenjeni-nacin-i-dinamika-odvoza-krupnog-i-kabastog-otpada\/\"},\"wordCount\":513,\"commentCount\":0,\"publisher\":{\"@id\":\"https:\/\/tuzlainfo.ba\/#organization\"},\"image\":{\"@id\":\"https:\/\/tuzlainfo.ba\/index.php\/novosti\/item\/196052-jkp-komunalac-tuzla-izmijenjeni-nacin-i-dinamika-odvoza-krupnog-i-kabastog-otpada\/#primaryimage\"},\"thumbnailUrl\":\"https:\/\/tuzlainfo.ba\/wp-content\/uploads\/2022\/04\/3004_kabasti_otpad.jpg\",\"keywords\":[\"jkp komunalac\",\"kabasti otpad\",\"servisne informacije\"],\"articleSection\":[\"Istaknuto\",\"Novosti\"],\"inLanguage\":\"bs-BA\"},{\"@type\":\"WebPage\",\"@id\":\"https:\/\/tuzlainfo.ba\/index.php\/novosti\/item\/196052-jkp-komunalac-tuzla-izmijenjeni-nacin-i-dinamika-odvoza-krupnog-i-kabastog-otpada\/\",\"url\":\"https:\/\/tuzlainfo.ba\/index.php\/novosti\/item\/196052-jkp-komunalac-tuzla-izmijenjeni-nacin-i-dinamika-odvoza-krupnog-i-kabastog-otpada\/\",\"name\":\"JKP Komunalac Tuzla: Izmijenjeni na\u010din i dinamika odvoza krupnog i kabastog otpada - TuzlaInfo.ba\",\"isPartOf\":{\"@id\":\"https:\/\/tuzlainfo.ba\/#website\"},\"primaryImageOfPage\":{\"@id\":\"https:\/\/tuzlainfo.ba\/index.php\/novosti\/item\/196052-jkp-komunalac-tuzla-izmijenjeni-nacin-i-dinamika-odvoza-krupnog-i-kabastog-otpada\/#primaryimage\"},\"image\":{\"@id\":\"https:\/\/tuzlainfo.ba\/index.php\/novosti\/item\/196052-jkp-komunalac-tuzla-izmijenjeni-nacin-i-dinamika-odvoza-krupnog-i-kabastog-otpada\/#primaryimage\"},\"thumbnailUrl\":\"https:\/\/tuzlainfo.ba\/wp-content\/uploads\/2022\/04\/3004_kabasti_otpad.jpg\",\"datePublished\":\"2023-02-01T14:07:27+00:00\",\"dateModified\":\"2023-02-01T11:55:54+00:00\",\"breadcrumb\":{\"@id\":\"https:\/\/tuzlainfo.ba\/index.php\/novosti\/item\/196052-jkp-komunalac-tuzla-izmijenjeni-nacin-i-dinamika-odvoza-krupnog-i-kabastog-otpada\/#breadcrumb\"},\"inLanguage\":\"bs-BA\",\"potentialAction\":[{\"@type\":\"ReadAction\",\"target\":[\"https:\/\/tuzlainfo.ba\/index.php\/novosti\/item\/196052-jkp-komunalac-tuzla-izmijenjeni-nacin-i-dinamika-odvoza-krupnog-i-kabastog-otpada\/\"]}]},{\"@type\":\"ImageObject\",\"inLanguage\":\"bs-BA\",\"@id\":\"https:\/\/tuzlainfo.ba\/index.php\/novosti\/item\/196052-jkp-komunalac-tuzla-izmijenjeni-nacin-i-dinamika-odvoza-krupnog-i-kabastog-otpada\/#primaryimage\",\"url\":\"https:\/\/tuzlainfo.ba\/wp-content\/uploads\/2022\/04\/3004_kabasti_otpad.jpg\",\"contentUrl\":\"https:\/\/tuzlainfo.ba\/wp-content\/uploads\/2022\/04\/3004_kabasti_otpad.jpg\",\"width\":1000,\"height\":680,\"caption\":\"Foto: Tuzlainfo.ba\"},{\"@type\":\"BreadcrumbList\",\"@id\":\"https:\/\/tuzlainfo.ba\/index.php\/novosti\/item\/196052-jkp-komunalac-tuzla-izmijenjeni-nacin-i-dinamika-odvoza-krupnog-i-kabastog-otpada\/#breadcrumb\",\"itemListElement\":[{\"@type\":\"ListItem\",\"position\":1,\"name\":\"Home\",\"item\":\"https:\/\/tuzlainfo.ba\/\"},{\"@type\":\"ListItem\",\"position\":2,\"name\":\"JKP Komunalac Tuzla: Izmijenjeni na\u010din i dinamika odvoza krupnog i kabastog otpada\"}]},{\"@type\":\"WebSite\",\"@id\":\"https:\/\/tuzlainfo.ba\/#website\",\"url\":\"https:\/\/tuzlainfo.ba\/\",\"name\":\"TuzlaInfo.ba\",\"description\":\"Tuzla info, gradski informator - Tuzla na dlanu\",\"publisher\":{\"@id\":\"https:\/\/tuzlainfo.ba\/#organization\"},\"potentialAction\":[{\"@type\":\"SearchAction\",\"target\":{\"@type\":\"EntryPoint\",\"urlTemplate\":\"https:\/\/tuzlainfo.ba\/?s={search_term_string}\"},\"query-input\":{\"@type\":\"PropertyValueSpecification\",\"valueRequired\":true,\"valueName\":\"search_term_string\"}}],\"inLanguage\":\"bs-BA\"},{\"@type\":\"Organization\",\"@id\":\"https:\/\/tuzlainfo.ba\/#organization\",\"name\":\"TuzlaInfo.ba\",\"url\":\"https:\/\/tuzlainfo.ba\/\",\"logo\":{\"@type\":\"ImageObject\",\"inLanguage\":\"bs-BA\",\"@id\":\"https:\/\/tuzlainfo.ba\/#\/schema\/logo\/image\/\",\"url\":\"https:\/\/tuzlainfo.ba\/wp-content\/uploads\/2021\/03\/logo-ver-3-1.png\",\"contentUrl\":\"https:\/\/tuzlainfo.ba\/wp-content\/uploads\/2021\/03\/logo-ver-3-1.png\",\"width\":350,\"height\":95,\"caption\":\"TuzlaInfo.ba\"},\"image\":{\"@id\":\"https:\/\/tuzlainfo.ba\/#\/schema\/logo\/image\/\"},\"sameAs\":[\"https:\/\/www.facebook.com\/tuzlainfo.ba\/\"]},{\"@type\":\"Person\",\"@id\":\"https:\/\/tuzlainfo.ba\/#\/schema\/person\/f434e20dc27ea133923aab08451b7f7f\",\"name\":\"nedim\",\"image\":{\"@type\":\"ImageObject\",\"inLanguage\":\"bs-BA\",\"@id\":\"https:\/\/tuzlainfo.ba\/#\/schema\/person\/image\/\",\"url\":\"https:\/\/tuzlainfo.ba\/wp-content\/litespeed\/avatar\/aabad687af24844af817603ac1cbdc4f.jpg?ver=1776702173\",\"contentUrl\":\"https:\/\/tuzlainfo.ba\/wp-content\/litespeed\/avatar\/aabad687af24844af817603ac1cbdc4f.jpg?ver=1776702173\",\"caption\":\"nedim\"},\"description\":\"Tuzlainfo.ba pratite na dru\u0161tvenim mre\u017eama: Facebook, Instagram i Youtube. Svoje pri\u010de, upite i fotografije \u0161aljite na na\u0161u e-mail adresu.\"}]}<\/script>\n<!-- \/ Yoast SEO plugin. -->","yoast_head_json":{"title":"JKP Komunalac Tuzla: Izmijenjeni na\u010din i dinamika odvoza krupnog i kabastog otpada - TuzlaInfo.ba","robots":{"index":"index","follow":"follow","max-snippet":"max-snippet:-1","max-image-preview":"max-image-preview:large","max-video-preview":"max-video-preview:-1"},"canonical":"https:\/\/tuzlainfo.ba\/index.php\/novosti\/item\/196052-jkp-komunalac-tuzla-izmijenjeni-nacin-i-dinamika-odvoza-krupnog-i-kabastog-otpada\/","og_locale":"bs_BA","og_type":"article","og_title":"JKP Komunalac Tuzla: Izmijenjeni na\u010din i dinamika odvoza krupnog i kabastog otpada - TuzlaInfo.ba","og_description":"Dinamika i na\u010din odvoza krupnog i kabastog otpada u 2023. godini, koju organizuje JKP Komunalaz&hellip;","og_url":"https:\/\/tuzlainfo.ba\/index.php\/novosti\/item\/196052-jkp-komunalac-tuzla-izmijenjeni-nacin-i-dinamika-odvoza-krupnog-i-kabastog-otpada\/","og_site_name":"TuzlaInfo.ba","article_publisher":"https:\/\/www.facebook.com\/tuzlainfo.ba\/","article_published_time":"2023-02-01T14:07:27+00:00","article_modified_time":"2023-02-01T11:55:54+00:00","og_image":[{"width":1000,"height":680,"url":"https:\/\/tuzlainfo.ba\/wp-content\/uploads\/2022\/04\/3004_kabasti_otpad.jpg","type":"image\/jpeg"}],"author":"nedim","twitter_card":"summary_large_image","twitter_misc":{"Written by":"nedim","Est. reading time":"3 minute"},"schema":{"@context":"https:\/\/schema.org","@graph":[{"@type":"Article","@id":"https:\/\/tuzlainfo.ba\/index.php\/novosti\/item\/196052-jkp-komunalac-tuzla-izmijenjeni-nacin-i-dinamika-odvoza-krupnog-i-kabastog-otpada\/#article","isPartOf":{"@id":"https:\/\/tuzlainfo.ba\/index.php\/novosti\/item\/196052-jkp-komunalac-tuzla-izmijenjeni-nacin-i-dinamika-odvoza-krupnog-i-kabastog-otpada\/"},"author":{"name":"nedim","@id":"https:\/\/tuzlainfo.ba\/#\/schema\/person\/f434e20dc27ea133923aab08451b7f7f"},"headline":"JKP Komunalac Tuzla: Izmijenjeni na\u010din i dinamika odvoza krupnog i kabastog otpada","datePublished":"2023-02-01T14:07:27+00:00","dateModified":"2023-02-01T11:55:54+00:00","mainEntityOfPage":{"@id":"https:\/\/tuzlainfo.ba\/index.php\/novosti\/item\/196052-jkp-komunalac-tuzla-izmijenjeni-nacin-i-dinamika-odvoza-krupnog-i-kabastog-otpada\/"},"wordCount":513,"commentCount":0,"publisher":{"@id":"https:\/\/tuzlainfo.ba\/#organization"},"image":{"@id":"https:\/\/tuzlainfo.ba\/index.php\/novosti\/item\/196052-jkp-komunalac-tuzla-izmijenjeni-nacin-i-dinamika-odvoza-krupnog-i-kabastog-otpada\/#primaryimage"},"thumbnailUrl":"https:\/\/tuzlainfo.ba\/wp-content\/uploads\/2022\/04\/3004_kabasti_otpad.jpg","keywords":["jkp komunalac","kabasti otpad","servisne informacije"],"articleSection":["Istaknuto","Novosti"],"inLanguage":"bs-BA"},{"@type":"WebPage","@id":"https:\/\/tuzlainfo.ba\/index.php\/novosti\/item\/196052-jkp-komunalac-tuzla-izmijenjeni-nacin-i-dinamika-odvoza-krupnog-i-kabastog-otpada\/","url":"https:\/\/tuzlainfo.ba\/index.php\/novosti\/item\/196052-jkp-komunalac-tuzla-izmijenjeni-nacin-i-dinamika-odvoza-krupnog-i-kabastog-otpada\/","name":"JKP Komunalac Tuzla: Izmijenjeni na\u010din i dinamika odvoza krupnog i kabastog otpada - TuzlaInfo.ba","isPartOf":{"@id":"https:\/\/tuzlainfo.ba\/#website"},"primaryImageOfPage":{"@id":"https:\/\/tuzlainfo.ba\/index.php\/novosti\/item\/196052-jkp-komunalac-tuzla-izmijenjeni-nacin-i-dinamika-odvoza-krupnog-i-kabastog-otpada\/#primaryimage"},"image":{"@id":"https:\/\/tuzlainfo.ba\/index.php\/novosti\/item\/196052-jkp-komunalac-tuzla-izmijenjeni-nacin-i-dinamika-odvoza-krupnog-i-kabastog-otpada\/#primaryimage"},"thumbnailUrl":"https:\/\/tuzlainfo.ba\/wp-content\/uploads\/2022\/04\/3004_kabasti_otpad.jpg","datePublished":"2023-02-01T14:07:27+00:00","dateModified":"2023-02-01T11:55:54+00:00","breadcrumb":{"@id":"https:\/\/tuzlainfo.ba\/index.php\/novosti\/item\/196052-jkp-komunalac-tuzla-izmijenjeni-nacin-i-dinamika-odvoza-krupnog-i-kabastog-otpada\/#breadcrumb"},"inLanguage":"bs-BA","potentialAction":[{"@type":"ReadAction","target":["https:\/\/tuzlainfo.ba\/index.php\/novosti\/item\/196052-jkp-komunalac-tuzla-izmijenjeni-nacin-i-dinamika-odvoza-krupnog-i-kabastog-otpada\/"]}]},{"@type":"ImageObject","inLanguage":"bs-BA","@id":"https:\/\/tuzlainfo.ba\/index.php\/novosti\/item\/196052-jkp-komunalac-tuzla-izmijenjeni-nacin-i-dinamika-odvoza-krupnog-i-kabastog-otpada\/#primaryimage","url":"https:\/\/tuzlainfo.ba\/wp-content\/uploads\/2022\/04\/3004_kabasti_otpad.jpg","contentUrl":"https:\/\/tuzlainfo.ba\/wp-content\/uploads\/2022\/04\/3004_kabasti_otpad.jpg","width":1000,"height":680,"caption":"Foto: Tuzlainfo.ba"},{"@type":"BreadcrumbList","@id":"https:\/\/tuzlainfo.ba\/index.php\/novosti\/item\/196052-jkp-komunalac-tuzla-izmijenjeni-nacin-i-dinamika-odvoza-krupnog-i-kabastog-otpada\/#breadcrumb","itemListElement":[{"@type":"ListItem","position":1,"name":"Home","item":"https:\/\/tuzlainfo.ba\/"},{"@type":"ListItem","position":2,"name":"JKP Komunalac Tuzla: Izmijenjeni na\u010din i dinamika odvoza krupnog i kabastog otpada"}]},{"@type":"WebSite","@id":"https:\/\/tuzlainfo.ba\/#website","url":"https:\/\/tuzlainfo.ba\/","name":"TuzlaInfo.ba","description":"Tuzla info, gradski informator - Tuzla na dlanu","publisher":{"@id":"https:\/\/tuzlainfo.ba\/#organization"},"potentialAction":[{"@type":"SearchAction","target":{"@type":"EntryPoint","urlTemplate":"https:\/\/tuzlainfo.ba\/?s={search_term_string}"},"query-input":{"@type":"PropertyValueSpecification","valueRequired":true,"valueName":"search_term_string"}}],"inLanguage":"bs-BA"},{"@type":"Organization","@id":"https:\/\/tuzlainfo.ba\/#organization","name":"TuzlaInfo.ba","url":"https:\/\/tuzlainfo.ba\/","logo":{"@type":"ImageObject","inLanguage":"bs-BA","@id":"https:\/\/tuzlainfo.ba\/#\/schema\/logo\/image\/","url":"https:\/\/tuzlainfo.ba\/wp-content\/uploads\/2021\/03\/logo-ver-3-1.png","contentUrl":"https:\/\/tuzlainfo.ba\/wp-content\/uploads\/2021\/03\/logo-ver-3-1.png","width":350,"height":95,"caption":"TuzlaInfo.ba"},"image":{"@id":"https:\/\/tuzlainfo.ba\/#\/schema\/logo\/image\/"},"sameAs":["https:\/\/www.facebook.com\/tuzlainfo.ba\/"]},{"@type":"Person","@id":"https:\/\/tuzlainfo.ba\/#\/schema\/person\/f434e20dc27ea133923aab08451b7f7f","name":"nedim","image":{"@type":"ImageObject","inLanguage":"bs-BA","@id":"https:\/\/tuzlainfo.ba\/#\/schema\/person\/image\/","url":"https:\/\/tuzlainfo.ba\/wp-content\/litespeed\/avatar\/aabad687af24844af817603ac1cbdc4f.jpg?ver=1776702173","contentUrl":"https:\/\/tuzlainfo.ba\/wp-content\/litespeed\/avatar\/aabad687af24844af817603ac1cbdc4f.jpg?ver=1776702173","caption":"nedim"},"description":"Tuzlainfo.ba pratite na dru\u0161tvenim mre\u017eama: Facebook, Instagram i Youtube. Svoje pri\u010de, upite i fotografije \u0161aljite na na\u0161u e-mail adresu."}]}},"_links":{"self":[{"href":"https:\/\/tuzlainfo.ba\/index.php\/wp-json\/wp\/v2\/posts\/196052"}],"collection":[{"href":"https:\/\/tuzlainfo.ba\/index.php\/wp-json\/wp\/v2\/posts"}],"about":[{"href":"https:\/\/tuzlainfo.ba\/index.php\/wp-json\/wp\/v2\/types\/post"}],"author":[{"embeddable":true,"href":"https:\/\/tuzlainfo.ba\/index.php\/wp-json\/wp\/v2\/users\/2"}],"replies":[{"embeddable":true,"href":"https:\/\/tuzlainfo.ba\/index.php\/wp-json\/wp\/v2\/comments?post=196052"}],"version-history":[{"count":0,"href":"https:\/\/tuzlainfo.ba\/index.php\/wp-json\/wp\/v2\/posts\/196052\/revisions"}],"wp:featuredmedia":[{"embeddable":true,"href":"https:\/\/tuzlainfo.ba\/index.php\/wp-json\/wp\/v2\/media\/170851"}],"wp:attachment":[{"href":"https:\/\/tuzlainfo.ba\/index.php\/wp-json\/wp\/v2\/media?parent=196052"}],"wp:term":[{"taxonomy":"category","embeddable":true,"href":"https:\/\/tuzlainfo.ba\/index.php\/wp-json\/wp\/v2\/categories?post=196052"},{"taxonomy":"post_tag","embeddable":true,"href":"https:\/\/tuzlainfo.ba\/index.php\/wp-json\/wp\/v2\/tags?post=196052"}],"curies":[{"name":"wp","href":"https:\/\/api.w.org\/{rel}","templated":true}]}}