{"id":195999,"date":"2023-01-31T17:50:18","date_gmt":"2023-01-31T16:50:18","guid":{"rendered":"https:\/\/tuzlainfo.ba\/?p=195999"},"modified":"2023-01-31T17:50:18","modified_gmt":"2023-01-31T16:50:18","slug":"mirnes-ajanovic-pozvao-gradjane-da-glasaju-vise-vas-je-nego-onih-koji-zele-prodati-tuzlu","status":"publish","type":"post","link":"https:\/\/tuzlainfo.ba\/index.php\/clanci\/izbori-clanci\/item\/195999-mirnes-ajanovic-pozvao-gradjane-da-glasaju-vise-vas-je-nego-onih-koji-zele-prodati-tuzlu\/","title":{"rendered":"Mirnes Ajanovi\u0107 pozvao gra\u0111ane da glasaju: Vi\u0161e vas je nego onih koji \u017eele prodati Tuzlu"},"content":{"rendered":"<p>Nezavisni kandidat za Gradona\u010delnika Tuzle Mirnes Ajanovi\u0107 pozvao je gra\u0111ane da iza\u0111u na izbore uz poruku: \u201eVi\u0161e vas je nego onih koji \u017eele prodati Tuzlu\u201c, a u video prezentaciji je obrazlo\u017eio obaveze borbe za slobodnu Tuzlu.<\/p>\n<p>Dana 05.02.2023. odr\u017eavaju se prijevremeni izbori u Tuzli na kojima \u0107e se vr\u0161iti izbor za Gradona\u010delnika Tuzle, na isti na\u010din na istim mjestima kao i svi prethodni izbori. \u00a0Svi punoljetni gra\u0111ani Tuzle, dakle lica sa bh dokumentima, imaju pravo glasa i tako pravo u\u010de\u0161\u0107a u izboru novog Gradona\u010delnika Tuzle. Po\u017eeljno je da \u0161to vi\u0161e gra\u0111ana iskoristi svoje pravo glasa kako bi se odabrao Gradona\u010delnik u skladu sa voljom stvarne ve\u0107ine, ali i kako bi se sprije\u010dila zloupotreba neiskori\u0161tenih glasa\u010dkih listi\u0107a.<\/p>\n<p>Nakon velikog broja upita gra\u0111ana gdje \u0107e se vr\u0161iti glasanje, informi\u0161em javnost da navedenu informaciju mogu saznati na slu\u017ebenoj web stranici Centralne izborne komisije Bosne i Hercegovine. To mo\u017eete u\u010diniti odlaskom na web stranicu CIK BiH i klikom na link \u201cDa li ste registrovani?\u201d (na ra\u010dunaru se nalazi lijevo na ekranu kada pregledate web stranicu CIK BiH ili pri pregledu stranice putem telefona link se nalazi na vrhu ekrana) te upisivanjem tra\u017eenih podataka. Navedenu stranicu mo\u017eete posjetiti i putem sljede\u0107eg <a href=\"https:\/\/www.izbori.ba\/Default.aspx?Lang=3&amp;CategoryID=509\"><strong>linka<\/strong><\/a>,<\/p>\n<p>U formularu na navedenom linku potrebno je upisati prezime i ime, mati\u010dni broj te ispod kliknuti na polje \u201cNisam robot\u201d (ukoliko sistem tra\u017ei da ozna\u010dite odre\u0111ene fotografije onda u\u010diniti i to) pa potom kliknuti na polje \u201cProvjeri\u201d na kraju formulara. Ukoliko je sve ispravno uneseno sistem \u0107e ispisati broj glasa\u010dkog mjesta na kojem gra\u0111ani mogu glasati kao i adresu mjesta gdje svoje glasa\u010dko pravo mogu iskoristiti. Tom glasa\u010dkom mjestu se pristupa na dan odr\u017eavanja izbora i glasa po uputama Centralne izborne komisije Bosne i Hercegovine koje se nalaze ispred glasa\u010dkog mjesta, a navedeni postupak javnost mo\u017ee pogledati i na video klipu u prilogu ili na slu\u017ebenoj web stranici <a href=\"http:\/\/www.mirnes.ba\/\" target=\"_blank\" rel=\"noopener noreferrer\" data-saferedirecturl=\"https:\/\/www.google.com\/url?q=http:\/\/www.mirnes.ba&amp;source=gmail&amp;ust=1675269684830000&amp;usg=AOvVaw2BFFYfRh1j_YSXVgYNbh5B\">www.mirnes.ba<\/a>, istakao je Mirnes Ajanovi\u0107, nezavisni kandidat za Gradona\u010delnika Tuzle.<\/p>\n<p><iframe title=\"VI\u0160E VAS JE NEGO ONIH KOJI HO\u0106E PRODATI TUZLU - I UPUTE KAKO I GDJE MO\u017dETE GLASATI ZA GRADONA\u010cELNIKA\" width=\"1170\" height=\"658\" src=\"https:\/\/www.youtube.com\/embed\/MScP4smbQf0?feature=oembed\" frameborder=\"0\" allow=\"accelerometer; autoplay; clipboard-write; encrypted-media; gyroscope; picture-in-picture; web-share\" allowfullscreen><\/iframe><\/p>\n","protected":false},"excerpt":{"rendered":"<p>Nezavisni kandidat za Gradona\u010delnika Tuzle Mirnes Ajanovi\u0107 pozvao je gra\u0111ane da iza\u0111u na izbore uz&hellip;<\/p>\n","protected":false},"author":2,"featured_media":196000,"comment_status":"open","ping_status":"closed","sticky":false,"template":"","format":"standard","meta":{"_acf_changed":false,"footnotes":""},"categories":[15],"tags":[5822,643],"acf":[],"yoast_head":"<!-- This site is optimized with the Yoast SEO plugin v23.5 - https:\/\/yoast.com\/wordpress\/plugins\/seo\/ -->\n<title>Mirnes Ajanovi\u0107 pozvao gra\u0111ane da glasaju: Vi\u0161e vas je nego onih koji \u017eele prodati Tuzlu - TuzlaInfo.ba<\/title>\n<meta name=\"robots\" content=\"index, follow, max-snippet:-1, max-image-preview:large, max-video-preview:-1\" \/>\n<link rel=\"canonical\" href=\"https:\/\/tuzlainfo.ba\/index.php\/clanci\/izbori-clanci\/item\/195999-mirnes-ajanovic-pozvao-gradjane-da-glasaju-vise-vas-je-nego-onih-koji-zele-prodati-tuzlu\/\" \/>\n<meta property=\"og:locale\" content=\"bs_BA\" \/>\n<meta property=\"og:type\" content=\"article\" \/>\n<meta property=\"og:title\" content=\"Mirnes Ajanovi\u0107 pozvao gra\u0111ane da glasaju: Vi\u0161e vas je nego onih koji \u017eele prodati Tuzlu - TuzlaInfo.ba\" \/>\n<meta property=\"og:description\" content=\"Nezavisni kandidat za Gradona\u010delnika Tuzle Mirnes Ajanovi\u0107 pozvao je gra\u0111ane da iza\u0111u na izbore uz&hellip;\" \/>\n<meta property=\"og:url\" content=\"https:\/\/tuzlainfo.ba\/index.php\/clanci\/izbori-clanci\/item\/195999-mirnes-ajanovic-pozvao-gradjane-da-glasaju-vise-vas-je-nego-onih-koji-zele-prodati-tuzlu\/\" \/>\n<meta property=\"og:site_name\" content=\"TuzlaInfo.ba\" \/>\n<meta property=\"article:publisher\" content=\"https:\/\/www.facebook.com\/tuzlainfo.ba\/\" \/>\n<meta property=\"article:published_time\" content=\"2023-01-31T16:50:18+00:00\" \/>\n<meta property=\"og:image\" content=\"https:\/\/tuzlainfo.ba\/wp-content\/uploads\/2023\/01\/3101_mirnes_ajanovic.jpg\" \/>\n\t<meta property=\"og:image:width\" content=\"1095\" \/>\n\t<meta property=\"og:image:height\" content=\"667\" \/>\n\t<meta property=\"og:image:type\" content=\"image\/jpeg\" \/>\n<meta name=\"author\" content=\"nedim\" \/>\n<meta name=\"twitter:card\" content=\"summary_large_image\" \/>\n<meta name=\"twitter:label1\" content=\"Written by\" \/>\n\t<meta name=\"twitter:data1\" content=\"nedim\" \/>\n\t<meta name=\"twitter:label2\" content=\"Est. reading time\" \/>\n\t<meta name=\"twitter:data2\" content=\"2 minute\" \/>\n<script type=\"application\/ld+json\" class=\"yoast-schema-graph\">{\"@context\":\"https:\/\/schema.org\",\"@graph\":[{\"@type\":\"Article\",\"@id\":\"https:\/\/tuzlainfo.ba\/index.php\/clanci\/izbori-clanci\/item\/195999-mirnes-ajanovic-pozvao-gradjane-da-glasaju-vise-vas-je-nego-onih-koji-zele-prodati-tuzlu\/#article\",\"isPartOf\":{\"@id\":\"https:\/\/tuzlainfo.ba\/index.php\/clanci\/izbori-clanci\/item\/195999-mirnes-ajanovic-pozvao-gradjane-da-glasaju-vise-vas-je-nego-onih-koji-zele-prodati-tuzlu\/\"},\"author\":{\"name\":\"nedim\",\"@id\":\"https:\/\/tuzlainfo.ba\/#\/schema\/person\/f434e20dc27ea133923aab08451b7f7f\"},\"headline\":\"Mirnes Ajanovi\u0107 pozvao gra\u0111ane da glasaju: Vi\u0161e vas je nego onih koji \u017eele prodati Tuzlu\",\"datePublished\":\"2023-01-31T16:50:18+00:00\",\"dateModified\":\"2023-01-31T16:50:18+00:00\",\"mainEntityOfPage\":{\"@id\":\"https:\/\/tuzlainfo.ba\/index.php\/clanci\/izbori-clanci\/item\/195999-mirnes-ajanovic-pozvao-gradjane-da-glasaju-vise-vas-je-nego-onih-koji-zele-prodati-tuzlu\/\"},\"wordCount\":384,\"commentCount\":0,\"publisher\":{\"@id\":\"https:\/\/tuzlainfo.ba\/#organization\"},\"image\":{\"@id\":\"https:\/\/tuzlainfo.ba\/index.php\/clanci\/izbori-clanci\/item\/195999-mirnes-ajanovic-pozvao-gradjane-da-glasaju-vise-vas-je-nego-onih-koji-zele-prodati-tuzlu\/#primaryimage\"},\"thumbnailUrl\":\"https:\/\/tuzlainfo.ba\/wp-content\/uploads\/2023\/01\/3101_mirnes_ajanovic.jpg\",\"keywords\":[\"izbori za gradona\u010delnika tuzle\",\"mirnes ajanovi\u0107\"],\"articleSection\":[\"Izbori\"],\"inLanguage\":\"bs-BA\"},{\"@type\":\"WebPage\",\"@id\":\"https:\/\/tuzlainfo.ba\/index.php\/clanci\/izbori-clanci\/item\/195999-mirnes-ajanovic-pozvao-gradjane-da-glasaju-vise-vas-je-nego-onih-koji-zele-prodati-tuzlu\/\",\"url\":\"https:\/\/tuzlainfo.ba\/index.php\/clanci\/izbori-clanci\/item\/195999-mirnes-ajanovic-pozvao-gradjane-da-glasaju-vise-vas-je-nego-onih-koji-zele-prodati-tuzlu\/\",\"name\":\"Mirnes Ajanovi\u0107 pozvao gra\u0111ane da glasaju: Vi\u0161e vas je nego onih koji \u017eele prodati Tuzlu - TuzlaInfo.ba\",\"isPartOf\":{\"@id\":\"https:\/\/tuzlainfo.ba\/#website\"},\"primaryImageOfPage\":{\"@id\":\"https:\/\/tuzlainfo.ba\/index.php\/clanci\/izbori-clanci\/item\/195999-mirnes-ajanovic-pozvao-gradjane-da-glasaju-vise-vas-je-nego-onih-koji-zele-prodati-tuzlu\/#primaryimage\"},\"image\":{\"@id\":\"https:\/\/tuzlainfo.ba\/index.php\/clanci\/izbori-clanci\/item\/195999-mirnes-ajanovic-pozvao-gradjane-da-glasaju-vise-vas-je-nego-onih-koji-zele-prodati-tuzlu\/#primaryimage\"},\"thumbnailUrl\":\"https:\/\/tuzlainfo.ba\/wp-content\/uploads\/2023\/01\/3101_mirnes_ajanovic.jpg\",\"datePublished\":\"2023-01-31T16:50:18+00:00\",\"dateModified\":\"2023-01-31T16:50:18+00:00\",\"breadcrumb\":{\"@id\":\"https:\/\/tuzlainfo.ba\/index.php\/clanci\/izbori-clanci\/item\/195999-mirnes-ajanovic-pozvao-gradjane-da-glasaju-vise-vas-je-nego-onih-koji-zele-prodati-tuzlu\/#breadcrumb\"},\"inLanguage\":\"bs-BA\",\"potentialAction\":[{\"@type\":\"ReadAction\",\"target\":[\"https:\/\/tuzlainfo.ba\/index.php\/clanci\/izbori-clanci\/item\/195999-mirnes-ajanovic-pozvao-gradjane-da-glasaju-vise-vas-je-nego-onih-koji-zele-prodati-tuzlu\/\"]}]},{\"@type\":\"ImageObject\",\"inLanguage\":\"bs-BA\",\"@id\":\"https:\/\/tuzlainfo.ba\/index.php\/clanci\/izbori-clanci\/item\/195999-mirnes-ajanovic-pozvao-gradjane-da-glasaju-vise-vas-je-nego-onih-koji-zele-prodati-tuzlu\/#primaryimage\",\"url\":\"https:\/\/tuzlainfo.ba\/wp-content\/uploads\/2023\/01\/3101_mirnes_ajanovic.jpg\",\"contentUrl\":\"https:\/\/tuzlainfo.ba\/wp-content\/uploads\/2023\/01\/3101_mirnes_ajanovic.jpg\",\"width\":1095,\"height\":667},{\"@type\":\"BreadcrumbList\",\"@id\":\"https:\/\/tuzlainfo.ba\/index.php\/clanci\/izbori-clanci\/item\/195999-mirnes-ajanovic-pozvao-gradjane-da-glasaju-vise-vas-je-nego-onih-koji-zele-prodati-tuzlu\/#breadcrumb\",\"itemListElement\":[{\"@type\":\"ListItem\",\"position\":1,\"name\":\"Home\",\"item\":\"https:\/\/tuzlainfo.ba\/\"},{\"@type\":\"ListItem\",\"position\":2,\"name\":\"Mirnes Ajanovi\u0107 pozvao gra\u0111ane da glasaju: Vi\u0161e vas je nego onih koji \u017eele prodati Tuzlu\"}]},{\"@type\":\"WebSite\",\"@id\":\"https:\/\/tuzlainfo.ba\/#website\",\"url\":\"https:\/\/tuzlainfo.ba\/\",\"name\":\"TuzlaInfo.ba\",\"description\":\"Tuzla info, gradski informator - Tuzla na dlanu\",\"publisher\":{\"@id\":\"https:\/\/tuzlainfo.ba\/#organization\"},\"potentialAction\":[{\"@type\":\"SearchAction\",\"target\":{\"@type\":\"EntryPoint\",\"urlTemplate\":\"https:\/\/tuzlainfo.ba\/?s={search_term_string}\"},\"query-input\":{\"@type\":\"PropertyValueSpecification\",\"valueRequired\":true,\"valueName\":\"search_term_string\"}}],\"inLanguage\":\"bs-BA\"},{\"@type\":\"Organization\",\"@id\":\"https:\/\/tuzlainfo.ba\/#organization\",\"name\":\"TuzlaInfo.ba\",\"url\":\"https:\/\/tuzlainfo.ba\/\",\"logo\":{\"@type\":\"ImageObject\",\"inLanguage\":\"bs-BA\",\"@id\":\"https:\/\/tuzlainfo.ba\/#\/schema\/logo\/image\/\",\"url\":\"https:\/\/tuzlainfo.ba\/wp-content\/uploads\/2021\/03\/logo-ver-3-1.png\",\"contentUrl\":\"https:\/\/tuzlainfo.ba\/wp-content\/uploads\/2021\/03\/logo-ver-3-1.png\",\"width\":350,\"height\":95,\"caption\":\"TuzlaInfo.ba\"},\"image\":{\"@id\":\"https:\/\/tuzlainfo.ba\/#\/schema\/logo\/image\/\"},\"sameAs\":[\"https:\/\/www.facebook.com\/tuzlainfo.ba\/\"]},{\"@type\":\"Person\",\"@id\":\"https:\/\/tuzlainfo.ba\/#\/schema\/person\/f434e20dc27ea133923aab08451b7f7f\",\"name\":\"nedim\",\"image\":{\"@type\":\"ImageObject\",\"inLanguage\":\"bs-BA\",\"@id\":\"https:\/\/tuzlainfo.ba\/#\/schema\/person\/image\/\",\"url\":\"https:\/\/tuzlainfo.ba\/wp-content\/litespeed\/avatar\/aabad687af24844af817603ac1cbdc4f.jpg?ver=1777306975\",\"contentUrl\":\"https:\/\/tuzlainfo.ba\/wp-content\/litespeed\/avatar\/aabad687af24844af817603ac1cbdc4f.jpg?ver=1777306975\",\"caption\":\"nedim\"},\"description\":\"Tuzlainfo.ba pratite na dru\u0161tvenim mre\u017eama: Facebook, Instagram i Youtube. Svoje pri\u010de, upite i fotografije \u0161aljite na na\u0161u e-mail adresu.\"}]}<\/script>\n<!-- \/ Yoast SEO plugin. -->","yoast_head_json":{"title":"Mirnes Ajanovi\u0107 pozvao gra\u0111ane da glasaju: Vi\u0161e vas je nego onih koji \u017eele prodati Tuzlu - TuzlaInfo.ba","robots":{"index":"index","follow":"follow","max-snippet":"max-snippet:-1","max-image-preview":"max-image-preview:large","max-video-preview":"max-video-preview:-1"},"canonical":"https:\/\/tuzlainfo.ba\/index.php\/clanci\/izbori-clanci\/item\/195999-mirnes-ajanovic-pozvao-gradjane-da-glasaju-vise-vas-je-nego-onih-koji-zele-prodati-tuzlu\/","og_locale":"bs_BA","og_type":"article","og_title":"Mirnes Ajanovi\u0107 pozvao gra\u0111ane da glasaju: Vi\u0161e vas je nego onih koji \u017eele prodati Tuzlu - TuzlaInfo.ba","og_description":"Nezavisni kandidat za Gradona\u010delnika Tuzle Mirnes Ajanovi\u0107 pozvao je gra\u0111ane da iza\u0111u na izbore uz&hellip;","og_url":"https:\/\/tuzlainfo.ba\/index.php\/clanci\/izbori-clanci\/item\/195999-mirnes-ajanovic-pozvao-gradjane-da-glasaju-vise-vas-je-nego-onih-koji-zele-prodati-tuzlu\/","og_site_name":"TuzlaInfo.ba","article_publisher":"https:\/\/www.facebook.com\/tuzlainfo.ba\/","article_published_time":"2023-01-31T16:50:18+00:00","og_image":[{"width":1095,"height":667,"url":"https:\/\/tuzlainfo.ba\/wp-content\/uploads\/2023\/01\/3101_mirnes_ajanovic.jpg","type":"image\/jpeg"}],"author":"nedim","twitter_card":"summary_large_image","twitter_misc":{"Written by":"nedim","Est. reading time":"2 minute"},"schema":{"@context":"https:\/\/schema.org","@graph":[{"@type":"Article","@id":"https:\/\/tuzlainfo.ba\/index.php\/clanci\/izbori-clanci\/item\/195999-mirnes-ajanovic-pozvao-gradjane-da-glasaju-vise-vas-je-nego-onih-koji-zele-prodati-tuzlu\/#article","isPartOf":{"@id":"https:\/\/tuzlainfo.ba\/index.php\/clanci\/izbori-clanci\/item\/195999-mirnes-ajanovic-pozvao-gradjane-da-glasaju-vise-vas-je-nego-onih-koji-zele-prodati-tuzlu\/"},"author":{"name":"nedim","@id":"https:\/\/tuzlainfo.ba\/#\/schema\/person\/f434e20dc27ea133923aab08451b7f7f"},"headline":"Mirnes Ajanovi\u0107 pozvao gra\u0111ane da glasaju: Vi\u0161e vas je nego onih koji \u017eele prodati Tuzlu","datePublished":"2023-01-31T16:50:18+00:00","dateModified":"2023-01-31T16:50:18+00:00","mainEntityOfPage":{"@id":"https:\/\/tuzlainfo.ba\/index.php\/clanci\/izbori-clanci\/item\/195999-mirnes-ajanovic-pozvao-gradjane-da-glasaju-vise-vas-je-nego-onih-koji-zele-prodati-tuzlu\/"},"wordCount":384,"commentCount":0,"publisher":{"@id":"https:\/\/tuzlainfo.ba\/#organization"},"image":{"@id":"https:\/\/tuzlainfo.ba\/index.php\/clanci\/izbori-clanci\/item\/195999-mirnes-ajanovic-pozvao-gradjane-da-glasaju-vise-vas-je-nego-onih-koji-zele-prodati-tuzlu\/#primaryimage"},"thumbnailUrl":"https:\/\/tuzlainfo.ba\/wp-content\/uploads\/2023\/01\/3101_mirnes_ajanovic.jpg","keywords":["izbori za gradona\u010delnika tuzle","mirnes ajanovi\u0107"],"articleSection":["Izbori"],"inLanguage":"bs-BA"},{"@type":"WebPage","@id":"https:\/\/tuzlainfo.ba\/index.php\/clanci\/izbori-clanci\/item\/195999-mirnes-ajanovic-pozvao-gradjane-da-glasaju-vise-vas-je-nego-onih-koji-zele-prodati-tuzlu\/","url":"https:\/\/tuzlainfo.ba\/index.php\/clanci\/izbori-clanci\/item\/195999-mirnes-ajanovic-pozvao-gradjane-da-glasaju-vise-vas-je-nego-onih-koji-zele-prodati-tuzlu\/","name":"Mirnes Ajanovi\u0107 pozvao gra\u0111ane da glasaju: Vi\u0161e vas je nego onih koji \u017eele prodati Tuzlu - TuzlaInfo.ba","isPartOf":{"@id":"https:\/\/tuzlainfo.ba\/#website"},"primaryImageOfPage":{"@id":"https:\/\/tuzlainfo.ba\/index.php\/clanci\/izbori-clanci\/item\/195999-mirnes-ajanovic-pozvao-gradjane-da-glasaju-vise-vas-je-nego-onih-koji-zele-prodati-tuzlu\/#primaryimage"},"image":{"@id":"https:\/\/tuzlainfo.ba\/index.php\/clanci\/izbori-clanci\/item\/195999-mirnes-ajanovic-pozvao-gradjane-da-glasaju-vise-vas-je-nego-onih-koji-zele-prodati-tuzlu\/#primaryimage"},"thumbnailUrl":"https:\/\/tuzlainfo.ba\/wp-content\/uploads\/2023\/01\/3101_mirnes_ajanovic.jpg","datePublished":"2023-01-31T16:50:18+00:00","dateModified":"2023-01-31T16:50:18+00:00","breadcrumb":{"@id":"https:\/\/tuzlainfo.ba\/index.php\/clanci\/izbori-clanci\/item\/195999-mirnes-ajanovic-pozvao-gradjane-da-glasaju-vise-vas-je-nego-onih-koji-zele-prodati-tuzlu\/#breadcrumb"},"inLanguage":"bs-BA","potentialAction":[{"@type":"ReadAction","target":["https:\/\/tuzlainfo.ba\/index.php\/clanci\/izbori-clanci\/item\/195999-mirnes-ajanovic-pozvao-gradjane-da-glasaju-vise-vas-je-nego-onih-koji-zele-prodati-tuzlu\/"]}]},{"@type":"ImageObject","inLanguage":"bs-BA","@id":"https:\/\/tuzlainfo.ba\/index.php\/clanci\/izbori-clanci\/item\/195999-mirnes-ajanovic-pozvao-gradjane-da-glasaju-vise-vas-je-nego-onih-koji-zele-prodati-tuzlu\/#primaryimage","url":"https:\/\/tuzlainfo.ba\/wp-content\/uploads\/2023\/01\/3101_mirnes_ajanovic.jpg","contentUrl":"https:\/\/tuzlainfo.ba\/wp-content\/uploads\/2023\/01\/3101_mirnes_ajanovic.jpg","width":1095,"height":667},{"@type":"BreadcrumbList","@id":"https:\/\/tuzlainfo.ba\/index.php\/clanci\/izbori-clanci\/item\/195999-mirnes-ajanovic-pozvao-gradjane-da-glasaju-vise-vas-je-nego-onih-koji-zele-prodati-tuzlu\/#breadcrumb","itemListElement":[{"@type":"ListItem","position":1,"name":"Home","item":"https:\/\/tuzlainfo.ba\/"},{"@type":"ListItem","position":2,"name":"Mirnes Ajanovi\u0107 pozvao gra\u0111ane da glasaju: Vi\u0161e vas je nego onih koji \u017eele prodati Tuzlu"}]},{"@type":"WebSite","@id":"https:\/\/tuzlainfo.ba\/#website","url":"https:\/\/tuzlainfo.ba\/","name":"TuzlaInfo.ba","description":"Tuzla info, gradski informator - Tuzla na dlanu","publisher":{"@id":"https:\/\/tuzlainfo.ba\/#organization"},"potentialAction":[{"@type":"SearchAction","target":{"@type":"EntryPoint","urlTemplate":"https:\/\/tuzlainfo.ba\/?s={search_term_string}"},"query-input":{"@type":"PropertyValueSpecification","valueRequired":true,"valueName":"search_term_string"}}],"inLanguage":"bs-BA"},{"@type":"Organization","@id":"https:\/\/tuzlainfo.ba\/#organization","name":"TuzlaInfo.ba","url":"https:\/\/tuzlainfo.ba\/","logo":{"@type":"ImageObject","inLanguage":"bs-BA","@id":"https:\/\/tuzlainfo.ba\/#\/schema\/logo\/image\/","url":"https:\/\/tuzlainfo.ba\/wp-content\/uploads\/2021\/03\/logo-ver-3-1.png","contentUrl":"https:\/\/tuzlainfo.ba\/wp-content\/uploads\/2021\/03\/logo-ver-3-1.png","width":350,"height":95,"caption":"TuzlaInfo.ba"},"image":{"@id":"https:\/\/tuzlainfo.ba\/#\/schema\/logo\/image\/"},"sameAs":["https:\/\/www.facebook.com\/tuzlainfo.ba\/"]},{"@type":"Person","@id":"https:\/\/tuzlainfo.ba\/#\/schema\/person\/f434e20dc27ea133923aab08451b7f7f","name":"nedim","image":{"@type":"ImageObject","inLanguage":"bs-BA","@id":"https:\/\/tuzlainfo.ba\/#\/schema\/person\/image\/","url":"https:\/\/tuzlainfo.ba\/wp-content\/litespeed\/avatar\/aabad687af24844af817603ac1cbdc4f.jpg?ver=1777306975","contentUrl":"https:\/\/tuzlainfo.ba\/wp-content\/litespeed\/avatar\/aabad687af24844af817603ac1cbdc4f.jpg?ver=1777306975","caption":"nedim"},"description":"Tuzlainfo.ba pratite na dru\u0161tvenim mre\u017eama: Facebook, Instagram i Youtube. Svoje pri\u010de, upite i fotografije \u0161aljite na na\u0161u e-mail adresu."}]}},"_links":{"self":[{"href":"https:\/\/tuzlainfo.ba\/index.php\/wp-json\/wp\/v2\/posts\/195999"}],"collection":[{"href":"https:\/\/tuzlainfo.ba\/index.php\/wp-json\/wp\/v2\/posts"}],"about":[{"href":"https:\/\/tuzlainfo.ba\/index.php\/wp-json\/wp\/v2\/types\/post"}],"author":[{"embeddable":true,"href":"https:\/\/tuzlainfo.ba\/index.php\/wp-json\/wp\/v2\/users\/2"}],"replies":[{"embeddable":true,"href":"https:\/\/tuzlainfo.ba\/index.php\/wp-json\/wp\/v2\/comments?post=195999"}],"version-history":[{"count":0,"href":"https:\/\/tuzlainfo.ba\/index.php\/wp-json\/wp\/v2\/posts\/195999\/revisions"}],"wp:featuredmedia":[{"embeddable":true,"href":"https:\/\/tuzlainfo.ba\/index.php\/wp-json\/wp\/v2\/media\/196000"}],"wp:attachment":[{"href":"https:\/\/tuzlainfo.ba\/index.php\/wp-json\/wp\/v2\/media?parent=195999"}],"wp:term":[{"taxonomy":"category","embeddable":true,"href":"https:\/\/tuzlainfo.ba\/index.php\/wp-json\/wp\/v2\/categories?post=195999"},{"taxonomy":"post_tag","embeddable":true,"href":"https:\/\/tuzlainfo.ba\/index.php\/wp-json\/wp\/v2\/tags?post=195999"}],"curies":[{"name":"wp","href":"https:\/\/api.w.org\/{rel}","templated":true}]}}