{"id":195935,"date":"2023-01-30T22:00:29","date_gmt":"2023-01-30T21:00:29","guid":{"rendered":"https:\/\/tuzlainfo.ba\/?p=195935"},"modified":"2023-01-30T16:28:53","modified_gmt":"2023-01-30T15:28:53","slug":"pripreme-za-prijevremene-izore-u-tuzli-111-000-gradjana-ima-pravo-glasa","status":"publish","type":"post","link":"https:\/\/tuzlainfo.ba\/index.php\/novosti\/item\/195935-pripreme-za-prijevremene-izore-u-tuzli-111-000-gradjana-ima-pravo-glasa\/","title":{"rendered":"Pripreme za prijevremene izbore u Tuzli, 111.000 gra\u0111ana ima pravo glasa"},"content":{"rendered":"<p>Gradska izborna komisija Tuzla obavlja posljednje pripreme za provo\u0111enje prijevremenih izbora za gradona\u010delnika Tuzle koji \u0107e biti odr\u017eani u nedjelju, 5. februara.<\/p>\n<p>&#8211; Oko 111.000 gra\u0111ana Tuzle ima pravo glasa na predstoje\u0107im prijevremenim izborima za gradona\u010delnika. Ukupno \u0107e biti otvoreno 160 birali\u0161ta, a imamo i 12 mobilnih timova putem kojih \u0107e glasati 393 gra\u0111anina koji nisu u mogu\u0107nosti do\u0107i na redovno bira\u010dko mjesto &#8211; kazala je Feni predsjednica Gradske izborne komisije Tuzla Asja Kravi\u0107.<\/p>\n<p>U odnosu na nedavno odr\u017eane Op\u0107e izbore nije do\u0161lo do promjene bira\u010dkih mjesta, ali gra\u0111ani mogu provjeriti svoje bira\u010dko mjesto na broj telefona 035 307 394 ili na stranici Centralne izborne komisije BiH.<\/p>\n<p>&#8211; Materijal za izbore sti\u017ee 1. februara, a bira\u010dkim odborima bit \u0107e dodijeljeni 4. februara, odnosno dan prije odr\u017eavanja izbora &#8211; ka\u017ee Kravi\u0107.<\/p>\n<p>Kandidati za gradona\u010delnika Tuzle su Zijad Lugavi\u0107 (aktuelni v.d. gradona\u010delnika), Mirnes Ajanovi\u0107, Omer Berbi\u0107, Almir Arnaut, Halid \u017digi\u0107 i Dervi\u0161 \u010ci\u010dko.<\/p>\n","protected":false},"excerpt":{"rendered":"<p>Gradska izborna komisija Tuzla obavlja posljednje pripreme za provo\u0111enje prijevremenih izbora za gradona\u010delnika Tuzle koji&hellip;<\/p>\n","protected":false},"author":4,"featured_media":185637,"comment_status":"open","ping_status":"closed","sticky":false,"template":"","format":"standard","meta":{"_acf_changed":false,"footnotes":""},"categories":[304,12],"tags":[5822],"acf":[],"yoast_head":"<!-- This site is optimized with the Yoast SEO plugin v23.5 - https:\/\/yoast.com\/wordpress\/plugins\/seo\/ -->\n<title>Pripreme za prijevremene izbore u Tuzli, 111.000 gra\u0111ana ima pravo glasa - TuzlaInfo.ba<\/title>\n<meta name=\"robots\" content=\"index, follow, max-snippet:-1, max-image-preview:large, max-video-preview:-1\" \/>\n<link rel=\"canonical\" href=\"https:\/\/tuzlainfo.ba\/index.php\/novosti\/item\/195935-pripreme-za-prijevremene-izore-u-tuzli-111-000-gradjana-ima-pravo-glasa\/\" \/>\n<meta property=\"og:locale\" content=\"bs_BA\" \/>\n<meta property=\"og:type\" content=\"article\" \/>\n<meta property=\"og:title\" content=\"Pripreme za prijevremene izbore u Tuzli, 111.000 gra\u0111ana ima pravo glasa - TuzlaInfo.ba\" \/>\n<meta property=\"og:description\" content=\"Gradska izborna komisija Tuzla obavlja posljednje pripreme za provo\u0111enje prijevremenih izbora za gradona\u010delnika Tuzle koji&hellip;\" \/>\n<meta property=\"og:url\" content=\"https:\/\/tuzlainfo.ba\/index.php\/novosti\/item\/195935-pripreme-za-prijevremene-izore-u-tuzli-111-000-gradjana-ima-pravo-glasa\/\" \/>\n<meta property=\"og:site_name\" content=\"TuzlaInfo.ba\" \/>\n<meta property=\"article:publisher\" content=\"https:\/\/www.facebook.com\/tuzlainfo.ba\/\" \/>\n<meta property=\"article:published_time\" content=\"2023-01-30T21:00:29+00:00\" \/>\n<meta property=\"article:modified_time\" content=\"2023-01-30T15:28:53+00:00\" \/>\n<meta property=\"og:image\" content=\"https:\/\/tuzlainfo.ba\/wp-content\/uploads\/2022\/10\/0210_izbori_biracko3.jpg\" \/>\n\t<meta property=\"og:image:width\" content=\"1000\" \/>\n\t<meta property=\"og:image:height\" content=\"750\" \/>\n\t<meta property=\"og:image:type\" content=\"image\/jpeg\" \/>\n<meta name=\"author\" content=\"Tuzla Info\" \/>\n<meta name=\"twitter:card\" content=\"summary_large_image\" \/>\n<meta name=\"twitter:label1\" content=\"Written by\" \/>\n\t<meta name=\"twitter:data1\" content=\"Tuzla Info\" \/>\n\t<meta name=\"twitter:label2\" content=\"Est. reading time\" \/>\n\t<meta name=\"twitter:data2\" content=\"1 minuta\" \/>\n<script type=\"application\/ld+json\" class=\"yoast-schema-graph\">{\"@context\":\"https:\/\/schema.org\",\"@graph\":[{\"@type\":\"Article\",\"@id\":\"https:\/\/tuzlainfo.ba\/index.php\/novosti\/item\/195935-pripreme-za-prijevremene-izore-u-tuzli-111-000-gradjana-ima-pravo-glasa\/#article\",\"isPartOf\":{\"@id\":\"https:\/\/tuzlainfo.ba\/index.php\/novosti\/item\/195935-pripreme-za-prijevremene-izore-u-tuzli-111-000-gradjana-ima-pravo-glasa\/\"},\"author\":{\"name\":\"Tuzla Info\",\"@id\":\"https:\/\/tuzlainfo.ba\/#\/schema\/person\/46cad4c57790cbc50781edd14870825a\"},\"headline\":\"Pripreme za prijevremene izbore u Tuzli, 111.000 gra\u0111ana ima pravo glasa\",\"datePublished\":\"2023-01-30T21:00:29+00:00\",\"dateModified\":\"2023-01-30T15:28:53+00:00\",\"mainEntityOfPage\":{\"@id\":\"https:\/\/tuzlainfo.ba\/index.php\/novosti\/item\/195935-pripreme-za-prijevremene-izore-u-tuzli-111-000-gradjana-ima-pravo-glasa\/\"},\"wordCount\":177,\"commentCount\":0,\"publisher\":{\"@id\":\"https:\/\/tuzlainfo.ba\/#organization\"},\"image\":{\"@id\":\"https:\/\/tuzlainfo.ba\/index.php\/novosti\/item\/195935-pripreme-za-prijevremene-izore-u-tuzli-111-000-gradjana-ima-pravo-glasa\/#primaryimage\"},\"thumbnailUrl\":\"https:\/\/tuzlainfo.ba\/wp-content\/uploads\/2022\/10\/0210_izbori_biracko3.jpg\",\"keywords\":[\"izbori za gradona\u010delnika tuzle\"],\"articleSection\":[\"Istaknuto\",\"Novosti\"],\"inLanguage\":\"bs-BA\"},{\"@type\":\"WebPage\",\"@id\":\"https:\/\/tuzlainfo.ba\/index.php\/novosti\/item\/195935-pripreme-za-prijevremene-izore-u-tuzli-111-000-gradjana-ima-pravo-glasa\/\",\"url\":\"https:\/\/tuzlainfo.ba\/index.php\/novosti\/item\/195935-pripreme-za-prijevremene-izore-u-tuzli-111-000-gradjana-ima-pravo-glasa\/\",\"name\":\"Pripreme za prijevremene izbore u Tuzli, 111.000 gra\u0111ana ima pravo glasa - TuzlaInfo.ba\",\"isPartOf\":{\"@id\":\"https:\/\/tuzlainfo.ba\/#website\"},\"primaryImageOfPage\":{\"@id\":\"https:\/\/tuzlainfo.ba\/index.php\/novosti\/item\/195935-pripreme-za-prijevremene-izore-u-tuzli-111-000-gradjana-ima-pravo-glasa\/#primaryimage\"},\"image\":{\"@id\":\"https:\/\/tuzlainfo.ba\/index.php\/novosti\/item\/195935-pripreme-za-prijevremene-izore-u-tuzli-111-000-gradjana-ima-pravo-glasa\/#primaryimage\"},\"thumbnailUrl\":\"https:\/\/tuzlainfo.ba\/wp-content\/uploads\/2022\/10\/0210_izbori_biracko3.jpg\",\"datePublished\":\"2023-01-30T21:00:29+00:00\",\"dateModified\":\"2023-01-30T15:28:53+00:00\",\"breadcrumb\":{\"@id\":\"https:\/\/tuzlainfo.ba\/index.php\/novosti\/item\/195935-pripreme-za-prijevremene-izore-u-tuzli-111-000-gradjana-ima-pravo-glasa\/#breadcrumb\"},\"inLanguage\":\"bs-BA\",\"potentialAction\":[{\"@type\":\"ReadAction\",\"target\":[\"https:\/\/tuzlainfo.ba\/index.php\/novosti\/item\/195935-pripreme-za-prijevremene-izore-u-tuzli-111-000-gradjana-ima-pravo-glasa\/\"]}]},{\"@type\":\"ImageObject\",\"inLanguage\":\"bs-BA\",\"@id\":\"https:\/\/tuzlainfo.ba\/index.php\/novosti\/item\/195935-pripreme-za-prijevremene-izore-u-tuzli-111-000-gradjana-ima-pravo-glasa\/#primaryimage\",\"url\":\"https:\/\/tuzlainfo.ba\/wp-content\/uploads\/2022\/10\/0210_izbori_biracko3.jpg\",\"contentUrl\":\"https:\/\/tuzlainfo.ba\/wp-content\/uploads\/2022\/10\/0210_izbori_biracko3.jpg\",\"width\":1000,\"height\":750},{\"@type\":\"BreadcrumbList\",\"@id\":\"https:\/\/tuzlainfo.ba\/index.php\/novosti\/item\/195935-pripreme-za-prijevremene-izore-u-tuzli-111-000-gradjana-ima-pravo-glasa\/#breadcrumb\",\"itemListElement\":[{\"@type\":\"ListItem\",\"position\":1,\"name\":\"Home\",\"item\":\"https:\/\/tuzlainfo.ba\/\"},{\"@type\":\"ListItem\",\"position\":2,\"name\":\"Pripreme za prijevremene izbore u Tuzli, 111.000 gra\u0111ana ima pravo glasa\"}]},{\"@type\":\"WebSite\",\"@id\":\"https:\/\/tuzlainfo.ba\/#website\",\"url\":\"https:\/\/tuzlainfo.ba\/\",\"name\":\"TuzlaInfo.ba\",\"description\":\"Tuzla info, gradski informator - Tuzla na dlanu\",\"publisher\":{\"@id\":\"https:\/\/tuzlainfo.ba\/#organization\"},\"potentialAction\":[{\"@type\":\"SearchAction\",\"target\":{\"@type\":\"EntryPoint\",\"urlTemplate\":\"https:\/\/tuzlainfo.ba\/?s={search_term_string}\"},\"query-input\":{\"@type\":\"PropertyValueSpecification\",\"valueRequired\":true,\"valueName\":\"search_term_string\"}}],\"inLanguage\":\"bs-BA\"},{\"@type\":\"Organization\",\"@id\":\"https:\/\/tuzlainfo.ba\/#organization\",\"name\":\"TuzlaInfo.ba\",\"url\":\"https:\/\/tuzlainfo.ba\/\",\"logo\":{\"@type\":\"ImageObject\",\"inLanguage\":\"bs-BA\",\"@id\":\"https:\/\/tuzlainfo.ba\/#\/schema\/logo\/image\/\",\"url\":\"https:\/\/tuzlainfo.ba\/wp-content\/uploads\/2021\/03\/logo-ver-3-1.png\",\"contentUrl\":\"https:\/\/tuzlainfo.ba\/wp-content\/uploads\/2021\/03\/logo-ver-3-1.png\",\"width\":350,\"height\":95,\"caption\":\"TuzlaInfo.ba\"},\"image\":{\"@id\":\"https:\/\/tuzlainfo.ba\/#\/schema\/logo\/image\/\"},\"sameAs\":[\"https:\/\/www.facebook.com\/tuzlainfo.ba\/\"]},{\"@type\":\"Person\",\"@id\":\"https:\/\/tuzlainfo.ba\/#\/schema\/person\/46cad4c57790cbc50781edd14870825a\",\"name\":\"Tuzla Info\",\"image\":{\"@type\":\"ImageObject\",\"inLanguage\":\"bs-BA\",\"@id\":\"https:\/\/tuzlainfo.ba\/#\/schema\/person\/image\/\",\"url\":\"https:\/\/tuzlainfo.ba\/wp-content\/litespeed\/avatar\/b6c453a6c38e3654f2e4416c643fc25c.jpg?ver=1777051911\",\"contentUrl\":\"https:\/\/tuzlainfo.ba\/wp-content\/litespeed\/avatar\/b6c453a6c38e3654f2e4416c643fc25c.jpg?ver=1777051911\",\"caption\":\"Tuzla Info\"}}]}<\/script>\n<!-- \/ Yoast SEO plugin. -->","yoast_head_json":{"title":"Pripreme za prijevremene izbore u Tuzli, 111.000 gra\u0111ana ima pravo glasa - TuzlaInfo.ba","robots":{"index":"index","follow":"follow","max-snippet":"max-snippet:-1","max-image-preview":"max-image-preview:large","max-video-preview":"max-video-preview:-1"},"canonical":"https:\/\/tuzlainfo.ba\/index.php\/novosti\/item\/195935-pripreme-za-prijevremene-izore-u-tuzli-111-000-gradjana-ima-pravo-glasa\/","og_locale":"bs_BA","og_type":"article","og_title":"Pripreme za prijevremene izbore u Tuzli, 111.000 gra\u0111ana ima pravo glasa - TuzlaInfo.ba","og_description":"Gradska izborna komisija Tuzla obavlja posljednje pripreme za provo\u0111enje prijevremenih izbora za gradona\u010delnika Tuzle koji&hellip;","og_url":"https:\/\/tuzlainfo.ba\/index.php\/novosti\/item\/195935-pripreme-za-prijevremene-izore-u-tuzli-111-000-gradjana-ima-pravo-glasa\/","og_site_name":"TuzlaInfo.ba","article_publisher":"https:\/\/www.facebook.com\/tuzlainfo.ba\/","article_published_time":"2023-01-30T21:00:29+00:00","article_modified_time":"2023-01-30T15:28:53+00:00","og_image":[{"width":1000,"height":750,"url":"https:\/\/tuzlainfo.ba\/wp-content\/uploads\/2022\/10\/0210_izbori_biracko3.jpg","type":"image\/jpeg"}],"author":"Tuzla Info","twitter_card":"summary_large_image","twitter_misc":{"Written by":"Tuzla Info","Est. reading time":"1 minuta"},"schema":{"@context":"https:\/\/schema.org","@graph":[{"@type":"Article","@id":"https:\/\/tuzlainfo.ba\/index.php\/novosti\/item\/195935-pripreme-za-prijevremene-izore-u-tuzli-111-000-gradjana-ima-pravo-glasa\/#article","isPartOf":{"@id":"https:\/\/tuzlainfo.ba\/index.php\/novosti\/item\/195935-pripreme-za-prijevremene-izore-u-tuzli-111-000-gradjana-ima-pravo-glasa\/"},"author":{"name":"Tuzla Info","@id":"https:\/\/tuzlainfo.ba\/#\/schema\/person\/46cad4c57790cbc50781edd14870825a"},"headline":"Pripreme za prijevremene izbore u Tuzli, 111.000 gra\u0111ana ima pravo glasa","datePublished":"2023-01-30T21:00:29+00:00","dateModified":"2023-01-30T15:28:53+00:00","mainEntityOfPage":{"@id":"https:\/\/tuzlainfo.ba\/index.php\/novosti\/item\/195935-pripreme-za-prijevremene-izore-u-tuzli-111-000-gradjana-ima-pravo-glasa\/"},"wordCount":177,"commentCount":0,"publisher":{"@id":"https:\/\/tuzlainfo.ba\/#organization"},"image":{"@id":"https:\/\/tuzlainfo.ba\/index.php\/novosti\/item\/195935-pripreme-za-prijevremene-izore-u-tuzli-111-000-gradjana-ima-pravo-glasa\/#primaryimage"},"thumbnailUrl":"https:\/\/tuzlainfo.ba\/wp-content\/uploads\/2022\/10\/0210_izbori_biracko3.jpg","keywords":["izbori za gradona\u010delnika tuzle"],"articleSection":["Istaknuto","Novosti"],"inLanguage":"bs-BA"},{"@type":"WebPage","@id":"https:\/\/tuzlainfo.ba\/index.php\/novosti\/item\/195935-pripreme-za-prijevremene-izore-u-tuzli-111-000-gradjana-ima-pravo-glasa\/","url":"https:\/\/tuzlainfo.ba\/index.php\/novosti\/item\/195935-pripreme-za-prijevremene-izore-u-tuzli-111-000-gradjana-ima-pravo-glasa\/","name":"Pripreme za prijevremene izbore u Tuzli, 111.000 gra\u0111ana ima pravo glasa - TuzlaInfo.ba","isPartOf":{"@id":"https:\/\/tuzlainfo.ba\/#website"},"primaryImageOfPage":{"@id":"https:\/\/tuzlainfo.ba\/index.php\/novosti\/item\/195935-pripreme-za-prijevremene-izore-u-tuzli-111-000-gradjana-ima-pravo-glasa\/#primaryimage"},"image":{"@id":"https:\/\/tuzlainfo.ba\/index.php\/novosti\/item\/195935-pripreme-za-prijevremene-izore-u-tuzli-111-000-gradjana-ima-pravo-glasa\/#primaryimage"},"thumbnailUrl":"https:\/\/tuzlainfo.ba\/wp-content\/uploads\/2022\/10\/0210_izbori_biracko3.jpg","datePublished":"2023-01-30T21:00:29+00:00","dateModified":"2023-01-30T15:28:53+00:00","breadcrumb":{"@id":"https:\/\/tuzlainfo.ba\/index.php\/novosti\/item\/195935-pripreme-za-prijevremene-izore-u-tuzli-111-000-gradjana-ima-pravo-glasa\/#breadcrumb"},"inLanguage":"bs-BA","potentialAction":[{"@type":"ReadAction","target":["https:\/\/tuzlainfo.ba\/index.php\/novosti\/item\/195935-pripreme-za-prijevremene-izore-u-tuzli-111-000-gradjana-ima-pravo-glasa\/"]}]},{"@type":"ImageObject","inLanguage":"bs-BA","@id":"https:\/\/tuzlainfo.ba\/index.php\/novosti\/item\/195935-pripreme-za-prijevremene-izore-u-tuzli-111-000-gradjana-ima-pravo-glasa\/#primaryimage","url":"https:\/\/tuzlainfo.ba\/wp-content\/uploads\/2022\/10\/0210_izbori_biracko3.jpg","contentUrl":"https:\/\/tuzlainfo.ba\/wp-content\/uploads\/2022\/10\/0210_izbori_biracko3.jpg","width":1000,"height":750},{"@type":"BreadcrumbList","@id":"https:\/\/tuzlainfo.ba\/index.php\/novosti\/item\/195935-pripreme-za-prijevremene-izore-u-tuzli-111-000-gradjana-ima-pravo-glasa\/#breadcrumb","itemListElement":[{"@type":"ListItem","position":1,"name":"Home","item":"https:\/\/tuzlainfo.ba\/"},{"@type":"ListItem","position":2,"name":"Pripreme za prijevremene izbore u Tuzli, 111.000 gra\u0111ana ima pravo glasa"}]},{"@type":"WebSite","@id":"https:\/\/tuzlainfo.ba\/#website","url":"https:\/\/tuzlainfo.ba\/","name":"TuzlaInfo.ba","description":"Tuzla info, gradski informator - Tuzla na dlanu","publisher":{"@id":"https:\/\/tuzlainfo.ba\/#organization"},"potentialAction":[{"@type":"SearchAction","target":{"@type":"EntryPoint","urlTemplate":"https:\/\/tuzlainfo.ba\/?s={search_term_string}"},"query-input":{"@type":"PropertyValueSpecification","valueRequired":true,"valueName":"search_term_string"}}],"inLanguage":"bs-BA"},{"@type":"Organization","@id":"https:\/\/tuzlainfo.ba\/#organization","name":"TuzlaInfo.ba","url":"https:\/\/tuzlainfo.ba\/","logo":{"@type":"ImageObject","inLanguage":"bs-BA","@id":"https:\/\/tuzlainfo.ba\/#\/schema\/logo\/image\/","url":"https:\/\/tuzlainfo.ba\/wp-content\/uploads\/2021\/03\/logo-ver-3-1.png","contentUrl":"https:\/\/tuzlainfo.ba\/wp-content\/uploads\/2021\/03\/logo-ver-3-1.png","width":350,"height":95,"caption":"TuzlaInfo.ba"},"image":{"@id":"https:\/\/tuzlainfo.ba\/#\/schema\/logo\/image\/"},"sameAs":["https:\/\/www.facebook.com\/tuzlainfo.ba\/"]},{"@type":"Person","@id":"https:\/\/tuzlainfo.ba\/#\/schema\/person\/46cad4c57790cbc50781edd14870825a","name":"Tuzla Info","image":{"@type":"ImageObject","inLanguage":"bs-BA","@id":"https:\/\/tuzlainfo.ba\/#\/schema\/person\/image\/","url":"https:\/\/tuzlainfo.ba\/wp-content\/litespeed\/avatar\/b6c453a6c38e3654f2e4416c643fc25c.jpg?ver=1777051911","contentUrl":"https:\/\/tuzlainfo.ba\/wp-content\/litespeed\/avatar\/b6c453a6c38e3654f2e4416c643fc25c.jpg?ver=1777051911","caption":"Tuzla Info"}}]}},"_links":{"self":[{"href":"https:\/\/tuzlainfo.ba\/index.php\/wp-json\/wp\/v2\/posts\/195935"}],"collection":[{"href":"https:\/\/tuzlainfo.ba\/index.php\/wp-json\/wp\/v2\/posts"}],"about":[{"href":"https:\/\/tuzlainfo.ba\/index.php\/wp-json\/wp\/v2\/types\/post"}],"author":[{"embeddable":true,"href":"https:\/\/tuzlainfo.ba\/index.php\/wp-json\/wp\/v2\/users\/4"}],"replies":[{"embeddable":true,"href":"https:\/\/tuzlainfo.ba\/index.php\/wp-json\/wp\/v2\/comments?post=195935"}],"version-history":[{"count":0,"href":"https:\/\/tuzlainfo.ba\/index.php\/wp-json\/wp\/v2\/posts\/195935\/revisions"}],"wp:featuredmedia":[{"embeddable":true,"href":"https:\/\/tuzlainfo.ba\/index.php\/wp-json\/wp\/v2\/media\/185637"}],"wp:attachment":[{"href":"https:\/\/tuzlainfo.ba\/index.php\/wp-json\/wp\/v2\/media?parent=195935"}],"wp:term":[{"taxonomy":"category","embeddable":true,"href":"https:\/\/tuzlainfo.ba\/index.php\/wp-json\/wp\/v2\/categories?post=195935"},{"taxonomy":"post_tag","embeddable":true,"href":"https:\/\/tuzlainfo.ba\/index.php\/wp-json\/wp\/v2\/tags?post=195935"}],"curies":[{"name":"wp","href":"https:\/\/api.w.org\/{rel}","templated":true}]}}