{"id":195890,"date":"2023-01-30T16:09:27","date_gmt":"2023-01-30T15:09:27","guid":{"rendered":"https:\/\/tuzlainfo.ba\/?p=195890"},"modified":"2023-01-30T13:16:52","modified_gmt":"2023-01-30T12:16:52","slug":"niz-zahtjeva-za-christiana-schmidta-trazi-se-da-koristi-bonske-ovlasti","status":"publish","type":"post","link":"https:\/\/tuzlainfo.ba\/index.php\/bosna-i-hercegovina\/item\/195890-niz-zahtjeva-za-christiana-schmidta-trazi-se-da-koristi-bonske-ovlasti\/","title":{"rendered":"Niz zahtjeva za Christiana Schmidta, tra\u017ei se da koristi Bonske ovlasti"},"content":{"rendered":"<div id=\"excerpt\" class=\"mt-5 md:mt-2 xl:mt-3 mb-5 font-sans font-semibold text-lg lg:text-xl leading-6 md:leading-7\">\n<p class=\"lead\">Njema\u010dko-bosanskohercegova\u010dka mre\u017ea za ekonomiju, obrazovanje i akademiju Pangea uputila je niz zahtjeva prema visokom predstavniku u BiH Christianu Schmidtu.<\/p>\n<\/div>\n<div id=\"intext_container\" class=\"bg-gray-100 dark:bg-gray-700\">\n<div id=\"ads_intext\" class=\"mx-auto\" data-google-query-id=\"CIvpr-mP7_wCFffXuwgd35oBdA\">\n<div id=\"text\" class=\"break-words mt-3 text-lg lg:text-xl space-y-4 mb-3 leading-6 md:leading-8 dark:text-gray-200\">\n<p>Kako navode, dolaskom Christiana Schmidta kao visokog predstavnika me\u0111unarodne zajednice politi\u010dki procesi u Bosni i Hercegovini su se zna\u010dajno dinamizirali.<\/p>\n<p>Po preuzimanju mandata drugog augusta 2021. Schmidt je jasno nazna\u010dio da se Bosna i Hercegovina mora vratiti na dnevni red me\u0111unarodne zajednice i da \u0107e se potruditi da se postigne taj cilj. Jedno od goru\u0107ih pitanja, posebno zbog nadolaze\u0107ih op\u0107ih izbora (oktobar 2022.), bilo je vezano za reformu Izbornog zakona o kojem su se ve\u0107 du\u017ee vrijeme vodili neuspje\u0161no razgovori.<\/p>\n<p>Novo izdanje Pangea Research Institute tematizira posljedice nametnute Odluke i izmjene Izbornog zakona BiH i Ustava Federacije, koje su se desile u izbornoj no\u0107i, drugog oktobra. U studiji se navodi da je Visoki predstavnik u BiH dora\u0111ivanje i dodatne izmjene zakona prepustio parlamentima i politi\u010darima, iako je savr\u0161eno dobro znao da njegove intervencije ne rje\u0161avaju pitanje relevantnih sudskih presuda, niti uspostavljaju stabilan sistem za formiranje vlasti.<\/p>\n<p>Po\u0161to je OHR odlu\u010dio da koristi Bonske ovlasti i name\u0107e zakone, u nastavku studije su navedeni zahtjevi i principi koji su u ovom trenutku elementarni za napredak dr\u017eave i dru\u0161tva na evropskom i NATO putu.<\/p>\n<p>Na listi zahtjeva se nalaze: Sankcionisanje protuustavnog djelovanja, podizanje izbornog cenzusa sa 3 na 5 posto, objedinjavanje lokalnih i op\u0107ih izbora, uvesti iseljeni\u0161tvo\/ dijasporu kao zasebnu izbornu jedinicu u Izborni zakon, izbalansirati ili u\u010diniti simetri\u010dnim Vije\u0107e naroda u Republici Srpskoj sa Domom naroda u Federaciji BiH, izmjene zakona o Vije\u0107u ministara BiH, principi za ure\u0111enje i zakonsko normiranje dr\u017eavne imovine.<\/p>\n<p>Studija &#8220;Zahtjevi prema Visokom predstavnika u Bosni i Hercegovini&#8221; i prilo\u017eeno propratno pismo upu\u0107eni su na preko 400 adresa.<\/p>\n<\/div>\n<div class=\"bg-gray-100 dark:bg-gray-700 text-center py-0\"><\/div>\n<div class=\"lg:max-w-2xl lg:mx-auto mt-3 text-lg md:text-xl mb-3 leading-6 md:leading-8 dark:text-gray-200\">\n<p>Cilj studije je upoznati politi\u010dke du\u017enosnike u Njema\u010dkoj o stvarnim problemima u Bosni i Hercegovini, koji se mogu rije\u0161iti kori\u0161tenjem Bonskih ovla\u0161tenja. U trenutnim regionalnim i globalnim odnosima ovakva agenda Visokog predstavnika nesumnjivo bi bila vi\u0111ena kao pomo\u0107 demokratskim snagama u Bosni i Hercegovini na putu ne samo normalizacije nego i ozdravljenja dru\u0161tva i dr\u017eave. Isto tako cilj je stvoriti platformu za druge organizacije u dijaspori i navedeni set zahtjeva zajedni\u010dki zagovarati u zemljama Evropske Unije, ali i u Sjedinjenim Ameri\u010dkim Dr\u017eavama i Ujedinjenom Kraljevstvu, prenosi Klix.<\/p>\n<\/div>\n<\/div>\n<\/div>\n","protected":false},"excerpt":{"rendered":"<p>Njema\u010dko-bosanskohercegova\u010dka mre\u017ea za ekonomiju, obrazovanje i akademiju Pangea uputila je niz zahtjeva prema visokom predstavniku u BiH Christianu Schmidtu. Kako navode, dolaskom Christiana Schmidta kao visokog predstavnika me\u0111unarodne zajednice politi\u010dki procesi u Bosni i Hercegovini su se zna\u010dajno dinamizirali. Po preuzimanju mandata drugog augusta 2021. Schmidt je jasno nazna\u010dio da se Bosna i Hercegovina mora [&hellip;]<\/p>\n","protected":false},"author":4,"featured_media":169020,"comment_status":"open","ping_status":"closed","sticky":false,"template":"","format":"standard","meta":{"footnotes":""},"categories":[291,304],"tags":[3070,1374],"class_list":["post-195890","post","type-post","status-publish","format-standard","has-post-thumbnail","hentry","category-bosna-i-hercegovina","category-istaknuto","tag-bonske-ovlasti","tag-christian-schmidt"],"yoast_head":"<!-- This site is optimized with the Yoast SEO plugin v28.3 - https:\/\/yoast.com\/product\/yoast-seo-wordpress\/ -->\n<title>Niz zahtjeva za Christiana Schmidta, tra\u017ei se da koristi Bonske ovlasti<\/title>\n<meta name=\"robots\" content=\"index, follow, max-snippet:-1, max-image-preview:large, max-video-preview:-1\" \/>\n<link rel=\"canonical\" href=\"https:\/\/tuzlainfo.ba\/index.php\/bosna-i-hercegovina\/item\/195890-niz-zahtjeva-za-christiana-schmidta-trazi-se-da-koristi-bonske-ovlasti\/\" \/>\n<meta property=\"og:locale\" content=\"bs_BA\" \/>\n<meta property=\"og:type\" content=\"article\" \/>\n<meta property=\"og:title\" content=\"Niz zahtjeva za Christiana Schmidta, tra\u017ei se da koristi Bonske ovlasti\" \/>\n<meta property=\"og:description\" content=\"Njema\u010dko-bosanskohercegova\u010dka mre\u017ea za ekonomiju, obrazovanje i akademiju Pangea uputila je niz zahtjeva prema visokom predstavniku u BiH Christianu Schmidtu. Kako navode, dolaskom Christiana Schmidta kao visokog predstavnika me\u0111unarodne zajednice politi\u010dki procesi u Bosni i Hercegovini su se zna\u010dajno dinamizirali. Po preuzimanju mandata drugog augusta 2021. Schmidt je jasno nazna\u010dio da se Bosna i Hercegovina mora [&hellip;]\" \/>\n<meta property=\"og:url\" content=\"https:\/\/tuzlainfo.ba\/index.php\/bosna-i-hercegovina\/item\/195890-niz-zahtjeva-za-christiana-schmidta-trazi-se-da-koristi-bonske-ovlasti\/\" \/>\n<meta property=\"og:site_name\" content=\"TuzlaInfo.ba\" \/>\n<meta property=\"article:publisher\" content=\"https:\/\/www.facebook.com\/tuzlainfo.ba\/\" \/>\n<meta property=\"article:published_time\" content=\"2023-01-30T15:09:27+00:00\" \/>\n<meta property=\"og:image\" content=\"https:\/\/tuzlainfo.ba\/wp-content\/uploads\/2022\/04\/1104_schmidth.jpg\" \/>\n\t<meta property=\"og:image:width\" content=\"800\" \/>\n\t<meta property=\"og:image:height\" content=\"565\" \/>\n\t<meta property=\"og:image:type\" content=\"image\/jpeg\" \/>\n<meta name=\"author\" content=\"Tuzla Info\" \/>\n<meta name=\"twitter:card\" content=\"summary_large_image\" \/>\n<meta name=\"twitter:label1\" content=\"Written by\" \/>\n\t<meta name=\"twitter:data1\" content=\"Tuzla Info\" \/>\n\t<meta name=\"twitter:label2\" content=\"Est. reading time\" \/>\n\t<meta name=\"twitter:data2\" content=\"2 minute\" \/>\n<script type=\"application\/ld+json\" class=\"yoast-schema-graph\">{\"@context\":\"https:\\\/\\\/schema.org\",\"@graph\":[{\"@type\":\"Article\",\"@id\":\"https:\\\/\\\/tuzlainfo.ba\\\/index.php\\\/bosna-i-hercegovina\\\/item\\\/195890-niz-zahtjeva-za-christiana-schmidta-trazi-se-da-koristi-bonske-ovlasti\\\/#article\",\"isPartOf\":{\"@id\":\"https:\\\/\\\/tuzlainfo.ba\\\/index.php\\\/bosna-i-hercegovina\\\/item\\\/195890-niz-zahtjeva-za-christiana-schmidta-trazi-se-da-koristi-bonske-ovlasti\\\/\"},\"author\":{\"name\":\"Tuzla Info\",\"@id\":\"https:\\\/\\\/tuzlainfo.ba\\\/#\\\/schema\\\/person\\\/46cad4c57790cbc50781edd14870825a\"},\"headline\":\"Niz zahtjeva za Christiana Schmidta, tra\u017ei se da koristi Bonske ovlasti\",\"datePublished\":\"2023-01-30T15:09:27+00:00\",\"mainEntityOfPage\":{\"@id\":\"https:\\\/\\\/tuzlainfo.ba\\\/index.php\\\/bosna-i-hercegovina\\\/item\\\/195890-niz-zahtjeva-za-christiana-schmidta-trazi-se-da-koristi-bonske-ovlasti\\\/\"},\"wordCount\":418,\"commentCount\":0,\"publisher\":{\"@id\":\"https:\\\/\\\/tuzlainfo.ba\\\/#organization\"},\"image\":{\"@id\":\"https:\\\/\\\/tuzlainfo.ba\\\/index.php\\\/bosna-i-hercegovina\\\/item\\\/195890-niz-zahtjeva-za-christiana-schmidta-trazi-se-da-koristi-bonske-ovlasti\\\/#primaryimage\"},\"thumbnailUrl\":\"https:\\\/\\\/tuzlainfo.ba\\\/wp-content\\\/uploads\\\/2022\\\/04\\\/1104_schmidth.jpg\",\"keywords\":[\"Bonske ovlasti\",\"Christian Schmidt\"],\"articleSection\":[\"Bosna i Hercegovina\",\"Istaknuto\"],\"inLanguage\":\"bs-BA\",\"copyrightYear\":\"2023\",\"copyrightHolder\":{\"@id\":\"https:\\\/\\\/tuzlainfo.ba\\\/#organization\"}},{\"@type\":\"WebPage\",\"@id\":\"https:\\\/\\\/tuzlainfo.ba\\\/index.php\\\/bosna-i-hercegovina\\\/item\\\/195890-niz-zahtjeva-za-christiana-schmidta-trazi-se-da-koristi-bonske-ovlasti\\\/\",\"url\":\"https:\\\/\\\/tuzlainfo.ba\\\/index.php\\\/bosna-i-hercegovina\\\/item\\\/195890-niz-zahtjeva-za-christiana-schmidta-trazi-se-da-koristi-bonske-ovlasti\\\/\",\"name\":\"Niz zahtjeva za Christiana Schmidta, tra\u017ei se da koristi Bonske ovlasti\",\"isPartOf\":{\"@id\":\"https:\\\/\\\/tuzlainfo.ba\\\/#website\"},\"primaryImageOfPage\":{\"@id\":\"https:\\\/\\\/tuzlainfo.ba\\\/index.php\\\/bosna-i-hercegovina\\\/item\\\/195890-niz-zahtjeva-za-christiana-schmidta-trazi-se-da-koristi-bonske-ovlasti\\\/#primaryimage\"},\"image\":{\"@id\":\"https:\\\/\\\/tuzlainfo.ba\\\/index.php\\\/bosna-i-hercegovina\\\/item\\\/195890-niz-zahtjeva-za-christiana-schmidta-trazi-se-da-koristi-bonske-ovlasti\\\/#primaryimage\"},\"thumbnailUrl\":\"https:\\\/\\\/tuzlainfo.ba\\\/wp-content\\\/uploads\\\/2022\\\/04\\\/1104_schmidth.jpg\",\"datePublished\":\"2023-01-30T15:09:27+00:00\",\"breadcrumb\":{\"@id\":\"https:\\\/\\\/tuzlainfo.ba\\\/index.php\\\/bosna-i-hercegovina\\\/item\\\/195890-niz-zahtjeva-za-christiana-schmidta-trazi-se-da-koristi-bonske-ovlasti\\\/#breadcrumb\"},\"inLanguage\":\"bs-BA\",\"potentialAction\":[{\"@type\":\"ReadAction\",\"target\":[\"https:\\\/\\\/tuzlainfo.ba\\\/index.php\\\/bosna-i-hercegovina\\\/item\\\/195890-niz-zahtjeva-za-christiana-schmidta-trazi-se-da-koristi-bonske-ovlasti\\\/\"]}]},{\"@type\":\"ImageObject\",\"inLanguage\":\"bs-BA\",\"@id\":\"https:\\\/\\\/tuzlainfo.ba\\\/index.php\\\/bosna-i-hercegovina\\\/item\\\/195890-niz-zahtjeva-za-christiana-schmidta-trazi-se-da-koristi-bonske-ovlasti\\\/#primaryimage\",\"url\":\"https:\\\/\\\/tuzlainfo.ba\\\/wp-content\\\/uploads\\\/2022\\\/04\\\/1104_schmidth.jpg\",\"contentUrl\":\"https:\\\/\\\/tuzlainfo.ba\\\/wp-content\\\/uploads\\\/2022\\\/04\\\/1104_schmidth.jpg\",\"width\":800,\"height\":565},{\"@type\":\"BreadcrumbList\",\"@id\":\"https:\\\/\\\/tuzlainfo.ba\\\/index.php\\\/bosna-i-hercegovina\\\/item\\\/195890-niz-zahtjeva-za-christiana-schmidta-trazi-se-da-koristi-bonske-ovlasti\\\/#breadcrumb\",\"itemListElement\":[{\"@type\":\"ListItem\",\"position\":1,\"name\":\"Home\",\"item\":\"https:\\\/\\\/tuzlainfo.ba\\\/\"},{\"@type\":\"ListItem\",\"position\":2,\"name\":\"Niz zahtjeva za Christiana Schmidta, tra\u017ei se da koristi Bonske ovlasti\"}]},{\"@type\":\"WebSite\",\"@id\":\"https:\\\/\\\/tuzlainfo.ba\\\/#website\",\"url\":\"https:\\\/\\\/tuzlainfo.ba\\\/\",\"name\":\"TuzlaInfo.ba\",\"description\":\"Tuzla info, gradski informator - Tuzla na dlanu\",\"publisher\":{\"@id\":\"https:\\\/\\\/tuzlainfo.ba\\\/#organization\"},\"potentialAction\":[{\"@type\":\"SearchAction\",\"target\":{\"@type\":\"EntryPoint\",\"urlTemplate\":\"https:\\\/\\\/tuzlainfo.ba\\\/?s={search_term_string}\"},\"query-input\":{\"@type\":\"PropertyValueSpecification\",\"valueRequired\":true,\"valueName\":\"search_term_string\"}}],\"inLanguage\":\"bs-BA\"},{\"@type\":\"Organization\",\"@id\":\"https:\\\/\\\/tuzlainfo.ba\\\/#organization\",\"name\":\"TuzlaInfo.ba\",\"url\":\"https:\\\/\\\/tuzlainfo.ba\\\/\",\"logo\":{\"@type\":\"ImageObject\",\"inLanguage\":\"bs-BA\",\"@id\":\"https:\\\/\\\/tuzlainfo.ba\\\/#\\\/schema\\\/logo\\\/image\\\/\",\"url\":\"https:\\\/\\\/tuzlainfo.ba\\\/wp-content\\\/uploads\\\/2021\\\/03\\\/logo-ver-3-1.png\",\"contentUrl\":\"https:\\\/\\\/tuzlainfo.ba\\\/wp-content\\\/uploads\\\/2021\\\/03\\\/logo-ver-3-1.png\",\"width\":350,\"height\":95,\"caption\":\"TuzlaInfo.ba\"},\"image\":{\"@id\":\"https:\\\/\\\/tuzlainfo.ba\\\/#\\\/schema\\\/logo\\\/image\\\/\"},\"sameAs\":[\"https:\\\/\\\/www.facebook.com\\\/tuzlainfo.ba\\\/\"]},{\"@type\":\"Person\",\"@id\":\"https:\\\/\\\/tuzlainfo.ba\\\/#\\\/schema\\\/person\\\/46cad4c57790cbc50781edd14870825a\",\"name\":\"Tuzla Info\",\"image\":{\"@type\":\"ImageObject\",\"inLanguage\":\"bs-BA\",\"@id\":\"https:\\\/\\\/secure.gravatar.com\\\/avatar\\\/e980921b00fa2e552723a2386544734ce6885d2b2304ccca3f45186f9ca4031d?s=96&d=mm&r=g\",\"url\":\"https:\\\/\\\/secure.gravatar.com\\\/avatar\\\/e980921b00fa2e552723a2386544734ce6885d2b2304ccca3f45186f9ca4031d?s=96&d=mm&r=g\",\"contentUrl\":\"https:\\\/\\\/secure.gravatar.com\\\/avatar\\\/e980921b00fa2e552723a2386544734ce6885d2b2304ccca3f45186f9ca4031d?s=96&d=mm&r=g\",\"caption\":\"Tuzla Info\"}}]}<\/script>\n<!-- \/ Yoast SEO plugin. -->","yoast_head_json":{"title":"Niz zahtjeva za Christiana Schmidta, tra\u017ei se da koristi Bonske ovlasti","robots":{"index":"index","follow":"follow","max-snippet":"max-snippet:-1","max-image-preview":"max-image-preview:large","max-video-preview":"max-video-preview:-1"},"canonical":"https:\/\/tuzlainfo.ba\/index.php\/bosna-i-hercegovina\/item\/195890-niz-zahtjeva-za-christiana-schmidta-trazi-se-da-koristi-bonske-ovlasti\/","og_locale":"bs_BA","og_type":"article","og_title":"Niz zahtjeva za Christiana Schmidta, tra\u017ei se da koristi Bonske ovlasti","og_description":"Njema\u010dko-bosanskohercegova\u010dka mre\u017ea za ekonomiju, obrazovanje i akademiju Pangea uputila je niz zahtjeva prema visokom predstavniku u BiH Christianu Schmidtu. Kako navode, dolaskom Christiana Schmidta kao visokog predstavnika me\u0111unarodne zajednice politi\u010dki procesi u Bosni i Hercegovini su se zna\u010dajno dinamizirali. Po preuzimanju mandata drugog augusta 2021. Schmidt je jasno nazna\u010dio da se Bosna i Hercegovina mora [&hellip;]","og_url":"https:\/\/tuzlainfo.ba\/index.php\/bosna-i-hercegovina\/item\/195890-niz-zahtjeva-za-christiana-schmidta-trazi-se-da-koristi-bonske-ovlasti\/","og_site_name":"TuzlaInfo.ba","article_publisher":"https:\/\/www.facebook.com\/tuzlainfo.ba\/","article_published_time":"2023-01-30T15:09:27+00:00","og_image":[{"width":800,"height":565,"url":"https:\/\/tuzlainfo.ba\/wp-content\/uploads\/2022\/04\/1104_schmidth.jpg","type":"image\/jpeg"}],"author":"Tuzla Info","twitter_card":"summary_large_image","twitter_misc":{"Written by":"Tuzla Info","Est. reading time":"2 minute"},"schema":{"@context":"https:\/\/schema.org","@graph":[{"@type":"Article","@id":"https:\/\/tuzlainfo.ba\/index.php\/bosna-i-hercegovina\/item\/195890-niz-zahtjeva-za-christiana-schmidta-trazi-se-da-koristi-bonske-ovlasti\/#article","isPartOf":{"@id":"https:\/\/tuzlainfo.ba\/index.php\/bosna-i-hercegovina\/item\/195890-niz-zahtjeva-za-christiana-schmidta-trazi-se-da-koristi-bonske-ovlasti\/"},"author":{"name":"Tuzla Info","@id":"https:\/\/tuzlainfo.ba\/#\/schema\/person\/46cad4c57790cbc50781edd14870825a"},"headline":"Niz zahtjeva za Christiana Schmidta, tra\u017ei se da koristi Bonske ovlasti","datePublished":"2023-01-30T15:09:27+00:00","mainEntityOfPage":{"@id":"https:\/\/tuzlainfo.ba\/index.php\/bosna-i-hercegovina\/item\/195890-niz-zahtjeva-za-christiana-schmidta-trazi-se-da-koristi-bonske-ovlasti\/"},"wordCount":418,"commentCount":0,"publisher":{"@id":"https:\/\/tuzlainfo.ba\/#organization"},"image":{"@id":"https:\/\/tuzlainfo.ba\/index.php\/bosna-i-hercegovina\/item\/195890-niz-zahtjeva-za-christiana-schmidta-trazi-se-da-koristi-bonske-ovlasti\/#primaryimage"},"thumbnailUrl":"https:\/\/tuzlainfo.ba\/wp-content\/uploads\/2022\/04\/1104_schmidth.jpg","keywords":["Bonske ovlasti","Christian Schmidt"],"articleSection":["Bosna i Hercegovina","Istaknuto"],"inLanguage":"bs-BA","copyrightYear":"2023","copyrightHolder":{"@id":"https:\/\/tuzlainfo.ba\/#organization"}},{"@type":"WebPage","@id":"https:\/\/tuzlainfo.ba\/index.php\/bosna-i-hercegovina\/item\/195890-niz-zahtjeva-za-christiana-schmidta-trazi-se-da-koristi-bonske-ovlasti\/","url":"https:\/\/tuzlainfo.ba\/index.php\/bosna-i-hercegovina\/item\/195890-niz-zahtjeva-za-christiana-schmidta-trazi-se-da-koristi-bonske-ovlasti\/","name":"Niz zahtjeva za Christiana Schmidta, tra\u017ei se da koristi Bonske ovlasti","isPartOf":{"@id":"https:\/\/tuzlainfo.ba\/#website"},"primaryImageOfPage":{"@id":"https:\/\/tuzlainfo.ba\/index.php\/bosna-i-hercegovina\/item\/195890-niz-zahtjeva-za-christiana-schmidta-trazi-se-da-koristi-bonske-ovlasti\/#primaryimage"},"image":{"@id":"https:\/\/tuzlainfo.ba\/index.php\/bosna-i-hercegovina\/item\/195890-niz-zahtjeva-za-christiana-schmidta-trazi-se-da-koristi-bonske-ovlasti\/#primaryimage"},"thumbnailUrl":"https:\/\/tuzlainfo.ba\/wp-content\/uploads\/2022\/04\/1104_schmidth.jpg","datePublished":"2023-01-30T15:09:27+00:00","breadcrumb":{"@id":"https:\/\/tuzlainfo.ba\/index.php\/bosna-i-hercegovina\/item\/195890-niz-zahtjeva-za-christiana-schmidta-trazi-se-da-koristi-bonske-ovlasti\/#breadcrumb"},"inLanguage":"bs-BA","potentialAction":[{"@type":"ReadAction","target":["https:\/\/tuzlainfo.ba\/index.php\/bosna-i-hercegovina\/item\/195890-niz-zahtjeva-za-christiana-schmidta-trazi-se-da-koristi-bonske-ovlasti\/"]}]},{"@type":"ImageObject","inLanguage":"bs-BA","@id":"https:\/\/tuzlainfo.ba\/index.php\/bosna-i-hercegovina\/item\/195890-niz-zahtjeva-za-christiana-schmidta-trazi-se-da-koristi-bonske-ovlasti\/#primaryimage","url":"https:\/\/tuzlainfo.ba\/wp-content\/uploads\/2022\/04\/1104_schmidth.jpg","contentUrl":"https:\/\/tuzlainfo.ba\/wp-content\/uploads\/2022\/04\/1104_schmidth.jpg","width":800,"height":565},{"@type":"BreadcrumbList","@id":"https:\/\/tuzlainfo.ba\/index.php\/bosna-i-hercegovina\/item\/195890-niz-zahtjeva-za-christiana-schmidta-trazi-se-da-koristi-bonske-ovlasti\/#breadcrumb","itemListElement":[{"@type":"ListItem","position":1,"name":"Home","item":"https:\/\/tuzlainfo.ba\/"},{"@type":"ListItem","position":2,"name":"Niz zahtjeva za Christiana Schmidta, tra\u017ei se da koristi Bonske ovlasti"}]},{"@type":"WebSite","@id":"https:\/\/tuzlainfo.ba\/#website","url":"https:\/\/tuzlainfo.ba\/","name":"TuzlaInfo.ba","description":"Tuzla info, gradski informator - Tuzla na dlanu","publisher":{"@id":"https:\/\/tuzlainfo.ba\/#organization"},"potentialAction":[{"@type":"SearchAction","target":{"@type":"EntryPoint","urlTemplate":"https:\/\/tuzlainfo.ba\/?s={search_term_string}"},"query-input":{"@type":"PropertyValueSpecification","valueRequired":true,"valueName":"search_term_string"}}],"inLanguage":"bs-BA"},{"@type":"Organization","@id":"https:\/\/tuzlainfo.ba\/#organization","name":"TuzlaInfo.ba","url":"https:\/\/tuzlainfo.ba\/","logo":{"@type":"ImageObject","inLanguage":"bs-BA","@id":"https:\/\/tuzlainfo.ba\/#\/schema\/logo\/image\/","url":"https:\/\/tuzlainfo.ba\/wp-content\/uploads\/2021\/03\/logo-ver-3-1.png","contentUrl":"https:\/\/tuzlainfo.ba\/wp-content\/uploads\/2021\/03\/logo-ver-3-1.png","width":350,"height":95,"caption":"TuzlaInfo.ba"},"image":{"@id":"https:\/\/tuzlainfo.ba\/#\/schema\/logo\/image\/"},"sameAs":["https:\/\/www.facebook.com\/tuzlainfo.ba\/"]},{"@type":"Person","@id":"https:\/\/tuzlainfo.ba\/#\/schema\/person\/46cad4c57790cbc50781edd14870825a","name":"Tuzla Info","image":{"@type":"ImageObject","inLanguage":"bs-BA","@id":"https:\/\/secure.gravatar.com\/avatar\/e980921b00fa2e552723a2386544734ce6885d2b2304ccca3f45186f9ca4031d?s=96&d=mm&r=g","url":"https:\/\/secure.gravatar.com\/avatar\/e980921b00fa2e552723a2386544734ce6885d2b2304ccca3f45186f9ca4031d?s=96&d=mm&r=g","contentUrl":"https:\/\/secure.gravatar.com\/avatar\/e980921b00fa2e552723a2386544734ce6885d2b2304ccca3f45186f9ca4031d?s=96&d=mm&r=g","caption":"Tuzla Info"}}]}},"_links":{"self":[{"href":"https:\/\/tuzlainfo.ba\/index.php\/wp-json\/wp\/v2\/posts\/195890","targetHints":{"allow":["GET"]}}],"collection":[{"href":"https:\/\/tuzlainfo.ba\/index.php\/wp-json\/wp\/v2\/posts"}],"about":[{"href":"https:\/\/tuzlainfo.ba\/index.php\/wp-json\/wp\/v2\/types\/post"}],"author":[{"embeddable":true,"href":"https:\/\/tuzlainfo.ba\/index.php\/wp-json\/wp\/v2\/users\/4"}],"replies":[{"embeddable":true,"href":"https:\/\/tuzlainfo.ba\/index.php\/wp-json\/wp\/v2\/comments?post=195890"}],"version-history":[{"count":0,"href":"https:\/\/tuzlainfo.ba\/index.php\/wp-json\/wp\/v2\/posts\/195890\/revisions"}],"wp:featuredmedia":[{"embeddable":true,"href":"https:\/\/tuzlainfo.ba\/index.php\/wp-json\/wp\/v2\/media\/169020"}],"wp:attachment":[{"href":"https:\/\/tuzlainfo.ba\/index.php\/wp-json\/wp\/v2\/media?parent=195890"}],"wp:term":[{"taxonomy":"category","embeddable":true,"href":"https:\/\/tuzlainfo.ba\/index.php\/wp-json\/wp\/v2\/categories?post=195890"},{"taxonomy":"post_tag","embeddable":true,"href":"https:\/\/tuzlainfo.ba\/index.php\/wp-json\/wp\/v2\/tags?post=195890"}],"curies":[{"name":"wp","href":"https:\/\/api.w.org\/{rel}","templated":true}]}}