{"id":195740,"date":"2023-01-28T12:00:26","date_gmt":"2023-01-28T11:00:26","guid":{"rendered":"https:\/\/tuzlainfo.ba\/?p=195740"},"modified":"2023-01-28T09:36:34","modified_gmt":"2023-01-28T08:36:34","slug":"halid-zigic-kandidat-za-gradonacelnika-tuzle-nudim-jasne-konkretne-i-odrzive-ciljeve","status":"publish","type":"post","link":"https:\/\/tuzlainfo.ba\/index.php\/clanci\/izbori-clanci\/item\/195740-halid-zigic-kandidat-za-gradonacelnika-tuzle-nudim-jasne-konkretne-i-odrzive-ciljeve\/","title":{"rendered":"Halid \u017digi\u0107, kandidat za gradona\u010delnika Tuzle: Nudim jasne, konkretne i odr\u017eive ciljeve"},"content":{"rendered":"<p>Halid \u017digi\u0107 je nezavisni kandidat na prijevremenim izborima za gradona\u010delnika Tuzle.<\/p>\n<p>Za razliku od drugih kandidata u dosada\u0161njem dijelu predizborne kampanje nije se ogla\u0161avao u medijima, a njegovo obra\u0107anje gra\u0111anima Tuzle, koje je objavio na dru\u0161tvenim mre\u017eama,\u00a0 objavljujemo\u00a0 nastavku:<\/p>\n<p>Po\u0161tovani gra\u0111ani Tuzle,<\/p>\n<p>Vjerujem da Tuzla mo\u017ee biti bolji grad za \u017eivot. A to je najva\u017enije. Cilj mi je da svi dijelovi Grada i svi stanovnici imaju isti, visok standard \u017eivota. Puno je jo\u0161 posla, ali vjerujem kako strate\u0161kim promi\u0161ljanjem i planiranjem mogu se realizovati i najzahtjevniji projekti.<\/p>\n<p>1. Gra\u0111anima \u017eelim pokazati kako se uspjeh mo\u017ee i mora graditi radom i po\u0161tenjem. Gra\u0111ani \u0107e prepoznali moj rad i rezultate. Grad Tuzla biti \u0107e grad na evropskom nivou.<\/p>\n<p>2. Moj cilj je gra\u0111anima Tuzle osigurati stabilnost i sigurnost. To je ono \u0161to je ovom gradu nedostajalo za uspje\u0161an razvoj i napredak.<\/p>\n<p>3. Ostavimo u zaborav vrijeme ideolo\u0161kih politi\u010dkih opcija. Na povjerenje gra\u0111ana nudim jasne, konkretne i odr\u017eive ciljeve. U sredi\u0161tu mog rada bit \u0107e strate\u0161ki razvoj, transparentnost rada, proces i otvorenost prema na\u0161im gra\u0111anima i njihovim potrebama, a cilj je u potpunosti ispuniti ideju razvijenog grada.<\/p>\n<p>4. U dvije godine ostvariti \u0107u velki napredak na polju kvaliteta \u017eivota. Moj pravac je razvoj, dostojanstvo i rad. Grad Tuzla \u0107e postati po\u017eeljnije mjesto za \u017eivot.<\/p>\n<p>5. Razvijati \u0107e se sve na\u0161e mjesne zajednice i brinuti \u0107u se o svim na\u0161im gra\u0111anima.<\/p>\n<p>6. \u017delim da gra\u0111ani Tuzle ne moraju odlaziti izvan ove zemlje jer ovdje ne mogu na\u0107i posao, nego da \u017eele ostati u na\u0161em gradu, u na\u0161oj zemlji, i da imaju uslove da ostvare sve svoje potencijale. Da su im njihovo \u0161kolovanje, kvalifikacije i motivacija jedino \u0161to trebaju da bi na\u0161li posao. Da im nije potrebna veza ni strana\u010dka pripadnost.<\/p>\n<p>7. Grad Tuzla do\u017eivlje\u0107e promjene koje zaslu\u017euje, ja\u010dati \u0107e se privreda i otvarati \u0107e se nova radna mjesta. Realizovati \u0107e se puno projekata s ciljem izgradnje Grada kao boljeg i ljep\u0161eg mjesta za \u017eivot.<\/p>\n<p>8. Uspje\u0161na ekonomija i obrazovanje pokreta\u010di \u0107e biti razvoja grada. Stvarati \u0107e se uslovi za rast i razvoj poduzetnika, a nove pro\u0161irene Industrijske zone biti \u0107e osnova razvoja.<\/p>\n<p>9. Razviti \u0107e se partnerski odnos Grada i poduzetni\u0161tva. Rad \u0107e biti pun odgovornosti i transparentnosti, biti \u0107e opravdano povjerenje gra\u0111ana.<\/p>\n<p>10. Grad Tuzla \u0107e biti jedan od najpo\u017eeljnijih gradova za \u017eivot i poslovanje u zemlji. U narednom razdoblju bitno je sve resurse staviti na raspolaganje gra\u0111anima i privredi da se \u0161to prije prevazi\u0111u trenutne krize.<\/p>\n<p>11. Pokrenutni projekti \u0107e biti realizovani, a pove\u0107a\u0107e se i udio investicija.<\/p>\n<p>12. Odobriti \u0107e se ve\u0107a sredstva kojima \u0107e se poticati poduzetnici i obrtnici.<\/p>\n<p>13. Nastavi\u0107e se razvoj Panonskih jezera ali drugih oblika turizma.<\/p>\n<p>14. Velika je nezaposlenost. Razvojem poduzetni\u0161tva, komunalne infrastrukture i tehnologija stvoriti \u0107e se uslovi za zapo\u0161ljavanje.<\/p>\n<p>15. Izvr\u0161iti \u0107e se analiza po svim pitanjima o visokoj nezaposlenosti. U uraditi \u0107e se plan u kojem \u0107e se navesti mjere pove\u0107anja zapo\u0161ljavanja. Svako nezaposleno lice uzeti se \u0107e u razmatranje! Svakom licu treba prona\u0107i posao! Svako treba biti zaposlen!<\/p>\n<p>16. Grad Tuzla \u0107e biti grada s najve\u0107im izdvajanjima za stipendije, \u010dime \u0107e se na\u0161im mladima pru\u017eati mogu\u0107nost da steknu kvalitetno obrazovanje. U obrazovanje \u0107e se ulo\u017eiti i vi\u0161e sredstava, da se postignu kvalitetni standardi. Velika pa\u017enja posveiti \u0107e se ure\u0111enju Univerzitetskog kampusa.<\/p>\n<p>17. Izgraditi \u0107e se moderan i samoodr\u017eiv grad evropskih standarda.<\/p>\n<p>18. Hrabro \u0107u donositi odluke i realizovati projekte u koje vjerujem. Imam znanje, sposobnost za sve izazove koje treba realizovati.<\/p>\n<p>19. Smatram da je krajnje vrijeme i za istinske promjene! Stoga je do\u0161lo vrijeme da se gra\u0111anima prestane vladati i po\u010dne im se slu\u017eiti. Ovaj grad ima potencijal koji samo treba probuditi!<\/p>\n<p>20. Grad Tuzla biti \u0107e to razvijen i bogat grad.<\/p>\n<p>Zato pozivam gra\u0111ane Tuzle da u \u0161to ve\u0107em broju iza\u0111u na izbore 05.02.2023. godine i izaberu promjene, naveo je Halid \u017digi\u0107 u svojoj objavi.<\/p>\n<p><iframe style=\"border: none; overflow: hidden;\" src=\"https:\/\/www.facebook.com\/plugins\/post.php?href=https%3A%2F%2Fwww.facebook.com%2FZigicHalid%2Fposts%2Fpfbid0k2Kk7bomPCzz6gAoL9kSq9pCcnBbRgd95iHXQVZuMG4qKZ2Ez8uo8mDXy5zNrZnDl&amp;show_text=true&amp;width=500\" width=\"500\" height=\"591\" frameborder=\"0\" scrolling=\"no\" allowfullscreen=\"allowfullscreen\"><\/iframe><\/p>\n","protected":false},"excerpt":{"rendered":"<p>Halid \u017digi\u0107 je nezavisni kandidat na prijevremenim izborima za gradona\u010delnika Tuzle. Za razliku od drugih&hellip;<\/p>\n","protected":false},"author":2,"featured_media":195741,"comment_status":"open","ping_status":"closed","sticky":false,"template":"","format":"standard","meta":{"_acf_changed":false,"footnotes":""},"categories":[15],"tags":[6173,5822],"acf":[],"yoast_head":"<!-- This site is optimized with the Yoast SEO plugin v23.5 - https:\/\/yoast.com\/wordpress\/plugins\/seo\/ -->\n<title>Halid \u017digi\u0107, kandidat za gradona\u010delnika Tuzle: Nudim jasne, konkretne i odr\u017eive ciljeve - TuzlaInfo.ba<\/title>\n<meta name=\"robots\" content=\"index, follow, max-snippet:-1, max-image-preview:large, max-video-preview:-1\" \/>\n<link rel=\"canonical\" href=\"https:\/\/tuzlainfo.ba\/index.php\/clanci\/izbori-clanci\/item\/195740-halid-zigic-kandidat-za-gradonacelnika-tuzle-nudim-jasne-konkretne-i-odrzive-ciljeve\/\" \/>\n<meta property=\"og:locale\" content=\"bs_BA\" \/>\n<meta property=\"og:type\" content=\"article\" \/>\n<meta property=\"og:title\" content=\"Halid \u017digi\u0107, kandidat za gradona\u010delnika Tuzle: Nudim jasne, konkretne i odr\u017eive ciljeve - TuzlaInfo.ba\" \/>\n<meta property=\"og:description\" content=\"Halid \u017digi\u0107 je nezavisni kandidat na prijevremenim izborima za gradona\u010delnika Tuzle. Za razliku od drugih&hellip;\" \/>\n<meta property=\"og:url\" content=\"https:\/\/tuzlainfo.ba\/index.php\/clanci\/izbori-clanci\/item\/195740-halid-zigic-kandidat-za-gradonacelnika-tuzle-nudim-jasne-konkretne-i-odrzive-ciljeve\/\" \/>\n<meta property=\"og:site_name\" content=\"TuzlaInfo.ba\" \/>\n<meta property=\"article:publisher\" content=\"https:\/\/www.facebook.com\/tuzlainfo.ba\/\" \/>\n<meta property=\"article:published_time\" content=\"2023-01-28T11:00:26+00:00\" \/>\n<meta property=\"article:modified_time\" content=\"2023-01-28T08:36:34+00:00\" \/>\n<meta property=\"og:image\" content=\"https:\/\/tuzlainfo.ba\/wp-content\/uploads\/2023\/01\/2801_halid_zigic.jpg\" \/>\n\t<meta property=\"og:image:width\" content=\"800\" \/>\n\t<meta property=\"og:image:height\" content=\"599\" \/>\n\t<meta property=\"og:image:type\" content=\"image\/jpeg\" \/>\n<meta name=\"author\" content=\"nedim\" \/>\n<meta name=\"twitter:card\" content=\"summary_large_image\" \/>\n<meta name=\"twitter:label1\" content=\"Written by\" \/>\n\t<meta name=\"twitter:data1\" content=\"nedim\" \/>\n\t<meta name=\"twitter:label2\" content=\"Est. reading time\" \/>\n\t<meta name=\"twitter:data2\" content=\"3 minute\" \/>\n<script type=\"application\/ld+json\" class=\"yoast-schema-graph\">{\"@context\":\"https:\/\/schema.org\",\"@graph\":[{\"@type\":\"Article\",\"@id\":\"https:\/\/tuzlainfo.ba\/index.php\/clanci\/izbori-clanci\/item\/195740-halid-zigic-kandidat-za-gradonacelnika-tuzle-nudim-jasne-konkretne-i-odrzive-ciljeve\/#article\",\"isPartOf\":{\"@id\":\"https:\/\/tuzlainfo.ba\/index.php\/clanci\/izbori-clanci\/item\/195740-halid-zigic-kandidat-za-gradonacelnika-tuzle-nudim-jasne-konkretne-i-odrzive-ciljeve\/\"},\"author\":{\"name\":\"nedim\",\"@id\":\"https:\/\/tuzlainfo.ba\/#\/schema\/person\/f434e20dc27ea133923aab08451b7f7f\"},\"headline\":\"Halid \u017digi\u0107, kandidat za gradona\u010delnika Tuzle: Nudim jasne, konkretne i odr\u017eive ciljeve\",\"datePublished\":\"2023-01-28T11:00:26+00:00\",\"dateModified\":\"2023-01-28T08:36:34+00:00\",\"mainEntityOfPage\":{\"@id\":\"https:\/\/tuzlainfo.ba\/index.php\/clanci\/izbori-clanci\/item\/195740-halid-zigic-kandidat-za-gradonacelnika-tuzle-nudim-jasne-konkretne-i-odrzive-ciljeve\/\"},\"wordCount\":704,\"commentCount\":0,\"publisher\":{\"@id\":\"https:\/\/tuzlainfo.ba\/#organization\"},\"image\":{\"@id\":\"https:\/\/tuzlainfo.ba\/index.php\/clanci\/izbori-clanci\/item\/195740-halid-zigic-kandidat-za-gradonacelnika-tuzle-nudim-jasne-konkretne-i-odrzive-ciljeve\/#primaryimage\"},\"thumbnailUrl\":\"https:\/\/tuzlainfo.ba\/wp-content\/uploads\/2023\/01\/2801_halid_zigic.jpg\",\"keywords\":[\"halid \u017eigi\u0107\",\"izbori za gradona\u010delnika tuzle\"],\"articleSection\":[\"Izbori\"],\"inLanguage\":\"bs-BA\"},{\"@type\":\"WebPage\",\"@id\":\"https:\/\/tuzlainfo.ba\/index.php\/clanci\/izbori-clanci\/item\/195740-halid-zigic-kandidat-za-gradonacelnika-tuzle-nudim-jasne-konkretne-i-odrzive-ciljeve\/\",\"url\":\"https:\/\/tuzlainfo.ba\/index.php\/clanci\/izbori-clanci\/item\/195740-halid-zigic-kandidat-za-gradonacelnika-tuzle-nudim-jasne-konkretne-i-odrzive-ciljeve\/\",\"name\":\"Halid \u017digi\u0107, kandidat za gradona\u010delnika Tuzle: Nudim jasne, konkretne i odr\u017eive ciljeve - TuzlaInfo.ba\",\"isPartOf\":{\"@id\":\"https:\/\/tuzlainfo.ba\/#website\"},\"primaryImageOfPage\":{\"@id\":\"https:\/\/tuzlainfo.ba\/index.php\/clanci\/izbori-clanci\/item\/195740-halid-zigic-kandidat-za-gradonacelnika-tuzle-nudim-jasne-konkretne-i-odrzive-ciljeve\/#primaryimage\"},\"image\":{\"@id\":\"https:\/\/tuzlainfo.ba\/index.php\/clanci\/izbori-clanci\/item\/195740-halid-zigic-kandidat-za-gradonacelnika-tuzle-nudim-jasne-konkretne-i-odrzive-ciljeve\/#primaryimage\"},\"thumbnailUrl\":\"https:\/\/tuzlainfo.ba\/wp-content\/uploads\/2023\/01\/2801_halid_zigic.jpg\",\"datePublished\":\"2023-01-28T11:00:26+00:00\",\"dateModified\":\"2023-01-28T08:36:34+00:00\",\"breadcrumb\":{\"@id\":\"https:\/\/tuzlainfo.ba\/index.php\/clanci\/izbori-clanci\/item\/195740-halid-zigic-kandidat-za-gradonacelnika-tuzle-nudim-jasne-konkretne-i-odrzive-ciljeve\/#breadcrumb\"},\"inLanguage\":\"bs-BA\",\"potentialAction\":[{\"@type\":\"ReadAction\",\"target\":[\"https:\/\/tuzlainfo.ba\/index.php\/clanci\/izbori-clanci\/item\/195740-halid-zigic-kandidat-za-gradonacelnika-tuzle-nudim-jasne-konkretne-i-odrzive-ciljeve\/\"]}]},{\"@type\":\"ImageObject\",\"inLanguage\":\"bs-BA\",\"@id\":\"https:\/\/tuzlainfo.ba\/index.php\/clanci\/izbori-clanci\/item\/195740-halid-zigic-kandidat-za-gradonacelnika-tuzle-nudim-jasne-konkretne-i-odrzive-ciljeve\/#primaryimage\",\"url\":\"https:\/\/tuzlainfo.ba\/wp-content\/uploads\/2023\/01\/2801_halid_zigic.jpg\",\"contentUrl\":\"https:\/\/tuzlainfo.ba\/wp-content\/uploads\/2023\/01\/2801_halid_zigic.jpg\",\"width\":800,\"height\":599},{\"@type\":\"BreadcrumbList\",\"@id\":\"https:\/\/tuzlainfo.ba\/index.php\/clanci\/izbori-clanci\/item\/195740-halid-zigic-kandidat-za-gradonacelnika-tuzle-nudim-jasne-konkretne-i-odrzive-ciljeve\/#breadcrumb\",\"itemListElement\":[{\"@type\":\"ListItem\",\"position\":1,\"name\":\"Home\",\"item\":\"https:\/\/tuzlainfo.ba\/\"},{\"@type\":\"ListItem\",\"position\":2,\"name\":\"Halid \u017digi\u0107, kandidat za gradona\u010delnika Tuzle: Nudim jasne, konkretne i odr\u017eive ciljeve\"}]},{\"@type\":\"WebSite\",\"@id\":\"https:\/\/tuzlainfo.ba\/#website\",\"url\":\"https:\/\/tuzlainfo.ba\/\",\"name\":\"TuzlaInfo.ba\",\"description\":\"Tuzla info, gradski informator - Tuzla na dlanu\",\"publisher\":{\"@id\":\"https:\/\/tuzlainfo.ba\/#organization\"},\"potentialAction\":[{\"@type\":\"SearchAction\",\"target\":{\"@type\":\"EntryPoint\",\"urlTemplate\":\"https:\/\/tuzlainfo.ba\/?s={search_term_string}\"},\"query-input\":{\"@type\":\"PropertyValueSpecification\",\"valueRequired\":true,\"valueName\":\"search_term_string\"}}],\"inLanguage\":\"bs-BA\"},{\"@type\":\"Organization\",\"@id\":\"https:\/\/tuzlainfo.ba\/#organization\",\"name\":\"TuzlaInfo.ba\",\"url\":\"https:\/\/tuzlainfo.ba\/\",\"logo\":{\"@type\":\"ImageObject\",\"inLanguage\":\"bs-BA\",\"@id\":\"https:\/\/tuzlainfo.ba\/#\/schema\/logo\/image\/\",\"url\":\"https:\/\/tuzlainfo.ba\/wp-content\/uploads\/2021\/03\/logo-ver-3-1.png\",\"contentUrl\":\"https:\/\/tuzlainfo.ba\/wp-content\/uploads\/2021\/03\/logo-ver-3-1.png\",\"width\":350,\"height\":95,\"caption\":\"TuzlaInfo.ba\"},\"image\":{\"@id\":\"https:\/\/tuzlainfo.ba\/#\/schema\/logo\/image\/\"},\"sameAs\":[\"https:\/\/www.facebook.com\/tuzlainfo.ba\/\"]},{\"@type\":\"Person\",\"@id\":\"https:\/\/tuzlainfo.ba\/#\/schema\/person\/f434e20dc27ea133923aab08451b7f7f\",\"name\":\"nedim\",\"image\":{\"@type\":\"ImageObject\",\"inLanguage\":\"bs-BA\",\"@id\":\"https:\/\/tuzlainfo.ba\/#\/schema\/person\/image\/\",\"url\":\"https:\/\/tuzlainfo.ba\/wp-content\/litespeed\/avatar\/aabad687af24844af817603ac1cbdc4f.jpg?ver=1777306975\",\"contentUrl\":\"https:\/\/tuzlainfo.ba\/wp-content\/litespeed\/avatar\/aabad687af24844af817603ac1cbdc4f.jpg?ver=1777306975\",\"caption\":\"nedim\"},\"description\":\"Tuzlainfo.ba pratite na dru\u0161tvenim mre\u017eama: Facebook, Instagram i Youtube. Svoje pri\u010de, upite i fotografije \u0161aljite na na\u0161u e-mail adresu.\"}]}<\/script>\n<!-- \/ Yoast SEO plugin. -->","yoast_head_json":{"title":"Halid \u017digi\u0107, kandidat za gradona\u010delnika Tuzle: Nudim jasne, konkretne i odr\u017eive ciljeve - TuzlaInfo.ba","robots":{"index":"index","follow":"follow","max-snippet":"max-snippet:-1","max-image-preview":"max-image-preview:large","max-video-preview":"max-video-preview:-1"},"canonical":"https:\/\/tuzlainfo.ba\/index.php\/clanci\/izbori-clanci\/item\/195740-halid-zigic-kandidat-za-gradonacelnika-tuzle-nudim-jasne-konkretne-i-odrzive-ciljeve\/","og_locale":"bs_BA","og_type":"article","og_title":"Halid \u017digi\u0107, kandidat za gradona\u010delnika Tuzle: Nudim jasne, konkretne i odr\u017eive ciljeve - TuzlaInfo.ba","og_description":"Halid \u017digi\u0107 je nezavisni kandidat na prijevremenim izborima za gradona\u010delnika Tuzle. Za razliku od drugih&hellip;","og_url":"https:\/\/tuzlainfo.ba\/index.php\/clanci\/izbori-clanci\/item\/195740-halid-zigic-kandidat-za-gradonacelnika-tuzle-nudim-jasne-konkretne-i-odrzive-ciljeve\/","og_site_name":"TuzlaInfo.ba","article_publisher":"https:\/\/www.facebook.com\/tuzlainfo.ba\/","article_published_time":"2023-01-28T11:00:26+00:00","article_modified_time":"2023-01-28T08:36:34+00:00","og_image":[{"width":800,"height":599,"url":"https:\/\/tuzlainfo.ba\/wp-content\/uploads\/2023\/01\/2801_halid_zigic.jpg","type":"image\/jpeg"}],"author":"nedim","twitter_card":"summary_large_image","twitter_misc":{"Written by":"nedim","Est. reading time":"3 minute"},"schema":{"@context":"https:\/\/schema.org","@graph":[{"@type":"Article","@id":"https:\/\/tuzlainfo.ba\/index.php\/clanci\/izbori-clanci\/item\/195740-halid-zigic-kandidat-za-gradonacelnika-tuzle-nudim-jasne-konkretne-i-odrzive-ciljeve\/#article","isPartOf":{"@id":"https:\/\/tuzlainfo.ba\/index.php\/clanci\/izbori-clanci\/item\/195740-halid-zigic-kandidat-za-gradonacelnika-tuzle-nudim-jasne-konkretne-i-odrzive-ciljeve\/"},"author":{"name":"nedim","@id":"https:\/\/tuzlainfo.ba\/#\/schema\/person\/f434e20dc27ea133923aab08451b7f7f"},"headline":"Halid \u017digi\u0107, kandidat za gradona\u010delnika Tuzle: Nudim jasne, konkretne i odr\u017eive ciljeve","datePublished":"2023-01-28T11:00:26+00:00","dateModified":"2023-01-28T08:36:34+00:00","mainEntityOfPage":{"@id":"https:\/\/tuzlainfo.ba\/index.php\/clanci\/izbori-clanci\/item\/195740-halid-zigic-kandidat-za-gradonacelnika-tuzle-nudim-jasne-konkretne-i-odrzive-ciljeve\/"},"wordCount":704,"commentCount":0,"publisher":{"@id":"https:\/\/tuzlainfo.ba\/#organization"},"image":{"@id":"https:\/\/tuzlainfo.ba\/index.php\/clanci\/izbori-clanci\/item\/195740-halid-zigic-kandidat-za-gradonacelnika-tuzle-nudim-jasne-konkretne-i-odrzive-ciljeve\/#primaryimage"},"thumbnailUrl":"https:\/\/tuzlainfo.ba\/wp-content\/uploads\/2023\/01\/2801_halid_zigic.jpg","keywords":["halid \u017eigi\u0107","izbori za gradona\u010delnika tuzle"],"articleSection":["Izbori"],"inLanguage":"bs-BA"},{"@type":"WebPage","@id":"https:\/\/tuzlainfo.ba\/index.php\/clanci\/izbori-clanci\/item\/195740-halid-zigic-kandidat-za-gradonacelnika-tuzle-nudim-jasne-konkretne-i-odrzive-ciljeve\/","url":"https:\/\/tuzlainfo.ba\/index.php\/clanci\/izbori-clanci\/item\/195740-halid-zigic-kandidat-za-gradonacelnika-tuzle-nudim-jasne-konkretne-i-odrzive-ciljeve\/","name":"Halid \u017digi\u0107, kandidat za gradona\u010delnika Tuzle: Nudim jasne, konkretne i odr\u017eive ciljeve - TuzlaInfo.ba","isPartOf":{"@id":"https:\/\/tuzlainfo.ba\/#website"},"primaryImageOfPage":{"@id":"https:\/\/tuzlainfo.ba\/index.php\/clanci\/izbori-clanci\/item\/195740-halid-zigic-kandidat-za-gradonacelnika-tuzle-nudim-jasne-konkretne-i-odrzive-ciljeve\/#primaryimage"},"image":{"@id":"https:\/\/tuzlainfo.ba\/index.php\/clanci\/izbori-clanci\/item\/195740-halid-zigic-kandidat-za-gradonacelnika-tuzle-nudim-jasne-konkretne-i-odrzive-ciljeve\/#primaryimage"},"thumbnailUrl":"https:\/\/tuzlainfo.ba\/wp-content\/uploads\/2023\/01\/2801_halid_zigic.jpg","datePublished":"2023-01-28T11:00:26+00:00","dateModified":"2023-01-28T08:36:34+00:00","breadcrumb":{"@id":"https:\/\/tuzlainfo.ba\/index.php\/clanci\/izbori-clanci\/item\/195740-halid-zigic-kandidat-za-gradonacelnika-tuzle-nudim-jasne-konkretne-i-odrzive-ciljeve\/#breadcrumb"},"inLanguage":"bs-BA","potentialAction":[{"@type":"ReadAction","target":["https:\/\/tuzlainfo.ba\/index.php\/clanci\/izbori-clanci\/item\/195740-halid-zigic-kandidat-za-gradonacelnika-tuzle-nudim-jasne-konkretne-i-odrzive-ciljeve\/"]}]},{"@type":"ImageObject","inLanguage":"bs-BA","@id":"https:\/\/tuzlainfo.ba\/index.php\/clanci\/izbori-clanci\/item\/195740-halid-zigic-kandidat-za-gradonacelnika-tuzle-nudim-jasne-konkretne-i-odrzive-ciljeve\/#primaryimage","url":"https:\/\/tuzlainfo.ba\/wp-content\/uploads\/2023\/01\/2801_halid_zigic.jpg","contentUrl":"https:\/\/tuzlainfo.ba\/wp-content\/uploads\/2023\/01\/2801_halid_zigic.jpg","width":800,"height":599},{"@type":"BreadcrumbList","@id":"https:\/\/tuzlainfo.ba\/index.php\/clanci\/izbori-clanci\/item\/195740-halid-zigic-kandidat-za-gradonacelnika-tuzle-nudim-jasne-konkretne-i-odrzive-ciljeve\/#breadcrumb","itemListElement":[{"@type":"ListItem","position":1,"name":"Home","item":"https:\/\/tuzlainfo.ba\/"},{"@type":"ListItem","position":2,"name":"Halid \u017digi\u0107, kandidat za gradona\u010delnika Tuzle: Nudim jasne, konkretne i odr\u017eive ciljeve"}]},{"@type":"WebSite","@id":"https:\/\/tuzlainfo.ba\/#website","url":"https:\/\/tuzlainfo.ba\/","name":"TuzlaInfo.ba","description":"Tuzla info, gradski informator - Tuzla na dlanu","publisher":{"@id":"https:\/\/tuzlainfo.ba\/#organization"},"potentialAction":[{"@type":"SearchAction","target":{"@type":"EntryPoint","urlTemplate":"https:\/\/tuzlainfo.ba\/?s={search_term_string}"},"query-input":{"@type":"PropertyValueSpecification","valueRequired":true,"valueName":"search_term_string"}}],"inLanguage":"bs-BA"},{"@type":"Organization","@id":"https:\/\/tuzlainfo.ba\/#organization","name":"TuzlaInfo.ba","url":"https:\/\/tuzlainfo.ba\/","logo":{"@type":"ImageObject","inLanguage":"bs-BA","@id":"https:\/\/tuzlainfo.ba\/#\/schema\/logo\/image\/","url":"https:\/\/tuzlainfo.ba\/wp-content\/uploads\/2021\/03\/logo-ver-3-1.png","contentUrl":"https:\/\/tuzlainfo.ba\/wp-content\/uploads\/2021\/03\/logo-ver-3-1.png","width":350,"height":95,"caption":"TuzlaInfo.ba"},"image":{"@id":"https:\/\/tuzlainfo.ba\/#\/schema\/logo\/image\/"},"sameAs":["https:\/\/www.facebook.com\/tuzlainfo.ba\/"]},{"@type":"Person","@id":"https:\/\/tuzlainfo.ba\/#\/schema\/person\/f434e20dc27ea133923aab08451b7f7f","name":"nedim","image":{"@type":"ImageObject","inLanguage":"bs-BA","@id":"https:\/\/tuzlainfo.ba\/#\/schema\/person\/image\/","url":"https:\/\/tuzlainfo.ba\/wp-content\/litespeed\/avatar\/aabad687af24844af817603ac1cbdc4f.jpg?ver=1777306975","contentUrl":"https:\/\/tuzlainfo.ba\/wp-content\/litespeed\/avatar\/aabad687af24844af817603ac1cbdc4f.jpg?ver=1777306975","caption":"nedim"},"description":"Tuzlainfo.ba pratite na dru\u0161tvenim mre\u017eama: Facebook, Instagram i Youtube. Svoje pri\u010de, upite i fotografije \u0161aljite na na\u0161u e-mail adresu."}]}},"_links":{"self":[{"href":"https:\/\/tuzlainfo.ba\/index.php\/wp-json\/wp\/v2\/posts\/195740"}],"collection":[{"href":"https:\/\/tuzlainfo.ba\/index.php\/wp-json\/wp\/v2\/posts"}],"about":[{"href":"https:\/\/tuzlainfo.ba\/index.php\/wp-json\/wp\/v2\/types\/post"}],"author":[{"embeddable":true,"href":"https:\/\/tuzlainfo.ba\/index.php\/wp-json\/wp\/v2\/users\/2"}],"replies":[{"embeddable":true,"href":"https:\/\/tuzlainfo.ba\/index.php\/wp-json\/wp\/v2\/comments?post=195740"}],"version-history":[{"count":0,"href":"https:\/\/tuzlainfo.ba\/index.php\/wp-json\/wp\/v2\/posts\/195740\/revisions"}],"wp:featuredmedia":[{"embeddable":true,"href":"https:\/\/tuzlainfo.ba\/index.php\/wp-json\/wp\/v2\/media\/195741"}],"wp:attachment":[{"href":"https:\/\/tuzlainfo.ba\/index.php\/wp-json\/wp\/v2\/media?parent=195740"}],"wp:term":[{"taxonomy":"category","embeddable":true,"href":"https:\/\/tuzlainfo.ba\/index.php\/wp-json\/wp\/v2\/categories?post=195740"},{"taxonomy":"post_tag","embeddable":true,"href":"https:\/\/tuzlainfo.ba\/index.php\/wp-json\/wp\/v2\/tags?post=195740"}],"curies":[{"name":"wp","href":"https:\/\/api.w.org\/{rel}","templated":true}]}}