{"id":195651,"date":"2023-01-27T09:00:23","date_gmt":"2023-01-27T08:00:23","guid":{"rendered":"https:\/\/tuzlainfo.ba\/?p=195651"},"modified":"2023-01-27T08:43:39","modified_gmt":"2023-01-27T07:43:39","slug":"danas-sjednica-doma-naroda-fbih-hoce-li-historijski-budzet-biti-potvrdjen","status":"publish","type":"post","link":"https:\/\/tuzlainfo.ba\/index.php\/novosti\/item\/195651-danas-sjednica-doma-naroda-fbih-hoce-li-historijski-budzet-biti-potvrdjen\/","title":{"rendered":"Danas sjednica Doma naroda FBiH: Ho\u0107e li historijski Bud\u017eet biti potvr\u0111en?"},"content":{"rendered":"<p>Dvije sjednice Doma naroda Parlamenta Federacije Bosne i Hercegovine sazvane su za danas, jedna kao nastavak ranije zapo\u010dete konstituiraju\u0107e sjednice Doma, a druga kao prvo vanredno zasjedanje u novom postizbornom mandatu.<\/p>\n<p>U predlo\u017eenom dnevnom redu vanrednog zasjedanja je Prijedlog bud\u017eeta Federacije BiH za 2023. godinu, koji je sino\u0107 na sjednici odobrio\u00a0Predstavni\u010dki dom uz 50 amandmana koje je predlo\u017eio blok stranaka predvo\u0111enih Hrvatskom demokratskom zajednicom BiH i stranke Osmorke.<\/p>\n<p>Bud\u017eet je predlo\u017een po hitnom postupku u iznosu oko 6,7 milijardi KM, \u0161to je blizu 1,1 milijardu\u00a0KM vi\u0161e od pro\u0161logodi\u0161njeg iznosa.<\/p>\n<p>Predlo\u017een je i prate\u0107i akt, Prijedlog zakona o izvr\u0161avanju ovogodi\u0161njeg bud\u017eeta FBiH, tako\u0111er po hitnom postupku.<\/p>\n","protected":false},"excerpt":{"rendered":"<p>Dvije sjednice Doma naroda Parlamenta Federacije Bosne i Hercegovine sazvane su za danas, jedna kao&hellip;<\/p>\n","protected":false},"author":4,"featured_media":71775,"comment_status":"open","ping_status":"closed","sticky":false,"template":"","format":"standard","meta":{"_acf_changed":false,"footnotes":""},"categories":[304,12],"tags":[5130,2201],"acf":[],"yoast_head":"<!-- This site is optimized with the Yoast SEO plugin v23.5 - https:\/\/yoast.com\/wordpress\/plugins\/seo\/ -->\n<title>Danas sjednica Doma naroda FBiH: Ho\u0107e li historijski Bud\u017eet biti potvr\u0111en? - TuzlaInfo.ba<\/title>\n<meta name=\"robots\" content=\"index, follow, max-snippet:-1, max-image-preview:large, max-video-preview:-1\" \/>\n<link rel=\"canonical\" href=\"https:\/\/tuzlainfo.ba\/index.php\/novosti\/item\/195651-danas-sjednica-doma-naroda-fbih-hoce-li-historijski-budzet-biti-potvrdjen\/\" \/>\n<meta property=\"og:locale\" content=\"bs_BA\" \/>\n<meta property=\"og:type\" content=\"article\" \/>\n<meta property=\"og:title\" content=\"Danas sjednica Doma naroda FBiH: Ho\u0107e li historijski Bud\u017eet biti potvr\u0111en? - TuzlaInfo.ba\" \/>\n<meta property=\"og:description\" content=\"Dvije sjednice Doma naroda Parlamenta Federacije Bosne i Hercegovine sazvane su za danas, jedna kao&hellip;\" \/>\n<meta property=\"og:url\" content=\"https:\/\/tuzlainfo.ba\/index.php\/novosti\/item\/195651-danas-sjednica-doma-naroda-fbih-hoce-li-historijski-budzet-biti-potvrdjen\/\" \/>\n<meta property=\"og:site_name\" content=\"TuzlaInfo.ba\" \/>\n<meta property=\"article:publisher\" content=\"https:\/\/www.facebook.com\/tuzlainfo.ba\/\" \/>\n<meta property=\"article:published_time\" content=\"2023-01-27T08:00:23+00:00\" \/>\n<meta property=\"article:modified_time\" content=\"2023-01-27T07:43:39+00:00\" \/>\n<meta property=\"og:image\" content=\"https:\/\/tuzlainfo.ba\/wp-content\/uploads\/2019\/07\/sadrzaj_2019_20190701_1907_dom_naroda.jpg\" \/>\n\t<meta property=\"og:image:width\" content=\"770\" \/>\n\t<meta property=\"og:image:height\" content=\"481\" \/>\n\t<meta property=\"og:image:type\" content=\"image\/jpeg\" \/>\n<meta name=\"author\" content=\"Tuzla Info\" \/>\n<meta name=\"twitter:card\" content=\"summary_large_image\" \/>\n<meta name=\"twitter:label1\" content=\"Written by\" \/>\n\t<meta name=\"twitter:data1\" content=\"Tuzla Info\" \/>\n\t<meta name=\"twitter:label2\" content=\"Est. reading time\" \/>\n\t<meta name=\"twitter:data2\" content=\"1 minuta\" \/>\n<script type=\"application\/ld+json\" class=\"yoast-schema-graph\">{\"@context\":\"https:\/\/schema.org\",\"@graph\":[{\"@type\":\"Article\",\"@id\":\"https:\/\/tuzlainfo.ba\/index.php\/novosti\/item\/195651-danas-sjednica-doma-naroda-fbih-hoce-li-historijski-budzet-biti-potvrdjen\/#article\",\"isPartOf\":{\"@id\":\"https:\/\/tuzlainfo.ba\/index.php\/novosti\/item\/195651-danas-sjednica-doma-naroda-fbih-hoce-li-historijski-budzet-biti-potvrdjen\/\"},\"author\":{\"name\":\"Tuzla Info\",\"@id\":\"https:\/\/tuzlainfo.ba\/#\/schema\/person\/46cad4c57790cbc50781edd14870825a\"},\"headline\":\"Danas sjednica Doma naroda FBiH: Ho\u0107e li historijski Bud\u017eet biti potvr\u0111en?\",\"datePublished\":\"2023-01-27T08:00:23+00:00\",\"dateModified\":\"2023-01-27T07:43:39+00:00\",\"mainEntityOfPage\":{\"@id\":\"https:\/\/tuzlainfo.ba\/index.php\/novosti\/item\/195651-danas-sjednica-doma-naroda-fbih-hoce-li-historijski-budzet-biti-potvrdjen\/\"},\"wordCount\":135,\"commentCount\":0,\"publisher\":{\"@id\":\"https:\/\/tuzlainfo.ba\/#organization\"},\"image\":{\"@id\":\"https:\/\/tuzlainfo.ba\/index.php\/novosti\/item\/195651-danas-sjednica-doma-naroda-fbih-hoce-li-historijski-budzet-biti-potvrdjen\/#primaryimage\"},\"thumbnailUrl\":\"https:\/\/tuzlainfo.ba\/wp-content\/uploads\/2019\/07\/sadrzaj_2019_20190701_1907_dom_naroda.jpg\",\"keywords\":[\"bud\u017eet fbih\",\"dom naroda fbih\"],\"articleSection\":[\"Istaknuto\",\"Novosti\"],\"inLanguage\":\"bs-BA\"},{\"@type\":\"WebPage\",\"@id\":\"https:\/\/tuzlainfo.ba\/index.php\/novosti\/item\/195651-danas-sjednica-doma-naroda-fbih-hoce-li-historijski-budzet-biti-potvrdjen\/\",\"url\":\"https:\/\/tuzlainfo.ba\/index.php\/novosti\/item\/195651-danas-sjednica-doma-naroda-fbih-hoce-li-historijski-budzet-biti-potvrdjen\/\",\"name\":\"Danas sjednica Doma naroda FBiH: Ho\u0107e li historijski Bud\u017eet biti potvr\u0111en? - TuzlaInfo.ba\",\"isPartOf\":{\"@id\":\"https:\/\/tuzlainfo.ba\/#website\"},\"primaryImageOfPage\":{\"@id\":\"https:\/\/tuzlainfo.ba\/index.php\/novosti\/item\/195651-danas-sjednica-doma-naroda-fbih-hoce-li-historijski-budzet-biti-potvrdjen\/#primaryimage\"},\"image\":{\"@id\":\"https:\/\/tuzlainfo.ba\/index.php\/novosti\/item\/195651-danas-sjednica-doma-naroda-fbih-hoce-li-historijski-budzet-biti-potvrdjen\/#primaryimage\"},\"thumbnailUrl\":\"https:\/\/tuzlainfo.ba\/wp-content\/uploads\/2019\/07\/sadrzaj_2019_20190701_1907_dom_naroda.jpg\",\"datePublished\":\"2023-01-27T08:00:23+00:00\",\"dateModified\":\"2023-01-27T07:43:39+00:00\",\"breadcrumb\":{\"@id\":\"https:\/\/tuzlainfo.ba\/index.php\/novosti\/item\/195651-danas-sjednica-doma-naroda-fbih-hoce-li-historijski-budzet-biti-potvrdjen\/#breadcrumb\"},\"inLanguage\":\"bs-BA\",\"potentialAction\":[{\"@type\":\"ReadAction\",\"target\":[\"https:\/\/tuzlainfo.ba\/index.php\/novosti\/item\/195651-danas-sjednica-doma-naroda-fbih-hoce-li-historijski-budzet-biti-potvrdjen\/\"]}]},{\"@type\":\"ImageObject\",\"inLanguage\":\"bs-BA\",\"@id\":\"https:\/\/tuzlainfo.ba\/index.php\/novosti\/item\/195651-danas-sjednica-doma-naroda-fbih-hoce-li-historijski-budzet-biti-potvrdjen\/#primaryimage\",\"url\":\"https:\/\/tuzlainfo.ba\/wp-content\/uploads\/2019\/07\/sadrzaj_2019_20190701_1907_dom_naroda.jpg\",\"contentUrl\":\"https:\/\/tuzlainfo.ba\/wp-content\/uploads\/2019\/07\/sadrzaj_2019_20190701_1907_dom_naroda.jpg\",\"width\":770,\"height\":481,\"caption\":\"1907 dom naroda\"},{\"@type\":\"BreadcrumbList\",\"@id\":\"https:\/\/tuzlainfo.ba\/index.php\/novosti\/item\/195651-danas-sjednica-doma-naroda-fbih-hoce-li-historijski-budzet-biti-potvrdjen\/#breadcrumb\",\"itemListElement\":[{\"@type\":\"ListItem\",\"position\":1,\"name\":\"Home\",\"item\":\"https:\/\/tuzlainfo.ba\/\"},{\"@type\":\"ListItem\",\"position\":2,\"name\":\"Danas sjednica Doma naroda FBiH: Ho\u0107e li historijski Bud\u017eet biti potvr\u0111en?\"}]},{\"@type\":\"WebSite\",\"@id\":\"https:\/\/tuzlainfo.ba\/#website\",\"url\":\"https:\/\/tuzlainfo.ba\/\",\"name\":\"TuzlaInfo.ba\",\"description\":\"Tuzla info, gradski informator - Tuzla na dlanu\",\"publisher\":{\"@id\":\"https:\/\/tuzlainfo.ba\/#organization\"},\"potentialAction\":[{\"@type\":\"SearchAction\",\"target\":{\"@type\":\"EntryPoint\",\"urlTemplate\":\"https:\/\/tuzlainfo.ba\/?s={search_term_string}\"},\"query-input\":{\"@type\":\"PropertyValueSpecification\",\"valueRequired\":true,\"valueName\":\"search_term_string\"}}],\"inLanguage\":\"bs-BA\"},{\"@type\":\"Organization\",\"@id\":\"https:\/\/tuzlainfo.ba\/#organization\",\"name\":\"TuzlaInfo.ba\",\"url\":\"https:\/\/tuzlainfo.ba\/\",\"logo\":{\"@type\":\"ImageObject\",\"inLanguage\":\"bs-BA\",\"@id\":\"https:\/\/tuzlainfo.ba\/#\/schema\/logo\/image\/\",\"url\":\"https:\/\/tuzlainfo.ba\/wp-content\/uploads\/2021\/03\/logo-ver-3-1.png\",\"contentUrl\":\"https:\/\/tuzlainfo.ba\/wp-content\/uploads\/2021\/03\/logo-ver-3-1.png\",\"width\":350,\"height\":95,\"caption\":\"TuzlaInfo.ba\"},\"image\":{\"@id\":\"https:\/\/tuzlainfo.ba\/#\/schema\/logo\/image\/\"},\"sameAs\":[\"https:\/\/www.facebook.com\/tuzlainfo.ba\/\"]},{\"@type\":\"Person\",\"@id\":\"https:\/\/tuzlainfo.ba\/#\/schema\/person\/46cad4c57790cbc50781edd14870825a\",\"name\":\"Tuzla Info\",\"image\":{\"@type\":\"ImageObject\",\"inLanguage\":\"bs-BA\",\"@id\":\"https:\/\/tuzlainfo.ba\/#\/schema\/person\/image\/\",\"url\":\"https:\/\/tuzlainfo.ba\/wp-content\/litespeed\/avatar\/b6c453a6c38e3654f2e4416c643fc25c.jpg?ver=1777051911\",\"contentUrl\":\"https:\/\/tuzlainfo.ba\/wp-content\/litespeed\/avatar\/b6c453a6c38e3654f2e4416c643fc25c.jpg?ver=1777051911\",\"caption\":\"Tuzla Info\"}}]}<\/script>\n<!-- \/ Yoast SEO plugin. -->","yoast_head_json":{"title":"Danas sjednica Doma naroda FBiH: Ho\u0107e li historijski Bud\u017eet biti potvr\u0111en? - TuzlaInfo.ba","robots":{"index":"index","follow":"follow","max-snippet":"max-snippet:-1","max-image-preview":"max-image-preview:large","max-video-preview":"max-video-preview:-1"},"canonical":"https:\/\/tuzlainfo.ba\/index.php\/novosti\/item\/195651-danas-sjednica-doma-naroda-fbih-hoce-li-historijski-budzet-biti-potvrdjen\/","og_locale":"bs_BA","og_type":"article","og_title":"Danas sjednica Doma naroda FBiH: Ho\u0107e li historijski Bud\u017eet biti potvr\u0111en? - TuzlaInfo.ba","og_description":"Dvije sjednice Doma naroda Parlamenta Federacije Bosne i Hercegovine sazvane su za danas, jedna kao&hellip;","og_url":"https:\/\/tuzlainfo.ba\/index.php\/novosti\/item\/195651-danas-sjednica-doma-naroda-fbih-hoce-li-historijski-budzet-biti-potvrdjen\/","og_site_name":"TuzlaInfo.ba","article_publisher":"https:\/\/www.facebook.com\/tuzlainfo.ba\/","article_published_time":"2023-01-27T08:00:23+00:00","article_modified_time":"2023-01-27T07:43:39+00:00","og_image":[{"width":770,"height":481,"url":"https:\/\/tuzlainfo.ba\/wp-content\/uploads\/2019\/07\/sadrzaj_2019_20190701_1907_dom_naroda.jpg","type":"image\/jpeg"}],"author":"Tuzla Info","twitter_card":"summary_large_image","twitter_misc":{"Written by":"Tuzla Info","Est. reading time":"1 minuta"},"schema":{"@context":"https:\/\/schema.org","@graph":[{"@type":"Article","@id":"https:\/\/tuzlainfo.ba\/index.php\/novosti\/item\/195651-danas-sjednica-doma-naroda-fbih-hoce-li-historijski-budzet-biti-potvrdjen\/#article","isPartOf":{"@id":"https:\/\/tuzlainfo.ba\/index.php\/novosti\/item\/195651-danas-sjednica-doma-naroda-fbih-hoce-li-historijski-budzet-biti-potvrdjen\/"},"author":{"name":"Tuzla Info","@id":"https:\/\/tuzlainfo.ba\/#\/schema\/person\/46cad4c57790cbc50781edd14870825a"},"headline":"Danas sjednica Doma naroda FBiH: Ho\u0107e li historijski Bud\u017eet biti potvr\u0111en?","datePublished":"2023-01-27T08:00:23+00:00","dateModified":"2023-01-27T07:43:39+00:00","mainEntityOfPage":{"@id":"https:\/\/tuzlainfo.ba\/index.php\/novosti\/item\/195651-danas-sjednica-doma-naroda-fbih-hoce-li-historijski-budzet-biti-potvrdjen\/"},"wordCount":135,"commentCount":0,"publisher":{"@id":"https:\/\/tuzlainfo.ba\/#organization"},"image":{"@id":"https:\/\/tuzlainfo.ba\/index.php\/novosti\/item\/195651-danas-sjednica-doma-naroda-fbih-hoce-li-historijski-budzet-biti-potvrdjen\/#primaryimage"},"thumbnailUrl":"https:\/\/tuzlainfo.ba\/wp-content\/uploads\/2019\/07\/sadrzaj_2019_20190701_1907_dom_naroda.jpg","keywords":["bud\u017eet fbih","dom naroda fbih"],"articleSection":["Istaknuto","Novosti"],"inLanguage":"bs-BA"},{"@type":"WebPage","@id":"https:\/\/tuzlainfo.ba\/index.php\/novosti\/item\/195651-danas-sjednica-doma-naroda-fbih-hoce-li-historijski-budzet-biti-potvrdjen\/","url":"https:\/\/tuzlainfo.ba\/index.php\/novosti\/item\/195651-danas-sjednica-doma-naroda-fbih-hoce-li-historijski-budzet-biti-potvrdjen\/","name":"Danas sjednica Doma naroda FBiH: Ho\u0107e li historijski Bud\u017eet biti potvr\u0111en? - TuzlaInfo.ba","isPartOf":{"@id":"https:\/\/tuzlainfo.ba\/#website"},"primaryImageOfPage":{"@id":"https:\/\/tuzlainfo.ba\/index.php\/novosti\/item\/195651-danas-sjednica-doma-naroda-fbih-hoce-li-historijski-budzet-biti-potvrdjen\/#primaryimage"},"image":{"@id":"https:\/\/tuzlainfo.ba\/index.php\/novosti\/item\/195651-danas-sjednica-doma-naroda-fbih-hoce-li-historijski-budzet-biti-potvrdjen\/#primaryimage"},"thumbnailUrl":"https:\/\/tuzlainfo.ba\/wp-content\/uploads\/2019\/07\/sadrzaj_2019_20190701_1907_dom_naroda.jpg","datePublished":"2023-01-27T08:00:23+00:00","dateModified":"2023-01-27T07:43:39+00:00","breadcrumb":{"@id":"https:\/\/tuzlainfo.ba\/index.php\/novosti\/item\/195651-danas-sjednica-doma-naroda-fbih-hoce-li-historijski-budzet-biti-potvrdjen\/#breadcrumb"},"inLanguage":"bs-BA","potentialAction":[{"@type":"ReadAction","target":["https:\/\/tuzlainfo.ba\/index.php\/novosti\/item\/195651-danas-sjednica-doma-naroda-fbih-hoce-li-historijski-budzet-biti-potvrdjen\/"]}]},{"@type":"ImageObject","inLanguage":"bs-BA","@id":"https:\/\/tuzlainfo.ba\/index.php\/novosti\/item\/195651-danas-sjednica-doma-naroda-fbih-hoce-li-historijski-budzet-biti-potvrdjen\/#primaryimage","url":"https:\/\/tuzlainfo.ba\/wp-content\/uploads\/2019\/07\/sadrzaj_2019_20190701_1907_dom_naroda.jpg","contentUrl":"https:\/\/tuzlainfo.ba\/wp-content\/uploads\/2019\/07\/sadrzaj_2019_20190701_1907_dom_naroda.jpg","width":770,"height":481,"caption":"1907 dom naroda"},{"@type":"BreadcrumbList","@id":"https:\/\/tuzlainfo.ba\/index.php\/novosti\/item\/195651-danas-sjednica-doma-naroda-fbih-hoce-li-historijski-budzet-biti-potvrdjen\/#breadcrumb","itemListElement":[{"@type":"ListItem","position":1,"name":"Home","item":"https:\/\/tuzlainfo.ba\/"},{"@type":"ListItem","position":2,"name":"Danas sjednica Doma naroda FBiH: Ho\u0107e li historijski Bud\u017eet biti potvr\u0111en?"}]},{"@type":"WebSite","@id":"https:\/\/tuzlainfo.ba\/#website","url":"https:\/\/tuzlainfo.ba\/","name":"TuzlaInfo.ba","description":"Tuzla info, gradski informator - Tuzla na dlanu","publisher":{"@id":"https:\/\/tuzlainfo.ba\/#organization"},"potentialAction":[{"@type":"SearchAction","target":{"@type":"EntryPoint","urlTemplate":"https:\/\/tuzlainfo.ba\/?s={search_term_string}"},"query-input":{"@type":"PropertyValueSpecification","valueRequired":true,"valueName":"search_term_string"}}],"inLanguage":"bs-BA"},{"@type":"Organization","@id":"https:\/\/tuzlainfo.ba\/#organization","name":"TuzlaInfo.ba","url":"https:\/\/tuzlainfo.ba\/","logo":{"@type":"ImageObject","inLanguage":"bs-BA","@id":"https:\/\/tuzlainfo.ba\/#\/schema\/logo\/image\/","url":"https:\/\/tuzlainfo.ba\/wp-content\/uploads\/2021\/03\/logo-ver-3-1.png","contentUrl":"https:\/\/tuzlainfo.ba\/wp-content\/uploads\/2021\/03\/logo-ver-3-1.png","width":350,"height":95,"caption":"TuzlaInfo.ba"},"image":{"@id":"https:\/\/tuzlainfo.ba\/#\/schema\/logo\/image\/"},"sameAs":["https:\/\/www.facebook.com\/tuzlainfo.ba\/"]},{"@type":"Person","@id":"https:\/\/tuzlainfo.ba\/#\/schema\/person\/46cad4c57790cbc50781edd14870825a","name":"Tuzla Info","image":{"@type":"ImageObject","inLanguage":"bs-BA","@id":"https:\/\/tuzlainfo.ba\/#\/schema\/person\/image\/","url":"https:\/\/tuzlainfo.ba\/wp-content\/litespeed\/avatar\/b6c453a6c38e3654f2e4416c643fc25c.jpg?ver=1777051911","contentUrl":"https:\/\/tuzlainfo.ba\/wp-content\/litespeed\/avatar\/b6c453a6c38e3654f2e4416c643fc25c.jpg?ver=1777051911","caption":"Tuzla Info"}}]}},"_links":{"self":[{"href":"https:\/\/tuzlainfo.ba\/index.php\/wp-json\/wp\/v2\/posts\/195651"}],"collection":[{"href":"https:\/\/tuzlainfo.ba\/index.php\/wp-json\/wp\/v2\/posts"}],"about":[{"href":"https:\/\/tuzlainfo.ba\/index.php\/wp-json\/wp\/v2\/types\/post"}],"author":[{"embeddable":true,"href":"https:\/\/tuzlainfo.ba\/index.php\/wp-json\/wp\/v2\/users\/4"}],"replies":[{"embeddable":true,"href":"https:\/\/tuzlainfo.ba\/index.php\/wp-json\/wp\/v2\/comments?post=195651"}],"version-history":[{"count":0,"href":"https:\/\/tuzlainfo.ba\/index.php\/wp-json\/wp\/v2\/posts\/195651\/revisions"}],"wp:featuredmedia":[{"embeddable":true,"href":"https:\/\/tuzlainfo.ba\/index.php\/wp-json\/wp\/v2\/media\/71775"}],"wp:attachment":[{"href":"https:\/\/tuzlainfo.ba\/index.php\/wp-json\/wp\/v2\/media?parent=195651"}],"wp:term":[{"taxonomy":"category","embeddable":true,"href":"https:\/\/tuzlainfo.ba\/index.php\/wp-json\/wp\/v2\/categories?post=195651"},{"taxonomy":"post_tag","embeddable":true,"href":"https:\/\/tuzlainfo.ba\/index.php\/wp-json\/wp\/v2\/tags?post=195651"}],"curies":[{"name":"wp","href":"https:\/\/api.w.org\/{rel}","templated":true}]}}