{"id":195374,"date":"2023-01-23T20:15:16","date_gmt":"2023-01-23T19:15:16","guid":{"rendered":"https:\/\/tuzlainfo.ba\/?p=195374"},"modified":"2023-01-23T19:48:54","modified_gmt":"2023-01-23T18:48:54","slug":"hoce-li-doci-do-povecanja-penzija-ove-sedmice-odluka-o-budzetu-fbih-za-2023-godinu","status":"publish","type":"post","link":"https:\/\/tuzlainfo.ba\/index.php\/bosna-i-hercegovina\/item\/195374-hoce-li-doci-do-povecanja-penzija-ove-sedmice-odluka-o-budzetu-fbih-za-2023-godinu\/","title":{"rendered":"Ho\u0107e li do\u0107i do pove\u0107anja penzija: Ove sedmice odluka o bud\u017eetu FBiH za 2023. godinu"},"content":{"rendered":"<p>Ovogodi\u0161nji entitetski bud\u017eet, kojeg je predlo\u017eila Vlada Federacije BiH u iznosu ve\u0107em od 6,7 milijardi KM, trebali bi razmatrati poslanici i delegati Federalnog parlamenta na sjednicama Predstavni\u010dkog i Doma naroda koje su zakazane za 25. i 27. januara.<\/p>\n<p>Nakon konstituiraju\u0107e sjednice Predstavni\u010dkog doma, predsjedavaju\u0107a Mirjana Marinkovi\u0107-Lepi\u010d, sazvala je prvu redovnu sjednicu ovog doma na \u010dijem se predlo\u017eenom dnevnom redu nalazi bud\u017eet Federacije BiH za 2023. godinu.<\/p>\n<p>Zakon o bud\u017eetima Federacije propisuje da, ukoliko oba doma Parlamenta FBiH ne donesu budz\u030cet prije po\u010detka fiskalne godine, nastavlja se finansiranje poslova, funkcija i programa korisnika budz\u030ceta na osnovu odluke o privremenom finansiranju i to najdu\u017ee za prva tri mjeseca.<\/p>\n<p>Ako se potom bud\u017eet ne usvoji najkasnije do 31. marta, prestaju sva finansiranja iz bud\u017eeta.<\/p>\n<p>Kako \u0107e o ovogodi\u0161njem bud\u017eetu glasati poslanici vidjet \u0107e se na sjednici Predstavni\u010dkog doma u srijedu 25. januara, dok se delegati trebaju izjasniti u petak 27. januara na vanrednoj sjednici Doma naroda, koja \u0107e se odr\u017eati nakon nastavka konstituiraju\u0107e sjednice ovog doma.<\/p>\n<p>U Prijedlogu bud\u017eeta, u iznosu od 6,7 milijardi KM, stoji da je on za 20,1 posto, odnosno za ne\u0161to vi\u0161e od 1,1 milijardu KM ve\u0107i od pro\u0161logodi\u0161njeg.<\/p>\n<p>Jedan od klju\u010dnih prioriteta pri planiranju bud\u017eetskih sredstava za narednu fiskalnu godinu bilo je osiguranje stabilnosti u isplatama penzija, bora\u010dkih i socijalnih naknada, te drugih davanja predvi\u0111enih bud\u017eetom Federacije BiH.<\/p>\n<p>Pojedina\u010dno posmatrano, najve\u0107e pove\u0107anje se odnosi na isplatu penzija po vi\u0161e razli\u010ditih zakonskih osnova i to za 665 miliona KM.<\/p>\n","protected":false},"excerpt":{"rendered":"<p>Ovogodi\u0161nji entitetski bud\u017eet, kojeg je predlo\u017eila Vlada Federacije BiH u iznosu ve\u0107em od 6,7 milijardi&hellip;<\/p>\n","protected":false},"author":4,"featured_media":160169,"comment_status":"open","ping_status":"closed","sticky":false,"template":"","format":"standard","meta":{"_acf_changed":false,"footnotes":""},"categories":[291,304],"tags":[5130],"acf":[],"yoast_head":"<!-- This site is optimized with the Yoast SEO plugin v23.5 - https:\/\/yoast.com\/wordpress\/plugins\/seo\/ -->\n<title>Ho\u0107e li do\u0107i do pove\u0107anja penzija: Ove sedmice odluka o bud\u017eetu FBiH za 2023. godinu - TuzlaInfo.ba<\/title>\n<meta name=\"robots\" content=\"index, follow, max-snippet:-1, max-image-preview:large, max-video-preview:-1\" \/>\n<link rel=\"canonical\" href=\"https:\/\/tuzlainfo.ba\/index.php\/bosna-i-hercegovina\/item\/195374-hoce-li-doci-do-povecanja-penzija-ove-sedmice-odluka-o-budzetu-fbih-za-2023-godinu\/\" \/>\n<meta property=\"og:locale\" content=\"bs_BA\" \/>\n<meta property=\"og:type\" content=\"article\" \/>\n<meta property=\"og:title\" content=\"Ho\u0107e li do\u0107i do pove\u0107anja penzija: Ove sedmice odluka o bud\u017eetu FBiH za 2023. godinu - TuzlaInfo.ba\" \/>\n<meta property=\"og:description\" content=\"Ovogodi\u0161nji entitetski bud\u017eet, kojeg je predlo\u017eila Vlada Federacije BiH u iznosu ve\u0107em od 6,7 milijardi&hellip;\" \/>\n<meta property=\"og:url\" content=\"https:\/\/tuzlainfo.ba\/index.php\/bosna-i-hercegovina\/item\/195374-hoce-li-doci-do-povecanja-penzija-ove-sedmice-odluka-o-budzetu-fbih-za-2023-godinu\/\" \/>\n<meta property=\"og:site_name\" content=\"TuzlaInfo.ba\" \/>\n<meta property=\"article:publisher\" content=\"https:\/\/www.facebook.com\/tuzlainfo.ba\/\" \/>\n<meta property=\"article:published_time\" content=\"2023-01-23T19:15:16+00:00\" \/>\n<meta property=\"article:modified_time\" content=\"2023-01-23T18:48:54+00:00\" \/>\n<meta property=\"og:image\" content=\"https:\/\/tuzlainfo.ba\/wp-content\/uploads\/2022\/01\/0301_novac_KM.jpg\" \/>\n\t<meta property=\"og:image:width\" content=\"1200\" \/>\n\t<meta property=\"og:image:height\" content=\"900\" \/>\n\t<meta property=\"og:image:type\" content=\"image\/jpeg\" \/>\n<meta name=\"author\" content=\"Tuzla Info\" \/>\n<meta name=\"twitter:card\" content=\"summary_large_image\" \/>\n<meta name=\"twitter:label1\" content=\"Written by\" \/>\n\t<meta name=\"twitter:data1\" content=\"Tuzla Info\" \/>\n\t<meta name=\"twitter:label2\" content=\"Est. reading time\" \/>\n\t<meta name=\"twitter:data2\" content=\"1 minuta\" \/>\n<script type=\"application\/ld+json\" class=\"yoast-schema-graph\">{\"@context\":\"https:\/\/schema.org\",\"@graph\":[{\"@type\":\"Article\",\"@id\":\"https:\/\/tuzlainfo.ba\/index.php\/bosna-i-hercegovina\/item\/195374-hoce-li-doci-do-povecanja-penzija-ove-sedmice-odluka-o-budzetu-fbih-za-2023-godinu\/#article\",\"isPartOf\":{\"@id\":\"https:\/\/tuzlainfo.ba\/index.php\/bosna-i-hercegovina\/item\/195374-hoce-li-doci-do-povecanja-penzija-ove-sedmice-odluka-o-budzetu-fbih-za-2023-godinu\/\"},\"author\":{\"name\":\"Tuzla Info\",\"@id\":\"https:\/\/tuzlainfo.ba\/#\/schema\/person\/46cad4c57790cbc50781edd14870825a\"},\"headline\":\"Ho\u0107e li do\u0107i do pove\u0107anja penzija: Ove sedmice odluka o bud\u017eetu FBiH za 2023. godinu\",\"datePublished\":\"2023-01-23T19:15:16+00:00\",\"dateModified\":\"2023-01-23T18:48:54+00:00\",\"mainEntityOfPage\":{\"@id\":\"https:\/\/tuzlainfo.ba\/index.php\/bosna-i-hercegovina\/item\/195374-hoce-li-doci-do-povecanja-penzija-ove-sedmice-odluka-o-budzetu-fbih-za-2023-godinu\/\"},\"wordCount\":286,\"commentCount\":0,\"publisher\":{\"@id\":\"https:\/\/tuzlainfo.ba\/#organization\"},\"image\":{\"@id\":\"https:\/\/tuzlainfo.ba\/index.php\/bosna-i-hercegovina\/item\/195374-hoce-li-doci-do-povecanja-penzija-ove-sedmice-odluka-o-budzetu-fbih-za-2023-godinu\/#primaryimage\"},\"thumbnailUrl\":\"https:\/\/tuzlainfo.ba\/wp-content\/uploads\/2022\/01\/0301_novac_KM.jpg\",\"keywords\":[\"bud\u017eet fbih\"],\"articleSection\":[\"Bosna i Hercegovina\",\"Istaknuto\"],\"inLanguage\":\"bs-BA\"},{\"@type\":\"WebPage\",\"@id\":\"https:\/\/tuzlainfo.ba\/index.php\/bosna-i-hercegovina\/item\/195374-hoce-li-doci-do-povecanja-penzija-ove-sedmice-odluka-o-budzetu-fbih-za-2023-godinu\/\",\"url\":\"https:\/\/tuzlainfo.ba\/index.php\/bosna-i-hercegovina\/item\/195374-hoce-li-doci-do-povecanja-penzija-ove-sedmice-odluka-o-budzetu-fbih-za-2023-godinu\/\",\"name\":\"Ho\u0107e li do\u0107i do pove\u0107anja penzija: Ove sedmice odluka o bud\u017eetu FBiH za 2023. godinu - TuzlaInfo.ba\",\"isPartOf\":{\"@id\":\"https:\/\/tuzlainfo.ba\/#website\"},\"primaryImageOfPage\":{\"@id\":\"https:\/\/tuzlainfo.ba\/index.php\/bosna-i-hercegovina\/item\/195374-hoce-li-doci-do-povecanja-penzija-ove-sedmice-odluka-o-budzetu-fbih-za-2023-godinu\/#primaryimage\"},\"image\":{\"@id\":\"https:\/\/tuzlainfo.ba\/index.php\/bosna-i-hercegovina\/item\/195374-hoce-li-doci-do-povecanja-penzija-ove-sedmice-odluka-o-budzetu-fbih-za-2023-godinu\/#primaryimage\"},\"thumbnailUrl\":\"https:\/\/tuzlainfo.ba\/wp-content\/uploads\/2022\/01\/0301_novac_KM.jpg\",\"datePublished\":\"2023-01-23T19:15:16+00:00\",\"dateModified\":\"2023-01-23T18:48:54+00:00\",\"breadcrumb\":{\"@id\":\"https:\/\/tuzlainfo.ba\/index.php\/bosna-i-hercegovina\/item\/195374-hoce-li-doci-do-povecanja-penzija-ove-sedmice-odluka-o-budzetu-fbih-za-2023-godinu\/#breadcrumb\"},\"inLanguage\":\"bs-BA\",\"potentialAction\":[{\"@type\":\"ReadAction\",\"target\":[\"https:\/\/tuzlainfo.ba\/index.php\/bosna-i-hercegovina\/item\/195374-hoce-li-doci-do-povecanja-penzija-ove-sedmice-odluka-o-budzetu-fbih-za-2023-godinu\/\"]}]},{\"@type\":\"ImageObject\",\"inLanguage\":\"bs-BA\",\"@id\":\"https:\/\/tuzlainfo.ba\/index.php\/bosna-i-hercegovina\/item\/195374-hoce-li-doci-do-povecanja-penzija-ove-sedmice-odluka-o-budzetu-fbih-za-2023-godinu\/#primaryimage\",\"url\":\"https:\/\/tuzlainfo.ba\/wp-content\/uploads\/2022\/01\/0301_novac_KM.jpg\",\"contentUrl\":\"https:\/\/tuzlainfo.ba\/wp-content\/uploads\/2022\/01\/0301_novac_KM.jpg\",\"width\":1200,\"height\":900},{\"@type\":\"BreadcrumbList\",\"@id\":\"https:\/\/tuzlainfo.ba\/index.php\/bosna-i-hercegovina\/item\/195374-hoce-li-doci-do-povecanja-penzija-ove-sedmice-odluka-o-budzetu-fbih-za-2023-godinu\/#breadcrumb\",\"itemListElement\":[{\"@type\":\"ListItem\",\"position\":1,\"name\":\"Home\",\"item\":\"https:\/\/tuzlainfo.ba\/\"},{\"@type\":\"ListItem\",\"position\":2,\"name\":\"Ho\u0107e li do\u0107i do pove\u0107anja penzija: Ove sedmice odluka o bud\u017eetu FBiH za 2023. godinu\"}]},{\"@type\":\"WebSite\",\"@id\":\"https:\/\/tuzlainfo.ba\/#website\",\"url\":\"https:\/\/tuzlainfo.ba\/\",\"name\":\"TuzlaInfo.ba\",\"description\":\"Tuzla info, gradski informator - Tuzla na dlanu\",\"publisher\":{\"@id\":\"https:\/\/tuzlainfo.ba\/#organization\"},\"potentialAction\":[{\"@type\":\"SearchAction\",\"target\":{\"@type\":\"EntryPoint\",\"urlTemplate\":\"https:\/\/tuzlainfo.ba\/?s={search_term_string}\"},\"query-input\":{\"@type\":\"PropertyValueSpecification\",\"valueRequired\":true,\"valueName\":\"search_term_string\"}}],\"inLanguage\":\"bs-BA\"},{\"@type\":\"Organization\",\"@id\":\"https:\/\/tuzlainfo.ba\/#organization\",\"name\":\"TuzlaInfo.ba\",\"url\":\"https:\/\/tuzlainfo.ba\/\",\"logo\":{\"@type\":\"ImageObject\",\"inLanguage\":\"bs-BA\",\"@id\":\"https:\/\/tuzlainfo.ba\/#\/schema\/logo\/image\/\",\"url\":\"https:\/\/tuzlainfo.ba\/wp-content\/uploads\/2021\/03\/logo-ver-3-1.png\",\"contentUrl\":\"https:\/\/tuzlainfo.ba\/wp-content\/uploads\/2021\/03\/logo-ver-3-1.png\",\"width\":350,\"height\":95,\"caption\":\"TuzlaInfo.ba\"},\"image\":{\"@id\":\"https:\/\/tuzlainfo.ba\/#\/schema\/logo\/image\/\"},\"sameAs\":[\"https:\/\/www.facebook.com\/tuzlainfo.ba\/\"]},{\"@type\":\"Person\",\"@id\":\"https:\/\/tuzlainfo.ba\/#\/schema\/person\/46cad4c57790cbc50781edd14870825a\",\"name\":\"Tuzla Info\",\"image\":{\"@type\":\"ImageObject\",\"inLanguage\":\"bs-BA\",\"@id\":\"https:\/\/tuzlainfo.ba\/#\/schema\/person\/image\/\",\"url\":\"https:\/\/tuzlainfo.ba\/wp-content\/litespeed\/avatar\/b6c453a6c38e3654f2e4416c643fc25c.jpg?ver=1777051911\",\"contentUrl\":\"https:\/\/tuzlainfo.ba\/wp-content\/litespeed\/avatar\/b6c453a6c38e3654f2e4416c643fc25c.jpg?ver=1777051911\",\"caption\":\"Tuzla Info\"}}]}<\/script>\n<!-- \/ Yoast SEO plugin. -->","yoast_head_json":{"title":"Ho\u0107e li do\u0107i do pove\u0107anja penzija: Ove sedmice odluka o bud\u017eetu FBiH za 2023. godinu - TuzlaInfo.ba","robots":{"index":"index","follow":"follow","max-snippet":"max-snippet:-1","max-image-preview":"max-image-preview:large","max-video-preview":"max-video-preview:-1"},"canonical":"https:\/\/tuzlainfo.ba\/index.php\/bosna-i-hercegovina\/item\/195374-hoce-li-doci-do-povecanja-penzija-ove-sedmice-odluka-o-budzetu-fbih-za-2023-godinu\/","og_locale":"bs_BA","og_type":"article","og_title":"Ho\u0107e li do\u0107i do pove\u0107anja penzija: Ove sedmice odluka o bud\u017eetu FBiH za 2023. godinu - TuzlaInfo.ba","og_description":"Ovogodi\u0161nji entitetski bud\u017eet, kojeg je predlo\u017eila Vlada Federacije BiH u iznosu ve\u0107em od 6,7 milijardi&hellip;","og_url":"https:\/\/tuzlainfo.ba\/index.php\/bosna-i-hercegovina\/item\/195374-hoce-li-doci-do-povecanja-penzija-ove-sedmice-odluka-o-budzetu-fbih-za-2023-godinu\/","og_site_name":"TuzlaInfo.ba","article_publisher":"https:\/\/www.facebook.com\/tuzlainfo.ba\/","article_published_time":"2023-01-23T19:15:16+00:00","article_modified_time":"2023-01-23T18:48:54+00:00","og_image":[{"width":1200,"height":900,"url":"https:\/\/tuzlainfo.ba\/wp-content\/uploads\/2022\/01\/0301_novac_KM.jpg","type":"image\/jpeg"}],"author":"Tuzla Info","twitter_card":"summary_large_image","twitter_misc":{"Written by":"Tuzla Info","Est. reading time":"1 minuta"},"schema":{"@context":"https:\/\/schema.org","@graph":[{"@type":"Article","@id":"https:\/\/tuzlainfo.ba\/index.php\/bosna-i-hercegovina\/item\/195374-hoce-li-doci-do-povecanja-penzija-ove-sedmice-odluka-o-budzetu-fbih-za-2023-godinu\/#article","isPartOf":{"@id":"https:\/\/tuzlainfo.ba\/index.php\/bosna-i-hercegovina\/item\/195374-hoce-li-doci-do-povecanja-penzija-ove-sedmice-odluka-o-budzetu-fbih-za-2023-godinu\/"},"author":{"name":"Tuzla Info","@id":"https:\/\/tuzlainfo.ba\/#\/schema\/person\/46cad4c57790cbc50781edd14870825a"},"headline":"Ho\u0107e li do\u0107i do pove\u0107anja penzija: Ove sedmice odluka o bud\u017eetu FBiH za 2023. godinu","datePublished":"2023-01-23T19:15:16+00:00","dateModified":"2023-01-23T18:48:54+00:00","mainEntityOfPage":{"@id":"https:\/\/tuzlainfo.ba\/index.php\/bosna-i-hercegovina\/item\/195374-hoce-li-doci-do-povecanja-penzija-ove-sedmice-odluka-o-budzetu-fbih-za-2023-godinu\/"},"wordCount":286,"commentCount":0,"publisher":{"@id":"https:\/\/tuzlainfo.ba\/#organization"},"image":{"@id":"https:\/\/tuzlainfo.ba\/index.php\/bosna-i-hercegovina\/item\/195374-hoce-li-doci-do-povecanja-penzija-ove-sedmice-odluka-o-budzetu-fbih-za-2023-godinu\/#primaryimage"},"thumbnailUrl":"https:\/\/tuzlainfo.ba\/wp-content\/uploads\/2022\/01\/0301_novac_KM.jpg","keywords":["bud\u017eet fbih"],"articleSection":["Bosna i Hercegovina","Istaknuto"],"inLanguage":"bs-BA"},{"@type":"WebPage","@id":"https:\/\/tuzlainfo.ba\/index.php\/bosna-i-hercegovina\/item\/195374-hoce-li-doci-do-povecanja-penzija-ove-sedmice-odluka-o-budzetu-fbih-za-2023-godinu\/","url":"https:\/\/tuzlainfo.ba\/index.php\/bosna-i-hercegovina\/item\/195374-hoce-li-doci-do-povecanja-penzija-ove-sedmice-odluka-o-budzetu-fbih-za-2023-godinu\/","name":"Ho\u0107e li do\u0107i do pove\u0107anja penzija: Ove sedmice odluka o bud\u017eetu FBiH za 2023. godinu - TuzlaInfo.ba","isPartOf":{"@id":"https:\/\/tuzlainfo.ba\/#website"},"primaryImageOfPage":{"@id":"https:\/\/tuzlainfo.ba\/index.php\/bosna-i-hercegovina\/item\/195374-hoce-li-doci-do-povecanja-penzija-ove-sedmice-odluka-o-budzetu-fbih-za-2023-godinu\/#primaryimage"},"image":{"@id":"https:\/\/tuzlainfo.ba\/index.php\/bosna-i-hercegovina\/item\/195374-hoce-li-doci-do-povecanja-penzija-ove-sedmice-odluka-o-budzetu-fbih-za-2023-godinu\/#primaryimage"},"thumbnailUrl":"https:\/\/tuzlainfo.ba\/wp-content\/uploads\/2022\/01\/0301_novac_KM.jpg","datePublished":"2023-01-23T19:15:16+00:00","dateModified":"2023-01-23T18:48:54+00:00","breadcrumb":{"@id":"https:\/\/tuzlainfo.ba\/index.php\/bosna-i-hercegovina\/item\/195374-hoce-li-doci-do-povecanja-penzija-ove-sedmice-odluka-o-budzetu-fbih-za-2023-godinu\/#breadcrumb"},"inLanguage":"bs-BA","potentialAction":[{"@type":"ReadAction","target":["https:\/\/tuzlainfo.ba\/index.php\/bosna-i-hercegovina\/item\/195374-hoce-li-doci-do-povecanja-penzija-ove-sedmice-odluka-o-budzetu-fbih-za-2023-godinu\/"]}]},{"@type":"ImageObject","inLanguage":"bs-BA","@id":"https:\/\/tuzlainfo.ba\/index.php\/bosna-i-hercegovina\/item\/195374-hoce-li-doci-do-povecanja-penzija-ove-sedmice-odluka-o-budzetu-fbih-za-2023-godinu\/#primaryimage","url":"https:\/\/tuzlainfo.ba\/wp-content\/uploads\/2022\/01\/0301_novac_KM.jpg","contentUrl":"https:\/\/tuzlainfo.ba\/wp-content\/uploads\/2022\/01\/0301_novac_KM.jpg","width":1200,"height":900},{"@type":"BreadcrumbList","@id":"https:\/\/tuzlainfo.ba\/index.php\/bosna-i-hercegovina\/item\/195374-hoce-li-doci-do-povecanja-penzija-ove-sedmice-odluka-o-budzetu-fbih-za-2023-godinu\/#breadcrumb","itemListElement":[{"@type":"ListItem","position":1,"name":"Home","item":"https:\/\/tuzlainfo.ba\/"},{"@type":"ListItem","position":2,"name":"Ho\u0107e li do\u0107i do pove\u0107anja penzija: Ove sedmice odluka o bud\u017eetu FBiH za 2023. godinu"}]},{"@type":"WebSite","@id":"https:\/\/tuzlainfo.ba\/#website","url":"https:\/\/tuzlainfo.ba\/","name":"TuzlaInfo.ba","description":"Tuzla info, gradski informator - Tuzla na dlanu","publisher":{"@id":"https:\/\/tuzlainfo.ba\/#organization"},"potentialAction":[{"@type":"SearchAction","target":{"@type":"EntryPoint","urlTemplate":"https:\/\/tuzlainfo.ba\/?s={search_term_string}"},"query-input":{"@type":"PropertyValueSpecification","valueRequired":true,"valueName":"search_term_string"}}],"inLanguage":"bs-BA"},{"@type":"Organization","@id":"https:\/\/tuzlainfo.ba\/#organization","name":"TuzlaInfo.ba","url":"https:\/\/tuzlainfo.ba\/","logo":{"@type":"ImageObject","inLanguage":"bs-BA","@id":"https:\/\/tuzlainfo.ba\/#\/schema\/logo\/image\/","url":"https:\/\/tuzlainfo.ba\/wp-content\/uploads\/2021\/03\/logo-ver-3-1.png","contentUrl":"https:\/\/tuzlainfo.ba\/wp-content\/uploads\/2021\/03\/logo-ver-3-1.png","width":350,"height":95,"caption":"TuzlaInfo.ba"},"image":{"@id":"https:\/\/tuzlainfo.ba\/#\/schema\/logo\/image\/"},"sameAs":["https:\/\/www.facebook.com\/tuzlainfo.ba\/"]},{"@type":"Person","@id":"https:\/\/tuzlainfo.ba\/#\/schema\/person\/46cad4c57790cbc50781edd14870825a","name":"Tuzla Info","image":{"@type":"ImageObject","inLanguage":"bs-BA","@id":"https:\/\/tuzlainfo.ba\/#\/schema\/person\/image\/","url":"https:\/\/tuzlainfo.ba\/wp-content\/litespeed\/avatar\/b6c453a6c38e3654f2e4416c643fc25c.jpg?ver=1777051911","contentUrl":"https:\/\/tuzlainfo.ba\/wp-content\/litespeed\/avatar\/b6c453a6c38e3654f2e4416c643fc25c.jpg?ver=1777051911","caption":"Tuzla Info"}}]}},"_links":{"self":[{"href":"https:\/\/tuzlainfo.ba\/index.php\/wp-json\/wp\/v2\/posts\/195374"}],"collection":[{"href":"https:\/\/tuzlainfo.ba\/index.php\/wp-json\/wp\/v2\/posts"}],"about":[{"href":"https:\/\/tuzlainfo.ba\/index.php\/wp-json\/wp\/v2\/types\/post"}],"author":[{"embeddable":true,"href":"https:\/\/tuzlainfo.ba\/index.php\/wp-json\/wp\/v2\/users\/4"}],"replies":[{"embeddable":true,"href":"https:\/\/tuzlainfo.ba\/index.php\/wp-json\/wp\/v2\/comments?post=195374"}],"version-history":[{"count":0,"href":"https:\/\/tuzlainfo.ba\/index.php\/wp-json\/wp\/v2\/posts\/195374\/revisions"}],"wp:featuredmedia":[{"embeddable":true,"href":"https:\/\/tuzlainfo.ba\/index.php\/wp-json\/wp\/v2\/media\/160169"}],"wp:attachment":[{"href":"https:\/\/tuzlainfo.ba\/index.php\/wp-json\/wp\/v2\/media?parent=195374"}],"wp:term":[{"taxonomy":"category","embeddable":true,"href":"https:\/\/tuzlainfo.ba\/index.php\/wp-json\/wp\/v2\/categories?post=195374"},{"taxonomy":"post_tag","embeddable":true,"href":"https:\/\/tuzlainfo.ba\/index.php\/wp-json\/wp\/v2\/tags?post=195374"}],"curies":[{"name":"wp","href":"https:\/\/api.w.org\/{rel}","templated":true}]}}