{"id":195345,"date":"2023-01-23T15:11:32","date_gmt":"2023-01-23T14:11:32","guid":{"rendered":"https:\/\/tuzlainfo.ba\/?p=195345"},"modified":"2023-01-23T15:32:20","modified_gmt":"2023-01-23T14:32:20","slug":"video-go-sdp-tuzla-predstavio-dr-sc-zijada-lugavica-kandidata-za-gradonacelnika-tuzle","status":"publish","type":"post","link":"https:\/\/tuzlainfo.ba\/index.php\/novosti\/item\/195345-video-go-sdp-tuzla-predstavio-dr-sc-zijada-lugavica-kandidata-za-gradonacelnika-tuzle\/","title":{"rendered":"VIDEO \/ GO SDP Tuzla predstavio dr.sc. Zijada Lugavi\u0107a, kandidata za gradona\u010delnika Tuzle"},"content":{"rendered":"<p>Gradski odbor SDP BiH Tuzla, danas je predstavio svog kandidata za gradona\u010delnika Grada Tuzla, dr.sc. Zijada Lugavi\u0107a i njegovog programa rada do kraja 2024. godine.<\/p>\n<p>Sla\u0111an Ili\u0107, Predsjednik Gradske organizacije SDP BiH Tuzla, kroz Lugavi\u0107evu biografiju je predstavio njegovo obrazovanje i profesionalni anga\u017eman fokusiraju\u0107i se na \u010dinjenicu da je SDP-ov kandidat za gradona\u010delnika osoba koja ima zna\u010dajne rezultate rade\u0107i i u javnom i u realnom sektoru.<\/p>\n<p>Mensur Ali\u0107, Predsjednik Tuzlanske alternative, i vije\u0107nik u GV Tuzla, na dana\u0161njoj press konferenicji na kojoj je predstavljen SDP-ov kandidat za gradona\u010delnika Grada Tuzla je istakao javnu podr\u0161ku njegove politi\u010dke partije, koja je prvi put javno stala iza nekog od kandidata za gradona\u010delnika Tuzle.<\/p>\n<p><img fetchpriority=\"high\" decoding=\"async\" class=\"alignnone wp-image-195357 size-large\" src=\"https:\/\/tuzlainfo.ba\/wp-content\/uploads\/2023\/01\/2301_mensur_alic-1024x707.jpg\" alt=\"\" width=\"1024\" height=\"707\" srcset=\"https:\/\/tuzlainfo.ba\/wp-content\/uploads\/2023\/01\/2301_mensur_alic-1024x707.jpg 1024w, https:\/\/tuzlainfo.ba\/wp-content\/uploads\/2023\/01\/2301_mensur_alic-300x207.jpg 300w, https:\/\/tuzlainfo.ba\/wp-content\/uploads\/2023\/01\/2301_mensur_alic-768x530.jpg 768w, https:\/\/tuzlainfo.ba\/wp-content\/uploads\/2023\/01\/2301_mensur_alic-1536x1060.jpg 1536w, https:\/\/tuzlainfo.ba\/wp-content\/uploads\/2023\/01\/2301_mensur_alic-1170x808.jpg 1170w, https:\/\/tuzlainfo.ba\/wp-content\/uploads\/2023\/01\/2301_mensur_alic-585x404.jpg 585w, https:\/\/tuzlainfo.ba\/wp-content\/uploads\/2023\/01\/2301_mensur_alic-150x104.jpg 150w, https:\/\/tuzlainfo.ba\/wp-content\/uploads\/2023\/01\/2301_mensur_alic-500x345.jpg 500w, https:\/\/tuzlainfo.ba\/wp-content\/uploads\/2023\/01\/2301_mensur_alic.jpg 1886w\" sizes=\"(max-width: 1024px) 100vw, 1024px\" \/><\/p>\n<p>&#8211; Na Predsjedni\u0161tvu stranke smo donijelu odluku da to bude zvani\u010dni kandidat i Tuzlanske alternative. Nismo ni jednog trenutka razmi\u0161ljali da damo podr\u0161ku nekom drugom. Za Zijada Lugavi\u0107a znam da je pro\u0161ao jedan trnoviti put do ovoga danas, zato jer je radio i u realnom sektoru a \u0161to je vrlo bitno za nekoga ko se kandiduje da obna\u0161a jednu ovakvu funkciju &#8211; istako je Ali\u0107.<\/p>\n<p>Jasmin Imamovi\u0107, do nedavno gradona\u010delnik Grada Tuzla, govori o kandidatu Zijadu Lugavi\u0107u isti\u010du\u0107i njegovo znanje i iskustvo kada je u pitanju ono \u0161to se tra\u017ei od budu\u0107eg gradona\u010delnika, uz napomenu da je va\u017eno da iz njega stoji jaka partija kao \u0161to je SDP, a \u010diju \u0107e podr\u0161ku imati i sa dr\u017eavnog i federalnog nivoa, u kojima bi SDP trebao biti u vlasti.<\/p>\n<p><img decoding=\"async\" class=\"alignnone wp-image-195355 size-large\" src=\"https:\/\/tuzlainfo.ba\/wp-content\/uploads\/2023\/01\/2301_jasmin_imamovic-1024x768.jpg\" alt=\"\" width=\"1024\" height=\"768\" srcset=\"https:\/\/tuzlainfo.ba\/wp-content\/uploads\/2023\/01\/2301_jasmin_imamovic-1024x768.jpg 1024w, https:\/\/tuzlainfo.ba\/wp-content\/uploads\/2023\/01\/2301_jasmin_imamovic-300x225.jpg 300w, https:\/\/tuzlainfo.ba\/wp-content\/uploads\/2023\/01\/2301_jasmin_imamovic-768x576.jpg 768w, https:\/\/tuzlainfo.ba\/wp-content\/uploads\/2023\/01\/2301_jasmin_imamovic-1536x1152.jpg 1536w, https:\/\/tuzlainfo.ba\/wp-content\/uploads\/2023\/01\/2301_jasmin_imamovic-1920x1440.jpg 1920w, https:\/\/tuzlainfo.ba\/wp-content\/uploads\/2023\/01\/2301_jasmin_imamovic-1170x878.jpg 1170w, https:\/\/tuzlainfo.ba\/wp-content\/uploads\/2023\/01\/2301_jasmin_imamovic-585x439.jpg 585w, https:\/\/tuzlainfo.ba\/wp-content\/uploads\/2023\/01\/2301_jasmin_imamovic-150x113.jpg 150w, https:\/\/tuzlainfo.ba\/wp-content\/uploads\/2023\/01\/2301_jasmin_imamovic-500x375.jpg 500w, https:\/\/tuzlainfo.ba\/wp-content\/uploads\/2023\/01\/2301_jasmin_imamovic.jpg 2048w\" sizes=\"(max-width: 1024px) 100vw, 1024px\" \/><\/p>\n<p>-Dovoljno je pogledati njegovu i\u00a0 biografije drugih kandidata i \u010dista srca odlu\u010diti se glasati za najboljeg, za dr. Zijada Lugavi\u0107a. Njega krasi po\u0161tenje, entuzijazam, znanje i iskustvo, posebno iskustvo rada u slu\u017ebama Grada Tuzla. On zna \u0161ta su slu\u017ebe za upravu i \u0161ta je posao gradona\u010delnika i on jedini ima takvo isukustvo u konkurenciji drugih kandidata. Kao v.d. gradona\u010delnik u ova dva mjeseca je dokazao da zna, \u017eeli i voli raditi taj posao &#8211; istakao je Jasmin Imamovi\u0107, posebno apostrofiraju\u0107i to da\u00a0 Zijad Lugavi\u0107, za razliku od protiv kandidata ima podr\u0161ku u Gradskom vije\u0107u, \u0161to je izuzetno va\u017eno za efikasnije funkcionisanje Grada.<\/p>\n<p>Dr.sc. Zijad Lugavi\u0107 predsatvio je svoj programa rada do kraja 2024. godine.<\/p>\n<p><img decoding=\"async\" class=\"alignnone wp-image-195354 size-large\" src=\"https:\/\/tuzlainfo.ba\/wp-content\/uploads\/2023\/01\/2301_zijad_lugavic-1024x768.jpg\" alt=\"\" width=\"1024\" height=\"768\" srcset=\"https:\/\/tuzlainfo.ba\/wp-content\/uploads\/2023\/01\/2301_zijad_lugavic-1024x768.jpg 1024w, https:\/\/tuzlainfo.ba\/wp-content\/uploads\/2023\/01\/2301_zijad_lugavic-300x225.jpg 300w, https:\/\/tuzlainfo.ba\/wp-content\/uploads\/2023\/01\/2301_zijad_lugavic-768x576.jpg 768w, https:\/\/tuzlainfo.ba\/wp-content\/uploads\/2023\/01\/2301_zijad_lugavic-1536x1152.jpg 1536w, https:\/\/tuzlainfo.ba\/wp-content\/uploads\/2023\/01\/2301_zijad_lugavic-1920x1440.jpg 1920w, https:\/\/tuzlainfo.ba\/wp-content\/uploads\/2023\/01\/2301_zijad_lugavic-1170x878.jpg 1170w, https:\/\/tuzlainfo.ba\/wp-content\/uploads\/2023\/01\/2301_zijad_lugavic-585x439.jpg 585w, https:\/\/tuzlainfo.ba\/wp-content\/uploads\/2023\/01\/2301_zijad_lugavic-150x113.jpg 150w, https:\/\/tuzlainfo.ba\/wp-content\/uploads\/2023\/01\/2301_zijad_lugavic-500x375.jpg 500w, https:\/\/tuzlainfo.ba\/wp-content\/uploads\/2023\/01\/2301_zijad_lugavic.jpg 2048w\" sizes=\"(max-width: 1024px) 100vw, 1024px\" \/><\/p>\n<p>&#8211; Analiziraju\u0107i svu problematiku na podru\u010dju grada Tuzle i strate\u0161ka dokumenta, odlu\u010dili smo da je program i fokus mog rada trebaju biti usmjereni na tri najzna\u010dajnije cjeline koje se ve\u017eu za dru\u0161tvo, okoli\u0161 i ekonomski razvoj. Tako smo u prvi plan stavili ekonomski odr\u017eiv razvoj,\u00a0 \u0161to bolji kvalitet za gra\u0111anke i gra\u0111ane Tuzle i \u0161to ve\u0107u uklju\u010denost gra\u0111ana &#8211; istakao je\u00a0 Lugavi\u0107.<\/p>\n<p>Op\u0161irnije izlaganje dana\u0161njih u\u010desnika press konferencije pogledajte u video zapisu:<\/p>\n<p><iframe title=\"Predstavljanje dr.sc. Zijada Lugavi\u0107a za Gradona\u010delnika Grada Tuzla, GO SDP Tuzla, 23.01.23.\" width=\"1170\" height=\"658\" src=\"https:\/\/www.youtube.com\/embed\/LcgL8DqSbwQ?feature=oembed\" frameborder=\"0\" allow=\"accelerometer; autoplay; clipboard-write; encrypted-media; gyroscope; picture-in-picture; web-share\" allowfullscreen><\/iframe><\/p>\n<p>&nbsp;<\/p>\n<p>Podsje\u0107amo, Gradski odbor SDP BiH Tuzla je na sjednici odr\u017eanoj 14. decembra jednoglasno usvojio\u00a0 Odluku o utvr\u0111ivanju kandidata dr.sc. Zijada Lugavi\u0107a za Gradona\u010delnika Grada Tuzle na prijevremenim izborima koji \u0107e se odr\u017eati 05. februara 2023. godine.<\/p>\n<p><strong>Biografija dr.sc. Zijada Lugavi\u0107a<\/strong><\/p>\n<p>Dr.sc. Zijad Lugavi\u0107, kandidat Gradske organizacije SDP BiH Tuzla za Gradona\u010delnika Grada Tuzle, ro\u0111en je u Tuzli 15.10.1973. godine, gdje je zavr\u0161io osnovno i srednje obrazovanje. Diplomirao je na Ekonomskom fakultetu Univerziteta u Tuzli 2000-te godine. Nakon zavr\u0161enih postdiplomskih studija, magistrirao je 2014. godine, a zvanje doktora dru\u0161tevnih nauka iz podru\u010dja ekonomije (Ekonomija i biznis-Digitalna ekonomija), stekao na Ekonomskom fakultetu, Univerziteta u Tuzli 2020-te godine.<\/p>\n<p>Zijad Lugavi\u0107 je bio pripadnik Armije Republike Bosne i Hercegovine od aprila 1993-decembra 1995. godine.<\/p>\n<p>Svoju bogatu profesionalnu karijeru zapo\u010deo je 1996. godine rade\u0107i kao prevodilac u me\u0111unarodnim organizacijama ( BDM\/TRW), gdje se zadr\u017eao do 2003. godine. Potom 2003. godine, kao stru\u010dni saradnik za poduzetni\u0161tvo prvi puta zasniva radni odnos u organima uprave (tada\u0161njoj Op\u0107ini Tuzla), gdje ostaje sve do 2004. godine, kada prelazi u realni sektor. Od 2004-2006. godine, u Mercator BiH d.o.o. Sarajevo obna\u0161a du\u017enost direktora Mercator Centra Tuzla, a od 2006-2008. godine obavlja i funkciju Direktora maloprodaje, veleprodaje i logistike Mercatora BH u centrali navedene kompanije u Sarajevu.<\/p>\n<p>Nakon toga, 2008. godine Zijad Lugavi\u0107 bio je imenovan na poziciju direktora Javne ustanove Gradski stadion \u201eTu\u0161anj\u201c Tuzla, gdje ostaje do 2012. godine, kada se opet vra\u0107a u organe uprave tada\u0161nje Op\u0107ine Tuzla. Od 2012. do 2018. godine radi kao pomo\u0107nik gradona\u010delnika za Slu\u017ebu za inspekcijske poslove, a od 2018. do 2021. godine kao pomo\u0107nik gradona\u010delnika za Slu\u017ebu za ekonomski razvoj i dru\u0161tvene djelatnosti, a kasnije i kao pomo\u0107nik gradona\u010delnika za Slu\u017ebu za ekonomski razvoj, poduzetni\u0161tvo i poljoprivredu. Trenutno obavlja du\u017enost v.d. gradona\u010delnika Tuzle.<\/p>\n","protected":false},"excerpt":{"rendered":"<p>Gradski odbor SDP BiH Tuzla, danas je predstavio svog kandidata za gradona\u010delnika Grada Tuzla, dr.sc.&hellip;<\/p>\n","protected":false},"author":2,"featured_media":195356,"comment_status":"open","ping_status":"closed","sticky":false,"template":"","format":"standard","meta":{"_acf_changed":false,"footnotes":""},"categories":[304,15,12],"tags":[475,5822,5777],"acf":[],"yoast_head":"<!-- This site is optimized with the Yoast SEO plugin v23.5 - https:\/\/yoast.com\/wordpress\/plugins\/seo\/ -->\n<title>VIDEO \/ GO SDP Tuzla predstavio dr.sc. Zijada Lugavi\u0107a, kandidata za gradona\u010delnika Tuzle - TuzlaInfo.ba<\/title>\n<meta name=\"robots\" content=\"index, follow, max-snippet:-1, max-image-preview:large, max-video-preview:-1\" \/>\n<link rel=\"canonical\" href=\"https:\/\/tuzlainfo.ba\/index.php\/novosti\/item\/195345-video-go-sdp-tuzla-predstavio-dr-sc-zijada-lugavica-kandidata-za-gradonacelnika-tuzle\/\" \/>\n<meta property=\"og:locale\" content=\"bs_BA\" \/>\n<meta property=\"og:type\" content=\"article\" \/>\n<meta property=\"og:title\" content=\"VIDEO \/ GO SDP Tuzla predstavio dr.sc. Zijada Lugavi\u0107a, kandidata za gradona\u010delnika Tuzle - TuzlaInfo.ba\" \/>\n<meta property=\"og:description\" content=\"Gradski odbor SDP BiH Tuzla, danas je predstavio svog kandidata za gradona\u010delnika Grada Tuzla, dr.sc.&hellip;\" \/>\n<meta property=\"og:url\" content=\"https:\/\/tuzlainfo.ba\/index.php\/novosti\/item\/195345-video-go-sdp-tuzla-predstavio-dr-sc-zijada-lugavica-kandidata-za-gradonacelnika-tuzle\/\" \/>\n<meta property=\"og:site_name\" content=\"TuzlaInfo.ba\" \/>\n<meta property=\"article:publisher\" content=\"https:\/\/www.facebook.com\/tuzlainfo.ba\/\" \/>\n<meta property=\"article:published_time\" content=\"2023-01-23T14:11:32+00:00\" \/>\n<meta property=\"article:modified_time\" content=\"2023-01-23T14:32:20+00:00\" \/>\n<meta property=\"og:image\" content=\"https:\/\/tuzlainfo.ba\/wp-content\/uploads\/2023\/01\/2301_predstavljanje.jpg\" \/>\n\t<meta property=\"og:image:width\" content=\"1451\" \/>\n\t<meta property=\"og:image:height\" content=\"899\" \/>\n\t<meta property=\"og:image:type\" content=\"image\/jpeg\" \/>\n<meta name=\"author\" content=\"nedim\" \/>\n<meta name=\"twitter:card\" content=\"summary_large_image\" \/>\n<meta name=\"twitter:label1\" content=\"Written by\" \/>\n\t<meta name=\"twitter:data1\" content=\"nedim\" \/>\n\t<meta name=\"twitter:label2\" content=\"Est. reading time\" \/>\n\t<meta name=\"twitter:data2\" content=\"4 minute\" \/>\n<script type=\"application\/ld+json\" class=\"yoast-schema-graph\">{\"@context\":\"https:\/\/schema.org\",\"@graph\":[{\"@type\":\"Article\",\"@id\":\"https:\/\/tuzlainfo.ba\/index.php\/novosti\/item\/195345-video-go-sdp-tuzla-predstavio-dr-sc-zijada-lugavica-kandidata-za-gradonacelnika-tuzle\/#article\",\"isPartOf\":{\"@id\":\"https:\/\/tuzlainfo.ba\/index.php\/novosti\/item\/195345-video-go-sdp-tuzla-predstavio-dr-sc-zijada-lugavica-kandidata-za-gradonacelnika-tuzle\/\"},\"author\":{\"name\":\"nedim\",\"@id\":\"https:\/\/tuzlainfo.ba\/#\/schema\/person\/f434e20dc27ea133923aab08451b7f7f\"},\"headline\":\"VIDEO \/ GO SDP Tuzla predstavio dr.sc. Zijada Lugavi\u0107a, kandidata za gradona\u010delnika Tuzle\",\"datePublished\":\"2023-01-23T14:11:32+00:00\",\"dateModified\":\"2023-01-23T14:32:20+00:00\",\"mainEntityOfPage\":{\"@id\":\"https:\/\/tuzlainfo.ba\/index.php\/novosti\/item\/195345-video-go-sdp-tuzla-predstavio-dr-sc-zijada-lugavica-kandidata-za-gradonacelnika-tuzle\/\"},\"wordCount\":824,\"commentCount\":0,\"publisher\":{\"@id\":\"https:\/\/tuzlainfo.ba\/#organization\"},\"image\":{\"@id\":\"https:\/\/tuzlainfo.ba\/index.php\/novosti\/item\/195345-video-go-sdp-tuzla-predstavio-dr-sc-zijada-lugavica-kandidata-za-gradonacelnika-tuzle\/#primaryimage\"},\"thumbnailUrl\":\"https:\/\/tuzlainfo.ba\/wp-content\/uploads\/2023\/01\/2301_predstavljanje.jpg\",\"keywords\":[\"izbori\",\"izbori za gradona\u010delnika tuzle\",\"Zijad lugavi\u0107\"],\"articleSection\":[\"Istaknuto\",\"Izbori\",\"Novosti\"],\"inLanguage\":\"bs-BA\"},{\"@type\":\"WebPage\",\"@id\":\"https:\/\/tuzlainfo.ba\/index.php\/novosti\/item\/195345-video-go-sdp-tuzla-predstavio-dr-sc-zijada-lugavica-kandidata-za-gradonacelnika-tuzle\/\",\"url\":\"https:\/\/tuzlainfo.ba\/index.php\/novosti\/item\/195345-video-go-sdp-tuzla-predstavio-dr-sc-zijada-lugavica-kandidata-za-gradonacelnika-tuzle\/\",\"name\":\"VIDEO \/ GO SDP Tuzla predstavio dr.sc. Zijada Lugavi\u0107a, kandidata za gradona\u010delnika Tuzle - TuzlaInfo.ba\",\"isPartOf\":{\"@id\":\"https:\/\/tuzlainfo.ba\/#website\"},\"primaryImageOfPage\":{\"@id\":\"https:\/\/tuzlainfo.ba\/index.php\/novosti\/item\/195345-video-go-sdp-tuzla-predstavio-dr-sc-zijada-lugavica-kandidata-za-gradonacelnika-tuzle\/#primaryimage\"},\"image\":{\"@id\":\"https:\/\/tuzlainfo.ba\/index.php\/novosti\/item\/195345-video-go-sdp-tuzla-predstavio-dr-sc-zijada-lugavica-kandidata-za-gradonacelnika-tuzle\/#primaryimage\"},\"thumbnailUrl\":\"https:\/\/tuzlainfo.ba\/wp-content\/uploads\/2023\/01\/2301_predstavljanje.jpg\",\"datePublished\":\"2023-01-23T14:11:32+00:00\",\"dateModified\":\"2023-01-23T14:32:20+00:00\",\"breadcrumb\":{\"@id\":\"https:\/\/tuzlainfo.ba\/index.php\/novosti\/item\/195345-video-go-sdp-tuzla-predstavio-dr-sc-zijada-lugavica-kandidata-za-gradonacelnika-tuzle\/#breadcrumb\"},\"inLanguage\":\"bs-BA\",\"potentialAction\":[{\"@type\":\"ReadAction\",\"target\":[\"https:\/\/tuzlainfo.ba\/index.php\/novosti\/item\/195345-video-go-sdp-tuzla-predstavio-dr-sc-zijada-lugavica-kandidata-za-gradonacelnika-tuzle\/\"]}]},{\"@type\":\"ImageObject\",\"inLanguage\":\"bs-BA\",\"@id\":\"https:\/\/tuzlainfo.ba\/index.php\/novosti\/item\/195345-video-go-sdp-tuzla-predstavio-dr-sc-zijada-lugavica-kandidata-za-gradonacelnika-tuzle\/#primaryimage\",\"url\":\"https:\/\/tuzlainfo.ba\/wp-content\/uploads\/2023\/01\/2301_predstavljanje.jpg\",\"contentUrl\":\"https:\/\/tuzlainfo.ba\/wp-content\/uploads\/2023\/01\/2301_predstavljanje.jpg\",\"width\":1451,\"height\":899},{\"@type\":\"BreadcrumbList\",\"@id\":\"https:\/\/tuzlainfo.ba\/index.php\/novosti\/item\/195345-video-go-sdp-tuzla-predstavio-dr-sc-zijada-lugavica-kandidata-za-gradonacelnika-tuzle\/#breadcrumb\",\"itemListElement\":[{\"@type\":\"ListItem\",\"position\":1,\"name\":\"Home\",\"item\":\"https:\/\/tuzlainfo.ba\/\"},{\"@type\":\"ListItem\",\"position\":2,\"name\":\"VIDEO \/ GO SDP Tuzla predstavio dr.sc. Zijada Lugavi\u0107a, kandidata za gradona\u010delnika Tuzle\"}]},{\"@type\":\"WebSite\",\"@id\":\"https:\/\/tuzlainfo.ba\/#website\",\"url\":\"https:\/\/tuzlainfo.ba\/\",\"name\":\"TuzlaInfo.ba\",\"description\":\"Tuzla info, gradski informator - Tuzla na dlanu\",\"publisher\":{\"@id\":\"https:\/\/tuzlainfo.ba\/#organization\"},\"potentialAction\":[{\"@type\":\"SearchAction\",\"target\":{\"@type\":\"EntryPoint\",\"urlTemplate\":\"https:\/\/tuzlainfo.ba\/?s={search_term_string}\"},\"query-input\":{\"@type\":\"PropertyValueSpecification\",\"valueRequired\":true,\"valueName\":\"search_term_string\"}}],\"inLanguage\":\"bs-BA\"},{\"@type\":\"Organization\",\"@id\":\"https:\/\/tuzlainfo.ba\/#organization\",\"name\":\"TuzlaInfo.ba\",\"url\":\"https:\/\/tuzlainfo.ba\/\",\"logo\":{\"@type\":\"ImageObject\",\"inLanguage\":\"bs-BA\",\"@id\":\"https:\/\/tuzlainfo.ba\/#\/schema\/logo\/image\/\",\"url\":\"https:\/\/tuzlainfo.ba\/wp-content\/uploads\/2021\/03\/logo-ver-3-1.png\",\"contentUrl\":\"https:\/\/tuzlainfo.ba\/wp-content\/uploads\/2021\/03\/logo-ver-3-1.png\",\"width\":350,\"height\":95,\"caption\":\"TuzlaInfo.ba\"},\"image\":{\"@id\":\"https:\/\/tuzlainfo.ba\/#\/schema\/logo\/image\/\"},\"sameAs\":[\"https:\/\/www.facebook.com\/tuzlainfo.ba\/\"]},{\"@type\":\"Person\",\"@id\":\"https:\/\/tuzlainfo.ba\/#\/schema\/person\/f434e20dc27ea133923aab08451b7f7f\",\"name\":\"nedim\",\"image\":{\"@type\":\"ImageObject\",\"inLanguage\":\"bs-BA\",\"@id\":\"https:\/\/tuzlainfo.ba\/#\/schema\/person\/image\/\",\"url\":\"https:\/\/tuzlainfo.ba\/wp-content\/litespeed\/avatar\/aabad687af24844af817603ac1cbdc4f.jpg?ver=1777306975\",\"contentUrl\":\"https:\/\/tuzlainfo.ba\/wp-content\/litespeed\/avatar\/aabad687af24844af817603ac1cbdc4f.jpg?ver=1777306975\",\"caption\":\"nedim\"},\"description\":\"Tuzlainfo.ba pratite na dru\u0161tvenim mre\u017eama: Facebook, Instagram i Youtube. Svoje pri\u010de, upite i fotografije \u0161aljite na na\u0161u e-mail adresu.\"}]}<\/script>\n<!-- \/ Yoast SEO plugin. -->","yoast_head_json":{"title":"VIDEO \/ GO SDP Tuzla predstavio dr.sc. Zijada Lugavi\u0107a, kandidata za gradona\u010delnika Tuzle - TuzlaInfo.ba","robots":{"index":"index","follow":"follow","max-snippet":"max-snippet:-1","max-image-preview":"max-image-preview:large","max-video-preview":"max-video-preview:-1"},"canonical":"https:\/\/tuzlainfo.ba\/index.php\/novosti\/item\/195345-video-go-sdp-tuzla-predstavio-dr-sc-zijada-lugavica-kandidata-za-gradonacelnika-tuzle\/","og_locale":"bs_BA","og_type":"article","og_title":"VIDEO \/ GO SDP Tuzla predstavio dr.sc. Zijada Lugavi\u0107a, kandidata za gradona\u010delnika Tuzle - TuzlaInfo.ba","og_description":"Gradski odbor SDP BiH Tuzla, danas je predstavio svog kandidata za gradona\u010delnika Grada Tuzla, dr.sc.&hellip;","og_url":"https:\/\/tuzlainfo.ba\/index.php\/novosti\/item\/195345-video-go-sdp-tuzla-predstavio-dr-sc-zijada-lugavica-kandidata-za-gradonacelnika-tuzle\/","og_site_name":"TuzlaInfo.ba","article_publisher":"https:\/\/www.facebook.com\/tuzlainfo.ba\/","article_published_time":"2023-01-23T14:11:32+00:00","article_modified_time":"2023-01-23T14:32:20+00:00","og_image":[{"width":1451,"height":899,"url":"https:\/\/tuzlainfo.ba\/wp-content\/uploads\/2023\/01\/2301_predstavljanje.jpg","type":"image\/jpeg"}],"author":"nedim","twitter_card":"summary_large_image","twitter_misc":{"Written by":"nedim","Est. reading time":"4 minute"},"schema":{"@context":"https:\/\/schema.org","@graph":[{"@type":"Article","@id":"https:\/\/tuzlainfo.ba\/index.php\/novosti\/item\/195345-video-go-sdp-tuzla-predstavio-dr-sc-zijada-lugavica-kandidata-za-gradonacelnika-tuzle\/#article","isPartOf":{"@id":"https:\/\/tuzlainfo.ba\/index.php\/novosti\/item\/195345-video-go-sdp-tuzla-predstavio-dr-sc-zijada-lugavica-kandidata-za-gradonacelnika-tuzle\/"},"author":{"name":"nedim","@id":"https:\/\/tuzlainfo.ba\/#\/schema\/person\/f434e20dc27ea133923aab08451b7f7f"},"headline":"VIDEO \/ GO SDP Tuzla predstavio dr.sc. Zijada Lugavi\u0107a, kandidata za gradona\u010delnika Tuzle","datePublished":"2023-01-23T14:11:32+00:00","dateModified":"2023-01-23T14:32:20+00:00","mainEntityOfPage":{"@id":"https:\/\/tuzlainfo.ba\/index.php\/novosti\/item\/195345-video-go-sdp-tuzla-predstavio-dr-sc-zijada-lugavica-kandidata-za-gradonacelnika-tuzle\/"},"wordCount":824,"commentCount":0,"publisher":{"@id":"https:\/\/tuzlainfo.ba\/#organization"},"image":{"@id":"https:\/\/tuzlainfo.ba\/index.php\/novosti\/item\/195345-video-go-sdp-tuzla-predstavio-dr-sc-zijada-lugavica-kandidata-za-gradonacelnika-tuzle\/#primaryimage"},"thumbnailUrl":"https:\/\/tuzlainfo.ba\/wp-content\/uploads\/2023\/01\/2301_predstavljanje.jpg","keywords":["izbori","izbori za gradona\u010delnika tuzle","Zijad lugavi\u0107"],"articleSection":["Istaknuto","Izbori","Novosti"],"inLanguage":"bs-BA"},{"@type":"WebPage","@id":"https:\/\/tuzlainfo.ba\/index.php\/novosti\/item\/195345-video-go-sdp-tuzla-predstavio-dr-sc-zijada-lugavica-kandidata-za-gradonacelnika-tuzle\/","url":"https:\/\/tuzlainfo.ba\/index.php\/novosti\/item\/195345-video-go-sdp-tuzla-predstavio-dr-sc-zijada-lugavica-kandidata-za-gradonacelnika-tuzle\/","name":"VIDEO \/ GO SDP Tuzla predstavio dr.sc. Zijada Lugavi\u0107a, kandidata za gradona\u010delnika Tuzle - TuzlaInfo.ba","isPartOf":{"@id":"https:\/\/tuzlainfo.ba\/#website"},"primaryImageOfPage":{"@id":"https:\/\/tuzlainfo.ba\/index.php\/novosti\/item\/195345-video-go-sdp-tuzla-predstavio-dr-sc-zijada-lugavica-kandidata-za-gradonacelnika-tuzle\/#primaryimage"},"image":{"@id":"https:\/\/tuzlainfo.ba\/index.php\/novosti\/item\/195345-video-go-sdp-tuzla-predstavio-dr-sc-zijada-lugavica-kandidata-za-gradonacelnika-tuzle\/#primaryimage"},"thumbnailUrl":"https:\/\/tuzlainfo.ba\/wp-content\/uploads\/2023\/01\/2301_predstavljanje.jpg","datePublished":"2023-01-23T14:11:32+00:00","dateModified":"2023-01-23T14:32:20+00:00","breadcrumb":{"@id":"https:\/\/tuzlainfo.ba\/index.php\/novosti\/item\/195345-video-go-sdp-tuzla-predstavio-dr-sc-zijada-lugavica-kandidata-za-gradonacelnika-tuzle\/#breadcrumb"},"inLanguage":"bs-BA","potentialAction":[{"@type":"ReadAction","target":["https:\/\/tuzlainfo.ba\/index.php\/novosti\/item\/195345-video-go-sdp-tuzla-predstavio-dr-sc-zijada-lugavica-kandidata-za-gradonacelnika-tuzle\/"]}]},{"@type":"ImageObject","inLanguage":"bs-BA","@id":"https:\/\/tuzlainfo.ba\/index.php\/novosti\/item\/195345-video-go-sdp-tuzla-predstavio-dr-sc-zijada-lugavica-kandidata-za-gradonacelnika-tuzle\/#primaryimage","url":"https:\/\/tuzlainfo.ba\/wp-content\/uploads\/2023\/01\/2301_predstavljanje.jpg","contentUrl":"https:\/\/tuzlainfo.ba\/wp-content\/uploads\/2023\/01\/2301_predstavljanje.jpg","width":1451,"height":899},{"@type":"BreadcrumbList","@id":"https:\/\/tuzlainfo.ba\/index.php\/novosti\/item\/195345-video-go-sdp-tuzla-predstavio-dr-sc-zijada-lugavica-kandidata-za-gradonacelnika-tuzle\/#breadcrumb","itemListElement":[{"@type":"ListItem","position":1,"name":"Home","item":"https:\/\/tuzlainfo.ba\/"},{"@type":"ListItem","position":2,"name":"VIDEO \/ GO SDP Tuzla predstavio dr.sc. Zijada Lugavi\u0107a, kandidata za gradona\u010delnika Tuzle"}]},{"@type":"WebSite","@id":"https:\/\/tuzlainfo.ba\/#website","url":"https:\/\/tuzlainfo.ba\/","name":"TuzlaInfo.ba","description":"Tuzla info, gradski informator - Tuzla na dlanu","publisher":{"@id":"https:\/\/tuzlainfo.ba\/#organization"},"potentialAction":[{"@type":"SearchAction","target":{"@type":"EntryPoint","urlTemplate":"https:\/\/tuzlainfo.ba\/?s={search_term_string}"},"query-input":{"@type":"PropertyValueSpecification","valueRequired":true,"valueName":"search_term_string"}}],"inLanguage":"bs-BA"},{"@type":"Organization","@id":"https:\/\/tuzlainfo.ba\/#organization","name":"TuzlaInfo.ba","url":"https:\/\/tuzlainfo.ba\/","logo":{"@type":"ImageObject","inLanguage":"bs-BA","@id":"https:\/\/tuzlainfo.ba\/#\/schema\/logo\/image\/","url":"https:\/\/tuzlainfo.ba\/wp-content\/uploads\/2021\/03\/logo-ver-3-1.png","contentUrl":"https:\/\/tuzlainfo.ba\/wp-content\/uploads\/2021\/03\/logo-ver-3-1.png","width":350,"height":95,"caption":"TuzlaInfo.ba"},"image":{"@id":"https:\/\/tuzlainfo.ba\/#\/schema\/logo\/image\/"},"sameAs":["https:\/\/www.facebook.com\/tuzlainfo.ba\/"]},{"@type":"Person","@id":"https:\/\/tuzlainfo.ba\/#\/schema\/person\/f434e20dc27ea133923aab08451b7f7f","name":"nedim","image":{"@type":"ImageObject","inLanguage":"bs-BA","@id":"https:\/\/tuzlainfo.ba\/#\/schema\/person\/image\/","url":"https:\/\/tuzlainfo.ba\/wp-content\/litespeed\/avatar\/aabad687af24844af817603ac1cbdc4f.jpg?ver=1777306975","contentUrl":"https:\/\/tuzlainfo.ba\/wp-content\/litespeed\/avatar\/aabad687af24844af817603ac1cbdc4f.jpg?ver=1777306975","caption":"nedim"},"description":"Tuzlainfo.ba pratite na dru\u0161tvenim mre\u017eama: Facebook, Instagram i Youtube. Svoje pri\u010de, upite i fotografije \u0161aljite na na\u0161u e-mail adresu."}]}},"_links":{"self":[{"href":"https:\/\/tuzlainfo.ba\/index.php\/wp-json\/wp\/v2\/posts\/195345"}],"collection":[{"href":"https:\/\/tuzlainfo.ba\/index.php\/wp-json\/wp\/v2\/posts"}],"about":[{"href":"https:\/\/tuzlainfo.ba\/index.php\/wp-json\/wp\/v2\/types\/post"}],"author":[{"embeddable":true,"href":"https:\/\/tuzlainfo.ba\/index.php\/wp-json\/wp\/v2\/users\/2"}],"replies":[{"embeddable":true,"href":"https:\/\/tuzlainfo.ba\/index.php\/wp-json\/wp\/v2\/comments?post=195345"}],"version-history":[{"count":0,"href":"https:\/\/tuzlainfo.ba\/index.php\/wp-json\/wp\/v2\/posts\/195345\/revisions"}],"wp:featuredmedia":[{"embeddable":true,"href":"https:\/\/tuzlainfo.ba\/index.php\/wp-json\/wp\/v2\/media\/195356"}],"wp:attachment":[{"href":"https:\/\/tuzlainfo.ba\/index.php\/wp-json\/wp\/v2\/media?parent=195345"}],"wp:term":[{"taxonomy":"category","embeddable":true,"href":"https:\/\/tuzlainfo.ba\/index.php\/wp-json\/wp\/v2\/categories?post=195345"},{"taxonomy":"post_tag","embeddable":true,"href":"https:\/\/tuzlainfo.ba\/index.php\/wp-json\/wp\/v2\/tags?post=195345"}],"curies":[{"name":"wp","href":"https:\/\/api.w.org\/{rel}","templated":true}]}}