{"id":195259,"date":"2023-01-22T09:59:14","date_gmt":"2023-01-22T08:59:14","guid":{"rendered":"https:\/\/tuzlainfo.ba\/?p=195259"},"modified":"2023-01-22T09:59:14","modified_gmt":"2023-01-22T08:59:14","slug":"vozac-iz-bih-divljao-cestama-u-svicarskoj-a-tuzilac-mu-rekao-tesko-da-ste-mogli-biti-gluplji","status":"publish","type":"post","link":"https:\/\/tuzlainfo.ba\/index.php\/clanci\/sa-svih-strana\/item\/195259-vozac-iz-bih-divljao-cestama-u-svicarskoj-a-tuzilac-mu-rekao-tesko-da-ste-mogli-biti-gluplji\/","title":{"rendered":"Voza\u010d iz BiH divljao cestama u \u0160vicarskoj, a tu\u017eilac mu rekao: &#8220;Te\u0161ko da ste mogli biti gluplji&#8221;"},"content":{"rendered":"<p>U Okru\u017enom sudu Bremgarten ju\u010de je okrivljuju\u0107om presudom okon\u010dano su\u0111enje voza\u010du iz BiH, koji je februara pro\u0161le godine divljao ulicama \u0161vajcarskog kantona Argau, sve to snimao i postavio na Facebook.<\/p>\n<p>Kako prenose mediji, on je na relaciji od Anglikona do Dotikona vozio brzinom od 200km\/h, iako je tu ograni\u010denje svega 80km\/h.<\/p>\n<p>Pojaviv\u0161i se na sudu, ovaj 37-godi\u0161nji voza\u010d je rekao da ni sam ne zna za\u0161to je to uradio:<\/p>\n<p>\u201cIstinski \u017ealim zbog svega \u0161to se desilo i kunem se da vi\u0161e ne\u0107u ponoviti to\u201d, rekao je on, a prenosi \u0161vajcarski &#8220;Aargauer Zeitung&#8221;.<\/p>\n<p>Ono \u0161to je \u0161okiralo javnost jeste da je on to sve snimao i postavljao na dru\u0161tvene mre\u017ee. Samo dva dana nakon toga, u\u010dinio je ne\u0161to sli\u010dno, samo je ovaj put vozio 135 km\/h, ali naravno, i dalje snimaju\u0107i sve telefonom.<\/p>\n<p>Upravo to snimanje i postavljanje na dru\u0161tvene mre\u017ee je \u0161okiralo i tu\u017eioca, koji mu je rekao:<\/p>\n<p>\u201cIskreno, te\u0161ko da ste mogli biti gluplji\u201d, rekao mu je on tokom su\u0111enja.<\/p>\n<p>\u010cak je i sudija bio \u0161okiran:\u201dVi ste ugrozili sve pje\u0161ake, ljude prolaznike. I to ste u\u010dinili iz tako trivijalnih razloga, da bi ste se time pohvalili na internetu!\u201d, rekao je sudija.<\/p>\n<p>Voza\u010d iz BiH je osu\u0111en na uslovnu zatvorsku kaznu od 16 mjeseci i ka\u017enjen je sa 1700 \u0161vajcarskih franaka.<\/p>\n<p>Mediji prenose da mu je voza\u010dka dozvola oduzeta, te da je dobio ukor i upozorenje od svog poslodavca.<\/p>\n","protected":false},"excerpt":{"rendered":"<p>U Okru\u017enom sudu Bremgarten ju\u010de je okrivljuju\u0107om presudom okon\u010dano su\u0111enje voza\u010du iz BiH, koji je&hellip;<\/p>\n","protected":false},"author":2,"featured_media":195261,"comment_status":"open","ping_status":"closed","sticky":false,"template":"","format":"standard","meta":{"_acf_changed":false,"footnotes":""},"categories":[16],"tags":[6131,6132,408,1773],"acf":[],"yoast_head":"<!-- This site is optimized with the Yoast SEO plugin v23.5 - https:\/\/yoast.com\/wordpress\/plugins\/seo\/ -->\n<title>Voza\u010d iz BiH divljao cestama u \u0160vicarskoj, a tu\u017eilac mu rekao: &quot;Te\u0161ko da ste mogli biti gluplji&quot; - TuzlaInfo.ba<\/title>\n<meta name=\"robots\" content=\"index, follow, max-snippet:-1, max-image-preview:large, max-video-preview:-1\" \/>\n<link rel=\"canonical\" href=\"https:\/\/tuzlainfo.ba\/index.php\/clanci\/sa-svih-strana\/item\/195259-vozac-iz-bih-divljao-cestama-u-svicarskoj-a-tuzilac-mu-rekao-tesko-da-ste-mogli-biti-gluplji\/\" \/>\n<meta property=\"og:locale\" content=\"bs_BA\" \/>\n<meta property=\"og:type\" content=\"article\" \/>\n<meta property=\"og:title\" content=\"Voza\u010d iz BiH divljao cestama u \u0160vicarskoj, a tu\u017eilac mu rekao: &quot;Te\u0161ko da ste mogli biti gluplji&quot; - TuzlaInfo.ba\" \/>\n<meta property=\"og:description\" content=\"U Okru\u017enom sudu Bremgarten ju\u010de je okrivljuju\u0107om presudom okon\u010dano su\u0111enje voza\u010du iz BiH, koji je&hellip;\" \/>\n<meta property=\"og:url\" content=\"https:\/\/tuzlainfo.ba\/index.php\/clanci\/sa-svih-strana\/item\/195259-vozac-iz-bih-divljao-cestama-u-svicarskoj-a-tuzilac-mu-rekao-tesko-da-ste-mogli-biti-gluplji\/\" \/>\n<meta property=\"og:site_name\" content=\"TuzlaInfo.ba\" \/>\n<meta property=\"article:publisher\" content=\"https:\/\/www.facebook.com\/tuzlainfo.ba\/\" \/>\n<meta property=\"article:published_time\" content=\"2023-01-22T08:59:14+00:00\" \/>\n<meta property=\"og:image\" content=\"https:\/\/tuzlainfo.ba\/wp-content\/uploads\/2023\/01\/0201_voznja_auto_brzina2.jpg\" \/>\n\t<meta property=\"og:image:width\" content=\"800\" \/>\n\t<meta property=\"og:image:height\" content=\"533\" \/>\n\t<meta property=\"og:image:type\" content=\"image\/jpeg\" \/>\n<meta name=\"author\" content=\"nedim\" \/>\n<meta name=\"twitter:card\" content=\"summary_large_image\" \/>\n<meta name=\"twitter:label1\" content=\"Written by\" \/>\n\t<meta name=\"twitter:data1\" content=\"nedim\" \/>\n\t<meta name=\"twitter:label2\" content=\"Est. reading time\" \/>\n\t<meta name=\"twitter:data2\" content=\"1 minuta\" \/>\n<script type=\"application\/ld+json\" class=\"yoast-schema-graph\">{\"@context\":\"https:\/\/schema.org\",\"@graph\":[{\"@type\":\"Article\",\"@id\":\"https:\/\/tuzlainfo.ba\/index.php\/clanci\/sa-svih-strana\/item\/195259-vozac-iz-bih-divljao-cestama-u-svicarskoj-a-tuzilac-mu-rekao-tesko-da-ste-mogli-biti-gluplji\/#article\",\"isPartOf\":{\"@id\":\"https:\/\/tuzlainfo.ba\/index.php\/clanci\/sa-svih-strana\/item\/195259-vozac-iz-bih-divljao-cestama-u-svicarskoj-a-tuzilac-mu-rekao-tesko-da-ste-mogli-biti-gluplji\/\"},\"author\":{\"name\":\"nedim\",\"@id\":\"https:\/\/tuzlainfo.ba\/#\/schema\/person\/f434e20dc27ea133923aab08451b7f7f\"},\"headline\":\"Voza\u010d iz BiH divljao cestama u \u0160vicarskoj, a tu\u017eilac mu rekao: &#8220;Te\u0161ko da ste mogli biti gluplji&#8221;\",\"datePublished\":\"2023-01-22T08:59:14+00:00\",\"dateModified\":\"2023-01-22T08:59:14+00:00\",\"mainEntityOfPage\":{\"@id\":\"https:\/\/tuzlainfo.ba\/index.php\/clanci\/sa-svih-strana\/item\/195259-vozac-iz-bih-divljao-cestama-u-svicarskoj-a-tuzilac-mu-rekao-tesko-da-ste-mogli-biti-gluplji\/\"},\"wordCount\":278,\"commentCount\":0,\"publisher\":{\"@id\":\"https:\/\/tuzlainfo.ba\/#organization\"},\"image\":{\"@id\":\"https:\/\/tuzlainfo.ba\/index.php\/clanci\/sa-svih-strana\/item\/195259-vozac-iz-bih-divljao-cestama-u-svicarskoj-a-tuzilac-mu-rekao-tesko-da-ste-mogli-biti-gluplji\/#primaryimage\"},\"thumbnailUrl\":\"https:\/\/tuzlainfo.ba\/wp-content\/uploads\/2023\/01\/0201_voznja_auto_brzina2.jpg\",\"keywords\":[\"brza vo\u017enja\",\"prekr\u0161aj\",\"saobra\u0107aj\",\"\u0161vicarska\"],\"articleSection\":[\"Sa svih strana\"],\"inLanguage\":\"bs-BA\"},{\"@type\":\"WebPage\",\"@id\":\"https:\/\/tuzlainfo.ba\/index.php\/clanci\/sa-svih-strana\/item\/195259-vozac-iz-bih-divljao-cestama-u-svicarskoj-a-tuzilac-mu-rekao-tesko-da-ste-mogli-biti-gluplji\/\",\"url\":\"https:\/\/tuzlainfo.ba\/index.php\/clanci\/sa-svih-strana\/item\/195259-vozac-iz-bih-divljao-cestama-u-svicarskoj-a-tuzilac-mu-rekao-tesko-da-ste-mogli-biti-gluplji\/\",\"name\":\"Voza\u010d iz BiH divljao cestama u \u0160vicarskoj, a tu\u017eilac mu rekao: \\\"Te\u0161ko da ste mogli biti gluplji\\\" - TuzlaInfo.ba\",\"isPartOf\":{\"@id\":\"https:\/\/tuzlainfo.ba\/#website\"},\"primaryImageOfPage\":{\"@id\":\"https:\/\/tuzlainfo.ba\/index.php\/clanci\/sa-svih-strana\/item\/195259-vozac-iz-bih-divljao-cestama-u-svicarskoj-a-tuzilac-mu-rekao-tesko-da-ste-mogli-biti-gluplji\/#primaryimage\"},\"image\":{\"@id\":\"https:\/\/tuzlainfo.ba\/index.php\/clanci\/sa-svih-strana\/item\/195259-vozac-iz-bih-divljao-cestama-u-svicarskoj-a-tuzilac-mu-rekao-tesko-da-ste-mogli-biti-gluplji\/#primaryimage\"},\"thumbnailUrl\":\"https:\/\/tuzlainfo.ba\/wp-content\/uploads\/2023\/01\/0201_voznja_auto_brzina2.jpg\",\"datePublished\":\"2023-01-22T08:59:14+00:00\",\"dateModified\":\"2023-01-22T08:59:14+00:00\",\"breadcrumb\":{\"@id\":\"https:\/\/tuzlainfo.ba\/index.php\/clanci\/sa-svih-strana\/item\/195259-vozac-iz-bih-divljao-cestama-u-svicarskoj-a-tuzilac-mu-rekao-tesko-da-ste-mogli-biti-gluplji\/#breadcrumb\"},\"inLanguage\":\"bs-BA\",\"potentialAction\":[{\"@type\":\"ReadAction\",\"target\":[\"https:\/\/tuzlainfo.ba\/index.php\/clanci\/sa-svih-strana\/item\/195259-vozac-iz-bih-divljao-cestama-u-svicarskoj-a-tuzilac-mu-rekao-tesko-da-ste-mogli-biti-gluplji\/\"]}]},{\"@type\":\"ImageObject\",\"inLanguage\":\"bs-BA\",\"@id\":\"https:\/\/tuzlainfo.ba\/index.php\/clanci\/sa-svih-strana\/item\/195259-vozac-iz-bih-divljao-cestama-u-svicarskoj-a-tuzilac-mu-rekao-tesko-da-ste-mogli-biti-gluplji\/#primaryimage\",\"url\":\"https:\/\/tuzlainfo.ba\/wp-content\/uploads\/2023\/01\/0201_voznja_auto_brzina2.jpg\",\"contentUrl\":\"https:\/\/tuzlainfo.ba\/wp-content\/uploads\/2023\/01\/0201_voznja_auto_brzina2.jpg\",\"width\":800,\"height\":533,\"caption\":\"Photo by Tim Trad on Unsplash\"},{\"@type\":\"BreadcrumbList\",\"@id\":\"https:\/\/tuzlainfo.ba\/index.php\/clanci\/sa-svih-strana\/item\/195259-vozac-iz-bih-divljao-cestama-u-svicarskoj-a-tuzilac-mu-rekao-tesko-da-ste-mogli-biti-gluplji\/#breadcrumb\",\"itemListElement\":[{\"@type\":\"ListItem\",\"position\":1,\"name\":\"Home\",\"item\":\"https:\/\/tuzlainfo.ba\/\"},{\"@type\":\"ListItem\",\"position\":2,\"name\":\"Voza\u010d iz BiH divljao cestama u \u0160vicarskoj, a tu\u017eilac mu rekao: &#8220;Te\u0161ko da ste mogli biti gluplji&#8221;\"}]},{\"@type\":\"WebSite\",\"@id\":\"https:\/\/tuzlainfo.ba\/#website\",\"url\":\"https:\/\/tuzlainfo.ba\/\",\"name\":\"TuzlaInfo.ba\",\"description\":\"Tuzla info, gradski informator - Tuzla na dlanu\",\"publisher\":{\"@id\":\"https:\/\/tuzlainfo.ba\/#organization\"},\"potentialAction\":[{\"@type\":\"SearchAction\",\"target\":{\"@type\":\"EntryPoint\",\"urlTemplate\":\"https:\/\/tuzlainfo.ba\/?s={search_term_string}\"},\"query-input\":{\"@type\":\"PropertyValueSpecification\",\"valueRequired\":true,\"valueName\":\"search_term_string\"}}],\"inLanguage\":\"bs-BA\"},{\"@type\":\"Organization\",\"@id\":\"https:\/\/tuzlainfo.ba\/#organization\",\"name\":\"TuzlaInfo.ba\",\"url\":\"https:\/\/tuzlainfo.ba\/\",\"logo\":{\"@type\":\"ImageObject\",\"inLanguage\":\"bs-BA\",\"@id\":\"https:\/\/tuzlainfo.ba\/#\/schema\/logo\/image\/\",\"url\":\"https:\/\/tuzlainfo.ba\/wp-content\/uploads\/2021\/03\/logo-ver-3-1.png\",\"contentUrl\":\"https:\/\/tuzlainfo.ba\/wp-content\/uploads\/2021\/03\/logo-ver-3-1.png\",\"width\":350,\"height\":95,\"caption\":\"TuzlaInfo.ba\"},\"image\":{\"@id\":\"https:\/\/tuzlainfo.ba\/#\/schema\/logo\/image\/\"},\"sameAs\":[\"https:\/\/www.facebook.com\/tuzlainfo.ba\/\"]},{\"@type\":\"Person\",\"@id\":\"https:\/\/tuzlainfo.ba\/#\/schema\/person\/f434e20dc27ea133923aab08451b7f7f\",\"name\":\"nedim\",\"image\":{\"@type\":\"ImageObject\",\"inLanguage\":\"bs-BA\",\"@id\":\"https:\/\/tuzlainfo.ba\/#\/schema\/person\/image\/\",\"url\":\"https:\/\/tuzlainfo.ba\/wp-content\/litespeed\/avatar\/aabad687af24844af817603ac1cbdc4f.jpg?ver=1776702173\",\"contentUrl\":\"https:\/\/tuzlainfo.ba\/wp-content\/litespeed\/avatar\/aabad687af24844af817603ac1cbdc4f.jpg?ver=1776702173\",\"caption\":\"nedim\"},\"description\":\"Tuzlainfo.ba pratite na dru\u0161tvenim mre\u017eama: Facebook, Instagram i Youtube. Svoje pri\u010de, upite i fotografije \u0161aljite na na\u0161u e-mail adresu.\"}]}<\/script>\n<!-- \/ Yoast SEO plugin. -->","yoast_head_json":{"title":"Voza\u010d iz BiH divljao cestama u \u0160vicarskoj, a tu\u017eilac mu rekao: \"Te\u0161ko da ste mogli biti gluplji\" - TuzlaInfo.ba","robots":{"index":"index","follow":"follow","max-snippet":"max-snippet:-1","max-image-preview":"max-image-preview:large","max-video-preview":"max-video-preview:-1"},"canonical":"https:\/\/tuzlainfo.ba\/index.php\/clanci\/sa-svih-strana\/item\/195259-vozac-iz-bih-divljao-cestama-u-svicarskoj-a-tuzilac-mu-rekao-tesko-da-ste-mogli-biti-gluplji\/","og_locale":"bs_BA","og_type":"article","og_title":"Voza\u010d iz BiH divljao cestama u \u0160vicarskoj, a tu\u017eilac mu rekao: \"Te\u0161ko da ste mogli biti gluplji\" - TuzlaInfo.ba","og_description":"U Okru\u017enom sudu Bremgarten ju\u010de je okrivljuju\u0107om presudom okon\u010dano su\u0111enje voza\u010du iz BiH, koji je&hellip;","og_url":"https:\/\/tuzlainfo.ba\/index.php\/clanci\/sa-svih-strana\/item\/195259-vozac-iz-bih-divljao-cestama-u-svicarskoj-a-tuzilac-mu-rekao-tesko-da-ste-mogli-biti-gluplji\/","og_site_name":"TuzlaInfo.ba","article_publisher":"https:\/\/www.facebook.com\/tuzlainfo.ba\/","article_published_time":"2023-01-22T08:59:14+00:00","og_image":[{"width":800,"height":533,"url":"https:\/\/tuzlainfo.ba\/wp-content\/uploads\/2023\/01\/0201_voznja_auto_brzina2.jpg","type":"image\/jpeg"}],"author":"nedim","twitter_card":"summary_large_image","twitter_misc":{"Written by":"nedim","Est. reading time":"1 minuta"},"schema":{"@context":"https:\/\/schema.org","@graph":[{"@type":"Article","@id":"https:\/\/tuzlainfo.ba\/index.php\/clanci\/sa-svih-strana\/item\/195259-vozac-iz-bih-divljao-cestama-u-svicarskoj-a-tuzilac-mu-rekao-tesko-da-ste-mogli-biti-gluplji\/#article","isPartOf":{"@id":"https:\/\/tuzlainfo.ba\/index.php\/clanci\/sa-svih-strana\/item\/195259-vozac-iz-bih-divljao-cestama-u-svicarskoj-a-tuzilac-mu-rekao-tesko-da-ste-mogli-biti-gluplji\/"},"author":{"name":"nedim","@id":"https:\/\/tuzlainfo.ba\/#\/schema\/person\/f434e20dc27ea133923aab08451b7f7f"},"headline":"Voza\u010d iz BiH divljao cestama u \u0160vicarskoj, a tu\u017eilac mu rekao: &#8220;Te\u0161ko da ste mogli biti gluplji&#8221;","datePublished":"2023-01-22T08:59:14+00:00","dateModified":"2023-01-22T08:59:14+00:00","mainEntityOfPage":{"@id":"https:\/\/tuzlainfo.ba\/index.php\/clanci\/sa-svih-strana\/item\/195259-vozac-iz-bih-divljao-cestama-u-svicarskoj-a-tuzilac-mu-rekao-tesko-da-ste-mogli-biti-gluplji\/"},"wordCount":278,"commentCount":0,"publisher":{"@id":"https:\/\/tuzlainfo.ba\/#organization"},"image":{"@id":"https:\/\/tuzlainfo.ba\/index.php\/clanci\/sa-svih-strana\/item\/195259-vozac-iz-bih-divljao-cestama-u-svicarskoj-a-tuzilac-mu-rekao-tesko-da-ste-mogli-biti-gluplji\/#primaryimage"},"thumbnailUrl":"https:\/\/tuzlainfo.ba\/wp-content\/uploads\/2023\/01\/0201_voznja_auto_brzina2.jpg","keywords":["brza vo\u017enja","prekr\u0161aj","saobra\u0107aj","\u0161vicarska"],"articleSection":["Sa svih strana"],"inLanguage":"bs-BA"},{"@type":"WebPage","@id":"https:\/\/tuzlainfo.ba\/index.php\/clanci\/sa-svih-strana\/item\/195259-vozac-iz-bih-divljao-cestama-u-svicarskoj-a-tuzilac-mu-rekao-tesko-da-ste-mogli-biti-gluplji\/","url":"https:\/\/tuzlainfo.ba\/index.php\/clanci\/sa-svih-strana\/item\/195259-vozac-iz-bih-divljao-cestama-u-svicarskoj-a-tuzilac-mu-rekao-tesko-da-ste-mogli-biti-gluplji\/","name":"Voza\u010d iz BiH divljao cestama u \u0160vicarskoj, a tu\u017eilac mu rekao: \"Te\u0161ko da ste mogli biti gluplji\" - TuzlaInfo.ba","isPartOf":{"@id":"https:\/\/tuzlainfo.ba\/#website"},"primaryImageOfPage":{"@id":"https:\/\/tuzlainfo.ba\/index.php\/clanci\/sa-svih-strana\/item\/195259-vozac-iz-bih-divljao-cestama-u-svicarskoj-a-tuzilac-mu-rekao-tesko-da-ste-mogli-biti-gluplji\/#primaryimage"},"image":{"@id":"https:\/\/tuzlainfo.ba\/index.php\/clanci\/sa-svih-strana\/item\/195259-vozac-iz-bih-divljao-cestama-u-svicarskoj-a-tuzilac-mu-rekao-tesko-da-ste-mogli-biti-gluplji\/#primaryimage"},"thumbnailUrl":"https:\/\/tuzlainfo.ba\/wp-content\/uploads\/2023\/01\/0201_voznja_auto_brzina2.jpg","datePublished":"2023-01-22T08:59:14+00:00","dateModified":"2023-01-22T08:59:14+00:00","breadcrumb":{"@id":"https:\/\/tuzlainfo.ba\/index.php\/clanci\/sa-svih-strana\/item\/195259-vozac-iz-bih-divljao-cestama-u-svicarskoj-a-tuzilac-mu-rekao-tesko-da-ste-mogli-biti-gluplji\/#breadcrumb"},"inLanguage":"bs-BA","potentialAction":[{"@type":"ReadAction","target":["https:\/\/tuzlainfo.ba\/index.php\/clanci\/sa-svih-strana\/item\/195259-vozac-iz-bih-divljao-cestama-u-svicarskoj-a-tuzilac-mu-rekao-tesko-da-ste-mogli-biti-gluplji\/"]}]},{"@type":"ImageObject","inLanguage":"bs-BA","@id":"https:\/\/tuzlainfo.ba\/index.php\/clanci\/sa-svih-strana\/item\/195259-vozac-iz-bih-divljao-cestama-u-svicarskoj-a-tuzilac-mu-rekao-tesko-da-ste-mogli-biti-gluplji\/#primaryimage","url":"https:\/\/tuzlainfo.ba\/wp-content\/uploads\/2023\/01\/0201_voznja_auto_brzina2.jpg","contentUrl":"https:\/\/tuzlainfo.ba\/wp-content\/uploads\/2023\/01\/0201_voznja_auto_brzina2.jpg","width":800,"height":533,"caption":"Photo by Tim Trad on Unsplash"},{"@type":"BreadcrumbList","@id":"https:\/\/tuzlainfo.ba\/index.php\/clanci\/sa-svih-strana\/item\/195259-vozac-iz-bih-divljao-cestama-u-svicarskoj-a-tuzilac-mu-rekao-tesko-da-ste-mogli-biti-gluplji\/#breadcrumb","itemListElement":[{"@type":"ListItem","position":1,"name":"Home","item":"https:\/\/tuzlainfo.ba\/"},{"@type":"ListItem","position":2,"name":"Voza\u010d iz BiH divljao cestama u \u0160vicarskoj, a tu\u017eilac mu rekao: &#8220;Te\u0161ko da ste mogli biti gluplji&#8221;"}]},{"@type":"WebSite","@id":"https:\/\/tuzlainfo.ba\/#website","url":"https:\/\/tuzlainfo.ba\/","name":"TuzlaInfo.ba","description":"Tuzla info, gradski informator - Tuzla na dlanu","publisher":{"@id":"https:\/\/tuzlainfo.ba\/#organization"},"potentialAction":[{"@type":"SearchAction","target":{"@type":"EntryPoint","urlTemplate":"https:\/\/tuzlainfo.ba\/?s={search_term_string}"},"query-input":{"@type":"PropertyValueSpecification","valueRequired":true,"valueName":"search_term_string"}}],"inLanguage":"bs-BA"},{"@type":"Organization","@id":"https:\/\/tuzlainfo.ba\/#organization","name":"TuzlaInfo.ba","url":"https:\/\/tuzlainfo.ba\/","logo":{"@type":"ImageObject","inLanguage":"bs-BA","@id":"https:\/\/tuzlainfo.ba\/#\/schema\/logo\/image\/","url":"https:\/\/tuzlainfo.ba\/wp-content\/uploads\/2021\/03\/logo-ver-3-1.png","contentUrl":"https:\/\/tuzlainfo.ba\/wp-content\/uploads\/2021\/03\/logo-ver-3-1.png","width":350,"height":95,"caption":"TuzlaInfo.ba"},"image":{"@id":"https:\/\/tuzlainfo.ba\/#\/schema\/logo\/image\/"},"sameAs":["https:\/\/www.facebook.com\/tuzlainfo.ba\/"]},{"@type":"Person","@id":"https:\/\/tuzlainfo.ba\/#\/schema\/person\/f434e20dc27ea133923aab08451b7f7f","name":"nedim","image":{"@type":"ImageObject","inLanguage":"bs-BA","@id":"https:\/\/tuzlainfo.ba\/#\/schema\/person\/image\/","url":"https:\/\/tuzlainfo.ba\/wp-content\/litespeed\/avatar\/aabad687af24844af817603ac1cbdc4f.jpg?ver=1776702173","contentUrl":"https:\/\/tuzlainfo.ba\/wp-content\/litespeed\/avatar\/aabad687af24844af817603ac1cbdc4f.jpg?ver=1776702173","caption":"nedim"},"description":"Tuzlainfo.ba pratite na dru\u0161tvenim mre\u017eama: Facebook, Instagram i Youtube. Svoje pri\u010de, upite i fotografije \u0161aljite na na\u0161u e-mail adresu."}]}},"_links":{"self":[{"href":"https:\/\/tuzlainfo.ba\/index.php\/wp-json\/wp\/v2\/posts\/195259"}],"collection":[{"href":"https:\/\/tuzlainfo.ba\/index.php\/wp-json\/wp\/v2\/posts"}],"about":[{"href":"https:\/\/tuzlainfo.ba\/index.php\/wp-json\/wp\/v2\/types\/post"}],"author":[{"embeddable":true,"href":"https:\/\/tuzlainfo.ba\/index.php\/wp-json\/wp\/v2\/users\/2"}],"replies":[{"embeddable":true,"href":"https:\/\/tuzlainfo.ba\/index.php\/wp-json\/wp\/v2\/comments?post=195259"}],"version-history":[{"count":0,"href":"https:\/\/tuzlainfo.ba\/index.php\/wp-json\/wp\/v2\/posts\/195259\/revisions"}],"wp:featuredmedia":[{"embeddable":true,"href":"https:\/\/tuzlainfo.ba\/index.php\/wp-json\/wp\/v2\/media\/195261"}],"wp:attachment":[{"href":"https:\/\/tuzlainfo.ba\/index.php\/wp-json\/wp\/v2\/media?parent=195259"}],"wp:term":[{"taxonomy":"category","embeddable":true,"href":"https:\/\/tuzlainfo.ba\/index.php\/wp-json\/wp\/v2\/categories?post=195259"},{"taxonomy":"post_tag","embeddable":true,"href":"https:\/\/tuzlainfo.ba\/index.php\/wp-json\/wp\/v2\/tags?post=195259"}],"curies":[{"name":"wp","href":"https:\/\/api.w.org\/{rel}","templated":true}]}}