{"id":194884,"date":"2023-01-17T08:39:11","date_gmt":"2023-01-17T07:39:11","guid":{"rendered":"https:\/\/tuzlainfo.ba\/?p=194884"},"modified":"2023-01-17T08:07:54","modified_gmt":"2023-01-17T07:07:54","slug":"zivot-sve-skuplji-ocekuje-li-nas-recesija-u-narednom-periodu","status":"publish","type":"post","link":"https:\/\/tuzlainfo.ba\/index.php\/bosna-i-hercegovina\/item\/194884-zivot-sve-skuplji-ocekuje-li-nas-recesija-u-narednom-periodu\/","title":{"rendered":"\u017divot sve skuplji: O\u010dekuje li nas recesija u narednom periodu?"},"content":{"rendered":"<p>Dok se svijet presabira \u0161ta mu je \u010diniti kad su u pitanju ekonomski, energetski i politi\u010dki udari, nove prognoze nisu nimalo optimisti\u010dne.<\/p>\n<p>U \u0161vajcarskom Davosu je po\u010deo Svjetski ekonomski forum, a studija pripremljena upravo za ovaj doga\u0111aj, a koja se ti\u010de globalne situacije, ka\u017ee da je kriza visokih \u017eivotnih tro\u0161kova kao posljedica inflacije izazvane ratom u Ukrajini i ponovnim otvaranjem ekonomija nakon pandemije kovida-19 najve\u0107a prijetnja planeti u sljede\u0107e dvije godine i koja bi milione gra\u0111ana mogla odvesti u siroma\u0161tvo.<\/p>\n<p>Komentari\u0161u\u0107i navedeno, stru\u010dnjaci smatraju da nije realno da je virus korona prouzrokovao gotovo sva poskupljenja, i to odjednom i istovremeno, ve\u0107 da su u BiH godinama na djelu razne politike, trgova\u010dki ratovi i lov u mutnom.<\/p>\n<p>Prirodne i klimatske katastofe do\u0111u i pro\u0111u, ali je odavno jasno da je jedna od najve\u0107ih po\u0161asti 21. vijeka siroma\u0161tvo. A sude\u0107i po tome kakve su igre na sceni, dru\u0161tvene napetosti ne\u0107e nedostajati.<\/p>\n<p>Naravno, to ne\u0107e zaobi\u0107i ni BiH, a pona\u0161anje nadle\u017enih idealno je za izreku koja se upravo vezuje za ove prostore: &#8220;Kud svi, tu i mali Mujo&#8221;.<\/p>\n<p>Kriza energije, inflacija i kriza hrane postali su sveto trojstvo geopoliti\u010dkih i ekonomskih prilika, pa vi\u0161e i nije iznena\u0111enje kada \u010dujemo da se prognoziraju nova poskupljenja osnovnih \u017eivotnih namirnica.<\/p>\n<p><strong>Ali, da li je to realno i opravdano?<\/strong><\/p>\n<p><strong>&#8220;Jedno je \u0161to je realno, a drugo je \u0161to prolazi u ekonomiji. Dakle, nije realno da je odjednom sve poskupjelo (energenti, hrana..), nije realno da je to sve uradio kovid-19, jednostavno, nije ekonomski opravdano. Opravdano je da su na djelu razne politike, trgova\u010dki ratovi i lov u mutnom&#8221;,<\/strong>\u00a0odgovara Marin Bago, predsjednik Udru\u017eenja potro\u0161a\u010da &#8220;Futura&#8221; iz Mostara.<\/p>\n<p>U razgovoru za &#8220;Nezavisne novine&#8221; Bago nagla\u0161ava da je BiH po svemu specifi\u010dna.<\/p>\n<p><strong>&#8220;Recimo, ovolika cijena namirnica i lijekova u BiH ni\u010dim se ne mo\u017ee opravdati, jer kod nas su oni ve\u0107 skuplji nego u regionu ili, recimo, u Njema\u010dkoj. To je tako zbog toga \u0161to ti trgova\u010dki lobiji gledaju na \u010demu se mo\u017ee zaraditi. U BiH velika ve\u0107ina ljudi je primorana da kupuje samo hranu i lijekove i to je prostor gdje se mo\u017ee zaraditi, uzimaju\u0107i u obzir da su dr\u017eava i njena administracija slabe i podlo\u017ene korupciji, jednostavno stvari prolaze tamo gdje mogu pro\u0107i&#8221;<\/strong>, navodi Bago.<\/p>\n<p>Prema njegovim rije\u010dima, pri\u010da da postoje zastoji u proizvodnji &#8220;ne pije vodu&#8221;, te da dr\u017eavni aparat to jednostavno ne mo\u017ee iskontrolisati jer u mnogim slu\u010dajevima, tvrdi on, dr\u017eava sara\u0111uje upravo s tim lobijima.<\/p>\n<p><strong>&#8220;Mi uvozimo oko 80 odsto hrane koju konzumiramo, \u0161to zna\u010di da mi ni cijene ni kvalitet ne kontroli\u0161emo, nego neko drugi. A onaj ko to kontroli\u0161e, on zara\u0111uje. Jednostavno smo u\u0161li u taj vakuum sa slabom dr\u017eavom, organima, s najve\u0107om korupcijom u Evropi i jednostavno nemamo \u0161anse. Dok se to ne promijeni, bi\u0107emo podlo\u017eni svemu i sva\u010demu, a slu\u0161a\u0107emo izgovore da je to vi\u0161a sila, \u0161to jednostavno nije istina&#8221;,\u00a0<\/strong>jasan je Bago.<\/p>\n<p>Koliko je siroma\u0161tvo globalni problem, govore podaci da je na kraju 2021. godine broj gladnih u svijetu bio oko 830 miliona.<\/p>\n<p>Iako situacija jeste zabrinjavaju\u0107a, stru\u010dnjaci smatraju da je rano za dugoro\u010dne prognoze.<\/p>\n<p><strong>&#8220;Ukoliko se desi recesija koja se o\u010dekuje, onda je mogu\u0107e da do\u0111e do pada cijena finalnih usluga, ali to \u0107e s druge strane imati za posljedicu usporavanje ekonomske aktivnosti&#8221;,<\/strong>\u00a0ka\u017ee ekonomista Admir \u010cavali\u0107 i dodaje:<\/p>\n<p><strong>&#8220;Rat u Ukrajini vi\u0161e nije ne\u0161to novo. Dva su scenarija, ili \u0107e se okon\u010dati ili odu\u017eiti. Po\u0161to to nije faktor iznena\u0111enja, to treba prou\u010diti sa vi\u0161e optimizma, jer su se tr\u017ei\u0161ta manje-vi\u0161e ve\u0107 prilagodila na to stanje, posebno na globalni na\u010din snabdijevanja&#8221;,\u00a0<\/strong>navodi \u010cavali\u0107.<\/p>\n<p>Nagla\u0161ava da treba krenuti od bliske budu\u0107nosti, za koju je ipak uvjeren da \u0107e donijeti probleme.<\/p>\n<p><strong>&#8220;Bi\u0107e izazovno tokom sezone kada govorimo o poljoprivrednim proizvodima, na na\u010din da li \u0107e se luke otvarati za protok robe iz Ukrajine ili ne. I vidje\u0107emo, naravno, \u0161ta \u0107e se de\u0161avati s energentima. Imali smo niske cijene proteklih par mjeseci i kada su u pitanju prehrambeni proizvodi na globalnom tr\u017ei\u0161tu, ali je to nedovoljno u odnosu na ranije, vidje\u0107emo da li \u0107e do\u0107i do skoka nafte i plafona cijena&#8221;,\u00a0<\/strong>rekao je \u010cavali\u0107 za &#8220;Nezavisne novine&#8221;.<\/p>\n<p>Pored navedenih prijetnji, u studiji koja \u0107e biti predstavljena u Davosu navodi se da \u0107e se svijet nastaviti suo\u010davati i s polarizacijom dru\u0161tava dezinformacijama i neta\u010dnim informacijama i geoekonomskim ratovima.<\/p>\n","protected":false},"excerpt":{"rendered":"<p>Dok se svijet presabira \u0161ta mu je \u010diniti kad su u pitanju ekonomski, energetski i&hellip;<\/p>\n","protected":false},"author":4,"featured_media":71168,"comment_status":"open","ping_status":"closed","sticky":false,"template":"","format":"standard","meta":{"_acf_changed":false,"footnotes":""},"categories":[291,304],"tags":[1369,4152],"acf":[],"yoast_head":"<!-- This site is optimized with the Yoast SEO plugin v23.5 - https:\/\/yoast.com\/wordpress\/plugins\/seo\/ -->\n<title>\u017divot sve skuplji: O\u010dekuje li nas recesija u narednom periodu? - TuzlaInfo.ba<\/title>\n<meta name=\"robots\" content=\"index, follow, max-snippet:-1, max-image-preview:large, max-video-preview:-1\" \/>\n<link rel=\"canonical\" href=\"https:\/\/tuzlainfo.ba\/index.php\/bosna-i-hercegovina\/item\/194884-zivot-sve-skuplji-ocekuje-li-nas-recesija-u-narednom-periodu\/\" \/>\n<meta property=\"og:locale\" content=\"bs_BA\" \/>\n<meta property=\"og:type\" content=\"article\" \/>\n<meta property=\"og:title\" content=\"\u017divot sve skuplji: O\u010dekuje li nas recesija u narednom periodu? - TuzlaInfo.ba\" \/>\n<meta property=\"og:description\" content=\"Dok se svijet presabira \u0161ta mu je \u010diniti kad su u pitanju ekonomski, energetski i&hellip;\" \/>\n<meta property=\"og:url\" content=\"https:\/\/tuzlainfo.ba\/index.php\/bosna-i-hercegovina\/item\/194884-zivot-sve-skuplji-ocekuje-li-nas-recesija-u-narednom-periodu\/\" \/>\n<meta property=\"og:site_name\" content=\"TuzlaInfo.ba\" \/>\n<meta property=\"article:publisher\" content=\"https:\/\/www.facebook.com\/tuzlainfo.ba\/\" \/>\n<meta property=\"article:published_time\" content=\"2023-01-17T07:39:11+00:00\" \/>\n<meta property=\"article:modified_time\" content=\"2023-01-17T07:07:54+00:00\" \/>\n<meta property=\"og:image\" content=\"https:\/\/tuzlainfo.ba\/wp-content\/uploads\/2019\/06\/sadrzaj_2019_20190601_2306_korpa.jpg\" \/>\n\t<meta property=\"og:image:width\" content=\"770\" \/>\n\t<meta property=\"og:image:height\" content=\"385\" \/>\n\t<meta property=\"og:image:type\" content=\"image\/jpeg\" \/>\n<meta name=\"author\" content=\"Tuzla Info\" \/>\n<meta name=\"twitter:card\" content=\"summary_large_image\" \/>\n<meta name=\"twitter:label1\" content=\"Written by\" \/>\n\t<meta name=\"twitter:data1\" content=\"Tuzla Info\" \/>\n\t<meta name=\"twitter:label2\" content=\"Est. reading time\" \/>\n\t<meta name=\"twitter:data2\" content=\"4 minute\" \/>\n<script type=\"application\/ld+json\" class=\"yoast-schema-graph\">{\"@context\":\"https:\/\/schema.org\",\"@graph\":[{\"@type\":\"Article\",\"@id\":\"https:\/\/tuzlainfo.ba\/index.php\/bosna-i-hercegovina\/item\/194884-zivot-sve-skuplji-ocekuje-li-nas-recesija-u-narednom-periodu\/#article\",\"isPartOf\":{\"@id\":\"https:\/\/tuzlainfo.ba\/index.php\/bosna-i-hercegovina\/item\/194884-zivot-sve-skuplji-ocekuje-li-nas-recesija-u-narednom-periodu\/\"},\"author\":{\"name\":\"Tuzla Info\",\"@id\":\"https:\/\/tuzlainfo.ba\/#\/schema\/person\/46cad4c57790cbc50781edd14870825a\"},\"headline\":\"\u017divot sve skuplji: O\u010dekuje li nas recesija u narednom periodu?\",\"datePublished\":\"2023-01-17T07:39:11+00:00\",\"dateModified\":\"2023-01-17T07:07:54+00:00\",\"mainEntityOfPage\":{\"@id\":\"https:\/\/tuzlainfo.ba\/index.php\/bosna-i-hercegovina\/item\/194884-zivot-sve-skuplji-ocekuje-li-nas-recesija-u-narednom-periodu\/\"},\"wordCount\":812,\"commentCount\":0,\"publisher\":{\"@id\":\"https:\/\/tuzlainfo.ba\/#organization\"},\"image\":{\"@id\":\"https:\/\/tuzlainfo.ba\/index.php\/bosna-i-hercegovina\/item\/194884-zivot-sve-skuplji-ocekuje-li-nas-recesija-u-narednom-periodu\/#primaryimage\"},\"thumbnailUrl\":\"https:\/\/tuzlainfo.ba\/wp-content\/uploads\/2019\/06\/sadrzaj_2019_20190601_2306_korpa.jpg\",\"keywords\":[\"cijene\",\"Poskupljenja\"],\"articleSection\":[\"Bosna i Hercegovina\",\"Istaknuto\"],\"inLanguage\":\"bs-BA\"},{\"@type\":\"WebPage\",\"@id\":\"https:\/\/tuzlainfo.ba\/index.php\/bosna-i-hercegovina\/item\/194884-zivot-sve-skuplji-ocekuje-li-nas-recesija-u-narednom-periodu\/\",\"url\":\"https:\/\/tuzlainfo.ba\/index.php\/bosna-i-hercegovina\/item\/194884-zivot-sve-skuplji-ocekuje-li-nas-recesija-u-narednom-periodu\/\",\"name\":\"\u017divot sve skuplji: O\u010dekuje li nas recesija u narednom periodu? - TuzlaInfo.ba\",\"isPartOf\":{\"@id\":\"https:\/\/tuzlainfo.ba\/#website\"},\"primaryImageOfPage\":{\"@id\":\"https:\/\/tuzlainfo.ba\/index.php\/bosna-i-hercegovina\/item\/194884-zivot-sve-skuplji-ocekuje-li-nas-recesija-u-narednom-periodu\/#primaryimage\"},\"image\":{\"@id\":\"https:\/\/tuzlainfo.ba\/index.php\/bosna-i-hercegovina\/item\/194884-zivot-sve-skuplji-ocekuje-li-nas-recesija-u-narednom-periodu\/#primaryimage\"},\"thumbnailUrl\":\"https:\/\/tuzlainfo.ba\/wp-content\/uploads\/2019\/06\/sadrzaj_2019_20190601_2306_korpa.jpg\",\"datePublished\":\"2023-01-17T07:39:11+00:00\",\"dateModified\":\"2023-01-17T07:07:54+00:00\",\"breadcrumb\":{\"@id\":\"https:\/\/tuzlainfo.ba\/index.php\/bosna-i-hercegovina\/item\/194884-zivot-sve-skuplji-ocekuje-li-nas-recesija-u-narednom-periodu\/#breadcrumb\"},\"inLanguage\":\"bs-BA\",\"potentialAction\":[{\"@type\":\"ReadAction\",\"target\":[\"https:\/\/tuzlainfo.ba\/index.php\/bosna-i-hercegovina\/item\/194884-zivot-sve-skuplji-ocekuje-li-nas-recesija-u-narednom-periodu\/\"]}]},{\"@type\":\"ImageObject\",\"inLanguage\":\"bs-BA\",\"@id\":\"https:\/\/tuzlainfo.ba\/index.php\/bosna-i-hercegovina\/item\/194884-zivot-sve-skuplji-ocekuje-li-nas-recesija-u-narednom-periodu\/#primaryimage\",\"url\":\"https:\/\/tuzlainfo.ba\/wp-content\/uploads\/2019\/06\/sadrzaj_2019_20190601_2306_korpa.jpg\",\"contentUrl\":\"https:\/\/tuzlainfo.ba\/wp-content\/uploads\/2019\/06\/sadrzaj_2019_20190601_2306_korpa.jpg\",\"width\":770,\"height\":385,\"caption\":\"2306 korpa\"},{\"@type\":\"BreadcrumbList\",\"@id\":\"https:\/\/tuzlainfo.ba\/index.php\/bosna-i-hercegovina\/item\/194884-zivot-sve-skuplji-ocekuje-li-nas-recesija-u-narednom-periodu\/#breadcrumb\",\"itemListElement\":[{\"@type\":\"ListItem\",\"position\":1,\"name\":\"Home\",\"item\":\"https:\/\/tuzlainfo.ba\/\"},{\"@type\":\"ListItem\",\"position\":2,\"name\":\"\u017divot sve skuplji: O\u010dekuje li nas recesija u narednom periodu?\"}]},{\"@type\":\"WebSite\",\"@id\":\"https:\/\/tuzlainfo.ba\/#website\",\"url\":\"https:\/\/tuzlainfo.ba\/\",\"name\":\"TuzlaInfo.ba\",\"description\":\"Tuzla info, gradski informator - Tuzla na dlanu\",\"publisher\":{\"@id\":\"https:\/\/tuzlainfo.ba\/#organization\"},\"potentialAction\":[{\"@type\":\"SearchAction\",\"target\":{\"@type\":\"EntryPoint\",\"urlTemplate\":\"https:\/\/tuzlainfo.ba\/?s={search_term_string}\"},\"query-input\":{\"@type\":\"PropertyValueSpecification\",\"valueRequired\":true,\"valueName\":\"search_term_string\"}}],\"inLanguage\":\"bs-BA\"},{\"@type\":\"Organization\",\"@id\":\"https:\/\/tuzlainfo.ba\/#organization\",\"name\":\"TuzlaInfo.ba\",\"url\":\"https:\/\/tuzlainfo.ba\/\",\"logo\":{\"@type\":\"ImageObject\",\"inLanguage\":\"bs-BA\",\"@id\":\"https:\/\/tuzlainfo.ba\/#\/schema\/logo\/image\/\",\"url\":\"https:\/\/tuzlainfo.ba\/wp-content\/uploads\/2021\/03\/logo-ver-3-1.png\",\"contentUrl\":\"https:\/\/tuzlainfo.ba\/wp-content\/uploads\/2021\/03\/logo-ver-3-1.png\",\"width\":350,\"height\":95,\"caption\":\"TuzlaInfo.ba\"},\"image\":{\"@id\":\"https:\/\/tuzlainfo.ba\/#\/schema\/logo\/image\/\"},\"sameAs\":[\"https:\/\/www.facebook.com\/tuzlainfo.ba\/\"]},{\"@type\":\"Person\",\"@id\":\"https:\/\/tuzlainfo.ba\/#\/schema\/person\/46cad4c57790cbc50781edd14870825a\",\"name\":\"Tuzla Info\",\"image\":{\"@type\":\"ImageObject\",\"inLanguage\":\"bs-BA\",\"@id\":\"https:\/\/tuzlainfo.ba\/#\/schema\/person\/image\/\",\"url\":\"https:\/\/tuzlainfo.ba\/wp-content\/litespeed\/avatar\/b6c453a6c38e3654f2e4416c643fc25c.jpg?ver=1777051911\",\"contentUrl\":\"https:\/\/tuzlainfo.ba\/wp-content\/litespeed\/avatar\/b6c453a6c38e3654f2e4416c643fc25c.jpg?ver=1777051911\",\"caption\":\"Tuzla Info\"}}]}<\/script>\n<!-- \/ Yoast SEO plugin. -->","yoast_head_json":{"title":"\u017divot sve skuplji: O\u010dekuje li nas recesija u narednom periodu? - TuzlaInfo.ba","robots":{"index":"index","follow":"follow","max-snippet":"max-snippet:-1","max-image-preview":"max-image-preview:large","max-video-preview":"max-video-preview:-1"},"canonical":"https:\/\/tuzlainfo.ba\/index.php\/bosna-i-hercegovina\/item\/194884-zivot-sve-skuplji-ocekuje-li-nas-recesija-u-narednom-periodu\/","og_locale":"bs_BA","og_type":"article","og_title":"\u017divot sve skuplji: O\u010dekuje li nas recesija u narednom periodu? - TuzlaInfo.ba","og_description":"Dok se svijet presabira \u0161ta mu je \u010diniti kad su u pitanju ekonomski, energetski i&hellip;","og_url":"https:\/\/tuzlainfo.ba\/index.php\/bosna-i-hercegovina\/item\/194884-zivot-sve-skuplji-ocekuje-li-nas-recesija-u-narednom-periodu\/","og_site_name":"TuzlaInfo.ba","article_publisher":"https:\/\/www.facebook.com\/tuzlainfo.ba\/","article_published_time":"2023-01-17T07:39:11+00:00","article_modified_time":"2023-01-17T07:07:54+00:00","og_image":[{"width":770,"height":385,"url":"https:\/\/tuzlainfo.ba\/wp-content\/uploads\/2019\/06\/sadrzaj_2019_20190601_2306_korpa.jpg","type":"image\/jpeg"}],"author":"Tuzla Info","twitter_card":"summary_large_image","twitter_misc":{"Written by":"Tuzla Info","Est. reading time":"4 minute"},"schema":{"@context":"https:\/\/schema.org","@graph":[{"@type":"Article","@id":"https:\/\/tuzlainfo.ba\/index.php\/bosna-i-hercegovina\/item\/194884-zivot-sve-skuplji-ocekuje-li-nas-recesija-u-narednom-periodu\/#article","isPartOf":{"@id":"https:\/\/tuzlainfo.ba\/index.php\/bosna-i-hercegovina\/item\/194884-zivot-sve-skuplji-ocekuje-li-nas-recesija-u-narednom-periodu\/"},"author":{"name":"Tuzla Info","@id":"https:\/\/tuzlainfo.ba\/#\/schema\/person\/46cad4c57790cbc50781edd14870825a"},"headline":"\u017divot sve skuplji: O\u010dekuje li nas recesija u narednom periodu?","datePublished":"2023-01-17T07:39:11+00:00","dateModified":"2023-01-17T07:07:54+00:00","mainEntityOfPage":{"@id":"https:\/\/tuzlainfo.ba\/index.php\/bosna-i-hercegovina\/item\/194884-zivot-sve-skuplji-ocekuje-li-nas-recesija-u-narednom-periodu\/"},"wordCount":812,"commentCount":0,"publisher":{"@id":"https:\/\/tuzlainfo.ba\/#organization"},"image":{"@id":"https:\/\/tuzlainfo.ba\/index.php\/bosna-i-hercegovina\/item\/194884-zivot-sve-skuplji-ocekuje-li-nas-recesija-u-narednom-periodu\/#primaryimage"},"thumbnailUrl":"https:\/\/tuzlainfo.ba\/wp-content\/uploads\/2019\/06\/sadrzaj_2019_20190601_2306_korpa.jpg","keywords":["cijene","Poskupljenja"],"articleSection":["Bosna i Hercegovina","Istaknuto"],"inLanguage":"bs-BA"},{"@type":"WebPage","@id":"https:\/\/tuzlainfo.ba\/index.php\/bosna-i-hercegovina\/item\/194884-zivot-sve-skuplji-ocekuje-li-nas-recesija-u-narednom-periodu\/","url":"https:\/\/tuzlainfo.ba\/index.php\/bosna-i-hercegovina\/item\/194884-zivot-sve-skuplji-ocekuje-li-nas-recesija-u-narednom-periodu\/","name":"\u017divot sve skuplji: O\u010dekuje li nas recesija u narednom periodu? - TuzlaInfo.ba","isPartOf":{"@id":"https:\/\/tuzlainfo.ba\/#website"},"primaryImageOfPage":{"@id":"https:\/\/tuzlainfo.ba\/index.php\/bosna-i-hercegovina\/item\/194884-zivot-sve-skuplji-ocekuje-li-nas-recesija-u-narednom-periodu\/#primaryimage"},"image":{"@id":"https:\/\/tuzlainfo.ba\/index.php\/bosna-i-hercegovina\/item\/194884-zivot-sve-skuplji-ocekuje-li-nas-recesija-u-narednom-periodu\/#primaryimage"},"thumbnailUrl":"https:\/\/tuzlainfo.ba\/wp-content\/uploads\/2019\/06\/sadrzaj_2019_20190601_2306_korpa.jpg","datePublished":"2023-01-17T07:39:11+00:00","dateModified":"2023-01-17T07:07:54+00:00","breadcrumb":{"@id":"https:\/\/tuzlainfo.ba\/index.php\/bosna-i-hercegovina\/item\/194884-zivot-sve-skuplji-ocekuje-li-nas-recesija-u-narednom-periodu\/#breadcrumb"},"inLanguage":"bs-BA","potentialAction":[{"@type":"ReadAction","target":["https:\/\/tuzlainfo.ba\/index.php\/bosna-i-hercegovina\/item\/194884-zivot-sve-skuplji-ocekuje-li-nas-recesija-u-narednom-periodu\/"]}]},{"@type":"ImageObject","inLanguage":"bs-BA","@id":"https:\/\/tuzlainfo.ba\/index.php\/bosna-i-hercegovina\/item\/194884-zivot-sve-skuplji-ocekuje-li-nas-recesija-u-narednom-periodu\/#primaryimage","url":"https:\/\/tuzlainfo.ba\/wp-content\/uploads\/2019\/06\/sadrzaj_2019_20190601_2306_korpa.jpg","contentUrl":"https:\/\/tuzlainfo.ba\/wp-content\/uploads\/2019\/06\/sadrzaj_2019_20190601_2306_korpa.jpg","width":770,"height":385,"caption":"2306 korpa"},{"@type":"BreadcrumbList","@id":"https:\/\/tuzlainfo.ba\/index.php\/bosna-i-hercegovina\/item\/194884-zivot-sve-skuplji-ocekuje-li-nas-recesija-u-narednom-periodu\/#breadcrumb","itemListElement":[{"@type":"ListItem","position":1,"name":"Home","item":"https:\/\/tuzlainfo.ba\/"},{"@type":"ListItem","position":2,"name":"\u017divot sve skuplji: O\u010dekuje li nas recesija u narednom periodu?"}]},{"@type":"WebSite","@id":"https:\/\/tuzlainfo.ba\/#website","url":"https:\/\/tuzlainfo.ba\/","name":"TuzlaInfo.ba","description":"Tuzla info, gradski informator - Tuzla na dlanu","publisher":{"@id":"https:\/\/tuzlainfo.ba\/#organization"},"potentialAction":[{"@type":"SearchAction","target":{"@type":"EntryPoint","urlTemplate":"https:\/\/tuzlainfo.ba\/?s={search_term_string}"},"query-input":{"@type":"PropertyValueSpecification","valueRequired":true,"valueName":"search_term_string"}}],"inLanguage":"bs-BA"},{"@type":"Organization","@id":"https:\/\/tuzlainfo.ba\/#organization","name":"TuzlaInfo.ba","url":"https:\/\/tuzlainfo.ba\/","logo":{"@type":"ImageObject","inLanguage":"bs-BA","@id":"https:\/\/tuzlainfo.ba\/#\/schema\/logo\/image\/","url":"https:\/\/tuzlainfo.ba\/wp-content\/uploads\/2021\/03\/logo-ver-3-1.png","contentUrl":"https:\/\/tuzlainfo.ba\/wp-content\/uploads\/2021\/03\/logo-ver-3-1.png","width":350,"height":95,"caption":"TuzlaInfo.ba"},"image":{"@id":"https:\/\/tuzlainfo.ba\/#\/schema\/logo\/image\/"},"sameAs":["https:\/\/www.facebook.com\/tuzlainfo.ba\/"]},{"@type":"Person","@id":"https:\/\/tuzlainfo.ba\/#\/schema\/person\/46cad4c57790cbc50781edd14870825a","name":"Tuzla Info","image":{"@type":"ImageObject","inLanguage":"bs-BA","@id":"https:\/\/tuzlainfo.ba\/#\/schema\/person\/image\/","url":"https:\/\/tuzlainfo.ba\/wp-content\/litespeed\/avatar\/b6c453a6c38e3654f2e4416c643fc25c.jpg?ver=1777051911","contentUrl":"https:\/\/tuzlainfo.ba\/wp-content\/litespeed\/avatar\/b6c453a6c38e3654f2e4416c643fc25c.jpg?ver=1777051911","caption":"Tuzla Info"}}]}},"_links":{"self":[{"href":"https:\/\/tuzlainfo.ba\/index.php\/wp-json\/wp\/v2\/posts\/194884"}],"collection":[{"href":"https:\/\/tuzlainfo.ba\/index.php\/wp-json\/wp\/v2\/posts"}],"about":[{"href":"https:\/\/tuzlainfo.ba\/index.php\/wp-json\/wp\/v2\/types\/post"}],"author":[{"embeddable":true,"href":"https:\/\/tuzlainfo.ba\/index.php\/wp-json\/wp\/v2\/users\/4"}],"replies":[{"embeddable":true,"href":"https:\/\/tuzlainfo.ba\/index.php\/wp-json\/wp\/v2\/comments?post=194884"}],"version-history":[{"count":0,"href":"https:\/\/tuzlainfo.ba\/index.php\/wp-json\/wp\/v2\/posts\/194884\/revisions"}],"wp:featuredmedia":[{"embeddable":true,"href":"https:\/\/tuzlainfo.ba\/index.php\/wp-json\/wp\/v2\/media\/71168"}],"wp:attachment":[{"href":"https:\/\/tuzlainfo.ba\/index.php\/wp-json\/wp\/v2\/media?parent=194884"}],"wp:term":[{"taxonomy":"category","embeddable":true,"href":"https:\/\/tuzlainfo.ba\/index.php\/wp-json\/wp\/v2\/categories?post=194884"},{"taxonomy":"post_tag","embeddable":true,"href":"https:\/\/tuzlainfo.ba\/index.php\/wp-json\/wp\/v2\/tags?post=194884"}],"curies":[{"name":"wp","href":"https:\/\/api.w.org\/{rel}","templated":true}]}}