{"id":194532,"date":"2023-01-12T14:05:55","date_gmt":"2023-01-12T13:05:55","guid":{"rendered":"https:\/\/tuzlainfo.ba\/?p=194532"},"modified":"2023-01-12T21:50:04","modified_gmt":"2023-01-12T20:50:04","slug":"podaci-porezne-uprave-fbih-tk-prikupi-vise-prihoda-nego-tri-hercegovacka-kantona-zajedno","status":"publish","type":"post","link":"https:\/\/tuzlainfo.ba\/index.php\/novosti\/item\/194532-podaci-porezne-uprave-fbih-tk-prikupi-vise-prihoda-nego-tri-hercegovacka-kantona-zajedno\/","title":{"rendered":"Podaci porezne uprave FBiH: TK prikupi vi\u0161e prihoda nego tri hercegova\u010dka kantona zajedno"},"content":{"rendered":"<p>U Poreznoj upravi Federacije BiH danas je odr\u017eana\u00a0godi\u0161nja konferencija za medije na kojoj su prezentirane aktivnosti Porezne uprave Federacije BiH u 2022. Konferenciji je prisustvovao direktor\u00a0Porezne uprave Federacije BiH\u00a0\u0160erif Isovi\u0107 koji je prezentirao naplatu javnih prihoda i najzna\u010dajnije rezultate ostvarene u 2022. godini.<\/p>\n<p>Porezna uprava FBiH u protekloj godini prikupila 6,4 milijarde KM javnih prihoda iz svoje nadle\u017enosti, \u0161to predstavlja rast naplate od 13,7 posto u odnosu na 2021. godinu.<\/p>\n<p>Doprinosi su \u010dinili 68,7 posto ukupno prikupljenih prihoda, a prihodi od direktnih poreza 19,5 posto. Najvi\u0161e prikupljeno u Sarajevskom kantonu \u2013 2,3 milijarde KM, zatim u Tuzlanskom 1,1 milijardu KM, te Zeni\u010dko-dobojskom 843.415.389 KM.<\/p>\n<p>Zanimljivo je da je samo Tuzlanski kanton prikupio skoro isto prihoda (1,1 milijardu KM) kao sva tri hercegova\u010dka kantona &#8211; HNK, ZHK i Kanton 10 (1,08 milijardi KM).<\/p>\n<p><img fetchpriority=\"high\" decoding=\"async\" class=\"alignnone wp-image-194535 size-full\" src=\"https:\/\/tuzlainfo.ba\/wp-content\/uploads\/2023\/01\/prihodi1.jpg\" alt=\"\" width=\"1269\" height=\"659\" srcset=\"https:\/\/tuzlainfo.ba\/wp-content\/uploads\/2023\/01\/prihodi1.jpg 1269w, https:\/\/tuzlainfo.ba\/wp-content\/uploads\/2023\/01\/prihodi1-300x156.jpg 300w, https:\/\/tuzlainfo.ba\/wp-content\/uploads\/2023\/01\/prihodi1-1024x532.jpg 1024w, https:\/\/tuzlainfo.ba\/wp-content\/uploads\/2023\/01\/prihodi1-768x399.jpg 768w, https:\/\/tuzlainfo.ba\/wp-content\/uploads\/2023\/01\/prihodi1-1170x608.jpg 1170w, https:\/\/tuzlainfo.ba\/wp-content\/uploads\/2023\/01\/prihodi1-585x304.jpg 585w, https:\/\/tuzlainfo.ba\/wp-content\/uploads\/2023\/01\/prihodi1-150x78.jpg 150w, https:\/\/tuzlainfo.ba\/wp-content\/uploads\/2023\/01\/prihodi1-500x260.jpg 500w\" sizes=\"(max-width: 1269px) 100vw, 1269px\" \/><\/p>\n<p>Pema podacima Porezne uprave, u 2022. u FBiH bilo 538.312 zaposlenih osoba, \u0161to je za jedan posto vi\u0161e u odnosu na prethodnu godinu. Najvi\u0161e zaposlenih je u Sarajavskom kantonu (145.828) i Tuzlanskom kantonu (103.904).<\/p>\n<p><img decoding=\"async\" class=\"alignnone wp-image-194536 size-full\" src=\"https:\/\/tuzlainfo.ba\/wp-content\/uploads\/2023\/01\/zaposleni1.jpg\" alt=\"\" width=\"1259\" height=\"659\" srcset=\"https:\/\/tuzlainfo.ba\/wp-content\/uploads\/2023\/01\/zaposleni1.jpg 1259w, https:\/\/tuzlainfo.ba\/wp-content\/uploads\/2023\/01\/zaposleni1-300x157.jpg 300w, https:\/\/tuzlainfo.ba\/wp-content\/uploads\/2023\/01\/zaposleni1-1024x536.jpg 1024w, https:\/\/tuzlainfo.ba\/wp-content\/uploads\/2023\/01\/zaposleni1-768x402.jpg 768w, https:\/\/tuzlainfo.ba\/wp-content\/uploads\/2023\/01\/zaposleni1-1170x612.jpg 1170w, https:\/\/tuzlainfo.ba\/wp-content\/uploads\/2023\/01\/zaposleni1-585x306.jpg 585w, https:\/\/tuzlainfo.ba\/wp-content\/uploads\/2023\/01\/zaposleni1-150x79.jpg 150w, https:\/\/tuzlainfo.ba\/wp-content\/uploads\/2023\/01\/zaposleni1-500x262.jpg 500w\" sizes=\"(max-width: 1259px) 100vw, 1259px\" \/><\/p>\n<p>Uprava u 2022. izvr\u0161ila 6.742 inspekcijska nadzora u okviru kojih su dodatno utvr\u0111ene obaveze od 115.306.384 KM i procijenjena utaja poreza od 8.349.038 KM. Najvi\u0161e kontrola je ura\u0111eno u Sarajevu, Tuzli i Mostaru.<\/p>\n<p><img decoding=\"async\" class=\"alignnone wp-image-194534 size-large\" src=\"https:\/\/tuzlainfo.ba\/wp-content\/uploads\/2023\/01\/kontrole1-1024x571.jpg\" alt=\"\" width=\"1024\" height=\"571\" srcset=\"https:\/\/tuzlainfo.ba\/wp-content\/uploads\/2023\/01\/kontrole1-1024x571.jpg 1024w, https:\/\/tuzlainfo.ba\/wp-content\/uploads\/2023\/01\/kontrole1-300x167.jpg 300w, https:\/\/tuzlainfo.ba\/wp-content\/uploads\/2023\/01\/kontrole1-768x428.jpg 768w, https:\/\/tuzlainfo.ba\/wp-content\/uploads\/2023\/01\/kontrole1-1170x652.jpg 1170w, https:\/\/tuzlainfo.ba\/wp-content\/uploads\/2023\/01\/kontrole1-585x326.jpg 585w, https:\/\/tuzlainfo.ba\/wp-content\/uploads\/2023\/01\/kontrole1-150x84.jpg 150w, https:\/\/tuzlainfo.ba\/wp-content\/uploads\/2023\/01\/kontrole1-500x279.jpg 500w, https:\/\/tuzlainfo.ba\/wp-content\/uploads\/2023\/01\/kontrole1.jpg 1225w\" sizes=\"(max-width: 1024px) 100vw, 1024px\" \/>Ono po \u010demu Tuzlanski kanton prednja\u010di su uplate u kladionicama. Od ukupno 1,71 milijarde KM upla\u0107ene u kladionicama gra\u0111ani Tuzlanskog kantona su uplatiti 314.2 miliona KM, \u0161to je skoro 20 posto od ukupnog broja uplata u FBIH.<\/p>\n<p><img loading=\"lazy\" decoding=\"async\" class=\"alignnone wp-image-194533 size-large\" src=\"https:\/\/tuzlainfo.ba\/wp-content\/uploads\/2023\/01\/kladionice1-1024x567.jpg\" alt=\"\" width=\"1024\" height=\"567\" srcset=\"https:\/\/tuzlainfo.ba\/wp-content\/uploads\/2023\/01\/kladionice1-1024x567.jpg 1024w, https:\/\/tuzlainfo.ba\/wp-content\/uploads\/2023\/01\/kladionice1-300x166.jpg 300w, https:\/\/tuzlainfo.ba\/wp-content\/uploads\/2023\/01\/kladionice1-768x425.jpg 768w, https:\/\/tuzlainfo.ba\/wp-content\/uploads\/2023\/01\/kladionice1-585x324.jpg 585w, https:\/\/tuzlainfo.ba\/wp-content\/uploads\/2023\/01\/kladionice1-150x83.jpg 150w, https:\/\/tuzlainfo.ba\/wp-content\/uploads\/2023\/01\/kladionice1-500x277.jpg 500w, https:\/\/tuzlainfo.ba\/wp-content\/uploads\/2023\/01\/kladionice1.jpg 1161w\" sizes=\"(max-width: 1024px) 100vw, 1024px\" \/><\/p>\n<p>Iz Porezne uprave Federacije BiH pozvali su porezne obveznike da pravovremeno i ta\u010dno prijavljuju svoje porezne obaveze, da posluju legalno, da svoj novac koriste za razvoj i isplatu pla\u0107a zaposlenicima, a ne da novac tro\u0161e na pla\u0107anje kazni i kamata.<strong>\/Tuzlainfo\/<\/strong><\/p>\n","protected":false},"excerpt":{"rendered":"<p>U Poreznoj upravi Federacije BiH danas je odr\u017eana\u00a0godi\u0161nja konferencija za medije na kojoj su prezentirane&hellip;<\/p>\n","protected":false},"author":2,"featured_media":78616,"comment_status":"open","ping_status":"closed","sticky":false,"template":"","format":"standard","meta":{"_acf_changed":false,"footnotes":""},"categories":[304,12,306],"tags":[4019,6058,42,360],"acf":[],"yoast_head":"<!-- This site is optimized with the Yoast SEO plugin v23.5 - https:\/\/yoast.com\/wordpress\/plugins\/seo\/ -->\n<title>Podaci porezne uprave FBiH: TK prikupi vi\u0161e prihoda nego tri hercegova\u010dka kantona zajedno - TuzlaInfo.ba<\/title>\n<meta name=\"robots\" content=\"index, follow, max-snippet:-1, max-image-preview:large, max-video-preview:-1\" \/>\n<link rel=\"canonical\" href=\"https:\/\/tuzlainfo.ba\/index.php\/novosti\/item\/194532-podaci-porezne-uprave-fbih-tk-prikupi-vise-prihoda-nego-tri-hercegovacka-kantona-zajedno\/\" \/>\n<meta property=\"og:locale\" content=\"bs_BA\" \/>\n<meta property=\"og:type\" content=\"article\" \/>\n<meta property=\"og:title\" content=\"Podaci porezne uprave FBiH: TK prikupi vi\u0161e prihoda nego tri hercegova\u010dka kantona zajedno - TuzlaInfo.ba\" \/>\n<meta property=\"og:description\" content=\"U Poreznoj upravi Federacije BiH danas je odr\u017eana\u00a0godi\u0161nja konferencija za medije na kojoj su prezentirane&hellip;\" \/>\n<meta property=\"og:url\" content=\"https:\/\/tuzlainfo.ba\/index.php\/novosti\/item\/194532-podaci-porezne-uprave-fbih-tk-prikupi-vise-prihoda-nego-tri-hercegovacka-kantona-zajedno\/\" \/>\n<meta property=\"og:site_name\" content=\"TuzlaInfo.ba\" \/>\n<meta property=\"article:publisher\" content=\"https:\/\/www.facebook.com\/tuzlainfo.ba\/\" \/>\n<meta property=\"article:published_time\" content=\"2023-01-12T13:05:55+00:00\" \/>\n<meta property=\"article:modified_time\" content=\"2023-01-12T20:50:04+00:00\" \/>\n<meta property=\"og:image\" content=\"https:\/\/tuzlainfo.ba\/wp-content\/uploads\/2020\/04\/sadrzaj_2020_20200401_1504_novac.jpg\" \/>\n\t<meta property=\"og:image:width\" content=\"770\" \/>\n\t<meta property=\"og:image:height\" content=\"442\" \/>\n\t<meta property=\"og:image:type\" content=\"image\/jpeg\" \/>\n<meta name=\"author\" content=\"nedim\" \/>\n<meta name=\"twitter:card\" content=\"summary_large_image\" \/>\n<meta name=\"twitter:label1\" content=\"Written by\" \/>\n\t<meta name=\"twitter:data1\" content=\"nedim\" \/>\n\t<meta name=\"twitter:label2\" content=\"Est. reading time\" \/>\n\t<meta name=\"twitter:data2\" content=\"1 minuta\" \/>\n<script type=\"application\/ld+json\" class=\"yoast-schema-graph\">{\"@context\":\"https:\/\/schema.org\",\"@graph\":[{\"@type\":\"Article\",\"@id\":\"https:\/\/tuzlainfo.ba\/index.php\/novosti\/item\/194532-podaci-porezne-uprave-fbih-tk-prikupi-vise-prihoda-nego-tri-hercegovacka-kantona-zajedno\/#article\",\"isPartOf\":{\"@id\":\"https:\/\/tuzlainfo.ba\/index.php\/novosti\/item\/194532-podaci-porezne-uprave-fbih-tk-prikupi-vise-prihoda-nego-tri-hercegovacka-kantona-zajedno\/\"},\"author\":{\"name\":\"nedim\",\"@id\":\"https:\/\/tuzlainfo.ba\/#\/schema\/person\/f434e20dc27ea133923aab08451b7f7f\"},\"headline\":\"Podaci porezne uprave FBiH: TK prikupi vi\u0161e prihoda nego tri hercegova\u010dka kantona zajedno\",\"datePublished\":\"2023-01-12T13:05:55+00:00\",\"dateModified\":\"2023-01-12T20:50:04+00:00\",\"mainEntityOfPage\":{\"@id\":\"https:\/\/tuzlainfo.ba\/index.php\/novosti\/item\/194532-podaci-porezne-uprave-fbih-tk-prikupi-vise-prihoda-nego-tri-hercegovacka-kantona-zajedno\/\"},\"wordCount\":290,\"commentCount\":0,\"publisher\":{\"@id\":\"https:\/\/tuzlainfo.ba\/#organization\"},\"image\":{\"@id\":\"https:\/\/tuzlainfo.ba\/index.php\/novosti\/item\/194532-podaci-porezne-uprave-fbih-tk-prikupi-vise-prihoda-nego-tri-hercegovacka-kantona-zajedno\/#primaryimage\"},\"thumbnailUrl\":\"https:\/\/tuzlainfo.ba\/wp-content\/uploads\/2020\/04\/sadrzaj_2020_20200401_1504_novac.jpg\",\"keywords\":[\"javni prihodi\",\"javni prihodi fbih\",\"tuzla\",\"tuzlanski kanton\"],\"articleSection\":[\"Istaknuto\",\"Novosti\",\"Preporu\u010dujemo\"],\"inLanguage\":\"bs-BA\"},{\"@type\":\"WebPage\",\"@id\":\"https:\/\/tuzlainfo.ba\/index.php\/novosti\/item\/194532-podaci-porezne-uprave-fbih-tk-prikupi-vise-prihoda-nego-tri-hercegovacka-kantona-zajedno\/\",\"url\":\"https:\/\/tuzlainfo.ba\/index.php\/novosti\/item\/194532-podaci-porezne-uprave-fbih-tk-prikupi-vise-prihoda-nego-tri-hercegovacka-kantona-zajedno\/\",\"name\":\"Podaci porezne uprave FBiH: TK prikupi vi\u0161e prihoda nego tri hercegova\u010dka kantona zajedno - TuzlaInfo.ba\",\"isPartOf\":{\"@id\":\"https:\/\/tuzlainfo.ba\/#website\"},\"primaryImageOfPage\":{\"@id\":\"https:\/\/tuzlainfo.ba\/index.php\/novosti\/item\/194532-podaci-porezne-uprave-fbih-tk-prikupi-vise-prihoda-nego-tri-hercegovacka-kantona-zajedno\/#primaryimage\"},\"image\":{\"@id\":\"https:\/\/tuzlainfo.ba\/index.php\/novosti\/item\/194532-podaci-porezne-uprave-fbih-tk-prikupi-vise-prihoda-nego-tri-hercegovacka-kantona-zajedno\/#primaryimage\"},\"thumbnailUrl\":\"https:\/\/tuzlainfo.ba\/wp-content\/uploads\/2020\/04\/sadrzaj_2020_20200401_1504_novac.jpg\",\"datePublished\":\"2023-01-12T13:05:55+00:00\",\"dateModified\":\"2023-01-12T20:50:04+00:00\",\"breadcrumb\":{\"@id\":\"https:\/\/tuzlainfo.ba\/index.php\/novosti\/item\/194532-podaci-porezne-uprave-fbih-tk-prikupi-vise-prihoda-nego-tri-hercegovacka-kantona-zajedno\/#breadcrumb\"},\"inLanguage\":\"bs-BA\",\"potentialAction\":[{\"@type\":\"ReadAction\",\"target\":[\"https:\/\/tuzlainfo.ba\/index.php\/novosti\/item\/194532-podaci-porezne-uprave-fbih-tk-prikupi-vise-prihoda-nego-tri-hercegovacka-kantona-zajedno\/\"]}]},{\"@type\":\"ImageObject\",\"inLanguage\":\"bs-BA\",\"@id\":\"https:\/\/tuzlainfo.ba\/index.php\/novosti\/item\/194532-podaci-porezne-uprave-fbih-tk-prikupi-vise-prihoda-nego-tri-hercegovacka-kantona-zajedno\/#primaryimage\",\"url\":\"https:\/\/tuzlainfo.ba\/wp-content\/uploads\/2020\/04\/sadrzaj_2020_20200401_1504_novac.jpg\",\"contentUrl\":\"https:\/\/tuzlainfo.ba\/wp-content\/uploads\/2020\/04\/sadrzaj_2020_20200401_1504_novac.jpg\",\"width\":770,\"height\":442,\"caption\":\"1504 novac\"},{\"@type\":\"BreadcrumbList\",\"@id\":\"https:\/\/tuzlainfo.ba\/index.php\/novosti\/item\/194532-podaci-porezne-uprave-fbih-tk-prikupi-vise-prihoda-nego-tri-hercegovacka-kantona-zajedno\/#breadcrumb\",\"itemListElement\":[{\"@type\":\"ListItem\",\"position\":1,\"name\":\"Home\",\"item\":\"https:\/\/tuzlainfo.ba\/\"},{\"@type\":\"ListItem\",\"position\":2,\"name\":\"Podaci porezne uprave FBiH: TK prikupi vi\u0161e prihoda nego tri hercegova\u010dka kantona zajedno\"}]},{\"@type\":\"WebSite\",\"@id\":\"https:\/\/tuzlainfo.ba\/#website\",\"url\":\"https:\/\/tuzlainfo.ba\/\",\"name\":\"TuzlaInfo.ba\",\"description\":\"Tuzla info, gradski informator - Tuzla na dlanu\",\"publisher\":{\"@id\":\"https:\/\/tuzlainfo.ba\/#organization\"},\"potentialAction\":[{\"@type\":\"SearchAction\",\"target\":{\"@type\":\"EntryPoint\",\"urlTemplate\":\"https:\/\/tuzlainfo.ba\/?s={search_term_string}\"},\"query-input\":{\"@type\":\"PropertyValueSpecification\",\"valueRequired\":true,\"valueName\":\"search_term_string\"}}],\"inLanguage\":\"bs-BA\"},{\"@type\":\"Organization\",\"@id\":\"https:\/\/tuzlainfo.ba\/#organization\",\"name\":\"TuzlaInfo.ba\",\"url\":\"https:\/\/tuzlainfo.ba\/\",\"logo\":{\"@type\":\"ImageObject\",\"inLanguage\":\"bs-BA\",\"@id\":\"https:\/\/tuzlainfo.ba\/#\/schema\/logo\/image\/\",\"url\":\"https:\/\/tuzlainfo.ba\/wp-content\/uploads\/2021\/03\/logo-ver-3-1.png\",\"contentUrl\":\"https:\/\/tuzlainfo.ba\/wp-content\/uploads\/2021\/03\/logo-ver-3-1.png\",\"width\":350,\"height\":95,\"caption\":\"TuzlaInfo.ba\"},\"image\":{\"@id\":\"https:\/\/tuzlainfo.ba\/#\/schema\/logo\/image\/\"},\"sameAs\":[\"https:\/\/www.facebook.com\/tuzlainfo.ba\/\"]},{\"@type\":\"Person\",\"@id\":\"https:\/\/tuzlainfo.ba\/#\/schema\/person\/f434e20dc27ea133923aab08451b7f7f\",\"name\":\"nedim\",\"image\":{\"@type\":\"ImageObject\",\"inLanguage\":\"bs-BA\",\"@id\":\"https:\/\/tuzlainfo.ba\/#\/schema\/person\/image\/\",\"url\":\"https:\/\/tuzlainfo.ba\/wp-content\/litespeed\/avatar\/aabad687af24844af817603ac1cbdc4f.jpg?ver=1776702173\",\"contentUrl\":\"https:\/\/tuzlainfo.ba\/wp-content\/litespeed\/avatar\/aabad687af24844af817603ac1cbdc4f.jpg?ver=1776702173\",\"caption\":\"nedim\"},\"description\":\"Tuzlainfo.ba pratite na dru\u0161tvenim mre\u017eama: Facebook, Instagram i Youtube. Svoje pri\u010de, upite i fotografije \u0161aljite na na\u0161u e-mail adresu.\"}]}<\/script>\n<!-- \/ Yoast SEO plugin. -->","yoast_head_json":{"title":"Podaci porezne uprave FBiH: TK prikupi vi\u0161e prihoda nego tri hercegova\u010dka kantona zajedno - TuzlaInfo.ba","robots":{"index":"index","follow":"follow","max-snippet":"max-snippet:-1","max-image-preview":"max-image-preview:large","max-video-preview":"max-video-preview:-1"},"canonical":"https:\/\/tuzlainfo.ba\/index.php\/novosti\/item\/194532-podaci-porezne-uprave-fbih-tk-prikupi-vise-prihoda-nego-tri-hercegovacka-kantona-zajedno\/","og_locale":"bs_BA","og_type":"article","og_title":"Podaci porezne uprave FBiH: TK prikupi vi\u0161e prihoda nego tri hercegova\u010dka kantona zajedno - TuzlaInfo.ba","og_description":"U Poreznoj upravi Federacije BiH danas je odr\u017eana\u00a0godi\u0161nja konferencija za medije na kojoj su prezentirane&hellip;","og_url":"https:\/\/tuzlainfo.ba\/index.php\/novosti\/item\/194532-podaci-porezne-uprave-fbih-tk-prikupi-vise-prihoda-nego-tri-hercegovacka-kantona-zajedno\/","og_site_name":"TuzlaInfo.ba","article_publisher":"https:\/\/www.facebook.com\/tuzlainfo.ba\/","article_published_time":"2023-01-12T13:05:55+00:00","article_modified_time":"2023-01-12T20:50:04+00:00","og_image":[{"width":770,"height":442,"url":"https:\/\/tuzlainfo.ba\/wp-content\/uploads\/2020\/04\/sadrzaj_2020_20200401_1504_novac.jpg","type":"image\/jpeg"}],"author":"nedim","twitter_card":"summary_large_image","twitter_misc":{"Written by":"nedim","Est. reading time":"1 minuta"},"schema":{"@context":"https:\/\/schema.org","@graph":[{"@type":"Article","@id":"https:\/\/tuzlainfo.ba\/index.php\/novosti\/item\/194532-podaci-porezne-uprave-fbih-tk-prikupi-vise-prihoda-nego-tri-hercegovacka-kantona-zajedno\/#article","isPartOf":{"@id":"https:\/\/tuzlainfo.ba\/index.php\/novosti\/item\/194532-podaci-porezne-uprave-fbih-tk-prikupi-vise-prihoda-nego-tri-hercegovacka-kantona-zajedno\/"},"author":{"name":"nedim","@id":"https:\/\/tuzlainfo.ba\/#\/schema\/person\/f434e20dc27ea133923aab08451b7f7f"},"headline":"Podaci porezne uprave FBiH: TK prikupi vi\u0161e prihoda nego tri hercegova\u010dka kantona zajedno","datePublished":"2023-01-12T13:05:55+00:00","dateModified":"2023-01-12T20:50:04+00:00","mainEntityOfPage":{"@id":"https:\/\/tuzlainfo.ba\/index.php\/novosti\/item\/194532-podaci-porezne-uprave-fbih-tk-prikupi-vise-prihoda-nego-tri-hercegovacka-kantona-zajedno\/"},"wordCount":290,"commentCount":0,"publisher":{"@id":"https:\/\/tuzlainfo.ba\/#organization"},"image":{"@id":"https:\/\/tuzlainfo.ba\/index.php\/novosti\/item\/194532-podaci-porezne-uprave-fbih-tk-prikupi-vise-prihoda-nego-tri-hercegovacka-kantona-zajedno\/#primaryimage"},"thumbnailUrl":"https:\/\/tuzlainfo.ba\/wp-content\/uploads\/2020\/04\/sadrzaj_2020_20200401_1504_novac.jpg","keywords":["javni prihodi","javni prihodi fbih","tuzla","tuzlanski kanton"],"articleSection":["Istaknuto","Novosti","Preporu\u010dujemo"],"inLanguage":"bs-BA"},{"@type":"WebPage","@id":"https:\/\/tuzlainfo.ba\/index.php\/novosti\/item\/194532-podaci-porezne-uprave-fbih-tk-prikupi-vise-prihoda-nego-tri-hercegovacka-kantona-zajedno\/","url":"https:\/\/tuzlainfo.ba\/index.php\/novosti\/item\/194532-podaci-porezne-uprave-fbih-tk-prikupi-vise-prihoda-nego-tri-hercegovacka-kantona-zajedno\/","name":"Podaci porezne uprave FBiH: TK prikupi vi\u0161e prihoda nego tri hercegova\u010dka kantona zajedno - TuzlaInfo.ba","isPartOf":{"@id":"https:\/\/tuzlainfo.ba\/#website"},"primaryImageOfPage":{"@id":"https:\/\/tuzlainfo.ba\/index.php\/novosti\/item\/194532-podaci-porezne-uprave-fbih-tk-prikupi-vise-prihoda-nego-tri-hercegovacka-kantona-zajedno\/#primaryimage"},"image":{"@id":"https:\/\/tuzlainfo.ba\/index.php\/novosti\/item\/194532-podaci-porezne-uprave-fbih-tk-prikupi-vise-prihoda-nego-tri-hercegovacka-kantona-zajedno\/#primaryimage"},"thumbnailUrl":"https:\/\/tuzlainfo.ba\/wp-content\/uploads\/2020\/04\/sadrzaj_2020_20200401_1504_novac.jpg","datePublished":"2023-01-12T13:05:55+00:00","dateModified":"2023-01-12T20:50:04+00:00","breadcrumb":{"@id":"https:\/\/tuzlainfo.ba\/index.php\/novosti\/item\/194532-podaci-porezne-uprave-fbih-tk-prikupi-vise-prihoda-nego-tri-hercegovacka-kantona-zajedno\/#breadcrumb"},"inLanguage":"bs-BA","potentialAction":[{"@type":"ReadAction","target":["https:\/\/tuzlainfo.ba\/index.php\/novosti\/item\/194532-podaci-porezne-uprave-fbih-tk-prikupi-vise-prihoda-nego-tri-hercegovacka-kantona-zajedno\/"]}]},{"@type":"ImageObject","inLanguage":"bs-BA","@id":"https:\/\/tuzlainfo.ba\/index.php\/novosti\/item\/194532-podaci-porezne-uprave-fbih-tk-prikupi-vise-prihoda-nego-tri-hercegovacka-kantona-zajedno\/#primaryimage","url":"https:\/\/tuzlainfo.ba\/wp-content\/uploads\/2020\/04\/sadrzaj_2020_20200401_1504_novac.jpg","contentUrl":"https:\/\/tuzlainfo.ba\/wp-content\/uploads\/2020\/04\/sadrzaj_2020_20200401_1504_novac.jpg","width":770,"height":442,"caption":"1504 novac"},{"@type":"BreadcrumbList","@id":"https:\/\/tuzlainfo.ba\/index.php\/novosti\/item\/194532-podaci-porezne-uprave-fbih-tk-prikupi-vise-prihoda-nego-tri-hercegovacka-kantona-zajedno\/#breadcrumb","itemListElement":[{"@type":"ListItem","position":1,"name":"Home","item":"https:\/\/tuzlainfo.ba\/"},{"@type":"ListItem","position":2,"name":"Podaci porezne uprave FBiH: TK prikupi vi\u0161e prihoda nego tri hercegova\u010dka kantona zajedno"}]},{"@type":"WebSite","@id":"https:\/\/tuzlainfo.ba\/#website","url":"https:\/\/tuzlainfo.ba\/","name":"TuzlaInfo.ba","description":"Tuzla info, gradski informator - Tuzla na dlanu","publisher":{"@id":"https:\/\/tuzlainfo.ba\/#organization"},"potentialAction":[{"@type":"SearchAction","target":{"@type":"EntryPoint","urlTemplate":"https:\/\/tuzlainfo.ba\/?s={search_term_string}"},"query-input":{"@type":"PropertyValueSpecification","valueRequired":true,"valueName":"search_term_string"}}],"inLanguage":"bs-BA"},{"@type":"Organization","@id":"https:\/\/tuzlainfo.ba\/#organization","name":"TuzlaInfo.ba","url":"https:\/\/tuzlainfo.ba\/","logo":{"@type":"ImageObject","inLanguage":"bs-BA","@id":"https:\/\/tuzlainfo.ba\/#\/schema\/logo\/image\/","url":"https:\/\/tuzlainfo.ba\/wp-content\/uploads\/2021\/03\/logo-ver-3-1.png","contentUrl":"https:\/\/tuzlainfo.ba\/wp-content\/uploads\/2021\/03\/logo-ver-3-1.png","width":350,"height":95,"caption":"TuzlaInfo.ba"},"image":{"@id":"https:\/\/tuzlainfo.ba\/#\/schema\/logo\/image\/"},"sameAs":["https:\/\/www.facebook.com\/tuzlainfo.ba\/"]},{"@type":"Person","@id":"https:\/\/tuzlainfo.ba\/#\/schema\/person\/f434e20dc27ea133923aab08451b7f7f","name":"nedim","image":{"@type":"ImageObject","inLanguage":"bs-BA","@id":"https:\/\/tuzlainfo.ba\/#\/schema\/person\/image\/","url":"https:\/\/tuzlainfo.ba\/wp-content\/litespeed\/avatar\/aabad687af24844af817603ac1cbdc4f.jpg?ver=1776702173","contentUrl":"https:\/\/tuzlainfo.ba\/wp-content\/litespeed\/avatar\/aabad687af24844af817603ac1cbdc4f.jpg?ver=1776702173","caption":"nedim"},"description":"Tuzlainfo.ba pratite na dru\u0161tvenim mre\u017eama: Facebook, Instagram i Youtube. Svoje pri\u010de, upite i fotografije \u0161aljite na na\u0161u e-mail adresu."}]}},"_links":{"self":[{"href":"https:\/\/tuzlainfo.ba\/index.php\/wp-json\/wp\/v2\/posts\/194532"}],"collection":[{"href":"https:\/\/tuzlainfo.ba\/index.php\/wp-json\/wp\/v2\/posts"}],"about":[{"href":"https:\/\/tuzlainfo.ba\/index.php\/wp-json\/wp\/v2\/types\/post"}],"author":[{"embeddable":true,"href":"https:\/\/tuzlainfo.ba\/index.php\/wp-json\/wp\/v2\/users\/2"}],"replies":[{"embeddable":true,"href":"https:\/\/tuzlainfo.ba\/index.php\/wp-json\/wp\/v2\/comments?post=194532"}],"version-history":[{"count":0,"href":"https:\/\/tuzlainfo.ba\/index.php\/wp-json\/wp\/v2\/posts\/194532\/revisions"}],"wp:featuredmedia":[{"embeddable":true,"href":"https:\/\/tuzlainfo.ba\/index.php\/wp-json\/wp\/v2\/media\/78616"}],"wp:attachment":[{"href":"https:\/\/tuzlainfo.ba\/index.php\/wp-json\/wp\/v2\/media?parent=194532"}],"wp:term":[{"taxonomy":"category","embeddable":true,"href":"https:\/\/tuzlainfo.ba\/index.php\/wp-json\/wp\/v2\/categories?post=194532"},{"taxonomy":"post_tag","embeddable":true,"href":"https:\/\/tuzlainfo.ba\/index.php\/wp-json\/wp\/v2\/tags?post=194532"}],"curies":[{"name":"wp","href":"https:\/\/api.w.org\/{rel}","templated":true}]}}