{"id":194390,"date":"2023-01-10T19:52:24","date_gmt":"2023-01-10T18:52:24","guid":{"rendered":"https:\/\/tuzlainfo.ba\/?p=194390"},"modified":"2023-01-10T19:52:24","modified_gmt":"2023-01-10T18:52:24","slug":"u-sigurnoj-kuci-u-tuzli-prosle-godine-bilo-smjesteno-cak-47-djece","status":"publish","type":"post","link":"https:\/\/tuzlainfo.ba\/index.php\/novosti\/item\/194390-u-sigurnoj-kuci-u-tuzli-prosle-godine-bilo-smjesteno-cak-47-djece\/","title":{"rendered":"U Sigurnoj ku\u0107i u Tuzli pro\u0161le godine bilo smje\u0161teno \u010dak 47 djece"},"content":{"rendered":"<p>Svake godine oko 200 \u017eena se obrati i potra\u017ei pomo\u0107 u ambulanti za pomo\u0107 i podr\u0161ku pri Udru\u017eenju gra\u0111ana \u201eVive \u017eene\u201c zbog problema koji su u ve\u0107ini slu\u010dajeva povezani sa nasiljem u porodici. U pro\u0161loj godini u sigurnoj ku\u0107i \u201cVive \u017dene\u201d je bila smje\u0161tena 101 \u017ertva nasilja. Od toga 54 odrasle osobe \u017eenskog spola i 47 djece. Me\u0111utim, sigurnost koju ove ku\u0107e pru\u017eaju je privremena, jer po Zakonu o za\u0161titi nasilju u porodici FBiH boravak mo\u017ee trajati maksimalno \u0161est mjeseci, ali ukoliko se steknu uslovi za bezbjedan povratak u zajednicu. No, period boravka u sigurnim ku\u0107ama mo\u017ee trajati i kra\u0107e.<\/p>\n<p>&nbsp;<\/p>\n<p>\u201eMe\u0111utim, negdje u praksi to je otprilike dva do tri mjeseca koliko ostaju i koliko je potrebno za odre\u0111enu stabilizaciju prvo nje kao osobe, a drugo da se neke stvari koje su bile razlog dolaska u Sigurnu ku\u0107u mogu urediti da bi se zaista moglo nazvati sigurno\u0161\u0107u da ona mo\u017ee bezbjedno iza\u0107i iz Sigurne ku\u0107e bez rizika da se desi ne\u0161to gore\u201c rekla je Danijela Huremovi\u0107, voditeljica Sigurne ku\u0107e UG \u201eVive \u017eene\u201c Tuzla.<\/p>\n<p>Radi osiguranja fizi\u010dke za\u0161tite i ostvarivanja prava i interesa \u017ertve nasilja u porodici, bez straha i opasnosti po \u017eivot, policija i organ starateljstva du\u017eni su, uz prethodni pristanak \u017ertve, privremeno zbrinuti \u017ertvu nasilja u porodici u sigurnu ku\u0107u. Me\u0111utim, svaki izlazak iz sigurne ku\u0107e, uprkos svim poduzetim mjerama, sa sobom nosi rizik, a na\u017ealost u nekim slu\u010dajevima nasilje se ponovi, te \u017eene ponovo tra\u017ee za\u0161titu u sigurnoj ku\u0107i.<\/p>\n<p>&nbsp;<\/p>\n<p>\u201eNeke osobe znaju i po dva do tri puta u toku godine boraviti u Sigurnoj ku\u0107i, ali svakako nakon izlaska iz Sigurne ku\u0107e ne izostaje podr\u0161ka. One se uvijek mogu obratiti za pomo\u0107 i na raspolaganju smo tu za one koje potra\u017ee pomo\u0107. Klju\u010dno je to da je potrebno potra\u017eiti pomo\u0107 i znati kome se obratiti.\u201c zaklju\u010dila je Danijela Huremovi\u0107, voditeljica Sigurne ku\u0107e UG \u201eVive \u017eene\u201c Tuzla.<\/p>\n<p>Sigurna ku\u0107a u Tuzlanskom kantonu ima kapacitet od 23 kreveta i \u010detiri pomo\u0107na le\u017eaja u slu\u010daju potrebe. Obzirom da u ve\u0107ini slu\u010dajeva za\u0161titu tra\u017ee majke sa djecom zavr\u0161en je i projekat rekonstrukcije dvori\u0161ta sigurne ku\u0107e \u010dije otvaranje je planirano u aprilu ili maju, a sve u cilju da korisnice i djeca budu sigurni i za\u0161ti\u0107eni od pogleda i kontakta sa po\u010diniocima nasilja i da djeca imaju adekvatan prostor za igru.<\/p>\n","protected":false},"excerpt":{"rendered":"<p>Svake godine oko 200 \u017eena se obrati i potra\u017ei pomo\u0107 u ambulanti za pomo\u0107 i&hellip;<\/p>\n","protected":false},"author":4,"featured_media":194391,"comment_status":"open","ping_status":"closed","sticky":false,"template":"","format":"standard","meta":{"_acf_changed":false,"footnotes":""},"categories":[304,12],"tags":[6041,42,1376],"acf":[],"yoast_head":"<!-- This site is optimized with the Yoast SEO plugin v23.5 - https:\/\/yoast.com\/wordpress\/plugins\/seo\/ -->\n<title>U Sigurnoj ku\u0107i u Tuzli pro\u0161le godine bilo smje\u0161teno \u010dak 47 djece - TuzlaInfo.ba<\/title>\n<meta name=\"robots\" content=\"index, follow, max-snippet:-1, max-image-preview:large, max-video-preview:-1\" \/>\n<link rel=\"canonical\" href=\"https:\/\/tuzlainfo.ba\/index.php\/novosti\/item\/194390-u-sigurnoj-kuci-u-tuzli-prosle-godine-bilo-smjesteno-cak-47-djece\/\" \/>\n<meta property=\"og:locale\" content=\"bs_BA\" \/>\n<meta property=\"og:type\" content=\"article\" \/>\n<meta property=\"og:title\" content=\"U Sigurnoj ku\u0107i u Tuzli pro\u0161le godine bilo smje\u0161teno \u010dak 47 djece - TuzlaInfo.ba\" \/>\n<meta property=\"og:description\" content=\"Svake godine oko 200 \u017eena se obrati i potra\u017ei pomo\u0107 u ambulanti za pomo\u0107 i&hellip;\" \/>\n<meta property=\"og:url\" content=\"https:\/\/tuzlainfo.ba\/index.php\/novosti\/item\/194390-u-sigurnoj-kuci-u-tuzli-prosle-godine-bilo-smjesteno-cak-47-djece\/\" \/>\n<meta property=\"og:site_name\" content=\"TuzlaInfo.ba\" \/>\n<meta property=\"article:publisher\" content=\"https:\/\/www.facebook.com\/tuzlainfo.ba\/\" \/>\n<meta property=\"article:published_time\" content=\"2023-01-10T18:52:24+00:00\" \/>\n<meta property=\"og:image\" content=\"https:\/\/tuzlainfo.ba\/wp-content\/uploads\/2023\/01\/inbound155263740904766110.jpg\" \/>\n\t<meta property=\"og:image:width\" content=\"1919\" \/>\n\t<meta property=\"og:image:height\" content=\"861\" \/>\n\t<meta property=\"og:image:type\" content=\"image\/jpeg\" \/>\n<meta name=\"author\" content=\"Tuzla Info\" \/>\n<meta name=\"twitter:card\" content=\"summary_large_image\" \/>\n<meta name=\"twitter:label1\" content=\"Written by\" \/>\n\t<meta name=\"twitter:data1\" content=\"Tuzla Info\" \/>\n\t<meta name=\"twitter:label2\" content=\"Est. reading time\" \/>\n\t<meta name=\"twitter:data2\" content=\"2 minute\" \/>\n<script type=\"application\/ld+json\" class=\"yoast-schema-graph\">{\"@context\":\"https:\/\/schema.org\",\"@graph\":[{\"@type\":\"Article\",\"@id\":\"https:\/\/tuzlainfo.ba\/index.php\/novosti\/item\/194390-u-sigurnoj-kuci-u-tuzli-prosle-godine-bilo-smjesteno-cak-47-djece\/#article\",\"isPartOf\":{\"@id\":\"https:\/\/tuzlainfo.ba\/index.php\/novosti\/item\/194390-u-sigurnoj-kuci-u-tuzli-prosle-godine-bilo-smjesteno-cak-47-djece\/\"},\"author\":{\"name\":\"Tuzla Info\",\"@id\":\"https:\/\/tuzlainfo.ba\/#\/schema\/person\/46cad4c57790cbc50781edd14870825a\"},\"headline\":\"U Sigurnoj ku\u0107i u Tuzli pro\u0161le godine bilo smje\u0161teno \u010dak 47 djece\",\"datePublished\":\"2023-01-10T18:52:24+00:00\",\"dateModified\":\"2023-01-10T18:52:24+00:00\",\"mainEntityOfPage\":{\"@id\":\"https:\/\/tuzlainfo.ba\/index.php\/novosti\/item\/194390-u-sigurnoj-kuci-u-tuzli-prosle-godine-bilo-smjesteno-cak-47-djece\/\"},\"wordCount\":448,\"commentCount\":0,\"publisher\":{\"@id\":\"https:\/\/tuzlainfo.ba\/#organization\"},\"image\":{\"@id\":\"https:\/\/tuzlainfo.ba\/index.php\/novosti\/item\/194390-u-sigurnoj-kuci-u-tuzli-prosle-godine-bilo-smjesteno-cak-47-djece\/#primaryimage\"},\"thumbnailUrl\":\"https:\/\/tuzlainfo.ba\/wp-content\/uploads\/2023\/01\/inbound155263740904766110.jpg\",\"keywords\":[\"Sigurna ku\u0107a\",\"tuzla\",\"Viva \u017dene\"],\"articleSection\":[\"Istaknuto\",\"Novosti\"],\"inLanguage\":\"bs-BA\"},{\"@type\":\"WebPage\",\"@id\":\"https:\/\/tuzlainfo.ba\/index.php\/novosti\/item\/194390-u-sigurnoj-kuci-u-tuzli-prosle-godine-bilo-smjesteno-cak-47-djece\/\",\"url\":\"https:\/\/tuzlainfo.ba\/index.php\/novosti\/item\/194390-u-sigurnoj-kuci-u-tuzli-prosle-godine-bilo-smjesteno-cak-47-djece\/\",\"name\":\"U Sigurnoj ku\u0107i u Tuzli pro\u0161le godine bilo smje\u0161teno \u010dak 47 djece - TuzlaInfo.ba\",\"isPartOf\":{\"@id\":\"https:\/\/tuzlainfo.ba\/#website\"},\"primaryImageOfPage\":{\"@id\":\"https:\/\/tuzlainfo.ba\/index.php\/novosti\/item\/194390-u-sigurnoj-kuci-u-tuzli-prosle-godine-bilo-smjesteno-cak-47-djece\/#primaryimage\"},\"image\":{\"@id\":\"https:\/\/tuzlainfo.ba\/index.php\/novosti\/item\/194390-u-sigurnoj-kuci-u-tuzli-prosle-godine-bilo-smjesteno-cak-47-djece\/#primaryimage\"},\"thumbnailUrl\":\"https:\/\/tuzlainfo.ba\/wp-content\/uploads\/2023\/01\/inbound155263740904766110.jpg\",\"datePublished\":\"2023-01-10T18:52:24+00:00\",\"dateModified\":\"2023-01-10T18:52:24+00:00\",\"breadcrumb\":{\"@id\":\"https:\/\/tuzlainfo.ba\/index.php\/novosti\/item\/194390-u-sigurnoj-kuci-u-tuzli-prosle-godine-bilo-smjesteno-cak-47-djece\/#breadcrumb\"},\"inLanguage\":\"bs-BA\",\"potentialAction\":[{\"@type\":\"ReadAction\",\"target\":[\"https:\/\/tuzlainfo.ba\/index.php\/novosti\/item\/194390-u-sigurnoj-kuci-u-tuzli-prosle-godine-bilo-smjesteno-cak-47-djece\/\"]}]},{\"@type\":\"ImageObject\",\"inLanguage\":\"bs-BA\",\"@id\":\"https:\/\/tuzlainfo.ba\/index.php\/novosti\/item\/194390-u-sigurnoj-kuci-u-tuzli-prosle-godine-bilo-smjesteno-cak-47-djece\/#primaryimage\",\"url\":\"https:\/\/tuzlainfo.ba\/wp-content\/uploads\/2023\/01\/inbound155263740904766110.jpg\",\"contentUrl\":\"https:\/\/tuzlainfo.ba\/wp-content\/uploads\/2023\/01\/inbound155263740904766110.jpg\",\"width\":1919,\"height\":861},{\"@type\":\"BreadcrumbList\",\"@id\":\"https:\/\/tuzlainfo.ba\/index.php\/novosti\/item\/194390-u-sigurnoj-kuci-u-tuzli-prosle-godine-bilo-smjesteno-cak-47-djece\/#breadcrumb\",\"itemListElement\":[{\"@type\":\"ListItem\",\"position\":1,\"name\":\"Home\",\"item\":\"https:\/\/tuzlainfo.ba\/\"},{\"@type\":\"ListItem\",\"position\":2,\"name\":\"U Sigurnoj ku\u0107i u Tuzli pro\u0161le godine bilo smje\u0161teno \u010dak 47 djece\"}]},{\"@type\":\"WebSite\",\"@id\":\"https:\/\/tuzlainfo.ba\/#website\",\"url\":\"https:\/\/tuzlainfo.ba\/\",\"name\":\"TuzlaInfo.ba\",\"description\":\"Tuzla info, gradski informator - Tuzla na dlanu\",\"publisher\":{\"@id\":\"https:\/\/tuzlainfo.ba\/#organization\"},\"potentialAction\":[{\"@type\":\"SearchAction\",\"target\":{\"@type\":\"EntryPoint\",\"urlTemplate\":\"https:\/\/tuzlainfo.ba\/?s={search_term_string}\"},\"query-input\":{\"@type\":\"PropertyValueSpecification\",\"valueRequired\":true,\"valueName\":\"search_term_string\"}}],\"inLanguage\":\"bs-BA\"},{\"@type\":\"Organization\",\"@id\":\"https:\/\/tuzlainfo.ba\/#organization\",\"name\":\"TuzlaInfo.ba\",\"url\":\"https:\/\/tuzlainfo.ba\/\",\"logo\":{\"@type\":\"ImageObject\",\"inLanguage\":\"bs-BA\",\"@id\":\"https:\/\/tuzlainfo.ba\/#\/schema\/logo\/image\/\",\"url\":\"https:\/\/tuzlainfo.ba\/wp-content\/uploads\/2021\/03\/logo-ver-3-1.png\",\"contentUrl\":\"https:\/\/tuzlainfo.ba\/wp-content\/uploads\/2021\/03\/logo-ver-3-1.png\",\"width\":350,\"height\":95,\"caption\":\"TuzlaInfo.ba\"},\"image\":{\"@id\":\"https:\/\/tuzlainfo.ba\/#\/schema\/logo\/image\/\"},\"sameAs\":[\"https:\/\/www.facebook.com\/tuzlainfo.ba\/\"]},{\"@type\":\"Person\",\"@id\":\"https:\/\/tuzlainfo.ba\/#\/schema\/person\/46cad4c57790cbc50781edd14870825a\",\"name\":\"Tuzla Info\",\"image\":{\"@type\":\"ImageObject\",\"inLanguage\":\"bs-BA\",\"@id\":\"https:\/\/tuzlainfo.ba\/#\/schema\/person\/image\/\",\"url\":\"https:\/\/tuzlainfo.ba\/wp-content\/litespeed\/avatar\/b6c453a6c38e3654f2e4416c643fc25c.jpg?ver=1777051911\",\"contentUrl\":\"https:\/\/tuzlainfo.ba\/wp-content\/litespeed\/avatar\/b6c453a6c38e3654f2e4416c643fc25c.jpg?ver=1777051911\",\"caption\":\"Tuzla Info\"}}]}<\/script>\n<!-- \/ Yoast SEO plugin. -->","yoast_head_json":{"title":"U Sigurnoj ku\u0107i u Tuzli pro\u0161le godine bilo smje\u0161teno \u010dak 47 djece - TuzlaInfo.ba","robots":{"index":"index","follow":"follow","max-snippet":"max-snippet:-1","max-image-preview":"max-image-preview:large","max-video-preview":"max-video-preview:-1"},"canonical":"https:\/\/tuzlainfo.ba\/index.php\/novosti\/item\/194390-u-sigurnoj-kuci-u-tuzli-prosle-godine-bilo-smjesteno-cak-47-djece\/","og_locale":"bs_BA","og_type":"article","og_title":"U Sigurnoj ku\u0107i u Tuzli pro\u0161le godine bilo smje\u0161teno \u010dak 47 djece - TuzlaInfo.ba","og_description":"Svake godine oko 200 \u017eena se obrati i potra\u017ei pomo\u0107 u ambulanti za pomo\u0107 i&hellip;","og_url":"https:\/\/tuzlainfo.ba\/index.php\/novosti\/item\/194390-u-sigurnoj-kuci-u-tuzli-prosle-godine-bilo-smjesteno-cak-47-djece\/","og_site_name":"TuzlaInfo.ba","article_publisher":"https:\/\/www.facebook.com\/tuzlainfo.ba\/","article_published_time":"2023-01-10T18:52:24+00:00","og_image":[{"width":1919,"height":861,"url":"https:\/\/tuzlainfo.ba\/wp-content\/uploads\/2023\/01\/inbound155263740904766110.jpg","type":"image\/jpeg"}],"author":"Tuzla Info","twitter_card":"summary_large_image","twitter_misc":{"Written by":"Tuzla Info","Est. reading time":"2 minute"},"schema":{"@context":"https:\/\/schema.org","@graph":[{"@type":"Article","@id":"https:\/\/tuzlainfo.ba\/index.php\/novosti\/item\/194390-u-sigurnoj-kuci-u-tuzli-prosle-godine-bilo-smjesteno-cak-47-djece\/#article","isPartOf":{"@id":"https:\/\/tuzlainfo.ba\/index.php\/novosti\/item\/194390-u-sigurnoj-kuci-u-tuzli-prosle-godine-bilo-smjesteno-cak-47-djece\/"},"author":{"name":"Tuzla Info","@id":"https:\/\/tuzlainfo.ba\/#\/schema\/person\/46cad4c57790cbc50781edd14870825a"},"headline":"U Sigurnoj ku\u0107i u Tuzli pro\u0161le godine bilo smje\u0161teno \u010dak 47 djece","datePublished":"2023-01-10T18:52:24+00:00","dateModified":"2023-01-10T18:52:24+00:00","mainEntityOfPage":{"@id":"https:\/\/tuzlainfo.ba\/index.php\/novosti\/item\/194390-u-sigurnoj-kuci-u-tuzli-prosle-godine-bilo-smjesteno-cak-47-djece\/"},"wordCount":448,"commentCount":0,"publisher":{"@id":"https:\/\/tuzlainfo.ba\/#organization"},"image":{"@id":"https:\/\/tuzlainfo.ba\/index.php\/novosti\/item\/194390-u-sigurnoj-kuci-u-tuzli-prosle-godine-bilo-smjesteno-cak-47-djece\/#primaryimage"},"thumbnailUrl":"https:\/\/tuzlainfo.ba\/wp-content\/uploads\/2023\/01\/inbound155263740904766110.jpg","keywords":["Sigurna ku\u0107a","tuzla","Viva \u017dene"],"articleSection":["Istaknuto","Novosti"],"inLanguage":"bs-BA"},{"@type":"WebPage","@id":"https:\/\/tuzlainfo.ba\/index.php\/novosti\/item\/194390-u-sigurnoj-kuci-u-tuzli-prosle-godine-bilo-smjesteno-cak-47-djece\/","url":"https:\/\/tuzlainfo.ba\/index.php\/novosti\/item\/194390-u-sigurnoj-kuci-u-tuzli-prosle-godine-bilo-smjesteno-cak-47-djece\/","name":"U Sigurnoj ku\u0107i u Tuzli pro\u0161le godine bilo smje\u0161teno \u010dak 47 djece - TuzlaInfo.ba","isPartOf":{"@id":"https:\/\/tuzlainfo.ba\/#website"},"primaryImageOfPage":{"@id":"https:\/\/tuzlainfo.ba\/index.php\/novosti\/item\/194390-u-sigurnoj-kuci-u-tuzli-prosle-godine-bilo-smjesteno-cak-47-djece\/#primaryimage"},"image":{"@id":"https:\/\/tuzlainfo.ba\/index.php\/novosti\/item\/194390-u-sigurnoj-kuci-u-tuzli-prosle-godine-bilo-smjesteno-cak-47-djece\/#primaryimage"},"thumbnailUrl":"https:\/\/tuzlainfo.ba\/wp-content\/uploads\/2023\/01\/inbound155263740904766110.jpg","datePublished":"2023-01-10T18:52:24+00:00","dateModified":"2023-01-10T18:52:24+00:00","breadcrumb":{"@id":"https:\/\/tuzlainfo.ba\/index.php\/novosti\/item\/194390-u-sigurnoj-kuci-u-tuzli-prosle-godine-bilo-smjesteno-cak-47-djece\/#breadcrumb"},"inLanguage":"bs-BA","potentialAction":[{"@type":"ReadAction","target":["https:\/\/tuzlainfo.ba\/index.php\/novosti\/item\/194390-u-sigurnoj-kuci-u-tuzli-prosle-godine-bilo-smjesteno-cak-47-djece\/"]}]},{"@type":"ImageObject","inLanguage":"bs-BA","@id":"https:\/\/tuzlainfo.ba\/index.php\/novosti\/item\/194390-u-sigurnoj-kuci-u-tuzli-prosle-godine-bilo-smjesteno-cak-47-djece\/#primaryimage","url":"https:\/\/tuzlainfo.ba\/wp-content\/uploads\/2023\/01\/inbound155263740904766110.jpg","contentUrl":"https:\/\/tuzlainfo.ba\/wp-content\/uploads\/2023\/01\/inbound155263740904766110.jpg","width":1919,"height":861},{"@type":"BreadcrumbList","@id":"https:\/\/tuzlainfo.ba\/index.php\/novosti\/item\/194390-u-sigurnoj-kuci-u-tuzli-prosle-godine-bilo-smjesteno-cak-47-djece\/#breadcrumb","itemListElement":[{"@type":"ListItem","position":1,"name":"Home","item":"https:\/\/tuzlainfo.ba\/"},{"@type":"ListItem","position":2,"name":"U Sigurnoj ku\u0107i u Tuzli pro\u0161le godine bilo smje\u0161teno \u010dak 47 djece"}]},{"@type":"WebSite","@id":"https:\/\/tuzlainfo.ba\/#website","url":"https:\/\/tuzlainfo.ba\/","name":"TuzlaInfo.ba","description":"Tuzla info, gradski informator - Tuzla na dlanu","publisher":{"@id":"https:\/\/tuzlainfo.ba\/#organization"},"potentialAction":[{"@type":"SearchAction","target":{"@type":"EntryPoint","urlTemplate":"https:\/\/tuzlainfo.ba\/?s={search_term_string}"},"query-input":{"@type":"PropertyValueSpecification","valueRequired":true,"valueName":"search_term_string"}}],"inLanguage":"bs-BA"},{"@type":"Organization","@id":"https:\/\/tuzlainfo.ba\/#organization","name":"TuzlaInfo.ba","url":"https:\/\/tuzlainfo.ba\/","logo":{"@type":"ImageObject","inLanguage":"bs-BA","@id":"https:\/\/tuzlainfo.ba\/#\/schema\/logo\/image\/","url":"https:\/\/tuzlainfo.ba\/wp-content\/uploads\/2021\/03\/logo-ver-3-1.png","contentUrl":"https:\/\/tuzlainfo.ba\/wp-content\/uploads\/2021\/03\/logo-ver-3-1.png","width":350,"height":95,"caption":"TuzlaInfo.ba"},"image":{"@id":"https:\/\/tuzlainfo.ba\/#\/schema\/logo\/image\/"},"sameAs":["https:\/\/www.facebook.com\/tuzlainfo.ba\/"]},{"@type":"Person","@id":"https:\/\/tuzlainfo.ba\/#\/schema\/person\/46cad4c57790cbc50781edd14870825a","name":"Tuzla Info","image":{"@type":"ImageObject","inLanguage":"bs-BA","@id":"https:\/\/tuzlainfo.ba\/#\/schema\/person\/image\/","url":"https:\/\/tuzlainfo.ba\/wp-content\/litespeed\/avatar\/b6c453a6c38e3654f2e4416c643fc25c.jpg?ver=1777051911","contentUrl":"https:\/\/tuzlainfo.ba\/wp-content\/litespeed\/avatar\/b6c453a6c38e3654f2e4416c643fc25c.jpg?ver=1777051911","caption":"Tuzla Info"}}]}},"_links":{"self":[{"href":"https:\/\/tuzlainfo.ba\/index.php\/wp-json\/wp\/v2\/posts\/194390"}],"collection":[{"href":"https:\/\/tuzlainfo.ba\/index.php\/wp-json\/wp\/v2\/posts"}],"about":[{"href":"https:\/\/tuzlainfo.ba\/index.php\/wp-json\/wp\/v2\/types\/post"}],"author":[{"embeddable":true,"href":"https:\/\/tuzlainfo.ba\/index.php\/wp-json\/wp\/v2\/users\/4"}],"replies":[{"embeddable":true,"href":"https:\/\/tuzlainfo.ba\/index.php\/wp-json\/wp\/v2\/comments?post=194390"}],"version-history":[{"count":0,"href":"https:\/\/tuzlainfo.ba\/index.php\/wp-json\/wp\/v2\/posts\/194390\/revisions"}],"wp:featuredmedia":[{"embeddable":true,"href":"https:\/\/tuzlainfo.ba\/index.php\/wp-json\/wp\/v2\/media\/194391"}],"wp:attachment":[{"href":"https:\/\/tuzlainfo.ba\/index.php\/wp-json\/wp\/v2\/media?parent=194390"}],"wp:term":[{"taxonomy":"category","embeddable":true,"href":"https:\/\/tuzlainfo.ba\/index.php\/wp-json\/wp\/v2\/categories?post=194390"},{"taxonomy":"post_tag","embeddable":true,"href":"https:\/\/tuzlainfo.ba\/index.php\/wp-json\/wp\/v2\/tags?post=194390"}],"curies":[{"name":"wp","href":"https:\/\/api.w.org\/{rel}","templated":true}]}}