{"id":194312,"date":"2023-01-09T18:01:30","date_gmt":"2023-01-09T17:01:30","guid":{"rendered":"https:\/\/tuzlainfo.ba\/?p=194312"},"modified":"2023-01-09T20:41:15","modified_gmt":"2023-01-09T19:41:15","slug":"zbog-respiratornih-virusa-sve-vise-oboljele-djece-u-tuzli","status":"publish","type":"post","link":"https:\/\/tuzlainfo.ba\/index.php\/novosti\/item\/194312-zbog-respiratornih-virusa-sve-vise-oboljele-djece-u-tuzli\/","title":{"rendered":"Zbog respiratornih virusa sve vi\u0161e oboljele djece u Tuzli"},"content":{"rendered":"<p><span lang=\"hr-BA\">Neobi\u010dno toplo vrijeme za ovo doba godine u kombinaciji sa zaga\u0111enim zrakom za posljedicu imaju pove\u0107an broj djece oboljele od respiratornih virusa, zbog \u010dega su u posljednje vrijeme \u010dekaonice u domovima zdravlja sve punije.<\/span><\/p>\n<p><span lang=\"hr-BA\">Respiratorni virusi uglavnom napadaju djecu dojena\u010dke dobi, ali nisu po\u0161te\u0111ena ni ne\u0161to ve\u0107a djeca.<\/span><\/p>\n<p>\u201e<span lang=\"hr-BA\">Mogu re\u0107i da se radi najvi\u0161e o respiratornim tegobama koje su pra\u0107ene ka\u0161ljem, ponekad i sa smetnjama sa disanjem. Sve te tegobe zahtijevaju ljekarski nadzor pa smo svi pedijatri trenutno u vanrednijim okolnostima\u201c, kazala je u izjavi za RTV Slon <\/span>mr.med.sc.dr. Dijana Dugonji\u0107, \u0161efica Dispanzera za pred\u0161kolsku djecu.<\/p>\n<p><span lang=\"hr-BA\">Ovaj respiratorni virus koji se vrlo lako \u0161iri, naro\u010dito me\u0111u djecom koja borave u kolektivima, \u010desto je pra\u0107en i temperaturom i ka\u0161ljem koji mo\u017ee potrajati i vi\u0161e sedmica, upozorava dr. Dugonji\u0107.<\/span><\/p>\n<p>\u201e<span lang=\"hr-BA\">Virusne infekcije u pravilu traju i do tri sedmice, pedijatri ula\u017eu dodatni napor u savjetovanju roditelja da budu strpljivi, da simptomatska terapija ponekad mo\u017ee trajati i vi\u0161e sedmica\u201c, dodaje dr. Dugonji\u0107.<\/span><\/p>\n<p><span lang=\"hr-BA\">U posljednja tri mjeseca pedijatri u Dispanzeru za lije\u010denje pred\u0161kolske djece u Domu zdravlja Tuzla, dnevno pregledaju i do 200 malih pacijenata. Osim respiratornih virusa sve je \u010de\u0161\u0107a zaraza i streptokok bakterijom.<\/span><\/p>\n<p><span lang=\"hr-BA\">Zaraza streptokokom se karakteri\u0161e sa jakom upalom grla, boli u grlu, te\u0161kim gutanjem i nagonom na povra\u0107anje. U odnosu na klasi\u010dnu virozu, razlikuje se po visini temperature koju dijete mo\u017ee dobiti.<\/span><\/p>\n<p>\u201e<span lang=\"hr-BA\">Streptokokna upala grla po\u010dinje u najve\u0107em broju slu\u010dajeva naglom temperaturom koja se razlikuje od virozne koju mo\u017eemo predvidjeti kada dijete polije\u017ee, curi mu nos i sli\u010dno. Jedan od podataka koji nam roditelj daju je da su temperature te\u0161ko oborive neovisno na na\u0161e preporuke i provo\u0111enje preporuke davanja redovno antipiretskih mjera\u201c, rekla je\u00a0<\/span>mr.med.sc.dr Dijana Dugonji\u0107, \u0161efica Dispanzera za pred\u0161kolsku djecu.<\/p>\n<p><span lang=\"hr-BA\">Osim djecu, virusi u posljednje vrijeme napadaju i odrasle. Trenutno je aktuelan virus gripe, koji \u0107e, prema pretpostavci stru\u010dnjaka, svoj najvi\u0161i nivo dose\u0107i krajem januara i po\u010detkom marta. Zbog toga ljekari savjetuju preventivno ja\u010danje imunolo\u0161kog sistema.<\/span><\/p>\n<p><a name=\"_GoBack\"><\/a><em>\u201e<span lang=\"hr-BA\">Preporu\u010dila bih pacijentima da koriste velike doze vitamina C, a to su od 1000 do 2000 mg dnevno, mirovanje, tople napitke, ispiranje \u017edrijela, ispiranje sluznice nosa. Treba koristiti i stare u\u010dinkovite lijekove, to su preparati ehinace i pile\u0107a juha\u201c, rekla je\u00a0<\/span>dr. Azra Agi\u0107, specijalistica porodi\u010dne medicine.<\/em><\/p>\n<p><em><span lang=\"hr-BA\">Iako je pove\u0107an priliv pacijenata u svim slu\u017ebama, ljekari isti\u010du nema mjesta za paniku, te savjetuju sve gra\u0111ane, a naro\u010dito roditelje da djeci ja\u010daju imunitet prirodnim preparatima, poja\u010daju im fizi\u010dku aktivnost i omogu\u0107e \u010de\u0161\u0107i boravak na svje\u017eem zraku.<\/span><\/em><\/p>\n","protected":false},"excerpt":{"rendered":"<p>Neobi\u010dno toplo vrijeme za ovo doba godine u kombinaciji sa zaga\u0111enim zrakom za posljedicu imaju&hellip;<\/p>\n","protected":false},"author":4,"featured_media":72805,"comment_status":"open","ping_status":"closed","sticky":false,"template":"","format":"standard","meta":{"_acf_changed":false,"footnotes":""},"categories":[304,12,306],"tags":[577,6038],"acf":[],"yoast_head":"<!-- This site is optimized with the Yoast SEO plugin v23.5 - https:\/\/yoast.com\/wordpress\/plugins\/seo\/ -->\n<title>Zbog respiratornih virusa sve vi\u0161e oboljele djece u Tuzli - TuzlaInfo.ba<\/title>\n<meta name=\"robots\" content=\"index, follow, max-snippet:-1, max-image-preview:large, max-video-preview:-1\" \/>\n<link rel=\"canonical\" href=\"https:\/\/tuzlainfo.ba\/index.php\/novosti\/item\/194312-zbog-respiratornih-virusa-sve-vise-oboljele-djece-u-tuzli\/\" \/>\n<meta property=\"og:locale\" content=\"bs_BA\" \/>\n<meta property=\"og:type\" content=\"article\" \/>\n<meta property=\"og:title\" content=\"Zbog respiratornih virusa sve vi\u0161e oboljele djece u Tuzli - TuzlaInfo.ba\" \/>\n<meta property=\"og:description\" content=\"Neobi\u010dno toplo vrijeme za ovo doba godine u kombinaciji sa zaga\u0111enim zrakom za posljedicu imaju&hellip;\" \/>\n<meta property=\"og:url\" content=\"https:\/\/tuzlainfo.ba\/index.php\/novosti\/item\/194312-zbog-respiratornih-virusa-sve-vise-oboljele-djece-u-tuzli\/\" \/>\n<meta property=\"og:site_name\" content=\"TuzlaInfo.ba\" \/>\n<meta property=\"article:publisher\" content=\"https:\/\/www.facebook.com\/tuzlainfo.ba\/\" \/>\n<meta property=\"article:published_time\" content=\"2023-01-09T17:01:30+00:00\" \/>\n<meta property=\"article:modified_time\" content=\"2023-01-09T19:41:15+00:00\" \/>\n<meta property=\"og:image\" content=\"https:\/\/tuzlainfo.ba\/wp-content\/uploads\/2019\/08\/sadrzaj_2019_20190801_2908_dom_zdravlja.jpg\" \/>\n\t<meta property=\"og:image:width\" content=\"770\" \/>\n\t<meta property=\"og:image:height\" content=\"529\" \/>\n\t<meta property=\"og:image:type\" content=\"image\/jpeg\" \/>\n<meta name=\"author\" content=\"Tuzla Info\" \/>\n<meta name=\"twitter:card\" content=\"summary_large_image\" \/>\n<meta name=\"twitter:label1\" content=\"Written by\" \/>\n\t<meta name=\"twitter:data1\" content=\"Tuzla Info\" \/>\n\t<meta name=\"twitter:label2\" content=\"Est. reading time\" \/>\n\t<meta name=\"twitter:data2\" content=\"2 minute\" \/>\n<script type=\"application\/ld+json\" class=\"yoast-schema-graph\">{\"@context\":\"https:\/\/schema.org\",\"@graph\":[{\"@type\":\"Article\",\"@id\":\"https:\/\/tuzlainfo.ba\/index.php\/novosti\/item\/194312-zbog-respiratornih-virusa-sve-vise-oboljele-djece-u-tuzli\/#article\",\"isPartOf\":{\"@id\":\"https:\/\/tuzlainfo.ba\/index.php\/novosti\/item\/194312-zbog-respiratornih-virusa-sve-vise-oboljele-djece-u-tuzli\/\"},\"author\":{\"name\":\"Tuzla Info\",\"@id\":\"https:\/\/tuzlainfo.ba\/#\/schema\/person\/46cad4c57790cbc50781edd14870825a\"},\"headline\":\"Zbog respiratornih virusa sve vi\u0161e oboljele djece u Tuzli\",\"datePublished\":\"2023-01-09T17:01:30+00:00\",\"dateModified\":\"2023-01-09T19:41:15+00:00\",\"mainEntityOfPage\":{\"@id\":\"https:\/\/tuzlainfo.ba\/index.php\/novosti\/item\/194312-zbog-respiratornih-virusa-sve-vise-oboljele-djece-u-tuzli\/\"},\"wordCount\":476,\"commentCount\":0,\"publisher\":{\"@id\":\"https:\/\/tuzlainfo.ba\/#organization\"},\"image\":{\"@id\":\"https:\/\/tuzlainfo.ba\/index.php\/novosti\/item\/194312-zbog-respiratornih-virusa-sve-vise-oboljele-djece-u-tuzli\/#primaryimage\"},\"thumbnailUrl\":\"https:\/\/tuzlainfo.ba\/wp-content\/uploads\/2019\/08\/sadrzaj_2019_20190801_2908_dom_zdravlja.jpg\",\"keywords\":[\"dom zdravlja tuzla\",\"respiratorni virus\"],\"articleSection\":[\"Istaknuto\",\"Novosti\",\"Preporu\u010dujemo\"],\"inLanguage\":\"bs-BA\"},{\"@type\":\"WebPage\",\"@id\":\"https:\/\/tuzlainfo.ba\/index.php\/novosti\/item\/194312-zbog-respiratornih-virusa-sve-vise-oboljele-djece-u-tuzli\/\",\"url\":\"https:\/\/tuzlainfo.ba\/index.php\/novosti\/item\/194312-zbog-respiratornih-virusa-sve-vise-oboljele-djece-u-tuzli\/\",\"name\":\"Zbog respiratornih virusa sve vi\u0161e oboljele djece u Tuzli - TuzlaInfo.ba\",\"isPartOf\":{\"@id\":\"https:\/\/tuzlainfo.ba\/#website\"},\"primaryImageOfPage\":{\"@id\":\"https:\/\/tuzlainfo.ba\/index.php\/novosti\/item\/194312-zbog-respiratornih-virusa-sve-vise-oboljele-djece-u-tuzli\/#primaryimage\"},\"image\":{\"@id\":\"https:\/\/tuzlainfo.ba\/index.php\/novosti\/item\/194312-zbog-respiratornih-virusa-sve-vise-oboljele-djece-u-tuzli\/#primaryimage\"},\"thumbnailUrl\":\"https:\/\/tuzlainfo.ba\/wp-content\/uploads\/2019\/08\/sadrzaj_2019_20190801_2908_dom_zdravlja.jpg\",\"datePublished\":\"2023-01-09T17:01:30+00:00\",\"dateModified\":\"2023-01-09T19:41:15+00:00\",\"breadcrumb\":{\"@id\":\"https:\/\/tuzlainfo.ba\/index.php\/novosti\/item\/194312-zbog-respiratornih-virusa-sve-vise-oboljele-djece-u-tuzli\/#breadcrumb\"},\"inLanguage\":\"bs-BA\",\"potentialAction\":[{\"@type\":\"ReadAction\",\"target\":[\"https:\/\/tuzlainfo.ba\/index.php\/novosti\/item\/194312-zbog-respiratornih-virusa-sve-vise-oboljele-djece-u-tuzli\/\"]}]},{\"@type\":\"ImageObject\",\"inLanguage\":\"bs-BA\",\"@id\":\"https:\/\/tuzlainfo.ba\/index.php\/novosti\/item\/194312-zbog-respiratornih-virusa-sve-vise-oboljele-djece-u-tuzli\/#primaryimage\",\"url\":\"https:\/\/tuzlainfo.ba\/wp-content\/uploads\/2019\/08\/sadrzaj_2019_20190801_2908_dom_zdravlja.jpg\",\"contentUrl\":\"https:\/\/tuzlainfo.ba\/wp-content\/uploads\/2019\/08\/sadrzaj_2019_20190801_2908_dom_zdravlja.jpg\",\"width\":770,\"height\":529,\"caption\":\"2908 dom zdravlja\"},{\"@type\":\"BreadcrumbList\",\"@id\":\"https:\/\/tuzlainfo.ba\/index.php\/novosti\/item\/194312-zbog-respiratornih-virusa-sve-vise-oboljele-djece-u-tuzli\/#breadcrumb\",\"itemListElement\":[{\"@type\":\"ListItem\",\"position\":1,\"name\":\"Home\",\"item\":\"https:\/\/tuzlainfo.ba\/\"},{\"@type\":\"ListItem\",\"position\":2,\"name\":\"Zbog respiratornih virusa sve vi\u0161e oboljele djece u Tuzli\"}]},{\"@type\":\"WebSite\",\"@id\":\"https:\/\/tuzlainfo.ba\/#website\",\"url\":\"https:\/\/tuzlainfo.ba\/\",\"name\":\"TuzlaInfo.ba\",\"description\":\"Tuzla info, gradski informator - Tuzla na dlanu\",\"publisher\":{\"@id\":\"https:\/\/tuzlainfo.ba\/#organization\"},\"potentialAction\":[{\"@type\":\"SearchAction\",\"target\":{\"@type\":\"EntryPoint\",\"urlTemplate\":\"https:\/\/tuzlainfo.ba\/?s={search_term_string}\"},\"query-input\":{\"@type\":\"PropertyValueSpecification\",\"valueRequired\":true,\"valueName\":\"search_term_string\"}}],\"inLanguage\":\"bs-BA\"},{\"@type\":\"Organization\",\"@id\":\"https:\/\/tuzlainfo.ba\/#organization\",\"name\":\"TuzlaInfo.ba\",\"url\":\"https:\/\/tuzlainfo.ba\/\",\"logo\":{\"@type\":\"ImageObject\",\"inLanguage\":\"bs-BA\",\"@id\":\"https:\/\/tuzlainfo.ba\/#\/schema\/logo\/image\/\",\"url\":\"https:\/\/tuzlainfo.ba\/wp-content\/uploads\/2021\/03\/logo-ver-3-1.png\",\"contentUrl\":\"https:\/\/tuzlainfo.ba\/wp-content\/uploads\/2021\/03\/logo-ver-3-1.png\",\"width\":350,\"height\":95,\"caption\":\"TuzlaInfo.ba\"},\"image\":{\"@id\":\"https:\/\/tuzlainfo.ba\/#\/schema\/logo\/image\/\"},\"sameAs\":[\"https:\/\/www.facebook.com\/tuzlainfo.ba\/\"]},{\"@type\":\"Person\",\"@id\":\"https:\/\/tuzlainfo.ba\/#\/schema\/person\/46cad4c57790cbc50781edd14870825a\",\"name\":\"Tuzla Info\",\"image\":{\"@type\":\"ImageObject\",\"inLanguage\":\"bs-BA\",\"@id\":\"https:\/\/tuzlainfo.ba\/#\/schema\/person\/image\/\",\"url\":\"https:\/\/tuzlainfo.ba\/wp-content\/litespeed\/avatar\/b6c453a6c38e3654f2e4416c643fc25c.jpg?ver=1777051911\",\"contentUrl\":\"https:\/\/tuzlainfo.ba\/wp-content\/litespeed\/avatar\/b6c453a6c38e3654f2e4416c643fc25c.jpg?ver=1777051911\",\"caption\":\"Tuzla Info\"}}]}<\/script>\n<!-- \/ Yoast SEO plugin. -->","yoast_head_json":{"title":"Zbog respiratornih virusa sve vi\u0161e oboljele djece u Tuzli - TuzlaInfo.ba","robots":{"index":"index","follow":"follow","max-snippet":"max-snippet:-1","max-image-preview":"max-image-preview:large","max-video-preview":"max-video-preview:-1"},"canonical":"https:\/\/tuzlainfo.ba\/index.php\/novosti\/item\/194312-zbog-respiratornih-virusa-sve-vise-oboljele-djece-u-tuzli\/","og_locale":"bs_BA","og_type":"article","og_title":"Zbog respiratornih virusa sve vi\u0161e oboljele djece u Tuzli - TuzlaInfo.ba","og_description":"Neobi\u010dno toplo vrijeme za ovo doba godine u kombinaciji sa zaga\u0111enim zrakom za posljedicu imaju&hellip;","og_url":"https:\/\/tuzlainfo.ba\/index.php\/novosti\/item\/194312-zbog-respiratornih-virusa-sve-vise-oboljele-djece-u-tuzli\/","og_site_name":"TuzlaInfo.ba","article_publisher":"https:\/\/www.facebook.com\/tuzlainfo.ba\/","article_published_time":"2023-01-09T17:01:30+00:00","article_modified_time":"2023-01-09T19:41:15+00:00","og_image":[{"width":770,"height":529,"url":"https:\/\/tuzlainfo.ba\/wp-content\/uploads\/2019\/08\/sadrzaj_2019_20190801_2908_dom_zdravlja.jpg","type":"image\/jpeg"}],"author":"Tuzla Info","twitter_card":"summary_large_image","twitter_misc":{"Written by":"Tuzla Info","Est. reading time":"2 minute"},"schema":{"@context":"https:\/\/schema.org","@graph":[{"@type":"Article","@id":"https:\/\/tuzlainfo.ba\/index.php\/novosti\/item\/194312-zbog-respiratornih-virusa-sve-vise-oboljele-djece-u-tuzli\/#article","isPartOf":{"@id":"https:\/\/tuzlainfo.ba\/index.php\/novosti\/item\/194312-zbog-respiratornih-virusa-sve-vise-oboljele-djece-u-tuzli\/"},"author":{"name":"Tuzla Info","@id":"https:\/\/tuzlainfo.ba\/#\/schema\/person\/46cad4c57790cbc50781edd14870825a"},"headline":"Zbog respiratornih virusa sve vi\u0161e oboljele djece u Tuzli","datePublished":"2023-01-09T17:01:30+00:00","dateModified":"2023-01-09T19:41:15+00:00","mainEntityOfPage":{"@id":"https:\/\/tuzlainfo.ba\/index.php\/novosti\/item\/194312-zbog-respiratornih-virusa-sve-vise-oboljele-djece-u-tuzli\/"},"wordCount":476,"commentCount":0,"publisher":{"@id":"https:\/\/tuzlainfo.ba\/#organization"},"image":{"@id":"https:\/\/tuzlainfo.ba\/index.php\/novosti\/item\/194312-zbog-respiratornih-virusa-sve-vise-oboljele-djece-u-tuzli\/#primaryimage"},"thumbnailUrl":"https:\/\/tuzlainfo.ba\/wp-content\/uploads\/2019\/08\/sadrzaj_2019_20190801_2908_dom_zdravlja.jpg","keywords":["dom zdravlja tuzla","respiratorni virus"],"articleSection":["Istaknuto","Novosti","Preporu\u010dujemo"],"inLanguage":"bs-BA"},{"@type":"WebPage","@id":"https:\/\/tuzlainfo.ba\/index.php\/novosti\/item\/194312-zbog-respiratornih-virusa-sve-vise-oboljele-djece-u-tuzli\/","url":"https:\/\/tuzlainfo.ba\/index.php\/novosti\/item\/194312-zbog-respiratornih-virusa-sve-vise-oboljele-djece-u-tuzli\/","name":"Zbog respiratornih virusa sve vi\u0161e oboljele djece u Tuzli - TuzlaInfo.ba","isPartOf":{"@id":"https:\/\/tuzlainfo.ba\/#website"},"primaryImageOfPage":{"@id":"https:\/\/tuzlainfo.ba\/index.php\/novosti\/item\/194312-zbog-respiratornih-virusa-sve-vise-oboljele-djece-u-tuzli\/#primaryimage"},"image":{"@id":"https:\/\/tuzlainfo.ba\/index.php\/novosti\/item\/194312-zbog-respiratornih-virusa-sve-vise-oboljele-djece-u-tuzli\/#primaryimage"},"thumbnailUrl":"https:\/\/tuzlainfo.ba\/wp-content\/uploads\/2019\/08\/sadrzaj_2019_20190801_2908_dom_zdravlja.jpg","datePublished":"2023-01-09T17:01:30+00:00","dateModified":"2023-01-09T19:41:15+00:00","breadcrumb":{"@id":"https:\/\/tuzlainfo.ba\/index.php\/novosti\/item\/194312-zbog-respiratornih-virusa-sve-vise-oboljele-djece-u-tuzli\/#breadcrumb"},"inLanguage":"bs-BA","potentialAction":[{"@type":"ReadAction","target":["https:\/\/tuzlainfo.ba\/index.php\/novosti\/item\/194312-zbog-respiratornih-virusa-sve-vise-oboljele-djece-u-tuzli\/"]}]},{"@type":"ImageObject","inLanguage":"bs-BA","@id":"https:\/\/tuzlainfo.ba\/index.php\/novosti\/item\/194312-zbog-respiratornih-virusa-sve-vise-oboljele-djece-u-tuzli\/#primaryimage","url":"https:\/\/tuzlainfo.ba\/wp-content\/uploads\/2019\/08\/sadrzaj_2019_20190801_2908_dom_zdravlja.jpg","contentUrl":"https:\/\/tuzlainfo.ba\/wp-content\/uploads\/2019\/08\/sadrzaj_2019_20190801_2908_dom_zdravlja.jpg","width":770,"height":529,"caption":"2908 dom zdravlja"},{"@type":"BreadcrumbList","@id":"https:\/\/tuzlainfo.ba\/index.php\/novosti\/item\/194312-zbog-respiratornih-virusa-sve-vise-oboljele-djece-u-tuzli\/#breadcrumb","itemListElement":[{"@type":"ListItem","position":1,"name":"Home","item":"https:\/\/tuzlainfo.ba\/"},{"@type":"ListItem","position":2,"name":"Zbog respiratornih virusa sve vi\u0161e oboljele djece u Tuzli"}]},{"@type":"WebSite","@id":"https:\/\/tuzlainfo.ba\/#website","url":"https:\/\/tuzlainfo.ba\/","name":"TuzlaInfo.ba","description":"Tuzla info, gradski informator - Tuzla na dlanu","publisher":{"@id":"https:\/\/tuzlainfo.ba\/#organization"},"potentialAction":[{"@type":"SearchAction","target":{"@type":"EntryPoint","urlTemplate":"https:\/\/tuzlainfo.ba\/?s={search_term_string}"},"query-input":{"@type":"PropertyValueSpecification","valueRequired":true,"valueName":"search_term_string"}}],"inLanguage":"bs-BA"},{"@type":"Organization","@id":"https:\/\/tuzlainfo.ba\/#organization","name":"TuzlaInfo.ba","url":"https:\/\/tuzlainfo.ba\/","logo":{"@type":"ImageObject","inLanguage":"bs-BA","@id":"https:\/\/tuzlainfo.ba\/#\/schema\/logo\/image\/","url":"https:\/\/tuzlainfo.ba\/wp-content\/uploads\/2021\/03\/logo-ver-3-1.png","contentUrl":"https:\/\/tuzlainfo.ba\/wp-content\/uploads\/2021\/03\/logo-ver-3-1.png","width":350,"height":95,"caption":"TuzlaInfo.ba"},"image":{"@id":"https:\/\/tuzlainfo.ba\/#\/schema\/logo\/image\/"},"sameAs":["https:\/\/www.facebook.com\/tuzlainfo.ba\/"]},{"@type":"Person","@id":"https:\/\/tuzlainfo.ba\/#\/schema\/person\/46cad4c57790cbc50781edd14870825a","name":"Tuzla Info","image":{"@type":"ImageObject","inLanguage":"bs-BA","@id":"https:\/\/tuzlainfo.ba\/#\/schema\/person\/image\/","url":"https:\/\/tuzlainfo.ba\/wp-content\/litespeed\/avatar\/b6c453a6c38e3654f2e4416c643fc25c.jpg?ver=1777051911","contentUrl":"https:\/\/tuzlainfo.ba\/wp-content\/litespeed\/avatar\/b6c453a6c38e3654f2e4416c643fc25c.jpg?ver=1777051911","caption":"Tuzla Info"}}]}},"_links":{"self":[{"href":"https:\/\/tuzlainfo.ba\/index.php\/wp-json\/wp\/v2\/posts\/194312"}],"collection":[{"href":"https:\/\/tuzlainfo.ba\/index.php\/wp-json\/wp\/v2\/posts"}],"about":[{"href":"https:\/\/tuzlainfo.ba\/index.php\/wp-json\/wp\/v2\/types\/post"}],"author":[{"embeddable":true,"href":"https:\/\/tuzlainfo.ba\/index.php\/wp-json\/wp\/v2\/users\/4"}],"replies":[{"embeddable":true,"href":"https:\/\/tuzlainfo.ba\/index.php\/wp-json\/wp\/v2\/comments?post=194312"}],"version-history":[{"count":0,"href":"https:\/\/tuzlainfo.ba\/index.php\/wp-json\/wp\/v2\/posts\/194312\/revisions"}],"wp:featuredmedia":[{"embeddable":true,"href":"https:\/\/tuzlainfo.ba\/index.php\/wp-json\/wp\/v2\/media\/72805"}],"wp:attachment":[{"href":"https:\/\/tuzlainfo.ba\/index.php\/wp-json\/wp\/v2\/media?parent=194312"}],"wp:term":[{"taxonomy":"category","embeddable":true,"href":"https:\/\/tuzlainfo.ba\/index.php\/wp-json\/wp\/v2\/categories?post=194312"},{"taxonomy":"post_tag","embeddable":true,"href":"https:\/\/tuzlainfo.ba\/index.php\/wp-json\/wp\/v2\/tags?post=194312"}],"curies":[{"name":"wp","href":"https:\/\/api.w.org\/{rel}","templated":true}]}}