{"id":194285,"date":"2023-01-09T14:28:21","date_gmt":"2023-01-09T13:28:21","guid":{"rendered":"https:\/\/tuzlainfo.ba\/?p=194285"},"modified":"2023-01-09T14:28:21","modified_gmt":"2023-01-09T13:28:21","slug":"turkovic-pisala-abazovicu-cin-ministara-iz-vlade-crne-gore-je-nepostovanje-institucija-bih","status":"publish","type":"post","link":"https:\/\/tuzlainfo.ba\/index.php\/bosna-i-hercegovina\/item\/194285-turkovic-pisala-abazovicu-cin-ministara-iz-vlade-crne-gore-je-nepostovanje-institucija-bih\/","title":{"rendered":"Turkovi\u0107 pisala Abazovi\u0107u: \u010cin ministara iz Vlade Crne Gore je nepo\u0161tovanje institucija BiH"},"content":{"rendered":"<div class=\"x11i5rnm xat24cr x1mh8g0r x1vvkbs xdj266r x126k92a\">\n<p dir=\"auto\">Zamjenica predsjedavaju\u0107eg Vije\u0107a ministara BiH i ministrica vanjskih poslova BiH dr Bisera Turkovi\u0107 uputila je protestno pismo Dritanu Abazovi\u0107u, premijeru Crne Gore i koordinatoru ministarstva vanjskih poslova povodom prisustva ministara pravde i finansija Crne Gore Marka Kova\u010da i Aleksandra Damjanovi\u0107a na akademiji kojom se obilje\u017eava 9. januar kao dan bosanskohercegova\u010dkog entiteta Republike Srpske.<\/p>\n<\/div>\n<div dir=\"auto\">&#8211; Upu\u0107ujem protest Vladi Crne Gore, prijateljske i susjedne dr\u017eave. Odlukom Ustavnog suda Bosne i Hercegovine 9. januar kao Dan RS progla\u0161en je neustavnim i diskriminiraju\u0107im, a prisustvo zvani\u010dnika Vlade naru\u0161ava me\u0111ususjedske odnose na\u0161e dvije dr\u017eave. Obilje\u017eavanje 9. januara kao dana RS prema odluci Ustavnog suda BiH, kr\u0161i Evropsku konvenciju za za\u0161titu ljudskih prava te diskriminira pripadnike konstitutivnih naroda u Bosni i Hercegovini \u2013 navedeno je pismu.<\/div>\n<p class=\"x11i5rnm xat24cr x1mh8g0r x1vvkbs xtlvy1s x126k92a\">\n<div dir=\"auto\">Kako je ministrica istakla, prisustvo ministara iz aktuelne vlade Crne Gore obilje\u017eavanju nezakonitog praznika predstavlja \u010din nepo\u0161tovanja institucija Bosne i Hercegovine tim prije \u0161to je premijer Vlade Crne Gore Dritan Abazovi\u0107 prisustvovao obilje\u017eavanju Dana sje\u0107anja na genocid u Srebrenici 11. jula pro\u0161le godine.<\/div>\n<div class=\"x11i5rnm xat24cr x1mh8g0r x1vvkbs xtlvy1s x126k92a\">\n<p dir=\"auto\">&#8211; Dozvolite da Vas podsjetim da je 9. januara 1992. godine izvr\u0161en udar na ustavno-pravni poredak Bosne i Hercegovine, uvodni \u010din u agresiju, etni\u010dko \u010di\u0161\u0107enje, masovne zlo\u010dine i genocid, koji su presu\u0111eni na me\u0111unarodnim sudovima. Iznena\u0111uje i \u010dinjenica da su ministri Vlade Crne Gore, dr\u017eave \u010dlanice Sjevernoatlanskog saveza NATO pristali prisustvovati sve\u010danosti na kojoj je dodijeljen orden Vladimiru Putinu, predsjedniku Ruske Federacije koja provodi agresiju na Ukrajinu. Zvani\u010dnici Crne Gore su uvijek dobrodo\u0161li u Bosnu i Hercegovinu i spremni smo raditi jo\u0161 sna\u017enije na povezivanju na\u0161e dvije dr\u017eave, ali klju\u010dni preduvjet za saradnju jeste me\u0111usobno po\u0161tovanje te uva\u017eavanje odluka sudova i relevantnih institucija prijateljskih dr\u017eava \u2013 navedeno je u pismu upu\u0107enom Abazovi\u0107u.<\/p>\n<\/div>\n","protected":false},"excerpt":{"rendered":"<p>Zamjenica predsjedavaju\u0107eg Vije\u0107a ministara BiH i ministrica vanjskih poslova BiH dr Bisera Turkovi\u0107 uputila je&hellip;<\/p>\n","protected":false},"author":2,"featured_media":138594,"comment_status":"open","ping_status":"closed","sticky":false,"template":"","format":"standard","meta":{"_acf_changed":false,"footnotes":""},"categories":[291],"tags":[744],"acf":[],"yoast_head":"<!-- This site is optimized with the Yoast SEO plugin v23.5 - https:\/\/yoast.com\/wordpress\/plugins\/seo\/ -->\n<title>Turkovi\u0107 pisala Abazovi\u0107u: \u010cin ministara iz Vlade Crne Gore je nepo\u0161tovanje institucija BiH - TuzlaInfo.ba<\/title>\n<meta name=\"robots\" content=\"index, follow, max-snippet:-1, max-image-preview:large, max-video-preview:-1\" \/>\n<link rel=\"canonical\" href=\"https:\/\/tuzlainfo.ba\/index.php\/bosna-i-hercegovina\/item\/194285-turkovic-pisala-abazovicu-cin-ministara-iz-vlade-crne-gore-je-nepostovanje-institucija-bih\/\" \/>\n<meta property=\"og:locale\" content=\"bs_BA\" \/>\n<meta property=\"og:type\" content=\"article\" \/>\n<meta property=\"og:title\" content=\"Turkovi\u0107 pisala Abazovi\u0107u: \u010cin ministara iz Vlade Crne Gore je nepo\u0161tovanje institucija BiH - TuzlaInfo.ba\" \/>\n<meta property=\"og:description\" content=\"Zamjenica predsjedavaju\u0107eg Vije\u0107a ministara BiH i ministrica vanjskih poslova BiH dr Bisera Turkovi\u0107 uputila je&hellip;\" \/>\n<meta property=\"og:url\" content=\"https:\/\/tuzlainfo.ba\/index.php\/bosna-i-hercegovina\/item\/194285-turkovic-pisala-abazovicu-cin-ministara-iz-vlade-crne-gore-je-nepostovanje-institucija-bih\/\" \/>\n<meta property=\"og:site_name\" content=\"TuzlaInfo.ba\" \/>\n<meta property=\"article:publisher\" content=\"https:\/\/www.facebook.com\/tuzlainfo.ba\/\" \/>\n<meta property=\"article:published_time\" content=\"2023-01-09T13:28:21+00:00\" \/>\n<meta property=\"og:image\" content=\"https:\/\/tuzlainfo.ba\/wp-content\/uploads\/2021\/05\/3005_bisera_turkovic.jpg\" \/>\n\t<meta property=\"og:image:width\" content=\"1200\" \/>\n\t<meta property=\"og:image:height\" content=\"900\" \/>\n\t<meta property=\"og:image:type\" content=\"image\/jpeg\" \/>\n<meta name=\"author\" content=\"nedim\" \/>\n<meta name=\"twitter:card\" content=\"summary_large_image\" \/>\n<meta name=\"twitter:label1\" content=\"Written by\" \/>\n\t<meta name=\"twitter:data1\" content=\"nedim\" \/>\n\t<meta name=\"twitter:label2\" content=\"Est. reading time\" \/>\n\t<meta name=\"twitter:data2\" content=\"2 minute\" \/>\n<script type=\"application\/ld+json\" class=\"yoast-schema-graph\">{\"@context\":\"https:\/\/schema.org\",\"@graph\":[{\"@type\":\"Article\",\"@id\":\"https:\/\/tuzlainfo.ba\/index.php\/bosna-i-hercegovina\/item\/194285-turkovic-pisala-abazovicu-cin-ministara-iz-vlade-crne-gore-je-nepostovanje-institucija-bih\/#article\",\"isPartOf\":{\"@id\":\"https:\/\/tuzlainfo.ba\/index.php\/bosna-i-hercegovina\/item\/194285-turkovic-pisala-abazovicu-cin-ministara-iz-vlade-crne-gore-je-nepostovanje-institucija-bih\/\"},\"author\":{\"name\":\"nedim\",\"@id\":\"https:\/\/tuzlainfo.ba\/#\/schema\/person\/f434e20dc27ea133923aab08451b7f7f\"},\"headline\":\"Turkovi\u0107 pisala Abazovi\u0107u: \u010cin ministara iz Vlade Crne Gore je nepo\u0161tovanje institucija BiH\",\"datePublished\":\"2023-01-09T13:28:21+00:00\",\"dateModified\":\"2023-01-09T13:28:21+00:00\",\"mainEntityOfPage\":{\"@id\":\"https:\/\/tuzlainfo.ba\/index.php\/bosna-i-hercegovina\/item\/194285-turkovic-pisala-abazovicu-cin-ministara-iz-vlade-crne-gore-je-nepostovanje-institucija-bih\/\"},\"wordCount\":327,\"commentCount\":0,\"publisher\":{\"@id\":\"https:\/\/tuzlainfo.ba\/#organization\"},\"image\":{\"@id\":\"https:\/\/tuzlainfo.ba\/index.php\/bosna-i-hercegovina\/item\/194285-turkovic-pisala-abazovicu-cin-ministara-iz-vlade-crne-gore-je-nepostovanje-institucija-bih\/#primaryimage\"},\"thumbnailUrl\":\"https:\/\/tuzlainfo.ba\/wp-content\/uploads\/2021\/05\/3005_bisera_turkovic.jpg\",\"keywords\":[\"bisera turkovi\u0107\"],\"articleSection\":[\"Bosna i Hercegovina\"],\"inLanguage\":\"bs-BA\"},{\"@type\":\"WebPage\",\"@id\":\"https:\/\/tuzlainfo.ba\/index.php\/bosna-i-hercegovina\/item\/194285-turkovic-pisala-abazovicu-cin-ministara-iz-vlade-crne-gore-je-nepostovanje-institucija-bih\/\",\"url\":\"https:\/\/tuzlainfo.ba\/index.php\/bosna-i-hercegovina\/item\/194285-turkovic-pisala-abazovicu-cin-ministara-iz-vlade-crne-gore-je-nepostovanje-institucija-bih\/\",\"name\":\"Turkovi\u0107 pisala Abazovi\u0107u: \u010cin ministara iz Vlade Crne Gore je nepo\u0161tovanje institucija BiH - TuzlaInfo.ba\",\"isPartOf\":{\"@id\":\"https:\/\/tuzlainfo.ba\/#website\"},\"primaryImageOfPage\":{\"@id\":\"https:\/\/tuzlainfo.ba\/index.php\/bosna-i-hercegovina\/item\/194285-turkovic-pisala-abazovicu-cin-ministara-iz-vlade-crne-gore-je-nepostovanje-institucija-bih\/#primaryimage\"},\"image\":{\"@id\":\"https:\/\/tuzlainfo.ba\/index.php\/bosna-i-hercegovina\/item\/194285-turkovic-pisala-abazovicu-cin-ministara-iz-vlade-crne-gore-je-nepostovanje-institucija-bih\/#primaryimage\"},\"thumbnailUrl\":\"https:\/\/tuzlainfo.ba\/wp-content\/uploads\/2021\/05\/3005_bisera_turkovic.jpg\",\"datePublished\":\"2023-01-09T13:28:21+00:00\",\"dateModified\":\"2023-01-09T13:28:21+00:00\",\"breadcrumb\":{\"@id\":\"https:\/\/tuzlainfo.ba\/index.php\/bosna-i-hercegovina\/item\/194285-turkovic-pisala-abazovicu-cin-ministara-iz-vlade-crne-gore-je-nepostovanje-institucija-bih\/#breadcrumb\"},\"inLanguage\":\"bs-BA\",\"potentialAction\":[{\"@type\":\"ReadAction\",\"target\":[\"https:\/\/tuzlainfo.ba\/index.php\/bosna-i-hercegovina\/item\/194285-turkovic-pisala-abazovicu-cin-ministara-iz-vlade-crne-gore-je-nepostovanje-institucija-bih\/\"]}]},{\"@type\":\"ImageObject\",\"inLanguage\":\"bs-BA\",\"@id\":\"https:\/\/tuzlainfo.ba\/index.php\/bosna-i-hercegovina\/item\/194285-turkovic-pisala-abazovicu-cin-ministara-iz-vlade-crne-gore-je-nepostovanje-institucija-bih\/#primaryimage\",\"url\":\"https:\/\/tuzlainfo.ba\/wp-content\/uploads\/2021\/05\/3005_bisera_turkovic.jpg\",\"contentUrl\":\"https:\/\/tuzlainfo.ba\/wp-content\/uploads\/2021\/05\/3005_bisera_turkovic.jpg\",\"width\":1200,\"height\":900},{\"@type\":\"BreadcrumbList\",\"@id\":\"https:\/\/tuzlainfo.ba\/index.php\/bosna-i-hercegovina\/item\/194285-turkovic-pisala-abazovicu-cin-ministara-iz-vlade-crne-gore-je-nepostovanje-institucija-bih\/#breadcrumb\",\"itemListElement\":[{\"@type\":\"ListItem\",\"position\":1,\"name\":\"Home\",\"item\":\"https:\/\/tuzlainfo.ba\/\"},{\"@type\":\"ListItem\",\"position\":2,\"name\":\"Turkovi\u0107 pisala Abazovi\u0107u: \u010cin ministara iz Vlade Crne Gore je nepo\u0161tovanje institucija BiH\"}]},{\"@type\":\"WebSite\",\"@id\":\"https:\/\/tuzlainfo.ba\/#website\",\"url\":\"https:\/\/tuzlainfo.ba\/\",\"name\":\"TuzlaInfo.ba\",\"description\":\"Tuzla info, gradski informator - Tuzla na dlanu\",\"publisher\":{\"@id\":\"https:\/\/tuzlainfo.ba\/#organization\"},\"potentialAction\":[{\"@type\":\"SearchAction\",\"target\":{\"@type\":\"EntryPoint\",\"urlTemplate\":\"https:\/\/tuzlainfo.ba\/?s={search_term_string}\"},\"query-input\":{\"@type\":\"PropertyValueSpecification\",\"valueRequired\":true,\"valueName\":\"search_term_string\"}}],\"inLanguage\":\"bs-BA\"},{\"@type\":\"Organization\",\"@id\":\"https:\/\/tuzlainfo.ba\/#organization\",\"name\":\"TuzlaInfo.ba\",\"url\":\"https:\/\/tuzlainfo.ba\/\",\"logo\":{\"@type\":\"ImageObject\",\"inLanguage\":\"bs-BA\",\"@id\":\"https:\/\/tuzlainfo.ba\/#\/schema\/logo\/image\/\",\"url\":\"https:\/\/tuzlainfo.ba\/wp-content\/uploads\/2021\/03\/logo-ver-3-1.png\",\"contentUrl\":\"https:\/\/tuzlainfo.ba\/wp-content\/uploads\/2021\/03\/logo-ver-3-1.png\",\"width\":350,\"height\":95,\"caption\":\"TuzlaInfo.ba\"},\"image\":{\"@id\":\"https:\/\/tuzlainfo.ba\/#\/schema\/logo\/image\/\"},\"sameAs\":[\"https:\/\/www.facebook.com\/tuzlainfo.ba\/\"]},{\"@type\":\"Person\",\"@id\":\"https:\/\/tuzlainfo.ba\/#\/schema\/person\/f434e20dc27ea133923aab08451b7f7f\",\"name\":\"nedim\",\"image\":{\"@type\":\"ImageObject\",\"inLanguage\":\"bs-BA\",\"@id\":\"https:\/\/tuzlainfo.ba\/#\/schema\/person\/image\/\",\"url\":\"https:\/\/tuzlainfo.ba\/wp-content\/litespeed\/avatar\/aabad687af24844af817603ac1cbdc4f.jpg?ver=1776702173\",\"contentUrl\":\"https:\/\/tuzlainfo.ba\/wp-content\/litespeed\/avatar\/aabad687af24844af817603ac1cbdc4f.jpg?ver=1776702173\",\"caption\":\"nedim\"},\"description\":\"Tuzlainfo.ba pratite na dru\u0161tvenim mre\u017eama: Facebook, Instagram i Youtube. Svoje pri\u010de, upite i fotografije \u0161aljite na na\u0161u e-mail adresu.\"}]}<\/script>\n<!-- \/ Yoast SEO plugin. -->","yoast_head_json":{"title":"Turkovi\u0107 pisala Abazovi\u0107u: \u010cin ministara iz Vlade Crne Gore je nepo\u0161tovanje institucija BiH - TuzlaInfo.ba","robots":{"index":"index","follow":"follow","max-snippet":"max-snippet:-1","max-image-preview":"max-image-preview:large","max-video-preview":"max-video-preview:-1"},"canonical":"https:\/\/tuzlainfo.ba\/index.php\/bosna-i-hercegovina\/item\/194285-turkovic-pisala-abazovicu-cin-ministara-iz-vlade-crne-gore-je-nepostovanje-institucija-bih\/","og_locale":"bs_BA","og_type":"article","og_title":"Turkovi\u0107 pisala Abazovi\u0107u: \u010cin ministara iz Vlade Crne Gore je nepo\u0161tovanje institucija BiH - TuzlaInfo.ba","og_description":"Zamjenica predsjedavaju\u0107eg Vije\u0107a ministara BiH i ministrica vanjskih poslova BiH dr Bisera Turkovi\u0107 uputila je&hellip;","og_url":"https:\/\/tuzlainfo.ba\/index.php\/bosna-i-hercegovina\/item\/194285-turkovic-pisala-abazovicu-cin-ministara-iz-vlade-crne-gore-je-nepostovanje-institucija-bih\/","og_site_name":"TuzlaInfo.ba","article_publisher":"https:\/\/www.facebook.com\/tuzlainfo.ba\/","article_published_time":"2023-01-09T13:28:21+00:00","og_image":[{"width":1200,"height":900,"url":"https:\/\/tuzlainfo.ba\/wp-content\/uploads\/2021\/05\/3005_bisera_turkovic.jpg","type":"image\/jpeg"}],"author":"nedim","twitter_card":"summary_large_image","twitter_misc":{"Written by":"nedim","Est. reading time":"2 minute"},"schema":{"@context":"https:\/\/schema.org","@graph":[{"@type":"Article","@id":"https:\/\/tuzlainfo.ba\/index.php\/bosna-i-hercegovina\/item\/194285-turkovic-pisala-abazovicu-cin-ministara-iz-vlade-crne-gore-je-nepostovanje-institucija-bih\/#article","isPartOf":{"@id":"https:\/\/tuzlainfo.ba\/index.php\/bosna-i-hercegovina\/item\/194285-turkovic-pisala-abazovicu-cin-ministara-iz-vlade-crne-gore-je-nepostovanje-institucija-bih\/"},"author":{"name":"nedim","@id":"https:\/\/tuzlainfo.ba\/#\/schema\/person\/f434e20dc27ea133923aab08451b7f7f"},"headline":"Turkovi\u0107 pisala Abazovi\u0107u: \u010cin ministara iz Vlade Crne Gore je nepo\u0161tovanje institucija BiH","datePublished":"2023-01-09T13:28:21+00:00","dateModified":"2023-01-09T13:28:21+00:00","mainEntityOfPage":{"@id":"https:\/\/tuzlainfo.ba\/index.php\/bosna-i-hercegovina\/item\/194285-turkovic-pisala-abazovicu-cin-ministara-iz-vlade-crne-gore-je-nepostovanje-institucija-bih\/"},"wordCount":327,"commentCount":0,"publisher":{"@id":"https:\/\/tuzlainfo.ba\/#organization"},"image":{"@id":"https:\/\/tuzlainfo.ba\/index.php\/bosna-i-hercegovina\/item\/194285-turkovic-pisala-abazovicu-cin-ministara-iz-vlade-crne-gore-je-nepostovanje-institucija-bih\/#primaryimage"},"thumbnailUrl":"https:\/\/tuzlainfo.ba\/wp-content\/uploads\/2021\/05\/3005_bisera_turkovic.jpg","keywords":["bisera turkovi\u0107"],"articleSection":["Bosna i Hercegovina"],"inLanguage":"bs-BA"},{"@type":"WebPage","@id":"https:\/\/tuzlainfo.ba\/index.php\/bosna-i-hercegovina\/item\/194285-turkovic-pisala-abazovicu-cin-ministara-iz-vlade-crne-gore-je-nepostovanje-institucija-bih\/","url":"https:\/\/tuzlainfo.ba\/index.php\/bosna-i-hercegovina\/item\/194285-turkovic-pisala-abazovicu-cin-ministara-iz-vlade-crne-gore-je-nepostovanje-institucija-bih\/","name":"Turkovi\u0107 pisala Abazovi\u0107u: \u010cin ministara iz Vlade Crne Gore je nepo\u0161tovanje institucija BiH - TuzlaInfo.ba","isPartOf":{"@id":"https:\/\/tuzlainfo.ba\/#website"},"primaryImageOfPage":{"@id":"https:\/\/tuzlainfo.ba\/index.php\/bosna-i-hercegovina\/item\/194285-turkovic-pisala-abazovicu-cin-ministara-iz-vlade-crne-gore-je-nepostovanje-institucija-bih\/#primaryimage"},"image":{"@id":"https:\/\/tuzlainfo.ba\/index.php\/bosna-i-hercegovina\/item\/194285-turkovic-pisala-abazovicu-cin-ministara-iz-vlade-crne-gore-je-nepostovanje-institucija-bih\/#primaryimage"},"thumbnailUrl":"https:\/\/tuzlainfo.ba\/wp-content\/uploads\/2021\/05\/3005_bisera_turkovic.jpg","datePublished":"2023-01-09T13:28:21+00:00","dateModified":"2023-01-09T13:28:21+00:00","breadcrumb":{"@id":"https:\/\/tuzlainfo.ba\/index.php\/bosna-i-hercegovina\/item\/194285-turkovic-pisala-abazovicu-cin-ministara-iz-vlade-crne-gore-je-nepostovanje-institucija-bih\/#breadcrumb"},"inLanguage":"bs-BA","potentialAction":[{"@type":"ReadAction","target":["https:\/\/tuzlainfo.ba\/index.php\/bosna-i-hercegovina\/item\/194285-turkovic-pisala-abazovicu-cin-ministara-iz-vlade-crne-gore-je-nepostovanje-institucija-bih\/"]}]},{"@type":"ImageObject","inLanguage":"bs-BA","@id":"https:\/\/tuzlainfo.ba\/index.php\/bosna-i-hercegovina\/item\/194285-turkovic-pisala-abazovicu-cin-ministara-iz-vlade-crne-gore-je-nepostovanje-institucija-bih\/#primaryimage","url":"https:\/\/tuzlainfo.ba\/wp-content\/uploads\/2021\/05\/3005_bisera_turkovic.jpg","contentUrl":"https:\/\/tuzlainfo.ba\/wp-content\/uploads\/2021\/05\/3005_bisera_turkovic.jpg","width":1200,"height":900},{"@type":"BreadcrumbList","@id":"https:\/\/tuzlainfo.ba\/index.php\/bosna-i-hercegovina\/item\/194285-turkovic-pisala-abazovicu-cin-ministara-iz-vlade-crne-gore-je-nepostovanje-institucija-bih\/#breadcrumb","itemListElement":[{"@type":"ListItem","position":1,"name":"Home","item":"https:\/\/tuzlainfo.ba\/"},{"@type":"ListItem","position":2,"name":"Turkovi\u0107 pisala Abazovi\u0107u: \u010cin ministara iz Vlade Crne Gore je nepo\u0161tovanje institucija BiH"}]},{"@type":"WebSite","@id":"https:\/\/tuzlainfo.ba\/#website","url":"https:\/\/tuzlainfo.ba\/","name":"TuzlaInfo.ba","description":"Tuzla info, gradski informator - Tuzla na dlanu","publisher":{"@id":"https:\/\/tuzlainfo.ba\/#organization"},"potentialAction":[{"@type":"SearchAction","target":{"@type":"EntryPoint","urlTemplate":"https:\/\/tuzlainfo.ba\/?s={search_term_string}"},"query-input":{"@type":"PropertyValueSpecification","valueRequired":true,"valueName":"search_term_string"}}],"inLanguage":"bs-BA"},{"@type":"Organization","@id":"https:\/\/tuzlainfo.ba\/#organization","name":"TuzlaInfo.ba","url":"https:\/\/tuzlainfo.ba\/","logo":{"@type":"ImageObject","inLanguage":"bs-BA","@id":"https:\/\/tuzlainfo.ba\/#\/schema\/logo\/image\/","url":"https:\/\/tuzlainfo.ba\/wp-content\/uploads\/2021\/03\/logo-ver-3-1.png","contentUrl":"https:\/\/tuzlainfo.ba\/wp-content\/uploads\/2021\/03\/logo-ver-3-1.png","width":350,"height":95,"caption":"TuzlaInfo.ba"},"image":{"@id":"https:\/\/tuzlainfo.ba\/#\/schema\/logo\/image\/"},"sameAs":["https:\/\/www.facebook.com\/tuzlainfo.ba\/"]},{"@type":"Person","@id":"https:\/\/tuzlainfo.ba\/#\/schema\/person\/f434e20dc27ea133923aab08451b7f7f","name":"nedim","image":{"@type":"ImageObject","inLanguage":"bs-BA","@id":"https:\/\/tuzlainfo.ba\/#\/schema\/person\/image\/","url":"https:\/\/tuzlainfo.ba\/wp-content\/litespeed\/avatar\/aabad687af24844af817603ac1cbdc4f.jpg?ver=1776702173","contentUrl":"https:\/\/tuzlainfo.ba\/wp-content\/litespeed\/avatar\/aabad687af24844af817603ac1cbdc4f.jpg?ver=1776702173","caption":"nedim"},"description":"Tuzlainfo.ba pratite na dru\u0161tvenim mre\u017eama: Facebook, Instagram i Youtube. Svoje pri\u010de, upite i fotografije \u0161aljite na na\u0161u e-mail adresu."}]}},"_links":{"self":[{"href":"https:\/\/tuzlainfo.ba\/index.php\/wp-json\/wp\/v2\/posts\/194285"}],"collection":[{"href":"https:\/\/tuzlainfo.ba\/index.php\/wp-json\/wp\/v2\/posts"}],"about":[{"href":"https:\/\/tuzlainfo.ba\/index.php\/wp-json\/wp\/v2\/types\/post"}],"author":[{"embeddable":true,"href":"https:\/\/tuzlainfo.ba\/index.php\/wp-json\/wp\/v2\/users\/2"}],"replies":[{"embeddable":true,"href":"https:\/\/tuzlainfo.ba\/index.php\/wp-json\/wp\/v2\/comments?post=194285"}],"version-history":[{"count":0,"href":"https:\/\/tuzlainfo.ba\/index.php\/wp-json\/wp\/v2\/posts\/194285\/revisions"}],"wp:featuredmedia":[{"embeddable":true,"href":"https:\/\/tuzlainfo.ba\/index.php\/wp-json\/wp\/v2\/media\/138594"}],"wp:attachment":[{"href":"https:\/\/tuzlainfo.ba\/index.php\/wp-json\/wp\/v2\/media?parent=194285"}],"wp:term":[{"taxonomy":"category","embeddable":true,"href":"https:\/\/tuzlainfo.ba\/index.php\/wp-json\/wp\/v2\/categories?post=194285"},{"taxonomy":"post_tag","embeddable":true,"href":"https:\/\/tuzlainfo.ba\/index.php\/wp-json\/wp\/v2\/tags?post=194285"}],"curies":[{"name":"wp","href":"https:\/\/api.w.org\/{rel}","templated":true}]}}