{"id":194155,"date":"2023-01-07T15:08:29","date_gmt":"2023-01-07T14:08:29","guid":{"rendered":"https:\/\/tuzlainfo.ba\/?p=194155"},"modified":"2023-01-07T15:08:29","modified_gmt":"2023-01-07T14:08:29","slug":"uvodi-se-karta-sansi-njemacka-sprema-zakon-za-strane-radnike","status":"publish","type":"post","link":"https:\/\/tuzlainfo.ba\/index.php\/clanci\/sa-svih-strana\/item\/194155-uvodi-se-karta-sansi-njemacka-sprema-zakon-za-strane-radnike\/","title":{"rendered":"Uvodi se karta \u0161ansi: Njema\u010dka sprema zakon za strane radnike"},"content":{"rendered":"<p>Njema\u010dkoj su hitno potrebni kvalifikovani i specijalizovani radnici.<\/p>\n<p>Zjape\u0107a radna mjesta treba br\u017ee da se popunjavaju i uvozom.<\/p>\n<p>Vlada \u017eeli da privu\u010de vi\u0161e radnika iz inostranstva uz lak\u0161u nostrifikaciju diploma i novu kartu \u0161ansi. Novi zakon o useljavanju kvalifikovanih radnika koji se planira, u koji agencija dpa ima uvid, predvi\u0111a i novi sistem bodova, prenosi b92.<\/p>\n<p>Izme\u0111u ostalog, uvodi se karta \u0161ansi, zasnovana na bodovnom sistemu, za strance sa najmanje dvogodi\u0161njim stru\u010dnim kvalifikacijama.<\/p>\n<p>&#8220;Me\u0111u kriterijumima za izbor su poznavanje jezika, profesionalno iskustvo, starost i povezanost sa Njema\u010dkom&#8221;, navodi se u nacrtu zakona.<\/p>\n<p>Karta \u0161ansi nudi i mogu\u0107nosti za probni rad ili rad sa skra\u0107enim radnim vremenom.<\/p>\n<p>Ljudi koji dolaze iz zemalja van Evropske unije dobijaju kartu \u0161ansi ako sakupe najmanje \u0161est bodova. Na primjer, \u010detiri poena ide za odre\u0111enu profesionalnu kvalifikaciju. Dobro poznavanje njema\u010dkog jezika ili najmanje tri godine relevantnog profesionalnog iskustva vuku po tri boda.<\/p>\n<p>Po dva poena mogu da se dobiju za djelimi\u010dno znanje njema\u010dkog, samo dve godine radnog iskustva ili starost do 35 godina. Plan je da se jedan poen dodijeli ako je osoba legalno provela u Njema\u010dkoj barem \u0161est meseci u kontinuitetu.<\/p>\n<p>Ukida se i ograni\u010denje od 25.000 ljudi godi\u0161nje u takozvanoj regulativi za Zapadni Balkan. Kvota za dr\u017eavljane Albanije, Bosne i Hercegovine, Kosova, Crne Gore, Sjeverne Makedonije i Srbije bi\u0107e ve\u0107a &#8211; 50.000 godi\u0161nje.<\/p>\n","protected":false},"excerpt":{"rendered":"<p>Njema\u010dkoj su hitno potrebni kvalifikovani i specijalizovani radnici. Zjape\u0107a radna mjesta treba br\u017ee da se popunjavaju i uvozom. Vlada \u017eeli da privu\u010de vi\u0161e radnika iz inostranstva uz lak\u0161u nostrifikaciju diploma i novu kartu \u0161ansi. Novi zakon o useljavanju kvalifikovanih radnika koji se planira, u koji agencija dpa ima uvid, predvi\u0111a i novi sistem bodova, prenosi [&hellip;]<\/p>\n","protected":false},"author":2,"featured_media":63647,"comment_status":"open","ping_status":"closed","sticky":false,"template":"","format":"standard","meta":{"footnotes":""},"categories":[16],"tags":[423,6020],"class_list":["post-194155","post","type-post","status-publish","format-standard","has-post-thumbnail","hentry","category-sa-svih-strana","tag-njemacka","tag-posao-u-njemackoj"],"yoast_head":"<!-- This site is optimized with the Yoast SEO plugin v28.3 - https:\/\/yoast.com\/product\/yoast-seo-wordpress\/ -->\n<title>Uvodi se karta \u0161ansi: Njema\u010dka sprema zakon za strane radnike<\/title>\n<meta name=\"robots\" content=\"index, follow, max-snippet:-1, max-image-preview:large, max-video-preview:-1\" \/>\n<link rel=\"canonical\" href=\"https:\/\/tuzlainfo.ba\/index.php\/clanci\/sa-svih-strana\/item\/194155-uvodi-se-karta-sansi-njemacka-sprema-zakon-za-strane-radnike\/\" \/>\n<meta property=\"og:locale\" content=\"bs_BA\" \/>\n<meta property=\"og:type\" content=\"article\" \/>\n<meta property=\"og:title\" content=\"Uvodi se karta \u0161ansi: Njema\u010dka sprema zakon za strane radnike\" \/>\n<meta property=\"og:description\" content=\"Njema\u010dkoj su hitno potrebni kvalifikovani i specijalizovani radnici. Zjape\u0107a radna mjesta treba br\u017ee da se popunjavaju i uvozom. Vlada \u017eeli da privu\u010de vi\u0161e radnika iz inostranstva uz lak\u0161u nostrifikaciju diploma i novu kartu \u0161ansi. Novi zakon o useljavanju kvalifikovanih radnika koji se planira, u koji agencija dpa ima uvid, predvi\u0111a i novi sistem bodova, prenosi [&hellip;]\" \/>\n<meta property=\"og:url\" content=\"https:\/\/tuzlainfo.ba\/index.php\/clanci\/sa-svih-strana\/item\/194155-uvodi-se-karta-sansi-njemacka-sprema-zakon-za-strane-radnike\/\" \/>\n<meta property=\"og:site_name\" content=\"TuzlaInfo.ba\" \/>\n<meta property=\"article:publisher\" content=\"https:\/\/www.facebook.com\/tuzlainfo.ba\/\" \/>\n<meta property=\"article:published_time\" content=\"2023-01-07T14:08:29+00:00\" \/>\n<meta property=\"og:image\" content=\"https:\/\/tuzlainfo.ba\/wp-content\/uploads\/2018\/08\/sadrzaj_2018_20180801_2608_njemacka.jpg\" \/>\n\t<meta property=\"og:image:width\" content=\"770\" \/>\n\t<meta property=\"og:image:height\" content=\"433\" \/>\n\t<meta property=\"og:image:type\" content=\"image\/jpeg\" \/>\n<meta name=\"author\" content=\"nedim\" \/>\n<meta name=\"twitter:card\" content=\"summary_large_image\" \/>\n<meta name=\"twitter:label1\" content=\"Written by\" \/>\n\t<meta name=\"twitter:data1\" content=\"nedim\" \/>\n\t<meta name=\"twitter:label2\" content=\"Est. reading time\" \/>\n\t<meta name=\"twitter:data2\" content=\"1 minuta\" \/>\n<script type=\"application\/ld+json\" class=\"yoast-schema-graph\">{\"@context\":\"https:\\\/\\\/schema.org\",\"@graph\":[{\"@type\":\"Article\",\"@id\":\"https:\\\/\\\/tuzlainfo.ba\\\/index.php\\\/clanci\\\/sa-svih-strana\\\/item\\\/194155-uvodi-se-karta-sansi-njemacka-sprema-zakon-za-strane-radnike\\\/#article\",\"isPartOf\":{\"@id\":\"https:\\\/\\\/tuzlainfo.ba\\\/index.php\\\/clanci\\\/sa-svih-strana\\\/item\\\/194155-uvodi-se-karta-sansi-njemacka-sprema-zakon-za-strane-radnike\\\/\"},\"author\":{\"name\":\"nedim\",\"@id\":\"https:\\\/\\\/tuzlainfo.ba\\\/#\\\/schema\\\/person\\\/f434e20dc27ea133923aab08451b7f7f\"},\"headline\":\"Uvodi se karta \u0161ansi: Njema\u010dka sprema zakon za strane radnike\",\"datePublished\":\"2023-01-07T14:08:29+00:00\",\"mainEntityOfPage\":{\"@id\":\"https:\\\/\\\/tuzlainfo.ba\\\/index.php\\\/clanci\\\/sa-svih-strana\\\/item\\\/194155-uvodi-se-karta-sansi-njemacka-sprema-zakon-za-strane-radnike\\\/\"},\"wordCount\":252,\"commentCount\":0,\"publisher\":{\"@id\":\"https:\\\/\\\/tuzlainfo.ba\\\/#organization\"},\"image\":{\"@id\":\"https:\\\/\\\/tuzlainfo.ba\\\/index.php\\\/clanci\\\/sa-svih-strana\\\/item\\\/194155-uvodi-se-karta-sansi-njemacka-sprema-zakon-za-strane-radnike\\\/#primaryimage\"},\"thumbnailUrl\":\"https:\\\/\\\/tuzlainfo.ba\\\/wp-content\\\/uploads\\\/2018\\\/08\\\/sadrzaj_2018_20180801_2608_njemacka.jpg\",\"keywords\":[\"njema\u010dka\",\"posao u njema\u010dkoj\"],\"articleSection\":[\"Sa svih strana\"],\"inLanguage\":\"bs-BA\",\"copyrightYear\":\"2023\",\"copyrightHolder\":{\"@id\":\"https:\\\/\\\/tuzlainfo.ba\\\/#organization\"}},{\"@type\":\"WebPage\",\"@id\":\"https:\\\/\\\/tuzlainfo.ba\\\/index.php\\\/clanci\\\/sa-svih-strana\\\/item\\\/194155-uvodi-se-karta-sansi-njemacka-sprema-zakon-za-strane-radnike\\\/\",\"url\":\"https:\\\/\\\/tuzlainfo.ba\\\/index.php\\\/clanci\\\/sa-svih-strana\\\/item\\\/194155-uvodi-se-karta-sansi-njemacka-sprema-zakon-za-strane-radnike\\\/\",\"name\":\"Uvodi se karta \u0161ansi: Njema\u010dka sprema zakon za strane radnike\",\"isPartOf\":{\"@id\":\"https:\\\/\\\/tuzlainfo.ba\\\/#website\"},\"primaryImageOfPage\":{\"@id\":\"https:\\\/\\\/tuzlainfo.ba\\\/index.php\\\/clanci\\\/sa-svih-strana\\\/item\\\/194155-uvodi-se-karta-sansi-njemacka-sprema-zakon-za-strane-radnike\\\/#primaryimage\"},\"image\":{\"@id\":\"https:\\\/\\\/tuzlainfo.ba\\\/index.php\\\/clanci\\\/sa-svih-strana\\\/item\\\/194155-uvodi-se-karta-sansi-njemacka-sprema-zakon-za-strane-radnike\\\/#primaryimage\"},\"thumbnailUrl\":\"https:\\\/\\\/tuzlainfo.ba\\\/wp-content\\\/uploads\\\/2018\\\/08\\\/sadrzaj_2018_20180801_2608_njemacka.jpg\",\"datePublished\":\"2023-01-07T14:08:29+00:00\",\"breadcrumb\":{\"@id\":\"https:\\\/\\\/tuzlainfo.ba\\\/index.php\\\/clanci\\\/sa-svih-strana\\\/item\\\/194155-uvodi-se-karta-sansi-njemacka-sprema-zakon-za-strane-radnike\\\/#breadcrumb\"},\"inLanguage\":\"bs-BA\",\"potentialAction\":[{\"@type\":\"ReadAction\",\"target\":[\"https:\\\/\\\/tuzlainfo.ba\\\/index.php\\\/clanci\\\/sa-svih-strana\\\/item\\\/194155-uvodi-se-karta-sansi-njemacka-sprema-zakon-za-strane-radnike\\\/\"]}]},{\"@type\":\"ImageObject\",\"inLanguage\":\"bs-BA\",\"@id\":\"https:\\\/\\\/tuzlainfo.ba\\\/index.php\\\/clanci\\\/sa-svih-strana\\\/item\\\/194155-uvodi-se-karta-sansi-njemacka-sprema-zakon-za-strane-radnike\\\/#primaryimage\",\"url\":\"https:\\\/\\\/tuzlainfo.ba\\\/wp-content\\\/uploads\\\/2018\\\/08\\\/sadrzaj_2018_20180801_2608_njemacka.jpg\",\"contentUrl\":\"https:\\\/\\\/tuzlainfo.ba\\\/wp-content\\\/uploads\\\/2018\\\/08\\\/sadrzaj_2018_20180801_2608_njemacka.jpg\",\"width\":770,\"height\":433,\"caption\":\"2608 njemacka\"},{\"@type\":\"BreadcrumbList\",\"@id\":\"https:\\\/\\\/tuzlainfo.ba\\\/index.php\\\/clanci\\\/sa-svih-strana\\\/item\\\/194155-uvodi-se-karta-sansi-njemacka-sprema-zakon-za-strane-radnike\\\/#breadcrumb\",\"itemListElement\":[{\"@type\":\"ListItem\",\"position\":1,\"name\":\"Home\",\"item\":\"https:\\\/\\\/tuzlainfo.ba\\\/\"},{\"@type\":\"ListItem\",\"position\":2,\"name\":\"Uvodi se karta \u0161ansi: Njema\u010dka sprema zakon za strane radnike\"}]},{\"@type\":\"WebSite\",\"@id\":\"https:\\\/\\\/tuzlainfo.ba\\\/#website\",\"url\":\"https:\\\/\\\/tuzlainfo.ba\\\/\",\"name\":\"TuzlaInfo.ba\",\"description\":\"Tuzla info, gradski informator - Tuzla na dlanu\",\"publisher\":{\"@id\":\"https:\\\/\\\/tuzlainfo.ba\\\/#organization\"},\"potentialAction\":[{\"@type\":\"SearchAction\",\"target\":{\"@type\":\"EntryPoint\",\"urlTemplate\":\"https:\\\/\\\/tuzlainfo.ba\\\/?s={search_term_string}\"},\"query-input\":{\"@type\":\"PropertyValueSpecification\",\"valueRequired\":true,\"valueName\":\"search_term_string\"}}],\"inLanguage\":\"bs-BA\"},{\"@type\":\"Organization\",\"@id\":\"https:\\\/\\\/tuzlainfo.ba\\\/#organization\",\"name\":\"TuzlaInfo.ba\",\"url\":\"https:\\\/\\\/tuzlainfo.ba\\\/\",\"logo\":{\"@type\":\"ImageObject\",\"inLanguage\":\"bs-BA\",\"@id\":\"https:\\\/\\\/tuzlainfo.ba\\\/#\\\/schema\\\/logo\\\/image\\\/\",\"url\":\"https:\\\/\\\/tuzlainfo.ba\\\/wp-content\\\/uploads\\\/2021\\\/03\\\/logo-ver-3-1.png\",\"contentUrl\":\"https:\\\/\\\/tuzlainfo.ba\\\/wp-content\\\/uploads\\\/2021\\\/03\\\/logo-ver-3-1.png\",\"width\":350,\"height\":95,\"caption\":\"TuzlaInfo.ba\"},\"image\":{\"@id\":\"https:\\\/\\\/tuzlainfo.ba\\\/#\\\/schema\\\/logo\\\/image\\\/\"},\"sameAs\":[\"https:\\\/\\\/www.facebook.com\\\/tuzlainfo.ba\\\/\"]},{\"@type\":\"Person\",\"@id\":\"https:\\\/\\\/tuzlainfo.ba\\\/#\\\/schema\\\/person\\\/f434e20dc27ea133923aab08451b7f7f\",\"name\":\"nedim\",\"image\":{\"@type\":\"ImageObject\",\"inLanguage\":\"bs-BA\",\"@id\":\"https:\\\/\\\/secure.gravatar.com\\\/avatar\\\/5b928a2e7e70a54208d2eb6c1edcb75a5350d6ae97d5f0a701203d456823f6f3?s=96&d=mm&r=g\",\"url\":\"https:\\\/\\\/secure.gravatar.com\\\/avatar\\\/5b928a2e7e70a54208d2eb6c1edcb75a5350d6ae97d5f0a701203d456823f6f3?s=96&d=mm&r=g\",\"contentUrl\":\"https:\\\/\\\/secure.gravatar.com\\\/avatar\\\/5b928a2e7e70a54208d2eb6c1edcb75a5350d6ae97d5f0a701203d456823f6f3?s=96&d=mm&r=g\",\"caption\":\"nedim\"},\"description\":\"Tuzlainfo.ba pratite na dru\u0161tvenim mre\u017eama: Facebook, Instagram i Youtube. Svoje pri\u010de, upite i fotografije \u0161aljite na na\u0161u e-mail adresu.\"}]}<\/script>\n<!-- \/ Yoast SEO plugin. -->","yoast_head_json":{"title":"Uvodi se karta \u0161ansi: Njema\u010dka sprema zakon za strane radnike","robots":{"index":"index","follow":"follow","max-snippet":"max-snippet:-1","max-image-preview":"max-image-preview:large","max-video-preview":"max-video-preview:-1"},"canonical":"https:\/\/tuzlainfo.ba\/index.php\/clanci\/sa-svih-strana\/item\/194155-uvodi-se-karta-sansi-njemacka-sprema-zakon-za-strane-radnike\/","og_locale":"bs_BA","og_type":"article","og_title":"Uvodi se karta \u0161ansi: Njema\u010dka sprema zakon za strane radnike","og_description":"Njema\u010dkoj su hitno potrebni kvalifikovani i specijalizovani radnici. Zjape\u0107a radna mjesta treba br\u017ee da se popunjavaju i uvozom. Vlada \u017eeli da privu\u010de vi\u0161e radnika iz inostranstva uz lak\u0161u nostrifikaciju diploma i novu kartu \u0161ansi. Novi zakon o useljavanju kvalifikovanih radnika koji se planira, u koji agencija dpa ima uvid, predvi\u0111a i novi sistem bodova, prenosi [&hellip;]","og_url":"https:\/\/tuzlainfo.ba\/index.php\/clanci\/sa-svih-strana\/item\/194155-uvodi-se-karta-sansi-njemacka-sprema-zakon-za-strane-radnike\/","og_site_name":"TuzlaInfo.ba","article_publisher":"https:\/\/www.facebook.com\/tuzlainfo.ba\/","article_published_time":"2023-01-07T14:08:29+00:00","og_image":[{"width":770,"height":433,"url":"https:\/\/tuzlainfo.ba\/wp-content\/uploads\/2018\/08\/sadrzaj_2018_20180801_2608_njemacka.jpg","type":"image\/jpeg"}],"author":"nedim","twitter_card":"summary_large_image","twitter_misc":{"Written by":"nedim","Est. reading time":"1 minuta"},"schema":{"@context":"https:\/\/schema.org","@graph":[{"@type":"Article","@id":"https:\/\/tuzlainfo.ba\/index.php\/clanci\/sa-svih-strana\/item\/194155-uvodi-se-karta-sansi-njemacka-sprema-zakon-za-strane-radnike\/#article","isPartOf":{"@id":"https:\/\/tuzlainfo.ba\/index.php\/clanci\/sa-svih-strana\/item\/194155-uvodi-se-karta-sansi-njemacka-sprema-zakon-za-strane-radnike\/"},"author":{"name":"nedim","@id":"https:\/\/tuzlainfo.ba\/#\/schema\/person\/f434e20dc27ea133923aab08451b7f7f"},"headline":"Uvodi se karta \u0161ansi: Njema\u010dka sprema zakon za strane radnike","datePublished":"2023-01-07T14:08:29+00:00","mainEntityOfPage":{"@id":"https:\/\/tuzlainfo.ba\/index.php\/clanci\/sa-svih-strana\/item\/194155-uvodi-se-karta-sansi-njemacka-sprema-zakon-za-strane-radnike\/"},"wordCount":252,"commentCount":0,"publisher":{"@id":"https:\/\/tuzlainfo.ba\/#organization"},"image":{"@id":"https:\/\/tuzlainfo.ba\/index.php\/clanci\/sa-svih-strana\/item\/194155-uvodi-se-karta-sansi-njemacka-sprema-zakon-za-strane-radnike\/#primaryimage"},"thumbnailUrl":"https:\/\/tuzlainfo.ba\/wp-content\/uploads\/2018\/08\/sadrzaj_2018_20180801_2608_njemacka.jpg","keywords":["njema\u010dka","posao u njema\u010dkoj"],"articleSection":["Sa svih strana"],"inLanguage":"bs-BA","copyrightYear":"2023","copyrightHolder":{"@id":"https:\/\/tuzlainfo.ba\/#organization"}},{"@type":"WebPage","@id":"https:\/\/tuzlainfo.ba\/index.php\/clanci\/sa-svih-strana\/item\/194155-uvodi-se-karta-sansi-njemacka-sprema-zakon-za-strane-radnike\/","url":"https:\/\/tuzlainfo.ba\/index.php\/clanci\/sa-svih-strana\/item\/194155-uvodi-se-karta-sansi-njemacka-sprema-zakon-za-strane-radnike\/","name":"Uvodi se karta \u0161ansi: Njema\u010dka sprema zakon za strane radnike","isPartOf":{"@id":"https:\/\/tuzlainfo.ba\/#website"},"primaryImageOfPage":{"@id":"https:\/\/tuzlainfo.ba\/index.php\/clanci\/sa-svih-strana\/item\/194155-uvodi-se-karta-sansi-njemacka-sprema-zakon-za-strane-radnike\/#primaryimage"},"image":{"@id":"https:\/\/tuzlainfo.ba\/index.php\/clanci\/sa-svih-strana\/item\/194155-uvodi-se-karta-sansi-njemacka-sprema-zakon-za-strane-radnike\/#primaryimage"},"thumbnailUrl":"https:\/\/tuzlainfo.ba\/wp-content\/uploads\/2018\/08\/sadrzaj_2018_20180801_2608_njemacka.jpg","datePublished":"2023-01-07T14:08:29+00:00","breadcrumb":{"@id":"https:\/\/tuzlainfo.ba\/index.php\/clanci\/sa-svih-strana\/item\/194155-uvodi-se-karta-sansi-njemacka-sprema-zakon-za-strane-radnike\/#breadcrumb"},"inLanguage":"bs-BA","potentialAction":[{"@type":"ReadAction","target":["https:\/\/tuzlainfo.ba\/index.php\/clanci\/sa-svih-strana\/item\/194155-uvodi-se-karta-sansi-njemacka-sprema-zakon-za-strane-radnike\/"]}]},{"@type":"ImageObject","inLanguage":"bs-BA","@id":"https:\/\/tuzlainfo.ba\/index.php\/clanci\/sa-svih-strana\/item\/194155-uvodi-se-karta-sansi-njemacka-sprema-zakon-za-strane-radnike\/#primaryimage","url":"https:\/\/tuzlainfo.ba\/wp-content\/uploads\/2018\/08\/sadrzaj_2018_20180801_2608_njemacka.jpg","contentUrl":"https:\/\/tuzlainfo.ba\/wp-content\/uploads\/2018\/08\/sadrzaj_2018_20180801_2608_njemacka.jpg","width":770,"height":433,"caption":"2608 njemacka"},{"@type":"BreadcrumbList","@id":"https:\/\/tuzlainfo.ba\/index.php\/clanci\/sa-svih-strana\/item\/194155-uvodi-se-karta-sansi-njemacka-sprema-zakon-za-strane-radnike\/#breadcrumb","itemListElement":[{"@type":"ListItem","position":1,"name":"Home","item":"https:\/\/tuzlainfo.ba\/"},{"@type":"ListItem","position":2,"name":"Uvodi se karta \u0161ansi: Njema\u010dka sprema zakon za strane radnike"}]},{"@type":"WebSite","@id":"https:\/\/tuzlainfo.ba\/#website","url":"https:\/\/tuzlainfo.ba\/","name":"TuzlaInfo.ba","description":"Tuzla info, gradski informator - Tuzla na dlanu","publisher":{"@id":"https:\/\/tuzlainfo.ba\/#organization"},"potentialAction":[{"@type":"SearchAction","target":{"@type":"EntryPoint","urlTemplate":"https:\/\/tuzlainfo.ba\/?s={search_term_string}"},"query-input":{"@type":"PropertyValueSpecification","valueRequired":true,"valueName":"search_term_string"}}],"inLanguage":"bs-BA"},{"@type":"Organization","@id":"https:\/\/tuzlainfo.ba\/#organization","name":"TuzlaInfo.ba","url":"https:\/\/tuzlainfo.ba\/","logo":{"@type":"ImageObject","inLanguage":"bs-BA","@id":"https:\/\/tuzlainfo.ba\/#\/schema\/logo\/image\/","url":"https:\/\/tuzlainfo.ba\/wp-content\/uploads\/2021\/03\/logo-ver-3-1.png","contentUrl":"https:\/\/tuzlainfo.ba\/wp-content\/uploads\/2021\/03\/logo-ver-3-1.png","width":350,"height":95,"caption":"TuzlaInfo.ba"},"image":{"@id":"https:\/\/tuzlainfo.ba\/#\/schema\/logo\/image\/"},"sameAs":["https:\/\/www.facebook.com\/tuzlainfo.ba\/"]},{"@type":"Person","@id":"https:\/\/tuzlainfo.ba\/#\/schema\/person\/f434e20dc27ea133923aab08451b7f7f","name":"nedim","image":{"@type":"ImageObject","inLanguage":"bs-BA","@id":"https:\/\/secure.gravatar.com\/avatar\/5b928a2e7e70a54208d2eb6c1edcb75a5350d6ae97d5f0a701203d456823f6f3?s=96&d=mm&r=g","url":"https:\/\/secure.gravatar.com\/avatar\/5b928a2e7e70a54208d2eb6c1edcb75a5350d6ae97d5f0a701203d456823f6f3?s=96&d=mm&r=g","contentUrl":"https:\/\/secure.gravatar.com\/avatar\/5b928a2e7e70a54208d2eb6c1edcb75a5350d6ae97d5f0a701203d456823f6f3?s=96&d=mm&r=g","caption":"nedim"},"description":"Tuzlainfo.ba pratite na dru\u0161tvenim mre\u017eama: Facebook, Instagram i Youtube. Svoje pri\u010de, upite i fotografije \u0161aljite na na\u0161u e-mail adresu."}]}},"_links":{"self":[{"href":"https:\/\/tuzlainfo.ba\/index.php\/wp-json\/wp\/v2\/posts\/194155","targetHints":{"allow":["GET"]}}],"collection":[{"href":"https:\/\/tuzlainfo.ba\/index.php\/wp-json\/wp\/v2\/posts"}],"about":[{"href":"https:\/\/tuzlainfo.ba\/index.php\/wp-json\/wp\/v2\/types\/post"}],"author":[{"embeddable":true,"href":"https:\/\/tuzlainfo.ba\/index.php\/wp-json\/wp\/v2\/users\/2"}],"replies":[{"embeddable":true,"href":"https:\/\/tuzlainfo.ba\/index.php\/wp-json\/wp\/v2\/comments?post=194155"}],"version-history":[{"count":0,"href":"https:\/\/tuzlainfo.ba\/index.php\/wp-json\/wp\/v2\/posts\/194155\/revisions"}],"wp:featuredmedia":[{"embeddable":true,"href":"https:\/\/tuzlainfo.ba\/index.php\/wp-json\/wp\/v2\/media\/63647"}],"wp:attachment":[{"href":"https:\/\/tuzlainfo.ba\/index.php\/wp-json\/wp\/v2\/media?parent=194155"}],"wp:term":[{"taxonomy":"category","embeddable":true,"href":"https:\/\/tuzlainfo.ba\/index.php\/wp-json\/wp\/v2\/categories?post=194155"},{"taxonomy":"post_tag","embeddable":true,"href":"https:\/\/tuzlainfo.ba\/index.php\/wp-json\/wp\/v2\/tags?post=194155"}],"curies":[{"name":"wp","href":"https:\/\/api.w.org\/{rel}","templated":true}]}}