{"id":193517,"date":"2022-12-30T12:18:38","date_gmt":"2022-12-30T11:18:38","guid":{"rendered":"https:\/\/tuzlainfo.ba\/?p=193517"},"modified":"2022-12-30T12:18:38","modified_gmt":"2022-12-30T11:18:38","slug":"popunjen-dom-naroda-pocinje-teci-rok-za-formiranje-vlasti-u-fbih","status":"publish","type":"post","link":"https:\/\/tuzlainfo.ba\/index.php\/bosna-i-hercegovina\/item\/193517-popunjen-dom-naroda-pocinje-teci-rok-za-formiranje-vlasti-u-fbih\/","title":{"rendered":"Popunjen Dom naroda: Po\u010dinje te\u0107i rok za formiranje vlasti u FBiH"},"content":{"rendered":"<p>Na dana\u0161njoj 105. sjednici Centralna izborna komisija potvrdila je rezultate posrednih izbora za Dom naroda Parlamenta Federacije BiH, \u010dime je po\u010deo te\u0107i rok utvr\u0111en izmjenama Ustava FBiH i Izbornog zakona BiH za predlaganje kandidata za izbor predsjednika i dva potpredsjednika FBiH.<\/p>\n<p>Na sjednici je razmatrana jedna ta\u010dka dnevnog reda &#8220;Prijedlog odluke o potvr\u0111ivanju rezultat posrednih izbora i dodjeli mandata za Dom naroda Parlamenta Federacije BiH, Op\u0107i izbori 2022. godine&#8221;, prenosi Klix.ba.<\/p>\n<p>&nbsp;<\/p>\n<p>&nbsp;<\/p>\n<p>Budu\u0107i da su \u017ealbe ulo\u017eene na odluku o utvr\u0111ivanju rezultata izbora i dodjeli mandata pravosna\u017ene, odnosno da su \u017ealbe odbijene od strane Apelacionog odbora Suda Bosne i Hercegovine CIK je potvrdio rezultata posrednih izbora i dodjeli mandata delegatima u Dom naroda FBiH.<\/p>\n<p>&nbsp;<\/p>\n<p>Odluka stupa na snagu danom dono\u0161enja.<\/p>\n<p>&nbsp;<\/p>\n<p>Nakon \u0161to je danas Centralna izborna komisija BiH potvrdila rezultate posrednih izbora i dodjelila mandate u Dom naroda Parlamenta Federacije BiH, stekli su se uvjeti za sazivanje konstituiraju\u0107e sjednice ovog zakonodavnog organa vlasti, a \u010dija je obaveza da u narednih 30 dana provede posredne izbore za izbor delegata (5 Bo\u0161njaka i 5 Hrvata) u Dom naroda Parlamentarne skup\u0161tine BiH iz Federacije BiH.<\/p>\n<p>&nbsp;<\/p>\n<p>&#8220;Uvjerenja za dodjelu mandata novoizabranim delegatima u Dom naroda Parlamenta Federacije BiH \u0107e biti blagovremeno pripremljena i spremna za uru\u010denje, tako da ni za ovaj organ, kao ni za sve ostale ostale organe vlasti u BiH, Centralna izborna komisija BiH nije smetnja za sazivanje konstituiraju\u0107ih sjednica&#8221;, saop\u0107eno je iz CIK-a.<\/p>\n<p>&nbsp;<\/p>\n<p>Dakle, zaklju\u010dno sa 29. januarom trebali bi biti izabrani predsjednik i dva potpredsjednika FBiH.<\/p>\n<p>&nbsp;<\/p>\n<p>Ovo su imena 80 delegata u federalnom Domu naroda:<\/p>\n<p>Klub Bo\u0161njaka (23)<\/p>\n<p>&nbsp;<\/p>\n<p>Azhar Sejari\u0107<\/p>\n<p>Mehmed Mahmi\u0107<\/p>\n<p>Emir Dautovi\u0107<\/p>\n<p>Mehmed Memi\u0161evi\u0107<\/p>\n<p>D\u017eevad Had\u017ei\u0107<\/p>\n<p>Muamer Zuki\u0107<\/p>\n<p>Senad Ali\u0107<\/p>\n<p>Izen Hajdarevi\u0107<\/p>\n<p>Damir \u0160i\u0161i\u0107<\/p>\n<p>Fahrudin \u010colakovi\u0107<\/p>\n<p>Mirnes Ba\u0161i\u0107<\/p>\n<p>Amra Babi\u0107<\/p>\n<p>Almina Sivi\u0107<\/p>\n<p>Nezim Alagi\u0107<\/p>\n<p>Aida Obu\u0107a<\/p>\n<p>Amir Orlovi\u0107<\/p>\n<p>Eldin Deli\u0107<\/p>\n<p>Irma Memid\u017ean<\/p>\n<p>Haris Zahiragi\u0107<\/p>\n<p>Fatima Gavrankapetanovi\u0107- Smailbegovi\u0107<\/p>\n<p>Kemal Ademovi\u0107<\/p>\n<p>Irfan \u010cengi\u0107<\/p>\n<p>Hikmet Hod\u017ei\u0107<\/p>\n<p>Klub Hrvata (23)<\/p>\n<p>&nbsp;<\/p>\n<p>Tanja \u0160anti\u0107<\/p>\n<p>Ilija Ili\u0107<\/p>\n<p>Silva Banovi\u0107<\/p>\n<p>Marina Mujkanovi\u0107<\/p>\n<p>Ivo Tadi\u0107<\/p>\n<p>Berina Fejzi\u0107<\/p>\n<p>Anto Bili\u0107<\/p>\n<p>Boris Mrnjavac<\/p>\n<p>Ilija Naki\u0107<\/p>\n<p>Ivo \u0160imunovi\u0107<\/p>\n<p>Ivan Odak<\/p>\n<p>Oliver Soldo<\/p>\n<p>Tomislav Martinovi\u0107<\/p>\n<p>Damir D\u017eeba<\/p>\n<p>Iva Ragu\u017e<\/p>\n<p>Milan \u0160evo<\/p>\n<p>Ivana Zrim\u0161ek \u0160aravanja<\/p>\n<p>Tomislav Mandi\u0107<\/p>\n<p>Ivica Pavkovi\u0107<\/p>\n<p>Damir Marjanovi\u0107<\/p>\n<p>Ivan Ivi\u0107<\/p>\n<p>Mladen \u0160ari\u0107<\/p>\n<p>Dragan Konta<\/p>\n<p>Klub Srba (23)<\/p>\n<p>&nbsp;<\/p>\n<p>Mladen Loni\u0107<\/p>\n<p>Svetlana Kamenja\u0161<\/p>\n<p>Sla\u0111an Ili\u0107<\/p>\n<p>\u017darko Vujovi\u0107<\/p>\n<p>Mladen Simi\u0107<\/p>\n<p>Goran Bulaji\u0107<\/p>\n<p>Daliborka Milovi\u0107<\/p>\n<p>Branka Cvijeti\u0107<\/p>\n<p>Ljubinka Atanasijevi\u0107<\/p>\n<p>Vesna Sarad\u017ei\u0107<\/p>\n<p>Dragica Su\u0161a<\/p>\n<p>Zora Dujmovi\u0107<\/p>\n<p>Miroslav Mitovi\u0107<\/p>\n<p>Smiljana Vite\u0161ki\u0107<\/p>\n<p>Vedrana Vujovi\u0107<\/p>\n<p>Mimorka Melank<\/p>\n<p>Jelena Peki\u0107<\/p>\n<p>Igor Stojanovi\u0107<\/p>\n<p>Kristina Petrovi\u0107<\/p>\n<p>Dragana Damjanovi\u0107<\/p>\n<p>Du\u0161ko Radun<\/p>\n<p>Goran Bro\u0107eta<\/p>\n<p>Nikola Materi\u0107<\/p>\n<p>Klub Ostalih (11)<\/p>\n<p>&nbsp;<\/p>\n<p>Senita Handuki\u0107<\/p>\n<p>Sandra Im\u0161irovi\u0107<\/p>\n<p>Halil Selimba\u0161i\u0107<\/p>\n<p>Almir Babaji\u0107<\/p>\n<p>Arman Zalihi\u0107<\/p>\n<p>Sanela Klari\u0107<\/p>\n<p>Nihad Uk<\/p>\n<p>Albin Zuhri\u0107<\/p>\n<p>Kenan Magoda<\/p>\n<p>Vibor Hand\u017ei\u0107<\/p>\n<p>Belma Kapo<\/p>\n<p>&nbsp;<\/p>\n<p>&nbsp;<\/p>\n","protected":false},"excerpt":{"rendered":"<p>Na dana\u0161njoj 105. sjednici Centralna izborna komisija potvrdila je rezultate posrednih izbora za Dom naroda&hellip;<\/p>\n","protected":false},"author":4,"featured_media":66404,"comment_status":"open","ping_status":"closed","sticky":false,"template":"","format":"standard","meta":{"_acf_changed":false,"footnotes":""},"categories":[291,304],"tags":[2201],"acf":[],"yoast_head":"<!-- This site is optimized with the Yoast SEO plugin v23.5 - https:\/\/yoast.com\/wordpress\/plugins\/seo\/ -->\n<title>Popunjen Dom naroda: Po\u010dinje te\u0107i rok za formiranje vlasti u FBiH - TuzlaInfo.ba<\/title>\n<meta name=\"robots\" content=\"index, follow, max-snippet:-1, max-image-preview:large, max-video-preview:-1\" \/>\n<link rel=\"canonical\" href=\"https:\/\/tuzlainfo.ba\/index.php\/bosna-i-hercegovina\/item\/193517-popunjen-dom-naroda-pocinje-teci-rok-za-formiranje-vlasti-u-fbih\/\" \/>\n<meta property=\"og:locale\" content=\"bs_BA\" \/>\n<meta property=\"og:type\" content=\"article\" \/>\n<meta property=\"og:title\" content=\"Popunjen Dom naroda: Po\u010dinje te\u0107i rok za formiranje vlasti u FBiH - TuzlaInfo.ba\" \/>\n<meta property=\"og:description\" content=\"Na dana\u0161njoj 105. sjednici Centralna izborna komisija potvrdila je rezultate posrednih izbora za Dom naroda&hellip;\" \/>\n<meta property=\"og:url\" content=\"https:\/\/tuzlainfo.ba\/index.php\/bosna-i-hercegovina\/item\/193517-popunjen-dom-naroda-pocinje-teci-rok-za-formiranje-vlasti-u-fbih\/\" \/>\n<meta property=\"og:site_name\" content=\"TuzlaInfo.ba\" \/>\n<meta property=\"article:publisher\" content=\"https:\/\/www.facebook.com\/tuzlainfo.ba\/\" \/>\n<meta property=\"article:published_time\" content=\"2022-12-30T11:18:38+00:00\" \/>\n<meta property=\"og:image\" content=\"https:\/\/tuzlainfo.ba\/wp-content\/uploads\/2018\/12\/sadrzaj_2018_20181201_1812_dom-narodaf.jpg\" \/>\n\t<meta property=\"og:image:width\" content=\"770\" \/>\n\t<meta property=\"og:image:height\" content=\"410\" \/>\n\t<meta property=\"og:image:type\" content=\"image\/jpeg\" \/>\n<meta name=\"author\" content=\"Tuzla Info\" \/>\n<meta name=\"twitter:card\" content=\"summary_large_image\" \/>\n<meta name=\"twitter:label1\" content=\"Written by\" \/>\n\t<meta name=\"twitter:data1\" content=\"Tuzla Info\" \/>\n\t<meta name=\"twitter:label2\" content=\"Est. reading time\" \/>\n\t<meta name=\"twitter:data2\" content=\"2 minute\" \/>\n<script type=\"application\/ld+json\" class=\"yoast-schema-graph\">{\"@context\":\"https:\/\/schema.org\",\"@graph\":[{\"@type\":\"Article\",\"@id\":\"https:\/\/tuzlainfo.ba\/index.php\/bosna-i-hercegovina\/item\/193517-popunjen-dom-naroda-pocinje-teci-rok-za-formiranje-vlasti-u-fbih\/#article\",\"isPartOf\":{\"@id\":\"https:\/\/tuzlainfo.ba\/index.php\/bosna-i-hercegovina\/item\/193517-popunjen-dom-naroda-pocinje-teci-rok-za-formiranje-vlasti-u-fbih\/\"},\"author\":{\"name\":\"Tuzla Info\",\"@id\":\"https:\/\/tuzlainfo.ba\/#\/schema\/person\/46cad4c57790cbc50781edd14870825a\"},\"headline\":\"Popunjen Dom naroda: Po\u010dinje te\u0107i rok za formiranje vlasti u FBiH\",\"datePublished\":\"2022-12-30T11:18:38+00:00\",\"dateModified\":\"2022-12-30T11:18:38+00:00\",\"mainEntityOfPage\":{\"@id\":\"https:\/\/tuzlainfo.ba\/index.php\/bosna-i-hercegovina\/item\/193517-popunjen-dom-naroda-pocinje-teci-rok-za-formiranje-vlasti-u-fbih\/\"},\"wordCount\":484,\"commentCount\":0,\"publisher\":{\"@id\":\"https:\/\/tuzlainfo.ba\/#organization\"},\"image\":{\"@id\":\"https:\/\/tuzlainfo.ba\/index.php\/bosna-i-hercegovina\/item\/193517-popunjen-dom-naroda-pocinje-teci-rok-za-formiranje-vlasti-u-fbih\/#primaryimage\"},\"thumbnailUrl\":\"https:\/\/tuzlainfo.ba\/wp-content\/uploads\/2018\/12\/sadrzaj_2018_20181201_1812_dom-narodaf.jpg\",\"keywords\":[\"dom naroda fbih\"],\"articleSection\":[\"Bosna i Hercegovina\",\"Istaknuto\"],\"inLanguage\":\"bs-BA\"},{\"@type\":\"WebPage\",\"@id\":\"https:\/\/tuzlainfo.ba\/index.php\/bosna-i-hercegovina\/item\/193517-popunjen-dom-naroda-pocinje-teci-rok-za-formiranje-vlasti-u-fbih\/\",\"url\":\"https:\/\/tuzlainfo.ba\/index.php\/bosna-i-hercegovina\/item\/193517-popunjen-dom-naroda-pocinje-teci-rok-za-formiranje-vlasti-u-fbih\/\",\"name\":\"Popunjen Dom naroda: Po\u010dinje te\u0107i rok za formiranje vlasti u FBiH - TuzlaInfo.ba\",\"isPartOf\":{\"@id\":\"https:\/\/tuzlainfo.ba\/#website\"},\"primaryImageOfPage\":{\"@id\":\"https:\/\/tuzlainfo.ba\/index.php\/bosna-i-hercegovina\/item\/193517-popunjen-dom-naroda-pocinje-teci-rok-za-formiranje-vlasti-u-fbih\/#primaryimage\"},\"image\":{\"@id\":\"https:\/\/tuzlainfo.ba\/index.php\/bosna-i-hercegovina\/item\/193517-popunjen-dom-naroda-pocinje-teci-rok-za-formiranje-vlasti-u-fbih\/#primaryimage\"},\"thumbnailUrl\":\"https:\/\/tuzlainfo.ba\/wp-content\/uploads\/2018\/12\/sadrzaj_2018_20181201_1812_dom-narodaf.jpg\",\"datePublished\":\"2022-12-30T11:18:38+00:00\",\"dateModified\":\"2022-12-30T11:18:38+00:00\",\"breadcrumb\":{\"@id\":\"https:\/\/tuzlainfo.ba\/index.php\/bosna-i-hercegovina\/item\/193517-popunjen-dom-naroda-pocinje-teci-rok-za-formiranje-vlasti-u-fbih\/#breadcrumb\"},\"inLanguage\":\"bs-BA\",\"potentialAction\":[{\"@type\":\"ReadAction\",\"target\":[\"https:\/\/tuzlainfo.ba\/index.php\/bosna-i-hercegovina\/item\/193517-popunjen-dom-naroda-pocinje-teci-rok-za-formiranje-vlasti-u-fbih\/\"]}]},{\"@type\":\"ImageObject\",\"inLanguage\":\"bs-BA\",\"@id\":\"https:\/\/tuzlainfo.ba\/index.php\/bosna-i-hercegovina\/item\/193517-popunjen-dom-naroda-pocinje-teci-rok-za-formiranje-vlasti-u-fbih\/#primaryimage\",\"url\":\"https:\/\/tuzlainfo.ba\/wp-content\/uploads\/2018\/12\/sadrzaj_2018_20181201_1812_dom-narodaf.jpg\",\"contentUrl\":\"https:\/\/tuzlainfo.ba\/wp-content\/uploads\/2018\/12\/sadrzaj_2018_20181201_1812_dom-narodaf.jpg\",\"width\":770,\"height\":410,\"caption\":\"1812 dom narodaf\"},{\"@type\":\"BreadcrumbList\",\"@id\":\"https:\/\/tuzlainfo.ba\/index.php\/bosna-i-hercegovina\/item\/193517-popunjen-dom-naroda-pocinje-teci-rok-za-formiranje-vlasti-u-fbih\/#breadcrumb\",\"itemListElement\":[{\"@type\":\"ListItem\",\"position\":1,\"name\":\"Home\",\"item\":\"https:\/\/tuzlainfo.ba\/\"},{\"@type\":\"ListItem\",\"position\":2,\"name\":\"Popunjen Dom naroda: Po\u010dinje te\u0107i rok za formiranje vlasti u FBiH\"}]},{\"@type\":\"WebSite\",\"@id\":\"https:\/\/tuzlainfo.ba\/#website\",\"url\":\"https:\/\/tuzlainfo.ba\/\",\"name\":\"TuzlaInfo.ba\",\"description\":\"Tuzla info, gradski informator - Tuzla na dlanu\",\"publisher\":{\"@id\":\"https:\/\/tuzlainfo.ba\/#organization\"},\"potentialAction\":[{\"@type\":\"SearchAction\",\"target\":{\"@type\":\"EntryPoint\",\"urlTemplate\":\"https:\/\/tuzlainfo.ba\/?s={search_term_string}\"},\"query-input\":{\"@type\":\"PropertyValueSpecification\",\"valueRequired\":true,\"valueName\":\"search_term_string\"}}],\"inLanguage\":\"bs-BA\"},{\"@type\":\"Organization\",\"@id\":\"https:\/\/tuzlainfo.ba\/#organization\",\"name\":\"TuzlaInfo.ba\",\"url\":\"https:\/\/tuzlainfo.ba\/\",\"logo\":{\"@type\":\"ImageObject\",\"inLanguage\":\"bs-BA\",\"@id\":\"https:\/\/tuzlainfo.ba\/#\/schema\/logo\/image\/\",\"url\":\"https:\/\/tuzlainfo.ba\/wp-content\/uploads\/2021\/03\/logo-ver-3-1.png\",\"contentUrl\":\"https:\/\/tuzlainfo.ba\/wp-content\/uploads\/2021\/03\/logo-ver-3-1.png\",\"width\":350,\"height\":95,\"caption\":\"TuzlaInfo.ba\"},\"image\":{\"@id\":\"https:\/\/tuzlainfo.ba\/#\/schema\/logo\/image\/\"},\"sameAs\":[\"https:\/\/www.facebook.com\/tuzlainfo.ba\/\"]},{\"@type\":\"Person\",\"@id\":\"https:\/\/tuzlainfo.ba\/#\/schema\/person\/46cad4c57790cbc50781edd14870825a\",\"name\":\"Tuzla Info\",\"image\":{\"@type\":\"ImageObject\",\"inLanguage\":\"bs-BA\",\"@id\":\"https:\/\/tuzlainfo.ba\/#\/schema\/person\/image\/\",\"url\":\"https:\/\/tuzlainfo.ba\/wp-content\/litespeed\/avatar\/b6c453a6c38e3654f2e4416c643fc25c.jpg?ver=1777051911\",\"contentUrl\":\"https:\/\/tuzlainfo.ba\/wp-content\/litespeed\/avatar\/b6c453a6c38e3654f2e4416c643fc25c.jpg?ver=1777051911\",\"caption\":\"Tuzla Info\"}}]}<\/script>\n<!-- \/ Yoast SEO plugin. -->","yoast_head_json":{"title":"Popunjen Dom naroda: Po\u010dinje te\u0107i rok za formiranje vlasti u FBiH - TuzlaInfo.ba","robots":{"index":"index","follow":"follow","max-snippet":"max-snippet:-1","max-image-preview":"max-image-preview:large","max-video-preview":"max-video-preview:-1"},"canonical":"https:\/\/tuzlainfo.ba\/index.php\/bosna-i-hercegovina\/item\/193517-popunjen-dom-naroda-pocinje-teci-rok-za-formiranje-vlasti-u-fbih\/","og_locale":"bs_BA","og_type":"article","og_title":"Popunjen Dom naroda: Po\u010dinje te\u0107i rok za formiranje vlasti u FBiH - TuzlaInfo.ba","og_description":"Na dana\u0161njoj 105. sjednici Centralna izborna komisija potvrdila je rezultate posrednih izbora za Dom naroda&hellip;","og_url":"https:\/\/tuzlainfo.ba\/index.php\/bosna-i-hercegovina\/item\/193517-popunjen-dom-naroda-pocinje-teci-rok-za-formiranje-vlasti-u-fbih\/","og_site_name":"TuzlaInfo.ba","article_publisher":"https:\/\/www.facebook.com\/tuzlainfo.ba\/","article_published_time":"2022-12-30T11:18:38+00:00","og_image":[{"width":770,"height":410,"url":"https:\/\/tuzlainfo.ba\/wp-content\/uploads\/2018\/12\/sadrzaj_2018_20181201_1812_dom-narodaf.jpg","type":"image\/jpeg"}],"author":"Tuzla Info","twitter_card":"summary_large_image","twitter_misc":{"Written by":"Tuzla Info","Est. reading time":"2 minute"},"schema":{"@context":"https:\/\/schema.org","@graph":[{"@type":"Article","@id":"https:\/\/tuzlainfo.ba\/index.php\/bosna-i-hercegovina\/item\/193517-popunjen-dom-naroda-pocinje-teci-rok-za-formiranje-vlasti-u-fbih\/#article","isPartOf":{"@id":"https:\/\/tuzlainfo.ba\/index.php\/bosna-i-hercegovina\/item\/193517-popunjen-dom-naroda-pocinje-teci-rok-za-formiranje-vlasti-u-fbih\/"},"author":{"name":"Tuzla Info","@id":"https:\/\/tuzlainfo.ba\/#\/schema\/person\/46cad4c57790cbc50781edd14870825a"},"headline":"Popunjen Dom naroda: Po\u010dinje te\u0107i rok za formiranje vlasti u FBiH","datePublished":"2022-12-30T11:18:38+00:00","dateModified":"2022-12-30T11:18:38+00:00","mainEntityOfPage":{"@id":"https:\/\/tuzlainfo.ba\/index.php\/bosna-i-hercegovina\/item\/193517-popunjen-dom-naroda-pocinje-teci-rok-za-formiranje-vlasti-u-fbih\/"},"wordCount":484,"commentCount":0,"publisher":{"@id":"https:\/\/tuzlainfo.ba\/#organization"},"image":{"@id":"https:\/\/tuzlainfo.ba\/index.php\/bosna-i-hercegovina\/item\/193517-popunjen-dom-naroda-pocinje-teci-rok-za-formiranje-vlasti-u-fbih\/#primaryimage"},"thumbnailUrl":"https:\/\/tuzlainfo.ba\/wp-content\/uploads\/2018\/12\/sadrzaj_2018_20181201_1812_dom-narodaf.jpg","keywords":["dom naroda fbih"],"articleSection":["Bosna i Hercegovina","Istaknuto"],"inLanguage":"bs-BA"},{"@type":"WebPage","@id":"https:\/\/tuzlainfo.ba\/index.php\/bosna-i-hercegovina\/item\/193517-popunjen-dom-naroda-pocinje-teci-rok-za-formiranje-vlasti-u-fbih\/","url":"https:\/\/tuzlainfo.ba\/index.php\/bosna-i-hercegovina\/item\/193517-popunjen-dom-naroda-pocinje-teci-rok-za-formiranje-vlasti-u-fbih\/","name":"Popunjen Dom naroda: Po\u010dinje te\u0107i rok za formiranje vlasti u FBiH - TuzlaInfo.ba","isPartOf":{"@id":"https:\/\/tuzlainfo.ba\/#website"},"primaryImageOfPage":{"@id":"https:\/\/tuzlainfo.ba\/index.php\/bosna-i-hercegovina\/item\/193517-popunjen-dom-naroda-pocinje-teci-rok-za-formiranje-vlasti-u-fbih\/#primaryimage"},"image":{"@id":"https:\/\/tuzlainfo.ba\/index.php\/bosna-i-hercegovina\/item\/193517-popunjen-dom-naroda-pocinje-teci-rok-za-formiranje-vlasti-u-fbih\/#primaryimage"},"thumbnailUrl":"https:\/\/tuzlainfo.ba\/wp-content\/uploads\/2018\/12\/sadrzaj_2018_20181201_1812_dom-narodaf.jpg","datePublished":"2022-12-30T11:18:38+00:00","dateModified":"2022-12-30T11:18:38+00:00","breadcrumb":{"@id":"https:\/\/tuzlainfo.ba\/index.php\/bosna-i-hercegovina\/item\/193517-popunjen-dom-naroda-pocinje-teci-rok-za-formiranje-vlasti-u-fbih\/#breadcrumb"},"inLanguage":"bs-BA","potentialAction":[{"@type":"ReadAction","target":["https:\/\/tuzlainfo.ba\/index.php\/bosna-i-hercegovina\/item\/193517-popunjen-dom-naroda-pocinje-teci-rok-za-formiranje-vlasti-u-fbih\/"]}]},{"@type":"ImageObject","inLanguage":"bs-BA","@id":"https:\/\/tuzlainfo.ba\/index.php\/bosna-i-hercegovina\/item\/193517-popunjen-dom-naroda-pocinje-teci-rok-za-formiranje-vlasti-u-fbih\/#primaryimage","url":"https:\/\/tuzlainfo.ba\/wp-content\/uploads\/2018\/12\/sadrzaj_2018_20181201_1812_dom-narodaf.jpg","contentUrl":"https:\/\/tuzlainfo.ba\/wp-content\/uploads\/2018\/12\/sadrzaj_2018_20181201_1812_dom-narodaf.jpg","width":770,"height":410,"caption":"1812 dom narodaf"},{"@type":"BreadcrumbList","@id":"https:\/\/tuzlainfo.ba\/index.php\/bosna-i-hercegovina\/item\/193517-popunjen-dom-naroda-pocinje-teci-rok-za-formiranje-vlasti-u-fbih\/#breadcrumb","itemListElement":[{"@type":"ListItem","position":1,"name":"Home","item":"https:\/\/tuzlainfo.ba\/"},{"@type":"ListItem","position":2,"name":"Popunjen Dom naroda: Po\u010dinje te\u0107i rok za formiranje vlasti u FBiH"}]},{"@type":"WebSite","@id":"https:\/\/tuzlainfo.ba\/#website","url":"https:\/\/tuzlainfo.ba\/","name":"TuzlaInfo.ba","description":"Tuzla info, gradski informator - Tuzla na dlanu","publisher":{"@id":"https:\/\/tuzlainfo.ba\/#organization"},"potentialAction":[{"@type":"SearchAction","target":{"@type":"EntryPoint","urlTemplate":"https:\/\/tuzlainfo.ba\/?s={search_term_string}"},"query-input":{"@type":"PropertyValueSpecification","valueRequired":true,"valueName":"search_term_string"}}],"inLanguage":"bs-BA"},{"@type":"Organization","@id":"https:\/\/tuzlainfo.ba\/#organization","name":"TuzlaInfo.ba","url":"https:\/\/tuzlainfo.ba\/","logo":{"@type":"ImageObject","inLanguage":"bs-BA","@id":"https:\/\/tuzlainfo.ba\/#\/schema\/logo\/image\/","url":"https:\/\/tuzlainfo.ba\/wp-content\/uploads\/2021\/03\/logo-ver-3-1.png","contentUrl":"https:\/\/tuzlainfo.ba\/wp-content\/uploads\/2021\/03\/logo-ver-3-1.png","width":350,"height":95,"caption":"TuzlaInfo.ba"},"image":{"@id":"https:\/\/tuzlainfo.ba\/#\/schema\/logo\/image\/"},"sameAs":["https:\/\/www.facebook.com\/tuzlainfo.ba\/"]},{"@type":"Person","@id":"https:\/\/tuzlainfo.ba\/#\/schema\/person\/46cad4c57790cbc50781edd14870825a","name":"Tuzla Info","image":{"@type":"ImageObject","inLanguage":"bs-BA","@id":"https:\/\/tuzlainfo.ba\/#\/schema\/person\/image\/","url":"https:\/\/tuzlainfo.ba\/wp-content\/litespeed\/avatar\/b6c453a6c38e3654f2e4416c643fc25c.jpg?ver=1777051911","contentUrl":"https:\/\/tuzlainfo.ba\/wp-content\/litespeed\/avatar\/b6c453a6c38e3654f2e4416c643fc25c.jpg?ver=1777051911","caption":"Tuzla Info"}}]}},"_links":{"self":[{"href":"https:\/\/tuzlainfo.ba\/index.php\/wp-json\/wp\/v2\/posts\/193517"}],"collection":[{"href":"https:\/\/tuzlainfo.ba\/index.php\/wp-json\/wp\/v2\/posts"}],"about":[{"href":"https:\/\/tuzlainfo.ba\/index.php\/wp-json\/wp\/v2\/types\/post"}],"author":[{"embeddable":true,"href":"https:\/\/tuzlainfo.ba\/index.php\/wp-json\/wp\/v2\/users\/4"}],"replies":[{"embeddable":true,"href":"https:\/\/tuzlainfo.ba\/index.php\/wp-json\/wp\/v2\/comments?post=193517"}],"version-history":[{"count":0,"href":"https:\/\/tuzlainfo.ba\/index.php\/wp-json\/wp\/v2\/posts\/193517\/revisions"}],"wp:featuredmedia":[{"embeddable":true,"href":"https:\/\/tuzlainfo.ba\/index.php\/wp-json\/wp\/v2\/media\/66404"}],"wp:attachment":[{"href":"https:\/\/tuzlainfo.ba\/index.php\/wp-json\/wp\/v2\/media?parent=193517"}],"wp:term":[{"taxonomy":"category","embeddable":true,"href":"https:\/\/tuzlainfo.ba\/index.php\/wp-json\/wp\/v2\/categories?post=193517"},{"taxonomy":"post_tag","embeddable":true,"href":"https:\/\/tuzlainfo.ba\/index.php\/wp-json\/wp\/v2\/tags?post=193517"}],"curies":[{"name":"wp","href":"https:\/\/api.w.org\/{rel}","templated":true}]}}