{"id":193443,"date":"2022-12-29T20:18:45","date_gmt":"2022-12-29T19:18:45","guid":{"rendered":"https:\/\/tuzlainfo.ba\/?p=193443"},"modified":"2022-12-29T20:18:45","modified_gmt":"2022-12-29T19:18:45","slug":"preminuo-legendarni-pele","status":"publish","type":"post","link":"https:\/\/tuzlainfo.ba\/index.php\/clanci\/sa-svih-strana\/item\/193443-preminuo-legendarni-pele\/","title":{"rendered":"Preminuo legendarni Pele"},"content":{"rendered":"<p>Legendarni brazilski nogometa\u0161 Edson Arantes do Nascimento Pele je preminuo danas u Sao Paolu u 83. godini.<\/p>\n<p>&nbsp;<\/p>\n<p>Vijest su potvrdili The Washington Post, Guardian i BBC, a nakon toga i brojne li\u010dnosti na dru\u0161tvenim mre\u017eama.<\/p>\n<p>&nbsp;<\/p>\n<p>Brazilian legend Pel\u00e9 has passed away at 82, one of the greatest of all time who changed the game.<\/p>\n<p>&nbsp;<\/p>\n<p>A man with a god-given talent, one of the names who will remain forever in the memory.<\/p>\n<p>&nbsp;<\/p>\n<p>All thoughts with the family.<\/p>\n<p>&nbsp;<\/p>\n<p>RIP, legend \ud83d\udd4a\ufe0f pic.twitter.com\/xxndio7gmM<\/p>\n<p>&nbsp;<\/p>\n<p>\u2014 Fabrizio Romano (@FabrizioRomano) December 29, 2022<\/p>\n<p>Pele je ro\u0111en 23. oktobra 1940. godine u brazilskom mjestu Tres Coracoes u saveznoj dr\u017eavi Minas Gerais, a nedugo zatim njegova porodica se preselila u mjesto Baure u saveznu dr\u017eavu Sao Paulo. Njegov otac Joao Ramos bio je profesionalni igra\u010d u Fluminenseu, no morao je prekinuti karijeru zbog povrede.<\/p>\n<p>Joao je stoga podupirao sina u namjeri da postane nogometa\u0161 toliko da mu je dozvolio da sa devet godina napusti \u0161kolu kako bi se posvetio samo nogometu.<\/p>\n<p>&nbsp;<\/p>\n<p>Kao tinejd\u017eer po\u010deo je igrati za ni\u017eerazredne klubove Baquinho, Sete Setembro i Ameriquinha. U Ameriquinhi ga je sa 15 godina zapazio slavni brazilski igra\u010d Waldemar de Brito koji ga je doveo u Sao Paulo i njihovim \u010delnicima rekao: &#8220;Ovaj dje\u010dak \u0107e biti najve\u0107i nogometa\u0161 na svijetu&#8221;.<\/p>\n<p>&nbsp;<\/p>\n<p>nije pogrije\u0161io. U prvoj utakmici sa samo 15 godina je u\u0161ao u igru s klupe i dao je \u0161est od sedam golova Santosa. Zvijezda je ro\u0111ena.<\/p>\n<p>U Santosu je ostao do 1974. godine i za to vrijeme je osvojio \u0161est titula prvaka Brazila. Godinu dana je bio u penziji, a onda je stigao poziv New York Cosmosa koji se ne odbija &#8211; 7 miliona dolara. Odigrao je u SAD-u tri godine i osvojio titulu prvaka.<\/p>\n<p>&nbsp;<\/p>\n<p>Ipak, najupe\u010datljiviji su bili njegovi nastupi za Brazil u \u010dijem dresu je postigao \u010dak 77 golova u 92 nastupa, a s Kariokama je postao svjetski prvak 1958., 1962. i 1970. godine.<\/p>\n<p>Upisan je Guinnessovu knjigu rekorda kao najbolji strijelac u historiji nogometa nakon \u0161to je postigao 1.279 golova u 1.363 utakmica uklju\u010duju\u0107i prijateljske duele.<\/p>\n<p>&nbsp;<\/p>\n<p>Do pojave Lionela Messija i Cristiana Ronalda svi stru\u010dnjaci su bili podijeljeni izme\u0111u dva imena &#8211; Pelea i Diega Maradone kada je u pitanju dilema ko je najbolji nogometa\u0161 u historiji, a FIFA im je obojici odlu\u010dila 2000. godine dati nagrade za najboljeg nogometa\u0161a u 20. stolje\u0107u.<\/p>\n<p>&nbsp;<\/p>\n<p>Nakon zavr\u0161etka karijere bavio se i politikom, a 1994. godine je postao ministar sporta Brazila.<\/p>\n<p>Posljednjih godina je imao mnogo zdravstvenih problema, te\u0161ko se kretao nakon operacije kuka 2012. godine, a u septembru pro\u0161le godine mu je odstranjen tumor na debelom crijevu zbog \u010dega je skoro mjesec proveo u bolnici, a \u010dak 12 dana je bio na odjelu intenzivne njege.<\/p>\n<p>Od tada je nekoliko puta bio primljen ponovo u bolnicu, a na\u017ealost prilikom posljednje posjete ustanovljeno je da mu kemoterapije vi\u0161e ne djeluju, te je premje\u0161ten na odjel za palijativnu skrb gdje je i preminuo, prenio je Klix.<\/p>\n<p>&nbsp;<\/p>\n<p>\u017denio se tri puta i ima sedmero djece.<\/p>\n<p>&nbsp;<\/p>\n","protected":false},"excerpt":{"rendered":"<p>Legendarni brazilski nogometa\u0161 Edson Arantes do Nascimento Pele je preminuo danas u Sao Paolu u&hellip;<\/p>\n","protected":false},"author":4,"featured_media":193444,"comment_status":"open","ping_status":"closed","sticky":false,"template":"","format":"standard","meta":{"_acf_changed":false,"footnotes":""},"categories":[16],"tags":[5967],"acf":[],"yoast_head":"<!-- This site is optimized with the Yoast SEO plugin v23.5 - https:\/\/yoast.com\/wordpress\/plugins\/seo\/ -->\n<title>Preminuo legendarni Pele - TuzlaInfo.ba<\/title>\n<meta name=\"robots\" content=\"index, follow, max-snippet:-1, max-image-preview:large, max-video-preview:-1\" \/>\n<link rel=\"canonical\" href=\"https:\/\/tuzlainfo.ba\/index.php\/clanci\/sa-svih-strana\/item\/193443-preminuo-legendarni-pele\/\" \/>\n<meta property=\"og:locale\" content=\"bs_BA\" \/>\n<meta property=\"og:type\" content=\"article\" \/>\n<meta property=\"og:title\" content=\"Preminuo legendarni Pele - TuzlaInfo.ba\" \/>\n<meta property=\"og:description\" content=\"Legendarni brazilski nogometa\u0161 Edson Arantes do Nascimento Pele je preminuo danas u Sao Paolu u&hellip;\" \/>\n<meta property=\"og:url\" content=\"https:\/\/tuzlainfo.ba\/index.php\/clanci\/sa-svih-strana\/item\/193443-preminuo-legendarni-pele\/\" \/>\n<meta property=\"og:site_name\" content=\"TuzlaInfo.ba\" \/>\n<meta property=\"article:publisher\" content=\"https:\/\/www.facebook.com\/tuzlainfo.ba\/\" \/>\n<meta property=\"article:published_time\" content=\"2022-12-29T19:18:45+00:00\" \/>\n<meta property=\"og:image\" content=\"https:\/\/tuzlainfo.ba\/wp-content\/uploads\/2022\/12\/inbound5603277812197425072.jpg\" \/>\n\t<meta property=\"og:image:width\" content=\"612\" \/>\n\t<meta property=\"og:image:height\" content=\"408\" \/>\n\t<meta property=\"og:image:type\" content=\"image\/jpeg\" \/>\n<meta name=\"author\" content=\"Tuzla Info\" \/>\n<meta name=\"twitter:card\" content=\"summary_large_image\" \/>\n<meta name=\"twitter:label1\" content=\"Written by\" \/>\n\t<meta name=\"twitter:data1\" content=\"Tuzla Info\" \/>\n\t<meta name=\"twitter:label2\" content=\"Est. reading time\" \/>\n\t<meta name=\"twitter:data2\" content=\"3 minute\" \/>\n<script type=\"application\/ld+json\" class=\"yoast-schema-graph\">{\"@context\":\"https:\/\/schema.org\",\"@graph\":[{\"@type\":\"Article\",\"@id\":\"https:\/\/tuzlainfo.ba\/index.php\/clanci\/sa-svih-strana\/item\/193443-preminuo-legendarni-pele\/#article\",\"isPartOf\":{\"@id\":\"https:\/\/tuzlainfo.ba\/index.php\/clanci\/sa-svih-strana\/item\/193443-preminuo-legendarni-pele\/\"},\"author\":{\"name\":\"Tuzla Info\",\"@id\":\"https:\/\/tuzlainfo.ba\/#\/schema\/person\/46cad4c57790cbc50781edd14870825a\"},\"headline\":\"Preminuo legendarni Pele\",\"datePublished\":\"2022-12-29T19:18:45+00:00\",\"dateModified\":\"2022-12-29T19:18:45+00:00\",\"mainEntityOfPage\":{\"@id\":\"https:\/\/tuzlainfo.ba\/index.php\/clanci\/sa-svih-strana\/item\/193443-preminuo-legendarni-pele\/\"},\"wordCount\":515,\"commentCount\":0,\"publisher\":{\"@id\":\"https:\/\/tuzlainfo.ba\/#organization\"},\"image\":{\"@id\":\"https:\/\/tuzlainfo.ba\/index.php\/clanci\/sa-svih-strana\/item\/193443-preminuo-legendarni-pele\/#primaryimage\"},\"thumbnailUrl\":\"https:\/\/tuzlainfo.ba\/wp-content\/uploads\/2022\/12\/inbound5603277812197425072.jpg\",\"keywords\":[\"Pele\"],\"articleSection\":[\"Sa svih strana\"],\"inLanguage\":\"bs-BA\"},{\"@type\":\"WebPage\",\"@id\":\"https:\/\/tuzlainfo.ba\/index.php\/clanci\/sa-svih-strana\/item\/193443-preminuo-legendarni-pele\/\",\"url\":\"https:\/\/tuzlainfo.ba\/index.php\/clanci\/sa-svih-strana\/item\/193443-preminuo-legendarni-pele\/\",\"name\":\"Preminuo legendarni Pele - TuzlaInfo.ba\",\"isPartOf\":{\"@id\":\"https:\/\/tuzlainfo.ba\/#website\"},\"primaryImageOfPage\":{\"@id\":\"https:\/\/tuzlainfo.ba\/index.php\/clanci\/sa-svih-strana\/item\/193443-preminuo-legendarni-pele\/#primaryimage\"},\"image\":{\"@id\":\"https:\/\/tuzlainfo.ba\/index.php\/clanci\/sa-svih-strana\/item\/193443-preminuo-legendarni-pele\/#primaryimage\"},\"thumbnailUrl\":\"https:\/\/tuzlainfo.ba\/wp-content\/uploads\/2022\/12\/inbound5603277812197425072.jpg\",\"datePublished\":\"2022-12-29T19:18:45+00:00\",\"dateModified\":\"2022-12-29T19:18:45+00:00\",\"breadcrumb\":{\"@id\":\"https:\/\/tuzlainfo.ba\/index.php\/clanci\/sa-svih-strana\/item\/193443-preminuo-legendarni-pele\/#breadcrumb\"},\"inLanguage\":\"bs-BA\",\"potentialAction\":[{\"@type\":\"ReadAction\",\"target\":[\"https:\/\/tuzlainfo.ba\/index.php\/clanci\/sa-svih-strana\/item\/193443-preminuo-legendarni-pele\/\"]}]},{\"@type\":\"ImageObject\",\"inLanguage\":\"bs-BA\",\"@id\":\"https:\/\/tuzlainfo.ba\/index.php\/clanci\/sa-svih-strana\/item\/193443-preminuo-legendarni-pele\/#primaryimage\",\"url\":\"https:\/\/tuzlainfo.ba\/wp-content\/uploads\/2022\/12\/inbound5603277812197425072.jpg\",\"contentUrl\":\"https:\/\/tuzlainfo.ba\/wp-content\/uploads\/2022\/12\/inbound5603277812197425072.jpg\",\"width\":612,\"height\":408},{\"@type\":\"BreadcrumbList\",\"@id\":\"https:\/\/tuzlainfo.ba\/index.php\/clanci\/sa-svih-strana\/item\/193443-preminuo-legendarni-pele\/#breadcrumb\",\"itemListElement\":[{\"@type\":\"ListItem\",\"position\":1,\"name\":\"Home\",\"item\":\"https:\/\/tuzlainfo.ba\/\"},{\"@type\":\"ListItem\",\"position\":2,\"name\":\"Preminuo legendarni Pele\"}]},{\"@type\":\"WebSite\",\"@id\":\"https:\/\/tuzlainfo.ba\/#website\",\"url\":\"https:\/\/tuzlainfo.ba\/\",\"name\":\"TuzlaInfo.ba\",\"description\":\"Tuzla info, gradski informator - Tuzla na dlanu\",\"publisher\":{\"@id\":\"https:\/\/tuzlainfo.ba\/#organization\"},\"potentialAction\":[{\"@type\":\"SearchAction\",\"target\":{\"@type\":\"EntryPoint\",\"urlTemplate\":\"https:\/\/tuzlainfo.ba\/?s={search_term_string}\"},\"query-input\":{\"@type\":\"PropertyValueSpecification\",\"valueRequired\":true,\"valueName\":\"search_term_string\"}}],\"inLanguage\":\"bs-BA\"},{\"@type\":\"Organization\",\"@id\":\"https:\/\/tuzlainfo.ba\/#organization\",\"name\":\"TuzlaInfo.ba\",\"url\":\"https:\/\/tuzlainfo.ba\/\",\"logo\":{\"@type\":\"ImageObject\",\"inLanguage\":\"bs-BA\",\"@id\":\"https:\/\/tuzlainfo.ba\/#\/schema\/logo\/image\/\",\"url\":\"https:\/\/tuzlainfo.ba\/wp-content\/uploads\/2021\/03\/logo-ver-3-1.png\",\"contentUrl\":\"https:\/\/tuzlainfo.ba\/wp-content\/uploads\/2021\/03\/logo-ver-3-1.png\",\"width\":350,\"height\":95,\"caption\":\"TuzlaInfo.ba\"},\"image\":{\"@id\":\"https:\/\/tuzlainfo.ba\/#\/schema\/logo\/image\/\"},\"sameAs\":[\"https:\/\/www.facebook.com\/tuzlainfo.ba\/\"]},{\"@type\":\"Person\",\"@id\":\"https:\/\/tuzlainfo.ba\/#\/schema\/person\/46cad4c57790cbc50781edd14870825a\",\"name\":\"Tuzla Info\",\"image\":{\"@type\":\"ImageObject\",\"inLanguage\":\"bs-BA\",\"@id\":\"https:\/\/tuzlainfo.ba\/#\/schema\/person\/image\/\",\"url\":\"https:\/\/tuzlainfo.ba\/wp-content\/litespeed\/avatar\/b6c453a6c38e3654f2e4416c643fc25c.jpg?ver=1777051911\",\"contentUrl\":\"https:\/\/tuzlainfo.ba\/wp-content\/litespeed\/avatar\/b6c453a6c38e3654f2e4416c643fc25c.jpg?ver=1777051911\",\"caption\":\"Tuzla Info\"}}]}<\/script>\n<!-- \/ Yoast SEO plugin. -->","yoast_head_json":{"title":"Preminuo legendarni Pele - TuzlaInfo.ba","robots":{"index":"index","follow":"follow","max-snippet":"max-snippet:-1","max-image-preview":"max-image-preview:large","max-video-preview":"max-video-preview:-1"},"canonical":"https:\/\/tuzlainfo.ba\/index.php\/clanci\/sa-svih-strana\/item\/193443-preminuo-legendarni-pele\/","og_locale":"bs_BA","og_type":"article","og_title":"Preminuo legendarni Pele - TuzlaInfo.ba","og_description":"Legendarni brazilski nogometa\u0161 Edson Arantes do Nascimento Pele je preminuo danas u Sao Paolu u&hellip;","og_url":"https:\/\/tuzlainfo.ba\/index.php\/clanci\/sa-svih-strana\/item\/193443-preminuo-legendarni-pele\/","og_site_name":"TuzlaInfo.ba","article_publisher":"https:\/\/www.facebook.com\/tuzlainfo.ba\/","article_published_time":"2022-12-29T19:18:45+00:00","og_image":[{"width":612,"height":408,"url":"https:\/\/tuzlainfo.ba\/wp-content\/uploads\/2022\/12\/inbound5603277812197425072.jpg","type":"image\/jpeg"}],"author":"Tuzla Info","twitter_card":"summary_large_image","twitter_misc":{"Written by":"Tuzla Info","Est. reading time":"3 minute"},"schema":{"@context":"https:\/\/schema.org","@graph":[{"@type":"Article","@id":"https:\/\/tuzlainfo.ba\/index.php\/clanci\/sa-svih-strana\/item\/193443-preminuo-legendarni-pele\/#article","isPartOf":{"@id":"https:\/\/tuzlainfo.ba\/index.php\/clanci\/sa-svih-strana\/item\/193443-preminuo-legendarni-pele\/"},"author":{"name":"Tuzla Info","@id":"https:\/\/tuzlainfo.ba\/#\/schema\/person\/46cad4c57790cbc50781edd14870825a"},"headline":"Preminuo legendarni Pele","datePublished":"2022-12-29T19:18:45+00:00","dateModified":"2022-12-29T19:18:45+00:00","mainEntityOfPage":{"@id":"https:\/\/tuzlainfo.ba\/index.php\/clanci\/sa-svih-strana\/item\/193443-preminuo-legendarni-pele\/"},"wordCount":515,"commentCount":0,"publisher":{"@id":"https:\/\/tuzlainfo.ba\/#organization"},"image":{"@id":"https:\/\/tuzlainfo.ba\/index.php\/clanci\/sa-svih-strana\/item\/193443-preminuo-legendarni-pele\/#primaryimage"},"thumbnailUrl":"https:\/\/tuzlainfo.ba\/wp-content\/uploads\/2022\/12\/inbound5603277812197425072.jpg","keywords":["Pele"],"articleSection":["Sa svih strana"],"inLanguage":"bs-BA"},{"@type":"WebPage","@id":"https:\/\/tuzlainfo.ba\/index.php\/clanci\/sa-svih-strana\/item\/193443-preminuo-legendarni-pele\/","url":"https:\/\/tuzlainfo.ba\/index.php\/clanci\/sa-svih-strana\/item\/193443-preminuo-legendarni-pele\/","name":"Preminuo legendarni Pele - TuzlaInfo.ba","isPartOf":{"@id":"https:\/\/tuzlainfo.ba\/#website"},"primaryImageOfPage":{"@id":"https:\/\/tuzlainfo.ba\/index.php\/clanci\/sa-svih-strana\/item\/193443-preminuo-legendarni-pele\/#primaryimage"},"image":{"@id":"https:\/\/tuzlainfo.ba\/index.php\/clanci\/sa-svih-strana\/item\/193443-preminuo-legendarni-pele\/#primaryimage"},"thumbnailUrl":"https:\/\/tuzlainfo.ba\/wp-content\/uploads\/2022\/12\/inbound5603277812197425072.jpg","datePublished":"2022-12-29T19:18:45+00:00","dateModified":"2022-12-29T19:18:45+00:00","breadcrumb":{"@id":"https:\/\/tuzlainfo.ba\/index.php\/clanci\/sa-svih-strana\/item\/193443-preminuo-legendarni-pele\/#breadcrumb"},"inLanguage":"bs-BA","potentialAction":[{"@type":"ReadAction","target":["https:\/\/tuzlainfo.ba\/index.php\/clanci\/sa-svih-strana\/item\/193443-preminuo-legendarni-pele\/"]}]},{"@type":"ImageObject","inLanguage":"bs-BA","@id":"https:\/\/tuzlainfo.ba\/index.php\/clanci\/sa-svih-strana\/item\/193443-preminuo-legendarni-pele\/#primaryimage","url":"https:\/\/tuzlainfo.ba\/wp-content\/uploads\/2022\/12\/inbound5603277812197425072.jpg","contentUrl":"https:\/\/tuzlainfo.ba\/wp-content\/uploads\/2022\/12\/inbound5603277812197425072.jpg","width":612,"height":408},{"@type":"BreadcrumbList","@id":"https:\/\/tuzlainfo.ba\/index.php\/clanci\/sa-svih-strana\/item\/193443-preminuo-legendarni-pele\/#breadcrumb","itemListElement":[{"@type":"ListItem","position":1,"name":"Home","item":"https:\/\/tuzlainfo.ba\/"},{"@type":"ListItem","position":2,"name":"Preminuo legendarni Pele"}]},{"@type":"WebSite","@id":"https:\/\/tuzlainfo.ba\/#website","url":"https:\/\/tuzlainfo.ba\/","name":"TuzlaInfo.ba","description":"Tuzla info, gradski informator - Tuzla na dlanu","publisher":{"@id":"https:\/\/tuzlainfo.ba\/#organization"},"potentialAction":[{"@type":"SearchAction","target":{"@type":"EntryPoint","urlTemplate":"https:\/\/tuzlainfo.ba\/?s={search_term_string}"},"query-input":{"@type":"PropertyValueSpecification","valueRequired":true,"valueName":"search_term_string"}}],"inLanguage":"bs-BA"},{"@type":"Organization","@id":"https:\/\/tuzlainfo.ba\/#organization","name":"TuzlaInfo.ba","url":"https:\/\/tuzlainfo.ba\/","logo":{"@type":"ImageObject","inLanguage":"bs-BA","@id":"https:\/\/tuzlainfo.ba\/#\/schema\/logo\/image\/","url":"https:\/\/tuzlainfo.ba\/wp-content\/uploads\/2021\/03\/logo-ver-3-1.png","contentUrl":"https:\/\/tuzlainfo.ba\/wp-content\/uploads\/2021\/03\/logo-ver-3-1.png","width":350,"height":95,"caption":"TuzlaInfo.ba"},"image":{"@id":"https:\/\/tuzlainfo.ba\/#\/schema\/logo\/image\/"},"sameAs":["https:\/\/www.facebook.com\/tuzlainfo.ba\/"]},{"@type":"Person","@id":"https:\/\/tuzlainfo.ba\/#\/schema\/person\/46cad4c57790cbc50781edd14870825a","name":"Tuzla Info","image":{"@type":"ImageObject","inLanguage":"bs-BA","@id":"https:\/\/tuzlainfo.ba\/#\/schema\/person\/image\/","url":"https:\/\/tuzlainfo.ba\/wp-content\/litespeed\/avatar\/b6c453a6c38e3654f2e4416c643fc25c.jpg?ver=1777051911","contentUrl":"https:\/\/tuzlainfo.ba\/wp-content\/litespeed\/avatar\/b6c453a6c38e3654f2e4416c643fc25c.jpg?ver=1777051911","caption":"Tuzla Info"}}]}},"_links":{"self":[{"href":"https:\/\/tuzlainfo.ba\/index.php\/wp-json\/wp\/v2\/posts\/193443"}],"collection":[{"href":"https:\/\/tuzlainfo.ba\/index.php\/wp-json\/wp\/v2\/posts"}],"about":[{"href":"https:\/\/tuzlainfo.ba\/index.php\/wp-json\/wp\/v2\/types\/post"}],"author":[{"embeddable":true,"href":"https:\/\/tuzlainfo.ba\/index.php\/wp-json\/wp\/v2\/users\/4"}],"replies":[{"embeddable":true,"href":"https:\/\/tuzlainfo.ba\/index.php\/wp-json\/wp\/v2\/comments?post=193443"}],"version-history":[{"count":0,"href":"https:\/\/tuzlainfo.ba\/index.php\/wp-json\/wp\/v2\/posts\/193443\/revisions"}],"wp:featuredmedia":[{"embeddable":true,"href":"https:\/\/tuzlainfo.ba\/index.php\/wp-json\/wp\/v2\/media\/193444"}],"wp:attachment":[{"href":"https:\/\/tuzlainfo.ba\/index.php\/wp-json\/wp\/v2\/media?parent=193443"}],"wp:term":[{"taxonomy":"category","embeddable":true,"href":"https:\/\/tuzlainfo.ba\/index.php\/wp-json\/wp\/v2\/categories?post=193443"},{"taxonomy":"post_tag","embeddable":true,"href":"https:\/\/tuzlainfo.ba\/index.php\/wp-json\/wp\/v2\/tags?post=193443"}],"curies":[{"name":"wp","href":"https:\/\/api.w.org\/{rel}","templated":true}]}}