{"id":193432,"date":"2022-12-29T17:00:12","date_gmt":"2022-12-29T16:00:12","guid":{"rendered":"https:\/\/tuzlainfo.ba\/?p=193432"},"modified":"2022-12-29T16:42:02","modified_gmt":"2022-12-29T15:42:02","slug":"prosvjetni-radnici-u-tk-odrzali-jednosatni-strajk-upozorenja","status":"publish","type":"post","link":"https:\/\/tuzlainfo.ba\/index.php\/novosti\/item\/193432-prosvjetni-radnici-u-tk-odrzali-jednosatni-strajk-upozorenja\/","title":{"rendered":"Prosvjetni radnici u TK odr\u017eali jednosatni \u0161trajk upozorenja"},"content":{"rendered":"<p>Kraj je godine, a Sporazum kojim se utvr\u0111uju primanja radnika koji plate i naknade primaju iz Bud\u017eeta Tuzlanskog kantona jo\u0161 nije potpisan. Razlog tome jeste prijedlog koji je ponudila kantonalna Vlada, a kojim Sindikati nisu bili zadovoljni. Nakon protestne \u0161etnje u subotu, danas je na podru\u010dju na\u0161eg kantona u svim osnovnim i srednjim \u0161kolama odr\u017ean jednosatni \u0161trajk upozorenja.<\/p>\n<p>&nbsp;<\/p>\n<p>\u201cPrije 15 dana donijeli smo odluku da u slu\u010daju da ako ne potpi\u0161emo Sporazum sa Vladom koji imamo obavezu da idemo prvo na proteste pa \u0161trajk upozorenja. Danas je taj dan jer je sutra dono\u0161enje Bud\u017eeta, i mi smo uzeli ovaj dan da bi jo\u0161 jednom ukazali na to da jo\u0161 nemamo potpisan Sporazum sa Vladom TK\u201d , kazao je za RTV Slon Sumedin Kulovi\u0107, predsjednik Sindikata osnovnog odgoja i obrazovanja TK.<\/p>\n<p>Na prijedlog kantonalne Vlade svaki radnik u obrazovanju imao bi pove\u0107anje na platu 90 KM kao i mjese\u010dno uskla\u0111ivanje toplog obroka na 1% prosje\u010dne pla\u0107e u Federaciji BiH. Me\u0111utim, Sindikati ostaju pri stavu da im treba biti ispla\u0107ena i jednokratna nov\u010dana pomo\u0107 u iznosu 1.080 KM, shodno odluci Vlade Federacije BiH.<\/p>\n","protected":false},"excerpt":{"rendered":"<p>Kraj je godine, a Sporazum kojim se utvr\u0111uju primanja radnika koji plate i naknade primaju&hellip;<\/p>\n","protected":false},"author":4,"featured_media":142481,"comment_status":"open","ping_status":"closed","sticky":false,"template":"","format":"standard","meta":{"_acf_changed":false,"footnotes":""},"categories":[304,12],"tags":[3652,5966,360],"acf":[],"yoast_head":"<!-- This site is optimized with the Yoast SEO plugin v23.5 - https:\/\/yoast.com\/wordpress\/plugins\/seo\/ -->\n<title>Prosvjetni radnici u TK odr\u017eali jednosatni \u0161trajk upozorenja - TuzlaInfo.ba<\/title>\n<meta name=\"robots\" content=\"index, follow, max-snippet:-1, max-image-preview:large, max-video-preview:-1\" \/>\n<link rel=\"canonical\" href=\"https:\/\/tuzlainfo.ba\/index.php\/novosti\/item\/193432-prosvjetni-radnici-u-tk-odrzali-jednosatni-strajk-upozorenja\/\" \/>\n<meta property=\"og:locale\" content=\"bs_BA\" \/>\n<meta property=\"og:type\" content=\"article\" \/>\n<meta property=\"og:title\" content=\"Prosvjetni radnici u TK odr\u017eali jednosatni \u0161trajk upozorenja - TuzlaInfo.ba\" \/>\n<meta property=\"og:description\" content=\"Kraj je godine, a Sporazum kojim se utvr\u0111uju primanja radnika koji plate i naknade primaju&hellip;\" \/>\n<meta property=\"og:url\" content=\"https:\/\/tuzlainfo.ba\/index.php\/novosti\/item\/193432-prosvjetni-radnici-u-tk-odrzali-jednosatni-strajk-upozorenja\/\" \/>\n<meta property=\"og:site_name\" content=\"TuzlaInfo.ba\" \/>\n<meta property=\"article:publisher\" content=\"https:\/\/www.facebook.com\/tuzlainfo.ba\/\" \/>\n<meta property=\"article:published_time\" content=\"2022-12-29T16:00:12+00:00\" \/>\n<meta property=\"article:modified_time\" content=\"2022-12-29T15:42:02+00:00\" \/>\n<meta property=\"og:image\" content=\"https:\/\/tuzlainfo.ba\/wp-content\/uploads\/2021\/07\/2107_skola-800x400-1.jpg\" \/>\n\t<meta property=\"og:image:width\" content=\"800\" \/>\n\t<meta property=\"og:image:height\" content=\"400\" \/>\n\t<meta property=\"og:image:type\" content=\"image\/jpeg\" \/>\n<meta name=\"author\" content=\"Tuzla Info\" \/>\n<meta name=\"twitter:card\" content=\"summary_large_image\" \/>\n<meta name=\"twitter:label1\" content=\"Written by\" \/>\n\t<meta name=\"twitter:data1\" content=\"Tuzla Info\" \/>\n\t<meta name=\"twitter:label2\" content=\"Est. reading time\" \/>\n\t<meta name=\"twitter:data2\" content=\"1 minuta\" \/>\n<script type=\"application\/ld+json\" class=\"yoast-schema-graph\">{\"@context\":\"https:\/\/schema.org\",\"@graph\":[{\"@type\":\"Article\",\"@id\":\"https:\/\/tuzlainfo.ba\/index.php\/novosti\/item\/193432-prosvjetni-radnici-u-tk-odrzali-jednosatni-strajk-upozorenja\/#article\",\"isPartOf\":{\"@id\":\"https:\/\/tuzlainfo.ba\/index.php\/novosti\/item\/193432-prosvjetni-radnici-u-tk-odrzali-jednosatni-strajk-upozorenja\/\"},\"author\":{\"name\":\"Tuzla Info\",\"@id\":\"https:\/\/tuzlainfo.ba\/#\/schema\/person\/46cad4c57790cbc50781edd14870825a\"},\"headline\":\"Prosvjetni radnici u TK odr\u017eali jednosatni \u0161trajk upozorenja\",\"datePublished\":\"2022-12-29T16:00:12+00:00\",\"dateModified\":\"2022-12-29T15:42:02+00:00\",\"mainEntityOfPage\":{\"@id\":\"https:\/\/tuzlainfo.ba\/index.php\/novosti\/item\/193432-prosvjetni-radnici-u-tk-odrzali-jednosatni-strajk-upozorenja\/\"},\"wordCount\":203,\"commentCount\":0,\"publisher\":{\"@id\":\"https:\/\/tuzlainfo.ba\/#organization\"},\"image\":{\"@id\":\"https:\/\/tuzlainfo.ba\/index.php\/novosti\/item\/193432-prosvjetni-radnici-u-tk-odrzali-jednosatni-strajk-upozorenja\/#primaryimage\"},\"thumbnailUrl\":\"https:\/\/tuzlainfo.ba\/wp-content\/uploads\/2021\/07\/2107_skola-800x400-1.jpg\",\"keywords\":[\"prosvjetni radnici\",\"\u0160trajk upozorenja\",\"tuzlanski kanton\"],\"articleSection\":[\"Istaknuto\",\"Novosti\"],\"inLanguage\":\"bs-BA\"},{\"@type\":\"WebPage\",\"@id\":\"https:\/\/tuzlainfo.ba\/index.php\/novosti\/item\/193432-prosvjetni-radnici-u-tk-odrzali-jednosatni-strajk-upozorenja\/\",\"url\":\"https:\/\/tuzlainfo.ba\/index.php\/novosti\/item\/193432-prosvjetni-radnici-u-tk-odrzali-jednosatni-strajk-upozorenja\/\",\"name\":\"Prosvjetni radnici u TK odr\u017eali jednosatni \u0161trajk upozorenja - TuzlaInfo.ba\",\"isPartOf\":{\"@id\":\"https:\/\/tuzlainfo.ba\/#website\"},\"primaryImageOfPage\":{\"@id\":\"https:\/\/tuzlainfo.ba\/index.php\/novosti\/item\/193432-prosvjetni-radnici-u-tk-odrzali-jednosatni-strajk-upozorenja\/#primaryimage\"},\"image\":{\"@id\":\"https:\/\/tuzlainfo.ba\/index.php\/novosti\/item\/193432-prosvjetni-radnici-u-tk-odrzali-jednosatni-strajk-upozorenja\/#primaryimage\"},\"thumbnailUrl\":\"https:\/\/tuzlainfo.ba\/wp-content\/uploads\/2021\/07\/2107_skola-800x400-1.jpg\",\"datePublished\":\"2022-12-29T16:00:12+00:00\",\"dateModified\":\"2022-12-29T15:42:02+00:00\",\"breadcrumb\":{\"@id\":\"https:\/\/tuzlainfo.ba\/index.php\/novosti\/item\/193432-prosvjetni-radnici-u-tk-odrzali-jednosatni-strajk-upozorenja\/#breadcrumb\"},\"inLanguage\":\"bs-BA\",\"potentialAction\":[{\"@type\":\"ReadAction\",\"target\":[\"https:\/\/tuzlainfo.ba\/index.php\/novosti\/item\/193432-prosvjetni-radnici-u-tk-odrzali-jednosatni-strajk-upozorenja\/\"]}]},{\"@type\":\"ImageObject\",\"inLanguage\":\"bs-BA\",\"@id\":\"https:\/\/tuzlainfo.ba\/index.php\/novosti\/item\/193432-prosvjetni-radnici-u-tk-odrzali-jednosatni-strajk-upozorenja\/#primaryimage\",\"url\":\"https:\/\/tuzlainfo.ba\/wp-content\/uploads\/2021\/07\/2107_skola-800x400-1.jpg\",\"contentUrl\":\"https:\/\/tuzlainfo.ba\/wp-content\/uploads\/2021\/07\/2107_skola-800x400-1.jpg\",\"width\":800,\"height\":400},{\"@type\":\"BreadcrumbList\",\"@id\":\"https:\/\/tuzlainfo.ba\/index.php\/novosti\/item\/193432-prosvjetni-radnici-u-tk-odrzali-jednosatni-strajk-upozorenja\/#breadcrumb\",\"itemListElement\":[{\"@type\":\"ListItem\",\"position\":1,\"name\":\"Home\",\"item\":\"https:\/\/tuzlainfo.ba\/\"},{\"@type\":\"ListItem\",\"position\":2,\"name\":\"Prosvjetni radnici u TK odr\u017eali jednosatni \u0161trajk upozorenja\"}]},{\"@type\":\"WebSite\",\"@id\":\"https:\/\/tuzlainfo.ba\/#website\",\"url\":\"https:\/\/tuzlainfo.ba\/\",\"name\":\"TuzlaInfo.ba\",\"description\":\"Tuzla info, gradski informator - Tuzla na dlanu\",\"publisher\":{\"@id\":\"https:\/\/tuzlainfo.ba\/#organization\"},\"potentialAction\":[{\"@type\":\"SearchAction\",\"target\":{\"@type\":\"EntryPoint\",\"urlTemplate\":\"https:\/\/tuzlainfo.ba\/?s={search_term_string}\"},\"query-input\":{\"@type\":\"PropertyValueSpecification\",\"valueRequired\":true,\"valueName\":\"search_term_string\"}}],\"inLanguage\":\"bs-BA\"},{\"@type\":\"Organization\",\"@id\":\"https:\/\/tuzlainfo.ba\/#organization\",\"name\":\"TuzlaInfo.ba\",\"url\":\"https:\/\/tuzlainfo.ba\/\",\"logo\":{\"@type\":\"ImageObject\",\"inLanguage\":\"bs-BA\",\"@id\":\"https:\/\/tuzlainfo.ba\/#\/schema\/logo\/image\/\",\"url\":\"https:\/\/tuzlainfo.ba\/wp-content\/uploads\/2021\/03\/logo-ver-3-1.png\",\"contentUrl\":\"https:\/\/tuzlainfo.ba\/wp-content\/uploads\/2021\/03\/logo-ver-3-1.png\",\"width\":350,\"height\":95,\"caption\":\"TuzlaInfo.ba\"},\"image\":{\"@id\":\"https:\/\/tuzlainfo.ba\/#\/schema\/logo\/image\/\"},\"sameAs\":[\"https:\/\/www.facebook.com\/tuzlainfo.ba\/\"]},{\"@type\":\"Person\",\"@id\":\"https:\/\/tuzlainfo.ba\/#\/schema\/person\/46cad4c57790cbc50781edd14870825a\",\"name\":\"Tuzla Info\",\"image\":{\"@type\":\"ImageObject\",\"inLanguage\":\"bs-BA\",\"@id\":\"https:\/\/tuzlainfo.ba\/#\/schema\/person\/image\/\",\"url\":\"https:\/\/tuzlainfo.ba\/wp-content\/litespeed\/avatar\/b6c453a6c38e3654f2e4416c643fc25c.jpg?ver=1777051911\",\"contentUrl\":\"https:\/\/tuzlainfo.ba\/wp-content\/litespeed\/avatar\/b6c453a6c38e3654f2e4416c643fc25c.jpg?ver=1777051911\",\"caption\":\"Tuzla Info\"}}]}<\/script>\n<!-- \/ Yoast SEO plugin. -->","yoast_head_json":{"title":"Prosvjetni radnici u TK odr\u017eali jednosatni \u0161trajk upozorenja - TuzlaInfo.ba","robots":{"index":"index","follow":"follow","max-snippet":"max-snippet:-1","max-image-preview":"max-image-preview:large","max-video-preview":"max-video-preview:-1"},"canonical":"https:\/\/tuzlainfo.ba\/index.php\/novosti\/item\/193432-prosvjetni-radnici-u-tk-odrzali-jednosatni-strajk-upozorenja\/","og_locale":"bs_BA","og_type":"article","og_title":"Prosvjetni radnici u TK odr\u017eali jednosatni \u0161trajk upozorenja - TuzlaInfo.ba","og_description":"Kraj je godine, a Sporazum kojim se utvr\u0111uju primanja radnika koji plate i naknade primaju&hellip;","og_url":"https:\/\/tuzlainfo.ba\/index.php\/novosti\/item\/193432-prosvjetni-radnici-u-tk-odrzali-jednosatni-strajk-upozorenja\/","og_site_name":"TuzlaInfo.ba","article_publisher":"https:\/\/www.facebook.com\/tuzlainfo.ba\/","article_published_time":"2022-12-29T16:00:12+00:00","article_modified_time":"2022-12-29T15:42:02+00:00","og_image":[{"width":800,"height":400,"url":"https:\/\/tuzlainfo.ba\/wp-content\/uploads\/2021\/07\/2107_skola-800x400-1.jpg","type":"image\/jpeg"}],"author":"Tuzla Info","twitter_card":"summary_large_image","twitter_misc":{"Written by":"Tuzla Info","Est. reading time":"1 minuta"},"schema":{"@context":"https:\/\/schema.org","@graph":[{"@type":"Article","@id":"https:\/\/tuzlainfo.ba\/index.php\/novosti\/item\/193432-prosvjetni-radnici-u-tk-odrzali-jednosatni-strajk-upozorenja\/#article","isPartOf":{"@id":"https:\/\/tuzlainfo.ba\/index.php\/novosti\/item\/193432-prosvjetni-radnici-u-tk-odrzali-jednosatni-strajk-upozorenja\/"},"author":{"name":"Tuzla Info","@id":"https:\/\/tuzlainfo.ba\/#\/schema\/person\/46cad4c57790cbc50781edd14870825a"},"headline":"Prosvjetni radnici u TK odr\u017eali jednosatni \u0161trajk upozorenja","datePublished":"2022-12-29T16:00:12+00:00","dateModified":"2022-12-29T15:42:02+00:00","mainEntityOfPage":{"@id":"https:\/\/tuzlainfo.ba\/index.php\/novosti\/item\/193432-prosvjetni-radnici-u-tk-odrzali-jednosatni-strajk-upozorenja\/"},"wordCount":203,"commentCount":0,"publisher":{"@id":"https:\/\/tuzlainfo.ba\/#organization"},"image":{"@id":"https:\/\/tuzlainfo.ba\/index.php\/novosti\/item\/193432-prosvjetni-radnici-u-tk-odrzali-jednosatni-strajk-upozorenja\/#primaryimage"},"thumbnailUrl":"https:\/\/tuzlainfo.ba\/wp-content\/uploads\/2021\/07\/2107_skola-800x400-1.jpg","keywords":["prosvjetni radnici","\u0160trajk upozorenja","tuzlanski kanton"],"articleSection":["Istaknuto","Novosti"],"inLanguage":"bs-BA"},{"@type":"WebPage","@id":"https:\/\/tuzlainfo.ba\/index.php\/novosti\/item\/193432-prosvjetni-radnici-u-tk-odrzali-jednosatni-strajk-upozorenja\/","url":"https:\/\/tuzlainfo.ba\/index.php\/novosti\/item\/193432-prosvjetni-radnici-u-tk-odrzali-jednosatni-strajk-upozorenja\/","name":"Prosvjetni radnici u TK odr\u017eali jednosatni \u0161trajk upozorenja - TuzlaInfo.ba","isPartOf":{"@id":"https:\/\/tuzlainfo.ba\/#website"},"primaryImageOfPage":{"@id":"https:\/\/tuzlainfo.ba\/index.php\/novosti\/item\/193432-prosvjetni-radnici-u-tk-odrzali-jednosatni-strajk-upozorenja\/#primaryimage"},"image":{"@id":"https:\/\/tuzlainfo.ba\/index.php\/novosti\/item\/193432-prosvjetni-radnici-u-tk-odrzali-jednosatni-strajk-upozorenja\/#primaryimage"},"thumbnailUrl":"https:\/\/tuzlainfo.ba\/wp-content\/uploads\/2021\/07\/2107_skola-800x400-1.jpg","datePublished":"2022-12-29T16:00:12+00:00","dateModified":"2022-12-29T15:42:02+00:00","breadcrumb":{"@id":"https:\/\/tuzlainfo.ba\/index.php\/novosti\/item\/193432-prosvjetni-radnici-u-tk-odrzali-jednosatni-strajk-upozorenja\/#breadcrumb"},"inLanguage":"bs-BA","potentialAction":[{"@type":"ReadAction","target":["https:\/\/tuzlainfo.ba\/index.php\/novosti\/item\/193432-prosvjetni-radnici-u-tk-odrzali-jednosatni-strajk-upozorenja\/"]}]},{"@type":"ImageObject","inLanguage":"bs-BA","@id":"https:\/\/tuzlainfo.ba\/index.php\/novosti\/item\/193432-prosvjetni-radnici-u-tk-odrzali-jednosatni-strajk-upozorenja\/#primaryimage","url":"https:\/\/tuzlainfo.ba\/wp-content\/uploads\/2021\/07\/2107_skola-800x400-1.jpg","contentUrl":"https:\/\/tuzlainfo.ba\/wp-content\/uploads\/2021\/07\/2107_skola-800x400-1.jpg","width":800,"height":400},{"@type":"BreadcrumbList","@id":"https:\/\/tuzlainfo.ba\/index.php\/novosti\/item\/193432-prosvjetni-radnici-u-tk-odrzali-jednosatni-strajk-upozorenja\/#breadcrumb","itemListElement":[{"@type":"ListItem","position":1,"name":"Home","item":"https:\/\/tuzlainfo.ba\/"},{"@type":"ListItem","position":2,"name":"Prosvjetni radnici u TK odr\u017eali jednosatni \u0161trajk upozorenja"}]},{"@type":"WebSite","@id":"https:\/\/tuzlainfo.ba\/#website","url":"https:\/\/tuzlainfo.ba\/","name":"TuzlaInfo.ba","description":"Tuzla info, gradski informator - Tuzla na dlanu","publisher":{"@id":"https:\/\/tuzlainfo.ba\/#organization"},"potentialAction":[{"@type":"SearchAction","target":{"@type":"EntryPoint","urlTemplate":"https:\/\/tuzlainfo.ba\/?s={search_term_string}"},"query-input":{"@type":"PropertyValueSpecification","valueRequired":true,"valueName":"search_term_string"}}],"inLanguage":"bs-BA"},{"@type":"Organization","@id":"https:\/\/tuzlainfo.ba\/#organization","name":"TuzlaInfo.ba","url":"https:\/\/tuzlainfo.ba\/","logo":{"@type":"ImageObject","inLanguage":"bs-BA","@id":"https:\/\/tuzlainfo.ba\/#\/schema\/logo\/image\/","url":"https:\/\/tuzlainfo.ba\/wp-content\/uploads\/2021\/03\/logo-ver-3-1.png","contentUrl":"https:\/\/tuzlainfo.ba\/wp-content\/uploads\/2021\/03\/logo-ver-3-1.png","width":350,"height":95,"caption":"TuzlaInfo.ba"},"image":{"@id":"https:\/\/tuzlainfo.ba\/#\/schema\/logo\/image\/"},"sameAs":["https:\/\/www.facebook.com\/tuzlainfo.ba\/"]},{"@type":"Person","@id":"https:\/\/tuzlainfo.ba\/#\/schema\/person\/46cad4c57790cbc50781edd14870825a","name":"Tuzla Info","image":{"@type":"ImageObject","inLanguage":"bs-BA","@id":"https:\/\/tuzlainfo.ba\/#\/schema\/person\/image\/","url":"https:\/\/tuzlainfo.ba\/wp-content\/litespeed\/avatar\/b6c453a6c38e3654f2e4416c643fc25c.jpg?ver=1777051911","contentUrl":"https:\/\/tuzlainfo.ba\/wp-content\/litespeed\/avatar\/b6c453a6c38e3654f2e4416c643fc25c.jpg?ver=1777051911","caption":"Tuzla Info"}}]}},"_links":{"self":[{"href":"https:\/\/tuzlainfo.ba\/index.php\/wp-json\/wp\/v2\/posts\/193432"}],"collection":[{"href":"https:\/\/tuzlainfo.ba\/index.php\/wp-json\/wp\/v2\/posts"}],"about":[{"href":"https:\/\/tuzlainfo.ba\/index.php\/wp-json\/wp\/v2\/types\/post"}],"author":[{"embeddable":true,"href":"https:\/\/tuzlainfo.ba\/index.php\/wp-json\/wp\/v2\/users\/4"}],"replies":[{"embeddable":true,"href":"https:\/\/tuzlainfo.ba\/index.php\/wp-json\/wp\/v2\/comments?post=193432"}],"version-history":[{"count":0,"href":"https:\/\/tuzlainfo.ba\/index.php\/wp-json\/wp\/v2\/posts\/193432\/revisions"}],"wp:featuredmedia":[{"embeddable":true,"href":"https:\/\/tuzlainfo.ba\/index.php\/wp-json\/wp\/v2\/media\/142481"}],"wp:attachment":[{"href":"https:\/\/tuzlainfo.ba\/index.php\/wp-json\/wp\/v2\/media?parent=193432"}],"wp:term":[{"taxonomy":"category","embeddable":true,"href":"https:\/\/tuzlainfo.ba\/index.php\/wp-json\/wp\/v2\/categories?post=193432"},{"taxonomy":"post_tag","embeddable":true,"href":"https:\/\/tuzlainfo.ba\/index.php\/wp-json\/wp\/v2\/tags?post=193432"}],"curies":[{"name":"wp","href":"https:\/\/api.w.org\/{rel}","templated":true}]}}