{"id":193233,"date":"2022-12-27T10:47:17","date_gmt":"2022-12-27T09:47:17","guid":{"rendered":"https:\/\/tuzlainfo.ba\/?p=193233"},"modified":"2022-12-27T10:47:17","modified_gmt":"2022-12-27T09:47:17","slug":"radio-slon-danas-slavi-27-rodjendan","status":"publish","type":"post","link":"https:\/\/tuzlainfo.ba\/index.php\/uncategorized\/item\/193233-radio-slon-danas-slavi-27-rodjendan\/","title":{"rendered":"Radio Slon danas slavi 27. ro\u0111endan"},"content":{"rendered":"<p>Slon radio danas slavi 27. ro\u0111endan. Ovaj gradski radio se prije 27 godina se po prvi put oglasio u eteru, a tada je program emitovan osam sati dnevno.<\/p>\n<p>Sada, Radio Slon programski sadr\u017eaj emituje 24 sata.<\/p>\n<p>&#8220;Na 89 MHz mo\u017eete slu\u0161ati sve, od informativnih do muzi\u010dko-zabavnih i humoristi\u010dkih sadr\u017eaja. Uprkos brojnim te\u0161ko\u0107ama i velikoj konkurenciji, u proteklih 27 godina Slon radio se razvio u zna\u010dajnu medijsku ku\u0107u na ovim prostorima. Zanimljivim programskim sadr\u017eajima i stalnim osvje\u017eavanjem programske \u0161eme Slon radio je na\u0161ao put do srca hiljade vjernih slu\u0161atelja&#8221;.<\/p>\n<p>&nbsp;<\/p>\n<p>Programskim sadr\u017eajima zadovoljavamo \u0161iroke mase slu\u0161atelja, emituju\u0107i sadr\u017eaje od informativih pa do muzi\u010dko zabavnih i humoristi\u010dkih. Program emituje 24 sata i mogu\u0107e ga je slu\u0161ati u eteru na podru\u010dju Tuzlanskog kantona, a ve\u0107 godinama program emituje u\u017eivo i putem interneta.<\/p>\n<p>Ina\u010de ova radio stanica je prva iz BiH koja je daleke 1998. godine po\u010dela emitovati program putem interneta. Bila je to revolucija i po\u010detak novog na\u010dina globalnog emitovanja.<\/p>\n<p>&nbsp;<\/p>\n<p>Danas ova radio stanica zapo\u0161ljava veliki broj iskusnih novinara, tehni\u010dara te ostalog osoblja.<\/p>\n<p>Ekipa portala Tuzlainfo.ba kolegama sa Slon radija upu\u0107uje \u010destitke povodom ro\u0111endana.<\/p>\n","protected":false},"excerpt":{"rendered":"<p>Slon radio danas slavi 27. ro\u0111endan. Ovaj gradski radio se prije 27 godina se po&hellip;<\/p>\n","protected":false},"author":4,"featured_media":193234,"comment_status":"open","ping_status":"closed","sticky":false,"template":"","format":"standard","meta":{"_acf_changed":false,"footnotes":""},"categories":[304,12,1],"tags":[5952,42],"acf":[],"yoast_head":"<!-- This site is optimized with the Yoast SEO plugin v23.5 - https:\/\/yoast.com\/wordpress\/plugins\/seo\/ -->\n<title>Radio Slon danas slavi 27. ro\u0111endan - TuzlaInfo.ba<\/title>\n<meta name=\"robots\" content=\"index, follow, max-snippet:-1, max-image-preview:large, max-video-preview:-1\" \/>\n<link rel=\"canonical\" href=\"https:\/\/tuzlainfo.ba\/index.php\/uncategorized\/item\/193233-radio-slon-danas-slavi-27-rodjendan\/\" \/>\n<meta property=\"og:locale\" content=\"bs_BA\" \/>\n<meta property=\"og:type\" content=\"article\" \/>\n<meta property=\"og:title\" content=\"Radio Slon danas slavi 27. ro\u0111endan - TuzlaInfo.ba\" \/>\n<meta property=\"og:description\" content=\"Slon radio danas slavi 27. ro\u0111endan. Ovaj gradski radio se prije 27 godina se po&hellip;\" \/>\n<meta property=\"og:url\" content=\"https:\/\/tuzlainfo.ba\/index.php\/uncategorized\/item\/193233-radio-slon-danas-slavi-27-rodjendan\/\" \/>\n<meta property=\"og:site_name\" content=\"TuzlaInfo.ba\" \/>\n<meta property=\"article:publisher\" content=\"https:\/\/www.facebook.com\/tuzlainfo.ba\/\" \/>\n<meta property=\"article:published_time\" content=\"2022-12-27T09:47:17+00:00\" \/>\n<meta property=\"og:image\" content=\"https:\/\/tuzlainfo.ba\/wp-content\/uploads\/2022\/12\/inbound2490644313172702879-scaled.jpg\" \/>\n\t<meta property=\"og:image:width\" content=\"2560\" \/>\n\t<meta property=\"og:image:height\" content=\"1922\" \/>\n\t<meta property=\"og:image:type\" content=\"image\/jpeg\" \/>\n<meta name=\"author\" content=\"Tuzla Info\" \/>\n<meta name=\"twitter:card\" content=\"summary_large_image\" \/>\n<meta name=\"twitter:label1\" content=\"Written by\" \/>\n\t<meta name=\"twitter:data1\" content=\"Tuzla Info\" \/>\n\t<meta name=\"twitter:label2\" content=\"Est. reading time\" \/>\n\t<meta name=\"twitter:data2\" content=\"1 minuta\" \/>\n<script type=\"application\/ld+json\" class=\"yoast-schema-graph\">{\"@context\":\"https:\/\/schema.org\",\"@graph\":[{\"@type\":\"Article\",\"@id\":\"https:\/\/tuzlainfo.ba\/index.php\/uncategorized\/item\/193233-radio-slon-danas-slavi-27-rodjendan\/#article\",\"isPartOf\":{\"@id\":\"https:\/\/tuzlainfo.ba\/index.php\/uncategorized\/item\/193233-radio-slon-danas-slavi-27-rodjendan\/\"},\"author\":{\"name\":\"Tuzla Info\",\"@id\":\"https:\/\/tuzlainfo.ba\/#\/schema\/person\/46cad4c57790cbc50781edd14870825a\"},\"headline\":\"Radio Slon danas slavi 27. ro\u0111endan\",\"datePublished\":\"2022-12-27T09:47:17+00:00\",\"dateModified\":\"2022-12-27T09:47:17+00:00\",\"mainEntityOfPage\":{\"@id\":\"https:\/\/tuzlainfo.ba\/index.php\/uncategorized\/item\/193233-radio-slon-danas-slavi-27-rodjendan\/\"},\"wordCount\":215,\"commentCount\":0,\"publisher\":{\"@id\":\"https:\/\/tuzlainfo.ba\/#organization\"},\"image\":{\"@id\":\"https:\/\/tuzlainfo.ba\/index.php\/uncategorized\/item\/193233-radio-slon-danas-slavi-27-rodjendan\/#primaryimage\"},\"thumbnailUrl\":\"https:\/\/tuzlainfo.ba\/wp-content\/uploads\/2022\/12\/inbound2490644313172702879-scaled.jpg\",\"keywords\":[\"Radio slon\",\"tuzla\"],\"articleSection\":[\"Istaknuto\",\"Novosti\",\"Uncategorized\"],\"inLanguage\":\"bs-BA\"},{\"@type\":\"WebPage\",\"@id\":\"https:\/\/tuzlainfo.ba\/index.php\/uncategorized\/item\/193233-radio-slon-danas-slavi-27-rodjendan\/\",\"url\":\"https:\/\/tuzlainfo.ba\/index.php\/uncategorized\/item\/193233-radio-slon-danas-slavi-27-rodjendan\/\",\"name\":\"Radio Slon danas slavi 27. ro\u0111endan - TuzlaInfo.ba\",\"isPartOf\":{\"@id\":\"https:\/\/tuzlainfo.ba\/#website\"},\"primaryImageOfPage\":{\"@id\":\"https:\/\/tuzlainfo.ba\/index.php\/uncategorized\/item\/193233-radio-slon-danas-slavi-27-rodjendan\/#primaryimage\"},\"image\":{\"@id\":\"https:\/\/tuzlainfo.ba\/index.php\/uncategorized\/item\/193233-radio-slon-danas-slavi-27-rodjendan\/#primaryimage\"},\"thumbnailUrl\":\"https:\/\/tuzlainfo.ba\/wp-content\/uploads\/2022\/12\/inbound2490644313172702879-scaled.jpg\",\"datePublished\":\"2022-12-27T09:47:17+00:00\",\"dateModified\":\"2022-12-27T09:47:17+00:00\",\"breadcrumb\":{\"@id\":\"https:\/\/tuzlainfo.ba\/index.php\/uncategorized\/item\/193233-radio-slon-danas-slavi-27-rodjendan\/#breadcrumb\"},\"inLanguage\":\"bs-BA\",\"potentialAction\":[{\"@type\":\"ReadAction\",\"target\":[\"https:\/\/tuzlainfo.ba\/index.php\/uncategorized\/item\/193233-radio-slon-danas-slavi-27-rodjendan\/\"]}]},{\"@type\":\"ImageObject\",\"inLanguage\":\"bs-BA\",\"@id\":\"https:\/\/tuzlainfo.ba\/index.php\/uncategorized\/item\/193233-radio-slon-danas-slavi-27-rodjendan\/#primaryimage\",\"url\":\"https:\/\/tuzlainfo.ba\/wp-content\/uploads\/2022\/12\/inbound2490644313172702879-scaled.jpg\",\"contentUrl\":\"https:\/\/tuzlainfo.ba\/wp-content\/uploads\/2022\/12\/inbound2490644313172702879-scaled.jpg\",\"width\":2560,\"height\":1922},{\"@type\":\"BreadcrumbList\",\"@id\":\"https:\/\/tuzlainfo.ba\/index.php\/uncategorized\/item\/193233-radio-slon-danas-slavi-27-rodjendan\/#breadcrumb\",\"itemListElement\":[{\"@type\":\"ListItem\",\"position\":1,\"name\":\"Home\",\"item\":\"https:\/\/tuzlainfo.ba\/\"},{\"@type\":\"ListItem\",\"position\":2,\"name\":\"Radio Slon danas slavi 27. ro\u0111endan\"}]},{\"@type\":\"WebSite\",\"@id\":\"https:\/\/tuzlainfo.ba\/#website\",\"url\":\"https:\/\/tuzlainfo.ba\/\",\"name\":\"TuzlaInfo.ba\",\"description\":\"Tuzla info, gradski informator - Tuzla na dlanu\",\"publisher\":{\"@id\":\"https:\/\/tuzlainfo.ba\/#organization\"},\"potentialAction\":[{\"@type\":\"SearchAction\",\"target\":{\"@type\":\"EntryPoint\",\"urlTemplate\":\"https:\/\/tuzlainfo.ba\/?s={search_term_string}\"},\"query-input\":{\"@type\":\"PropertyValueSpecification\",\"valueRequired\":true,\"valueName\":\"search_term_string\"}}],\"inLanguage\":\"bs-BA\"},{\"@type\":\"Organization\",\"@id\":\"https:\/\/tuzlainfo.ba\/#organization\",\"name\":\"TuzlaInfo.ba\",\"url\":\"https:\/\/tuzlainfo.ba\/\",\"logo\":{\"@type\":\"ImageObject\",\"inLanguage\":\"bs-BA\",\"@id\":\"https:\/\/tuzlainfo.ba\/#\/schema\/logo\/image\/\",\"url\":\"https:\/\/tuzlainfo.ba\/wp-content\/uploads\/2021\/03\/logo-ver-3-1.png\",\"contentUrl\":\"https:\/\/tuzlainfo.ba\/wp-content\/uploads\/2021\/03\/logo-ver-3-1.png\",\"width\":350,\"height\":95,\"caption\":\"TuzlaInfo.ba\"},\"image\":{\"@id\":\"https:\/\/tuzlainfo.ba\/#\/schema\/logo\/image\/\"},\"sameAs\":[\"https:\/\/www.facebook.com\/tuzlainfo.ba\/\"]},{\"@type\":\"Person\",\"@id\":\"https:\/\/tuzlainfo.ba\/#\/schema\/person\/46cad4c57790cbc50781edd14870825a\",\"name\":\"Tuzla Info\",\"image\":{\"@type\":\"ImageObject\",\"inLanguage\":\"bs-BA\",\"@id\":\"https:\/\/tuzlainfo.ba\/#\/schema\/person\/image\/\",\"url\":\"https:\/\/tuzlainfo.ba\/wp-content\/litespeed\/avatar\/b6c453a6c38e3654f2e4416c643fc25c.jpg?ver=1777656712\",\"contentUrl\":\"https:\/\/tuzlainfo.ba\/wp-content\/litespeed\/avatar\/b6c453a6c38e3654f2e4416c643fc25c.jpg?ver=1777656712\",\"caption\":\"Tuzla Info\"}}]}<\/script>\n<!-- \/ Yoast SEO plugin. -->","yoast_head_json":{"title":"Radio Slon danas slavi 27. ro\u0111endan - TuzlaInfo.ba","robots":{"index":"index","follow":"follow","max-snippet":"max-snippet:-1","max-image-preview":"max-image-preview:large","max-video-preview":"max-video-preview:-1"},"canonical":"https:\/\/tuzlainfo.ba\/index.php\/uncategorized\/item\/193233-radio-slon-danas-slavi-27-rodjendan\/","og_locale":"bs_BA","og_type":"article","og_title":"Radio Slon danas slavi 27. ro\u0111endan - TuzlaInfo.ba","og_description":"Slon radio danas slavi 27. ro\u0111endan. Ovaj gradski radio se prije 27 godina se po&hellip;","og_url":"https:\/\/tuzlainfo.ba\/index.php\/uncategorized\/item\/193233-radio-slon-danas-slavi-27-rodjendan\/","og_site_name":"TuzlaInfo.ba","article_publisher":"https:\/\/www.facebook.com\/tuzlainfo.ba\/","article_published_time":"2022-12-27T09:47:17+00:00","og_image":[{"width":2560,"height":1922,"url":"https:\/\/tuzlainfo.ba\/wp-content\/uploads\/2022\/12\/inbound2490644313172702879-scaled.jpg","type":"image\/jpeg"}],"author":"Tuzla Info","twitter_card":"summary_large_image","twitter_misc":{"Written by":"Tuzla Info","Est. reading time":"1 minuta"},"schema":{"@context":"https:\/\/schema.org","@graph":[{"@type":"Article","@id":"https:\/\/tuzlainfo.ba\/index.php\/uncategorized\/item\/193233-radio-slon-danas-slavi-27-rodjendan\/#article","isPartOf":{"@id":"https:\/\/tuzlainfo.ba\/index.php\/uncategorized\/item\/193233-radio-slon-danas-slavi-27-rodjendan\/"},"author":{"name":"Tuzla Info","@id":"https:\/\/tuzlainfo.ba\/#\/schema\/person\/46cad4c57790cbc50781edd14870825a"},"headline":"Radio Slon danas slavi 27. ro\u0111endan","datePublished":"2022-12-27T09:47:17+00:00","dateModified":"2022-12-27T09:47:17+00:00","mainEntityOfPage":{"@id":"https:\/\/tuzlainfo.ba\/index.php\/uncategorized\/item\/193233-radio-slon-danas-slavi-27-rodjendan\/"},"wordCount":215,"commentCount":0,"publisher":{"@id":"https:\/\/tuzlainfo.ba\/#organization"},"image":{"@id":"https:\/\/tuzlainfo.ba\/index.php\/uncategorized\/item\/193233-radio-slon-danas-slavi-27-rodjendan\/#primaryimage"},"thumbnailUrl":"https:\/\/tuzlainfo.ba\/wp-content\/uploads\/2022\/12\/inbound2490644313172702879-scaled.jpg","keywords":["Radio slon","tuzla"],"articleSection":["Istaknuto","Novosti","Uncategorized"],"inLanguage":"bs-BA"},{"@type":"WebPage","@id":"https:\/\/tuzlainfo.ba\/index.php\/uncategorized\/item\/193233-radio-slon-danas-slavi-27-rodjendan\/","url":"https:\/\/tuzlainfo.ba\/index.php\/uncategorized\/item\/193233-radio-slon-danas-slavi-27-rodjendan\/","name":"Radio Slon danas slavi 27. ro\u0111endan - TuzlaInfo.ba","isPartOf":{"@id":"https:\/\/tuzlainfo.ba\/#website"},"primaryImageOfPage":{"@id":"https:\/\/tuzlainfo.ba\/index.php\/uncategorized\/item\/193233-radio-slon-danas-slavi-27-rodjendan\/#primaryimage"},"image":{"@id":"https:\/\/tuzlainfo.ba\/index.php\/uncategorized\/item\/193233-radio-slon-danas-slavi-27-rodjendan\/#primaryimage"},"thumbnailUrl":"https:\/\/tuzlainfo.ba\/wp-content\/uploads\/2022\/12\/inbound2490644313172702879-scaled.jpg","datePublished":"2022-12-27T09:47:17+00:00","dateModified":"2022-12-27T09:47:17+00:00","breadcrumb":{"@id":"https:\/\/tuzlainfo.ba\/index.php\/uncategorized\/item\/193233-radio-slon-danas-slavi-27-rodjendan\/#breadcrumb"},"inLanguage":"bs-BA","potentialAction":[{"@type":"ReadAction","target":["https:\/\/tuzlainfo.ba\/index.php\/uncategorized\/item\/193233-radio-slon-danas-slavi-27-rodjendan\/"]}]},{"@type":"ImageObject","inLanguage":"bs-BA","@id":"https:\/\/tuzlainfo.ba\/index.php\/uncategorized\/item\/193233-radio-slon-danas-slavi-27-rodjendan\/#primaryimage","url":"https:\/\/tuzlainfo.ba\/wp-content\/uploads\/2022\/12\/inbound2490644313172702879-scaled.jpg","contentUrl":"https:\/\/tuzlainfo.ba\/wp-content\/uploads\/2022\/12\/inbound2490644313172702879-scaled.jpg","width":2560,"height":1922},{"@type":"BreadcrumbList","@id":"https:\/\/tuzlainfo.ba\/index.php\/uncategorized\/item\/193233-radio-slon-danas-slavi-27-rodjendan\/#breadcrumb","itemListElement":[{"@type":"ListItem","position":1,"name":"Home","item":"https:\/\/tuzlainfo.ba\/"},{"@type":"ListItem","position":2,"name":"Radio Slon danas slavi 27. ro\u0111endan"}]},{"@type":"WebSite","@id":"https:\/\/tuzlainfo.ba\/#website","url":"https:\/\/tuzlainfo.ba\/","name":"TuzlaInfo.ba","description":"Tuzla info, gradski informator - Tuzla na dlanu","publisher":{"@id":"https:\/\/tuzlainfo.ba\/#organization"},"potentialAction":[{"@type":"SearchAction","target":{"@type":"EntryPoint","urlTemplate":"https:\/\/tuzlainfo.ba\/?s={search_term_string}"},"query-input":{"@type":"PropertyValueSpecification","valueRequired":true,"valueName":"search_term_string"}}],"inLanguage":"bs-BA"},{"@type":"Organization","@id":"https:\/\/tuzlainfo.ba\/#organization","name":"TuzlaInfo.ba","url":"https:\/\/tuzlainfo.ba\/","logo":{"@type":"ImageObject","inLanguage":"bs-BA","@id":"https:\/\/tuzlainfo.ba\/#\/schema\/logo\/image\/","url":"https:\/\/tuzlainfo.ba\/wp-content\/uploads\/2021\/03\/logo-ver-3-1.png","contentUrl":"https:\/\/tuzlainfo.ba\/wp-content\/uploads\/2021\/03\/logo-ver-3-1.png","width":350,"height":95,"caption":"TuzlaInfo.ba"},"image":{"@id":"https:\/\/tuzlainfo.ba\/#\/schema\/logo\/image\/"},"sameAs":["https:\/\/www.facebook.com\/tuzlainfo.ba\/"]},{"@type":"Person","@id":"https:\/\/tuzlainfo.ba\/#\/schema\/person\/46cad4c57790cbc50781edd14870825a","name":"Tuzla Info","image":{"@type":"ImageObject","inLanguage":"bs-BA","@id":"https:\/\/tuzlainfo.ba\/#\/schema\/person\/image\/","url":"https:\/\/tuzlainfo.ba\/wp-content\/litespeed\/avatar\/b6c453a6c38e3654f2e4416c643fc25c.jpg?ver=1777656712","contentUrl":"https:\/\/tuzlainfo.ba\/wp-content\/litespeed\/avatar\/b6c453a6c38e3654f2e4416c643fc25c.jpg?ver=1777656712","caption":"Tuzla Info"}}]}},"_links":{"self":[{"href":"https:\/\/tuzlainfo.ba\/index.php\/wp-json\/wp\/v2\/posts\/193233"}],"collection":[{"href":"https:\/\/tuzlainfo.ba\/index.php\/wp-json\/wp\/v2\/posts"}],"about":[{"href":"https:\/\/tuzlainfo.ba\/index.php\/wp-json\/wp\/v2\/types\/post"}],"author":[{"embeddable":true,"href":"https:\/\/tuzlainfo.ba\/index.php\/wp-json\/wp\/v2\/users\/4"}],"replies":[{"embeddable":true,"href":"https:\/\/tuzlainfo.ba\/index.php\/wp-json\/wp\/v2\/comments?post=193233"}],"version-history":[{"count":0,"href":"https:\/\/tuzlainfo.ba\/index.php\/wp-json\/wp\/v2\/posts\/193233\/revisions"}],"wp:featuredmedia":[{"embeddable":true,"href":"https:\/\/tuzlainfo.ba\/index.php\/wp-json\/wp\/v2\/media\/193234"}],"wp:attachment":[{"href":"https:\/\/tuzlainfo.ba\/index.php\/wp-json\/wp\/v2\/media?parent=193233"}],"wp:term":[{"taxonomy":"category","embeddable":true,"href":"https:\/\/tuzlainfo.ba\/index.php\/wp-json\/wp\/v2\/categories?post=193233"},{"taxonomy":"post_tag","embeddable":true,"href":"https:\/\/tuzlainfo.ba\/index.php\/wp-json\/wp\/v2\/tags?post=193233"}],"curies":[{"name":"wp","href":"https:\/\/api.w.org\/{rel}","templated":true}]}}