{"id":192938,"date":"2022-12-23T21:05:29","date_gmt":"2022-12-23T20:05:29","guid":{"rendered":"https:\/\/tuzlainfo.ba\/?p=192938"},"modified":"2022-12-23T18:35:04","modified_gmt":"2022-12-23T17:35:04","slug":"pocinje-izgradnja-doma-kulture-u-sapni","status":"publish","type":"post","link":"https:\/\/tuzlainfo.ba\/index.php\/novosti\/item\/192938-pocinje-izgradnja-doma-kulture-u-sapni\/","title":{"rendered":"Po\u010dinje izgradnja Doma kulture u Sapni"},"content":{"rendered":"<p>Za potrebe mje\u0161tana u op\u0107ini Sapna neophodna je izgradnja adekvatnog Doma kulture.\u00a0Tim povodom, ovu op\u0107inu su danas posjetili federalni ministar raseljenih osoba i izbjeglica Edin Rami\u0107 i ministar za rad, socijalnu politiku i povratak u Vladi Tuzlanskog kantona Mirsad Muhamedbegovi\u0107.<\/p>\n<p>Razgovarali su o dugogodi\u0161njoj potrebi mje\u0161tana Sapne, a koja podrazumijeva izgradnju multifunkcionalnog Doma kulture.<\/p>\n<p>Na\u010delnik op\u0107ine Sapna Zudin Mahmutovi\u0107 upoznao je ministre o dosada\u0161njim aktivnostima po pitanju izgradnje Doma. Op\u0107ina je osigurala neophodnu parcelu i upotrebne dozvole s priklju\u010dcima na komunalnu i elektro mre\u017eu.<\/p>\n<p>Za tu namjenu potpisan je i sporazum o udru\u017eivanju sredstava izme\u0111u Federalnog ministarstva raseljenih osoba i izbjeglica, Ministarstva za rad, socijalnu politiku i povratak TK i Op\u0107ine Sapna.<\/p>\n<p>Kako je navedeno, ukupna vrijednost projekta je 700.000,00 KM. Op\u0107ina Sapna \u0107e osigurati dodatnih 300.000,00 KM iz sredstava Evropske unije u okviru inicijative &#8220;Ja\u010danje povjerenja i kohezije u zajednicama u Bosni i Hercegovini\u201c s kojom \u0107e Op\u0107ina potpisati poseban sporazum o na\u010dinu i implementaciji, saop\u0107eno je iz Federalnog ministarstva raseljenih osoba i izbjeglica.<\/p>\n","protected":false},"excerpt":{"rendered":"<p>Za potrebe mje\u0161tana u op\u0107ini Sapna neophodna je izgradnja adekvatnog Doma kulture.\u00a0Tim povodom, ovu op\u0107inu&hellip;<\/p>\n","protected":false},"author":4,"featured_media":192939,"comment_status":"open","ping_status":"closed","sticky":false,"template":"","format":"standard","meta":{"_acf_changed":false,"footnotes":""},"categories":[12],"tags":[5924,856],"acf":[],"yoast_head":"<!-- This site is optimized with the Yoast SEO plugin v23.5 - https:\/\/yoast.com\/wordpress\/plugins\/seo\/ -->\n<title>Po\u010dinje izgradnja Doma kulture u Sapni - TuzlaInfo.ba<\/title>\n<meta name=\"robots\" content=\"index, follow, max-snippet:-1, max-image-preview:large, max-video-preview:-1\" \/>\n<link rel=\"canonical\" href=\"https:\/\/tuzlainfo.ba\/index.php\/novosti\/item\/192938-pocinje-izgradnja-doma-kulture-u-sapni\/\" \/>\n<meta property=\"og:locale\" content=\"bs_BA\" \/>\n<meta property=\"og:type\" content=\"article\" \/>\n<meta property=\"og:title\" content=\"Po\u010dinje izgradnja Doma kulture u Sapni - TuzlaInfo.ba\" \/>\n<meta property=\"og:description\" content=\"Za potrebe mje\u0161tana u op\u0107ini Sapna neophodna je izgradnja adekvatnog Doma kulture.\u00a0Tim povodom, ovu op\u0107inu&hellip;\" \/>\n<meta property=\"og:url\" content=\"https:\/\/tuzlainfo.ba\/index.php\/novosti\/item\/192938-pocinje-izgradnja-doma-kulture-u-sapni\/\" \/>\n<meta property=\"og:site_name\" content=\"TuzlaInfo.ba\" \/>\n<meta property=\"article:publisher\" content=\"https:\/\/www.facebook.com\/tuzlainfo.ba\/\" \/>\n<meta property=\"article:published_time\" content=\"2022-12-23T20:05:29+00:00\" \/>\n<meta property=\"article:modified_time\" content=\"2022-12-23T17:35:04+00:00\" \/>\n<meta property=\"og:image\" content=\"https:\/\/tuzlainfo.ba\/wp-content\/uploads\/2022\/12\/SAPNA.jpg\" \/>\n\t<meta property=\"og:image:width\" content=\"1024\" \/>\n\t<meta property=\"og:image:height\" content=\"768\" \/>\n\t<meta property=\"og:image:type\" content=\"image\/jpeg\" \/>\n<meta name=\"author\" content=\"Tuzla Info\" \/>\n<meta name=\"twitter:card\" content=\"summary_large_image\" \/>\n<meta name=\"twitter:label1\" content=\"Written by\" \/>\n\t<meta name=\"twitter:data1\" content=\"Tuzla Info\" \/>\n\t<meta name=\"twitter:label2\" content=\"Est. reading time\" \/>\n\t<meta name=\"twitter:data2\" content=\"1 minuta\" \/>\n<script type=\"application\/ld+json\" class=\"yoast-schema-graph\">{\"@context\":\"https:\/\/schema.org\",\"@graph\":[{\"@type\":\"Article\",\"@id\":\"https:\/\/tuzlainfo.ba\/index.php\/novosti\/item\/192938-pocinje-izgradnja-doma-kulture-u-sapni\/#article\",\"isPartOf\":{\"@id\":\"https:\/\/tuzlainfo.ba\/index.php\/novosti\/item\/192938-pocinje-izgradnja-doma-kulture-u-sapni\/\"},\"author\":{\"name\":\"Tuzla Info\",\"@id\":\"https:\/\/tuzlainfo.ba\/#\/schema\/person\/46cad4c57790cbc50781edd14870825a\"},\"headline\":\"Po\u010dinje izgradnja Doma kulture u Sapni\",\"datePublished\":\"2022-12-23T20:05:29+00:00\",\"dateModified\":\"2022-12-23T17:35:04+00:00\",\"mainEntityOfPage\":{\"@id\":\"https:\/\/tuzlainfo.ba\/index.php\/novosti\/item\/192938-pocinje-izgradnja-doma-kulture-u-sapni\/\"},\"wordCount\":190,\"commentCount\":0,\"publisher\":{\"@id\":\"https:\/\/tuzlainfo.ba\/#organization\"},\"image\":{\"@id\":\"https:\/\/tuzlainfo.ba\/index.php\/novosti\/item\/192938-pocinje-izgradnja-doma-kulture-u-sapni\/#primaryimage\"},\"thumbnailUrl\":\"https:\/\/tuzlainfo.ba\/wp-content\/uploads\/2022\/12\/SAPNA.jpg\",\"keywords\":[\"Dom kulture\",\"sapna\"],\"articleSection\":[\"Novosti\"],\"inLanguage\":\"bs-BA\"},{\"@type\":\"WebPage\",\"@id\":\"https:\/\/tuzlainfo.ba\/index.php\/novosti\/item\/192938-pocinje-izgradnja-doma-kulture-u-sapni\/\",\"url\":\"https:\/\/tuzlainfo.ba\/index.php\/novosti\/item\/192938-pocinje-izgradnja-doma-kulture-u-sapni\/\",\"name\":\"Po\u010dinje izgradnja Doma kulture u Sapni - TuzlaInfo.ba\",\"isPartOf\":{\"@id\":\"https:\/\/tuzlainfo.ba\/#website\"},\"primaryImageOfPage\":{\"@id\":\"https:\/\/tuzlainfo.ba\/index.php\/novosti\/item\/192938-pocinje-izgradnja-doma-kulture-u-sapni\/#primaryimage\"},\"image\":{\"@id\":\"https:\/\/tuzlainfo.ba\/index.php\/novosti\/item\/192938-pocinje-izgradnja-doma-kulture-u-sapni\/#primaryimage\"},\"thumbnailUrl\":\"https:\/\/tuzlainfo.ba\/wp-content\/uploads\/2022\/12\/SAPNA.jpg\",\"datePublished\":\"2022-12-23T20:05:29+00:00\",\"dateModified\":\"2022-12-23T17:35:04+00:00\",\"breadcrumb\":{\"@id\":\"https:\/\/tuzlainfo.ba\/index.php\/novosti\/item\/192938-pocinje-izgradnja-doma-kulture-u-sapni\/#breadcrumb\"},\"inLanguage\":\"bs-BA\",\"potentialAction\":[{\"@type\":\"ReadAction\",\"target\":[\"https:\/\/tuzlainfo.ba\/index.php\/novosti\/item\/192938-pocinje-izgradnja-doma-kulture-u-sapni\/\"]}]},{\"@type\":\"ImageObject\",\"inLanguage\":\"bs-BA\",\"@id\":\"https:\/\/tuzlainfo.ba\/index.php\/novosti\/item\/192938-pocinje-izgradnja-doma-kulture-u-sapni\/#primaryimage\",\"url\":\"https:\/\/tuzlainfo.ba\/wp-content\/uploads\/2022\/12\/SAPNA.jpg\",\"contentUrl\":\"https:\/\/tuzlainfo.ba\/wp-content\/uploads\/2022\/12\/SAPNA.jpg\",\"width\":1024,\"height\":768},{\"@type\":\"BreadcrumbList\",\"@id\":\"https:\/\/tuzlainfo.ba\/index.php\/novosti\/item\/192938-pocinje-izgradnja-doma-kulture-u-sapni\/#breadcrumb\",\"itemListElement\":[{\"@type\":\"ListItem\",\"position\":1,\"name\":\"Home\",\"item\":\"https:\/\/tuzlainfo.ba\/\"},{\"@type\":\"ListItem\",\"position\":2,\"name\":\"Po\u010dinje izgradnja Doma kulture u Sapni\"}]},{\"@type\":\"WebSite\",\"@id\":\"https:\/\/tuzlainfo.ba\/#website\",\"url\":\"https:\/\/tuzlainfo.ba\/\",\"name\":\"TuzlaInfo.ba\",\"description\":\"Tuzla info, gradski informator - Tuzla na dlanu\",\"publisher\":{\"@id\":\"https:\/\/tuzlainfo.ba\/#organization\"},\"potentialAction\":[{\"@type\":\"SearchAction\",\"target\":{\"@type\":\"EntryPoint\",\"urlTemplate\":\"https:\/\/tuzlainfo.ba\/?s={search_term_string}\"},\"query-input\":{\"@type\":\"PropertyValueSpecification\",\"valueRequired\":true,\"valueName\":\"search_term_string\"}}],\"inLanguage\":\"bs-BA\"},{\"@type\":\"Organization\",\"@id\":\"https:\/\/tuzlainfo.ba\/#organization\",\"name\":\"TuzlaInfo.ba\",\"url\":\"https:\/\/tuzlainfo.ba\/\",\"logo\":{\"@type\":\"ImageObject\",\"inLanguage\":\"bs-BA\",\"@id\":\"https:\/\/tuzlainfo.ba\/#\/schema\/logo\/image\/\",\"url\":\"https:\/\/tuzlainfo.ba\/wp-content\/uploads\/2021\/03\/logo-ver-3-1.png\",\"contentUrl\":\"https:\/\/tuzlainfo.ba\/wp-content\/uploads\/2021\/03\/logo-ver-3-1.png\",\"width\":350,\"height\":95,\"caption\":\"TuzlaInfo.ba\"},\"image\":{\"@id\":\"https:\/\/tuzlainfo.ba\/#\/schema\/logo\/image\/\"},\"sameAs\":[\"https:\/\/www.facebook.com\/tuzlainfo.ba\/\"]},{\"@type\":\"Person\",\"@id\":\"https:\/\/tuzlainfo.ba\/#\/schema\/person\/46cad4c57790cbc50781edd14870825a\",\"name\":\"Tuzla Info\",\"image\":{\"@type\":\"ImageObject\",\"inLanguage\":\"bs-BA\",\"@id\":\"https:\/\/tuzlainfo.ba\/#\/schema\/person\/image\/\",\"url\":\"https:\/\/tuzlainfo.ba\/wp-content\/litespeed\/avatar\/b6c453a6c38e3654f2e4416c643fc25c.jpg?ver=1777051911\",\"contentUrl\":\"https:\/\/tuzlainfo.ba\/wp-content\/litespeed\/avatar\/b6c453a6c38e3654f2e4416c643fc25c.jpg?ver=1777051911\",\"caption\":\"Tuzla Info\"}}]}<\/script>\n<!-- \/ Yoast SEO plugin. -->","yoast_head_json":{"title":"Po\u010dinje izgradnja Doma kulture u Sapni - TuzlaInfo.ba","robots":{"index":"index","follow":"follow","max-snippet":"max-snippet:-1","max-image-preview":"max-image-preview:large","max-video-preview":"max-video-preview:-1"},"canonical":"https:\/\/tuzlainfo.ba\/index.php\/novosti\/item\/192938-pocinje-izgradnja-doma-kulture-u-sapni\/","og_locale":"bs_BA","og_type":"article","og_title":"Po\u010dinje izgradnja Doma kulture u Sapni - TuzlaInfo.ba","og_description":"Za potrebe mje\u0161tana u op\u0107ini Sapna neophodna je izgradnja adekvatnog Doma kulture.\u00a0Tim povodom, ovu op\u0107inu&hellip;","og_url":"https:\/\/tuzlainfo.ba\/index.php\/novosti\/item\/192938-pocinje-izgradnja-doma-kulture-u-sapni\/","og_site_name":"TuzlaInfo.ba","article_publisher":"https:\/\/www.facebook.com\/tuzlainfo.ba\/","article_published_time":"2022-12-23T20:05:29+00:00","article_modified_time":"2022-12-23T17:35:04+00:00","og_image":[{"width":1024,"height":768,"url":"https:\/\/tuzlainfo.ba\/wp-content\/uploads\/2022\/12\/SAPNA.jpg","type":"image\/jpeg"}],"author":"Tuzla Info","twitter_card":"summary_large_image","twitter_misc":{"Written by":"Tuzla Info","Est. reading time":"1 minuta"},"schema":{"@context":"https:\/\/schema.org","@graph":[{"@type":"Article","@id":"https:\/\/tuzlainfo.ba\/index.php\/novosti\/item\/192938-pocinje-izgradnja-doma-kulture-u-sapni\/#article","isPartOf":{"@id":"https:\/\/tuzlainfo.ba\/index.php\/novosti\/item\/192938-pocinje-izgradnja-doma-kulture-u-sapni\/"},"author":{"name":"Tuzla Info","@id":"https:\/\/tuzlainfo.ba\/#\/schema\/person\/46cad4c57790cbc50781edd14870825a"},"headline":"Po\u010dinje izgradnja Doma kulture u Sapni","datePublished":"2022-12-23T20:05:29+00:00","dateModified":"2022-12-23T17:35:04+00:00","mainEntityOfPage":{"@id":"https:\/\/tuzlainfo.ba\/index.php\/novosti\/item\/192938-pocinje-izgradnja-doma-kulture-u-sapni\/"},"wordCount":190,"commentCount":0,"publisher":{"@id":"https:\/\/tuzlainfo.ba\/#organization"},"image":{"@id":"https:\/\/tuzlainfo.ba\/index.php\/novosti\/item\/192938-pocinje-izgradnja-doma-kulture-u-sapni\/#primaryimage"},"thumbnailUrl":"https:\/\/tuzlainfo.ba\/wp-content\/uploads\/2022\/12\/SAPNA.jpg","keywords":["Dom kulture","sapna"],"articleSection":["Novosti"],"inLanguage":"bs-BA"},{"@type":"WebPage","@id":"https:\/\/tuzlainfo.ba\/index.php\/novosti\/item\/192938-pocinje-izgradnja-doma-kulture-u-sapni\/","url":"https:\/\/tuzlainfo.ba\/index.php\/novosti\/item\/192938-pocinje-izgradnja-doma-kulture-u-sapni\/","name":"Po\u010dinje izgradnja Doma kulture u Sapni - TuzlaInfo.ba","isPartOf":{"@id":"https:\/\/tuzlainfo.ba\/#website"},"primaryImageOfPage":{"@id":"https:\/\/tuzlainfo.ba\/index.php\/novosti\/item\/192938-pocinje-izgradnja-doma-kulture-u-sapni\/#primaryimage"},"image":{"@id":"https:\/\/tuzlainfo.ba\/index.php\/novosti\/item\/192938-pocinje-izgradnja-doma-kulture-u-sapni\/#primaryimage"},"thumbnailUrl":"https:\/\/tuzlainfo.ba\/wp-content\/uploads\/2022\/12\/SAPNA.jpg","datePublished":"2022-12-23T20:05:29+00:00","dateModified":"2022-12-23T17:35:04+00:00","breadcrumb":{"@id":"https:\/\/tuzlainfo.ba\/index.php\/novosti\/item\/192938-pocinje-izgradnja-doma-kulture-u-sapni\/#breadcrumb"},"inLanguage":"bs-BA","potentialAction":[{"@type":"ReadAction","target":["https:\/\/tuzlainfo.ba\/index.php\/novosti\/item\/192938-pocinje-izgradnja-doma-kulture-u-sapni\/"]}]},{"@type":"ImageObject","inLanguage":"bs-BA","@id":"https:\/\/tuzlainfo.ba\/index.php\/novosti\/item\/192938-pocinje-izgradnja-doma-kulture-u-sapni\/#primaryimage","url":"https:\/\/tuzlainfo.ba\/wp-content\/uploads\/2022\/12\/SAPNA.jpg","contentUrl":"https:\/\/tuzlainfo.ba\/wp-content\/uploads\/2022\/12\/SAPNA.jpg","width":1024,"height":768},{"@type":"BreadcrumbList","@id":"https:\/\/tuzlainfo.ba\/index.php\/novosti\/item\/192938-pocinje-izgradnja-doma-kulture-u-sapni\/#breadcrumb","itemListElement":[{"@type":"ListItem","position":1,"name":"Home","item":"https:\/\/tuzlainfo.ba\/"},{"@type":"ListItem","position":2,"name":"Po\u010dinje izgradnja Doma kulture u Sapni"}]},{"@type":"WebSite","@id":"https:\/\/tuzlainfo.ba\/#website","url":"https:\/\/tuzlainfo.ba\/","name":"TuzlaInfo.ba","description":"Tuzla info, gradski informator - Tuzla na dlanu","publisher":{"@id":"https:\/\/tuzlainfo.ba\/#organization"},"potentialAction":[{"@type":"SearchAction","target":{"@type":"EntryPoint","urlTemplate":"https:\/\/tuzlainfo.ba\/?s={search_term_string}"},"query-input":{"@type":"PropertyValueSpecification","valueRequired":true,"valueName":"search_term_string"}}],"inLanguage":"bs-BA"},{"@type":"Organization","@id":"https:\/\/tuzlainfo.ba\/#organization","name":"TuzlaInfo.ba","url":"https:\/\/tuzlainfo.ba\/","logo":{"@type":"ImageObject","inLanguage":"bs-BA","@id":"https:\/\/tuzlainfo.ba\/#\/schema\/logo\/image\/","url":"https:\/\/tuzlainfo.ba\/wp-content\/uploads\/2021\/03\/logo-ver-3-1.png","contentUrl":"https:\/\/tuzlainfo.ba\/wp-content\/uploads\/2021\/03\/logo-ver-3-1.png","width":350,"height":95,"caption":"TuzlaInfo.ba"},"image":{"@id":"https:\/\/tuzlainfo.ba\/#\/schema\/logo\/image\/"},"sameAs":["https:\/\/www.facebook.com\/tuzlainfo.ba\/"]},{"@type":"Person","@id":"https:\/\/tuzlainfo.ba\/#\/schema\/person\/46cad4c57790cbc50781edd14870825a","name":"Tuzla Info","image":{"@type":"ImageObject","inLanguage":"bs-BA","@id":"https:\/\/tuzlainfo.ba\/#\/schema\/person\/image\/","url":"https:\/\/tuzlainfo.ba\/wp-content\/litespeed\/avatar\/b6c453a6c38e3654f2e4416c643fc25c.jpg?ver=1777051911","contentUrl":"https:\/\/tuzlainfo.ba\/wp-content\/litespeed\/avatar\/b6c453a6c38e3654f2e4416c643fc25c.jpg?ver=1777051911","caption":"Tuzla Info"}}]}},"_links":{"self":[{"href":"https:\/\/tuzlainfo.ba\/index.php\/wp-json\/wp\/v2\/posts\/192938"}],"collection":[{"href":"https:\/\/tuzlainfo.ba\/index.php\/wp-json\/wp\/v2\/posts"}],"about":[{"href":"https:\/\/tuzlainfo.ba\/index.php\/wp-json\/wp\/v2\/types\/post"}],"author":[{"embeddable":true,"href":"https:\/\/tuzlainfo.ba\/index.php\/wp-json\/wp\/v2\/users\/4"}],"replies":[{"embeddable":true,"href":"https:\/\/tuzlainfo.ba\/index.php\/wp-json\/wp\/v2\/comments?post=192938"}],"version-history":[{"count":0,"href":"https:\/\/tuzlainfo.ba\/index.php\/wp-json\/wp\/v2\/posts\/192938\/revisions"}],"wp:featuredmedia":[{"embeddable":true,"href":"https:\/\/tuzlainfo.ba\/index.php\/wp-json\/wp\/v2\/media\/192939"}],"wp:attachment":[{"href":"https:\/\/tuzlainfo.ba\/index.php\/wp-json\/wp\/v2\/media?parent=192938"}],"wp:term":[{"taxonomy":"category","embeddable":true,"href":"https:\/\/tuzlainfo.ba\/index.php\/wp-json\/wp\/v2\/categories?post=192938"},{"taxonomy":"post_tag","embeddable":true,"href":"https:\/\/tuzlainfo.ba\/index.php\/wp-json\/wp\/v2\/tags?post=192938"}],"curies":[{"name":"wp","href":"https:\/\/api.w.org\/{rel}","templated":true}]}}