{"id":192864,"date":"2022-12-22T16:10:39","date_gmt":"2022-12-22T15:10:39","guid":{"rendered":"https:\/\/tuzlainfo.ba\/?p=192864"},"modified":"2022-12-22T15:53:23","modified_gmt":"2022-12-22T14:53:23","slug":"ko-sdp-bih-tuzla-vlada-tk-ne-da-novalicevu-hiljadarku","status":"publish","type":"post","link":"https:\/\/tuzlainfo.ba\/index.php\/novosti\/item\/192864-ko-sdp-bih-tuzla-vlada-tk-ne-da-novalicevu-hiljadarku\/","title":{"rendered":"KO SDP BiH Tuzla: Vlada TK ne da \u201cNovali\u0107evu hiljadarku\u201d"},"content":{"rendered":"<p class=\"western\" align=\"justify\"><span style=\"font-family: Verdana, serif;\">Pravo na pomo\u0107, s ciljem ubla\u017eavanja posljedica inflacije i pove\u0107anih tro\u0161kova \u017eivota, Sindikalne organizacije u Tuzlanskom kantonu bezuspje\u0161no poku\u0161avaju ostvariti ve\u0107 nekoliko mjeseci.<\/span><\/p>\n<p class=\"western\" align=\"justify\"><span style=\"font-family: Verdana, serif;\">Da apsurd bude ve\u0107i, novca u Bud\u017eetu TK ima na pretek, o \u010demu su govorili i ministri iz aktuelnog saziva Vlade TK.<\/span><\/p>\n<p class=\"western\" align=\"justify\"><span style=\"font-family: Verdana, serif;\">Mahirova predizborna, merhametli politika, kada se dijelilo \u201c\u0161akom i kapom\u201d za glas vi\u0161e, sada je promijenjena po recepturi novih \u00a0koalicionih partnera, na na\u010din \u201cpolahko jeno po jeno\u201d, kako je to i sam svojevremeno sarkasti\u010dno citirao.\u00a0<\/span><\/p>\n<p class=\"western\" align=\"justify\"><span style=\"font-family: Verdana, serif;\">Na ovaj na\u010din Vlada TK uskra\u0107uje prava i diskriminira vi\u0161e od 10 000 gra\u0111ana Tuzlanskog kantona.<\/span><\/p>\n<p class=\"western\" align=\"justify\"><span style=\"font-family: Verdana, serif;\">Omalova\u017eavanje Sindikalnih organizacija od strane Vlade TK i aktuelne ve\u0107ine (SDA, DF) je do sada nevi\u0111eno jer postignute \u00a0ispregovarane i potpisane sporazume o kolektivnim ugovorima, ne sprovode u djelo.<\/span><\/p>\n<p class=\"western\" align=\"justify\"><span style=\"font-family: Verdana, serif;\">Kantonalni odbor SDP BiH Tuzla daje punu podr\u0161ku zahtjevima Sindikata iz Tuzlanskog kantona, o\u0161tro osu\u0111ujemo niskorazrednu, neodgovornu i populisti\u010dku politiku vo\u0111enu od strane dvojca SDA-DF.<\/span><\/p>\n<p class=\"western\" align=\"justify\"><span style=\"font-family: Verdana, serif;\">Cilj ovakve politike je na ka\u0161ikicu dati prava par mjeseci prije izbora, a onda ista uskratiti te jo\u0161 vi\u0161e o\u0161tetiti radnika.<\/span><\/p>\n","protected":false},"excerpt":{"rendered":"<p>Pravo na pomo\u0107, s ciljem ubla\u017eavanja posljedica inflacije i pove\u0107anih tro\u0161kova \u017eivota, Sindikalne organizacije u&hellip;<\/p>\n","protected":false},"author":4,"featured_media":83963,"comment_status":"open","ping_status":"closed","sticky":false,"template":"","format":"standard","meta":{"_acf_changed":false,"footnotes":""},"categories":[304,12],"tags":[5919,336],"acf":[],"yoast_head":"<!-- This site is optimized with the Yoast SEO plugin v23.5 - https:\/\/yoast.com\/wordpress\/plugins\/seo\/ -->\n<title>KO SDP BiH Tuzla: Vlada TK ne da \u201cNovali\u0107evu hiljadarku\u201d - TuzlaInfo.ba<\/title>\n<meta name=\"robots\" content=\"index, follow, max-snippet:-1, max-image-preview:large, max-video-preview:-1\" \/>\n<link rel=\"canonical\" href=\"https:\/\/tuzlainfo.ba\/index.php\/novosti\/item\/192864-ko-sdp-bih-tuzla-vlada-tk-ne-da-novalicevu-hiljadarku\/\" \/>\n<meta property=\"og:locale\" content=\"bs_BA\" \/>\n<meta property=\"og:type\" content=\"article\" \/>\n<meta property=\"og:title\" content=\"KO SDP BiH Tuzla: Vlada TK ne da \u201cNovali\u0107evu hiljadarku\u201d - TuzlaInfo.ba\" \/>\n<meta property=\"og:description\" content=\"Pravo na pomo\u0107, s ciljem ubla\u017eavanja posljedica inflacije i pove\u0107anih tro\u0161kova \u017eivota, Sindikalne organizacije u&hellip;\" \/>\n<meta property=\"og:url\" content=\"https:\/\/tuzlainfo.ba\/index.php\/novosti\/item\/192864-ko-sdp-bih-tuzla-vlada-tk-ne-da-novalicevu-hiljadarku\/\" \/>\n<meta property=\"og:site_name\" content=\"TuzlaInfo.ba\" \/>\n<meta property=\"article:publisher\" content=\"https:\/\/www.facebook.com\/tuzlainfo.ba\/\" \/>\n<meta property=\"article:published_time\" content=\"2022-12-22T15:10:39+00:00\" \/>\n<meta property=\"article:modified_time\" content=\"2022-12-22T14:53:23+00:00\" \/>\n<meta property=\"og:image\" content=\"https:\/\/tuzlainfo.ba\/wp-content\/uploads\/2020\/11\/sadrzaj_2020_20201101_0811_sdp.jpg\" \/>\n\t<meta property=\"og:image:width\" content=\"770\" \/>\n\t<meta property=\"og:image:height\" content=\"495\" \/>\n\t<meta property=\"og:image:type\" content=\"image\/jpeg\" \/>\n<meta name=\"author\" content=\"Tuzla Info\" \/>\n<meta name=\"twitter:card\" content=\"summary_large_image\" \/>\n<meta name=\"twitter:label1\" content=\"Written by\" \/>\n\t<meta name=\"twitter:data1\" content=\"Tuzla Info\" \/>\n\t<meta name=\"twitter:label2\" content=\"Est. reading time\" \/>\n\t<meta name=\"twitter:data2\" content=\"1 minuta\" \/>\n<script type=\"application\/ld+json\" class=\"yoast-schema-graph\">{\"@context\":\"https:\/\/schema.org\",\"@graph\":[{\"@type\":\"Article\",\"@id\":\"https:\/\/tuzlainfo.ba\/index.php\/novosti\/item\/192864-ko-sdp-bih-tuzla-vlada-tk-ne-da-novalicevu-hiljadarku\/#article\",\"isPartOf\":{\"@id\":\"https:\/\/tuzlainfo.ba\/index.php\/novosti\/item\/192864-ko-sdp-bih-tuzla-vlada-tk-ne-da-novalicevu-hiljadarku\/\"},\"author\":{\"name\":\"Tuzla Info\",\"@id\":\"https:\/\/tuzlainfo.ba\/#\/schema\/person\/46cad4c57790cbc50781edd14870825a\"},\"headline\":\"KO SDP BiH Tuzla: Vlada TK ne da \u201cNovali\u0107evu hiljadarku\u201d\",\"datePublished\":\"2022-12-22T15:10:39+00:00\",\"dateModified\":\"2022-12-22T14:53:23+00:00\",\"mainEntityOfPage\":{\"@id\":\"https:\/\/tuzlainfo.ba\/index.php\/novosti\/item\/192864-ko-sdp-bih-tuzla-vlada-tk-ne-da-novalicevu-hiljadarku\/\"},\"wordCount\":205,\"commentCount\":0,\"publisher\":{\"@id\":\"https:\/\/tuzlainfo.ba\/#organization\"},\"image\":{\"@id\":\"https:\/\/tuzlainfo.ba\/index.php\/novosti\/item\/192864-ko-sdp-bih-tuzla-vlada-tk-ne-da-novalicevu-hiljadarku\/#primaryimage\"},\"thumbnailUrl\":\"https:\/\/tuzlainfo.ba\/wp-content\/uploads\/2020\/11\/sadrzaj_2020_20201101_0811_sdp.jpg\",\"keywords\":[\"SDP TK\",\"vlada tk\"],\"articleSection\":[\"Istaknuto\",\"Novosti\"],\"inLanguage\":\"bs-BA\"},{\"@type\":\"WebPage\",\"@id\":\"https:\/\/tuzlainfo.ba\/index.php\/novosti\/item\/192864-ko-sdp-bih-tuzla-vlada-tk-ne-da-novalicevu-hiljadarku\/\",\"url\":\"https:\/\/tuzlainfo.ba\/index.php\/novosti\/item\/192864-ko-sdp-bih-tuzla-vlada-tk-ne-da-novalicevu-hiljadarku\/\",\"name\":\"KO SDP BiH Tuzla: Vlada TK ne da \u201cNovali\u0107evu hiljadarku\u201d - TuzlaInfo.ba\",\"isPartOf\":{\"@id\":\"https:\/\/tuzlainfo.ba\/#website\"},\"primaryImageOfPage\":{\"@id\":\"https:\/\/tuzlainfo.ba\/index.php\/novosti\/item\/192864-ko-sdp-bih-tuzla-vlada-tk-ne-da-novalicevu-hiljadarku\/#primaryimage\"},\"image\":{\"@id\":\"https:\/\/tuzlainfo.ba\/index.php\/novosti\/item\/192864-ko-sdp-bih-tuzla-vlada-tk-ne-da-novalicevu-hiljadarku\/#primaryimage\"},\"thumbnailUrl\":\"https:\/\/tuzlainfo.ba\/wp-content\/uploads\/2020\/11\/sadrzaj_2020_20201101_0811_sdp.jpg\",\"datePublished\":\"2022-12-22T15:10:39+00:00\",\"dateModified\":\"2022-12-22T14:53:23+00:00\",\"breadcrumb\":{\"@id\":\"https:\/\/tuzlainfo.ba\/index.php\/novosti\/item\/192864-ko-sdp-bih-tuzla-vlada-tk-ne-da-novalicevu-hiljadarku\/#breadcrumb\"},\"inLanguage\":\"bs-BA\",\"potentialAction\":[{\"@type\":\"ReadAction\",\"target\":[\"https:\/\/tuzlainfo.ba\/index.php\/novosti\/item\/192864-ko-sdp-bih-tuzla-vlada-tk-ne-da-novalicevu-hiljadarku\/\"]}]},{\"@type\":\"ImageObject\",\"inLanguage\":\"bs-BA\",\"@id\":\"https:\/\/tuzlainfo.ba\/index.php\/novosti\/item\/192864-ko-sdp-bih-tuzla-vlada-tk-ne-da-novalicevu-hiljadarku\/#primaryimage\",\"url\":\"https:\/\/tuzlainfo.ba\/wp-content\/uploads\/2020\/11\/sadrzaj_2020_20201101_0811_sdp.jpg\",\"contentUrl\":\"https:\/\/tuzlainfo.ba\/wp-content\/uploads\/2020\/11\/sadrzaj_2020_20201101_0811_sdp.jpg\",\"width\":770,\"height\":495,\"caption\":\"0811 sdp\"},{\"@type\":\"BreadcrumbList\",\"@id\":\"https:\/\/tuzlainfo.ba\/index.php\/novosti\/item\/192864-ko-sdp-bih-tuzla-vlada-tk-ne-da-novalicevu-hiljadarku\/#breadcrumb\",\"itemListElement\":[{\"@type\":\"ListItem\",\"position\":1,\"name\":\"Home\",\"item\":\"https:\/\/tuzlainfo.ba\/\"},{\"@type\":\"ListItem\",\"position\":2,\"name\":\"KO SDP BiH Tuzla: Vlada TK ne da \u201cNovali\u0107evu hiljadarku\u201d\"}]},{\"@type\":\"WebSite\",\"@id\":\"https:\/\/tuzlainfo.ba\/#website\",\"url\":\"https:\/\/tuzlainfo.ba\/\",\"name\":\"TuzlaInfo.ba\",\"description\":\"Tuzla info, gradski informator - Tuzla na dlanu\",\"publisher\":{\"@id\":\"https:\/\/tuzlainfo.ba\/#organization\"},\"potentialAction\":[{\"@type\":\"SearchAction\",\"target\":{\"@type\":\"EntryPoint\",\"urlTemplate\":\"https:\/\/tuzlainfo.ba\/?s={search_term_string}\"},\"query-input\":{\"@type\":\"PropertyValueSpecification\",\"valueRequired\":true,\"valueName\":\"search_term_string\"}}],\"inLanguage\":\"bs-BA\"},{\"@type\":\"Organization\",\"@id\":\"https:\/\/tuzlainfo.ba\/#organization\",\"name\":\"TuzlaInfo.ba\",\"url\":\"https:\/\/tuzlainfo.ba\/\",\"logo\":{\"@type\":\"ImageObject\",\"inLanguage\":\"bs-BA\",\"@id\":\"https:\/\/tuzlainfo.ba\/#\/schema\/logo\/image\/\",\"url\":\"https:\/\/tuzlainfo.ba\/wp-content\/uploads\/2021\/03\/logo-ver-3-1.png\",\"contentUrl\":\"https:\/\/tuzlainfo.ba\/wp-content\/uploads\/2021\/03\/logo-ver-3-1.png\",\"width\":350,\"height\":95,\"caption\":\"TuzlaInfo.ba\"},\"image\":{\"@id\":\"https:\/\/tuzlainfo.ba\/#\/schema\/logo\/image\/\"},\"sameAs\":[\"https:\/\/www.facebook.com\/tuzlainfo.ba\/\"]},{\"@type\":\"Person\",\"@id\":\"https:\/\/tuzlainfo.ba\/#\/schema\/person\/46cad4c57790cbc50781edd14870825a\",\"name\":\"Tuzla Info\",\"image\":{\"@type\":\"ImageObject\",\"inLanguage\":\"bs-BA\",\"@id\":\"https:\/\/tuzlainfo.ba\/#\/schema\/person\/image\/\",\"url\":\"https:\/\/tuzlainfo.ba\/wp-content\/litespeed\/avatar\/b6c453a6c38e3654f2e4416c643fc25c.jpg?ver=1777656712\",\"contentUrl\":\"https:\/\/tuzlainfo.ba\/wp-content\/litespeed\/avatar\/b6c453a6c38e3654f2e4416c643fc25c.jpg?ver=1777656712\",\"caption\":\"Tuzla Info\"}}]}<\/script>\n<!-- \/ Yoast SEO plugin. -->","yoast_head_json":{"title":"KO SDP BiH Tuzla: Vlada TK ne da \u201cNovali\u0107evu hiljadarku\u201d - TuzlaInfo.ba","robots":{"index":"index","follow":"follow","max-snippet":"max-snippet:-1","max-image-preview":"max-image-preview:large","max-video-preview":"max-video-preview:-1"},"canonical":"https:\/\/tuzlainfo.ba\/index.php\/novosti\/item\/192864-ko-sdp-bih-tuzla-vlada-tk-ne-da-novalicevu-hiljadarku\/","og_locale":"bs_BA","og_type":"article","og_title":"KO SDP BiH Tuzla: Vlada TK ne da \u201cNovali\u0107evu hiljadarku\u201d - TuzlaInfo.ba","og_description":"Pravo na pomo\u0107, s ciljem ubla\u017eavanja posljedica inflacije i pove\u0107anih tro\u0161kova \u017eivota, Sindikalne organizacije u&hellip;","og_url":"https:\/\/tuzlainfo.ba\/index.php\/novosti\/item\/192864-ko-sdp-bih-tuzla-vlada-tk-ne-da-novalicevu-hiljadarku\/","og_site_name":"TuzlaInfo.ba","article_publisher":"https:\/\/www.facebook.com\/tuzlainfo.ba\/","article_published_time":"2022-12-22T15:10:39+00:00","article_modified_time":"2022-12-22T14:53:23+00:00","og_image":[{"width":770,"height":495,"url":"https:\/\/tuzlainfo.ba\/wp-content\/uploads\/2020\/11\/sadrzaj_2020_20201101_0811_sdp.jpg","type":"image\/jpeg"}],"author":"Tuzla Info","twitter_card":"summary_large_image","twitter_misc":{"Written by":"Tuzla Info","Est. reading time":"1 minuta"},"schema":{"@context":"https:\/\/schema.org","@graph":[{"@type":"Article","@id":"https:\/\/tuzlainfo.ba\/index.php\/novosti\/item\/192864-ko-sdp-bih-tuzla-vlada-tk-ne-da-novalicevu-hiljadarku\/#article","isPartOf":{"@id":"https:\/\/tuzlainfo.ba\/index.php\/novosti\/item\/192864-ko-sdp-bih-tuzla-vlada-tk-ne-da-novalicevu-hiljadarku\/"},"author":{"name":"Tuzla Info","@id":"https:\/\/tuzlainfo.ba\/#\/schema\/person\/46cad4c57790cbc50781edd14870825a"},"headline":"KO SDP BiH Tuzla: Vlada TK ne da \u201cNovali\u0107evu hiljadarku\u201d","datePublished":"2022-12-22T15:10:39+00:00","dateModified":"2022-12-22T14:53:23+00:00","mainEntityOfPage":{"@id":"https:\/\/tuzlainfo.ba\/index.php\/novosti\/item\/192864-ko-sdp-bih-tuzla-vlada-tk-ne-da-novalicevu-hiljadarku\/"},"wordCount":205,"commentCount":0,"publisher":{"@id":"https:\/\/tuzlainfo.ba\/#organization"},"image":{"@id":"https:\/\/tuzlainfo.ba\/index.php\/novosti\/item\/192864-ko-sdp-bih-tuzla-vlada-tk-ne-da-novalicevu-hiljadarku\/#primaryimage"},"thumbnailUrl":"https:\/\/tuzlainfo.ba\/wp-content\/uploads\/2020\/11\/sadrzaj_2020_20201101_0811_sdp.jpg","keywords":["SDP TK","vlada tk"],"articleSection":["Istaknuto","Novosti"],"inLanguage":"bs-BA"},{"@type":"WebPage","@id":"https:\/\/tuzlainfo.ba\/index.php\/novosti\/item\/192864-ko-sdp-bih-tuzla-vlada-tk-ne-da-novalicevu-hiljadarku\/","url":"https:\/\/tuzlainfo.ba\/index.php\/novosti\/item\/192864-ko-sdp-bih-tuzla-vlada-tk-ne-da-novalicevu-hiljadarku\/","name":"KO SDP BiH Tuzla: Vlada TK ne da \u201cNovali\u0107evu hiljadarku\u201d - TuzlaInfo.ba","isPartOf":{"@id":"https:\/\/tuzlainfo.ba\/#website"},"primaryImageOfPage":{"@id":"https:\/\/tuzlainfo.ba\/index.php\/novosti\/item\/192864-ko-sdp-bih-tuzla-vlada-tk-ne-da-novalicevu-hiljadarku\/#primaryimage"},"image":{"@id":"https:\/\/tuzlainfo.ba\/index.php\/novosti\/item\/192864-ko-sdp-bih-tuzla-vlada-tk-ne-da-novalicevu-hiljadarku\/#primaryimage"},"thumbnailUrl":"https:\/\/tuzlainfo.ba\/wp-content\/uploads\/2020\/11\/sadrzaj_2020_20201101_0811_sdp.jpg","datePublished":"2022-12-22T15:10:39+00:00","dateModified":"2022-12-22T14:53:23+00:00","breadcrumb":{"@id":"https:\/\/tuzlainfo.ba\/index.php\/novosti\/item\/192864-ko-sdp-bih-tuzla-vlada-tk-ne-da-novalicevu-hiljadarku\/#breadcrumb"},"inLanguage":"bs-BA","potentialAction":[{"@type":"ReadAction","target":["https:\/\/tuzlainfo.ba\/index.php\/novosti\/item\/192864-ko-sdp-bih-tuzla-vlada-tk-ne-da-novalicevu-hiljadarku\/"]}]},{"@type":"ImageObject","inLanguage":"bs-BA","@id":"https:\/\/tuzlainfo.ba\/index.php\/novosti\/item\/192864-ko-sdp-bih-tuzla-vlada-tk-ne-da-novalicevu-hiljadarku\/#primaryimage","url":"https:\/\/tuzlainfo.ba\/wp-content\/uploads\/2020\/11\/sadrzaj_2020_20201101_0811_sdp.jpg","contentUrl":"https:\/\/tuzlainfo.ba\/wp-content\/uploads\/2020\/11\/sadrzaj_2020_20201101_0811_sdp.jpg","width":770,"height":495,"caption":"0811 sdp"},{"@type":"BreadcrumbList","@id":"https:\/\/tuzlainfo.ba\/index.php\/novosti\/item\/192864-ko-sdp-bih-tuzla-vlada-tk-ne-da-novalicevu-hiljadarku\/#breadcrumb","itemListElement":[{"@type":"ListItem","position":1,"name":"Home","item":"https:\/\/tuzlainfo.ba\/"},{"@type":"ListItem","position":2,"name":"KO SDP BiH Tuzla: Vlada TK ne da \u201cNovali\u0107evu hiljadarku\u201d"}]},{"@type":"WebSite","@id":"https:\/\/tuzlainfo.ba\/#website","url":"https:\/\/tuzlainfo.ba\/","name":"TuzlaInfo.ba","description":"Tuzla info, gradski informator - Tuzla na dlanu","publisher":{"@id":"https:\/\/tuzlainfo.ba\/#organization"},"potentialAction":[{"@type":"SearchAction","target":{"@type":"EntryPoint","urlTemplate":"https:\/\/tuzlainfo.ba\/?s={search_term_string}"},"query-input":{"@type":"PropertyValueSpecification","valueRequired":true,"valueName":"search_term_string"}}],"inLanguage":"bs-BA"},{"@type":"Organization","@id":"https:\/\/tuzlainfo.ba\/#organization","name":"TuzlaInfo.ba","url":"https:\/\/tuzlainfo.ba\/","logo":{"@type":"ImageObject","inLanguage":"bs-BA","@id":"https:\/\/tuzlainfo.ba\/#\/schema\/logo\/image\/","url":"https:\/\/tuzlainfo.ba\/wp-content\/uploads\/2021\/03\/logo-ver-3-1.png","contentUrl":"https:\/\/tuzlainfo.ba\/wp-content\/uploads\/2021\/03\/logo-ver-3-1.png","width":350,"height":95,"caption":"TuzlaInfo.ba"},"image":{"@id":"https:\/\/tuzlainfo.ba\/#\/schema\/logo\/image\/"},"sameAs":["https:\/\/www.facebook.com\/tuzlainfo.ba\/"]},{"@type":"Person","@id":"https:\/\/tuzlainfo.ba\/#\/schema\/person\/46cad4c57790cbc50781edd14870825a","name":"Tuzla Info","image":{"@type":"ImageObject","inLanguage":"bs-BA","@id":"https:\/\/tuzlainfo.ba\/#\/schema\/person\/image\/","url":"https:\/\/tuzlainfo.ba\/wp-content\/litespeed\/avatar\/b6c453a6c38e3654f2e4416c643fc25c.jpg?ver=1777656712","contentUrl":"https:\/\/tuzlainfo.ba\/wp-content\/litespeed\/avatar\/b6c453a6c38e3654f2e4416c643fc25c.jpg?ver=1777656712","caption":"Tuzla Info"}}]}},"_links":{"self":[{"href":"https:\/\/tuzlainfo.ba\/index.php\/wp-json\/wp\/v2\/posts\/192864"}],"collection":[{"href":"https:\/\/tuzlainfo.ba\/index.php\/wp-json\/wp\/v2\/posts"}],"about":[{"href":"https:\/\/tuzlainfo.ba\/index.php\/wp-json\/wp\/v2\/types\/post"}],"author":[{"embeddable":true,"href":"https:\/\/tuzlainfo.ba\/index.php\/wp-json\/wp\/v2\/users\/4"}],"replies":[{"embeddable":true,"href":"https:\/\/tuzlainfo.ba\/index.php\/wp-json\/wp\/v2\/comments?post=192864"}],"version-history":[{"count":0,"href":"https:\/\/tuzlainfo.ba\/index.php\/wp-json\/wp\/v2\/posts\/192864\/revisions"}],"wp:featuredmedia":[{"embeddable":true,"href":"https:\/\/tuzlainfo.ba\/index.php\/wp-json\/wp\/v2\/media\/83963"}],"wp:attachment":[{"href":"https:\/\/tuzlainfo.ba\/index.php\/wp-json\/wp\/v2\/media?parent=192864"}],"wp:term":[{"taxonomy":"category","embeddable":true,"href":"https:\/\/tuzlainfo.ba\/index.php\/wp-json\/wp\/v2\/categories?post=192864"},{"taxonomy":"post_tag","embeddable":true,"href":"https:\/\/tuzlainfo.ba\/index.php\/wp-json\/wp\/v2\/tags?post=192864"}],"curies":[{"name":"wp","href":"https:\/\/api.w.org\/{rel}","templated":true}]}}