{"id":192703,"date":"2022-12-20T20:56:38","date_gmt":"2022-12-20T19:56:38","guid":{"rendered":"https:\/\/tuzlainfo.ba\/?p=192703"},"modified":"2022-12-20T20:56:38","modified_gmt":"2022-12-20T19:56:38","slug":"tuzla-projekcijom-filma-igra-sjenki-obiljezen-medjunarodni-dan-migranata","status":"publish","type":"post","link":"https:\/\/tuzlainfo.ba\/index.php\/novosti\/item\/192703-tuzla-projekcijom-filma-igra-sjenki-obiljezen-medjunarodni-dan-migranata\/","title":{"rendered":"Tuzla: Projekcijom filma &#8220;Igra sjenki&#8221; obilje\u017een Me\u0111unarodni dan migranata"},"content":{"rendered":"<p>U punoj kino dvorani Cinestara Tuzla, organizirano je prikazivanje dokumentarnog filma \u201eIgra sjenki\u201c koji prikazuje \u017eivote tinejd\u017eera koji su izbjegli iz svojih zemalja, a koji svakodnevno poku\u0161avaju prije\u0107i europske granice u potrazi za za\u0161titom i boljim \u017eivotom. Putuju kroz svijet sjenki minskih polja, medvjeda, brzih rijeka, krijum\u010dara i grani\u010dara. &#8216;Igra&#8217; je njihov gorko ironi\u010dan izraz za poku\u0161aj prijelaza granica. Igra sjenki je putovanje kroz mra\u010dnu stranu Europe, s tinejd\u017eerima migrantima koji su bili na\u0161i vodi\u010di.<\/p>\n<p>Projekciju filma organizirao je Centar za pru\u017eanje usluga u zajednici PU\u017d, Caritas Bosne i Hercegovine i Caritas \u0160vicarske uz podr\u0161ku IOM misije u BiH, Catholic Relief Services i Shadow Game produkcije.<\/p>\n<p><img fetchpriority=\"high\" decoding=\"async\" class=\"aligncenter wp-image-192705 size-full\" src=\"https:\/\/tuzlainfo.ba\/wp-content\/uploads\/2022\/12\/2012_migr2.jpg\" alt=\"\" width=\"800\" height=\"421\" srcset=\"https:\/\/tuzlainfo.ba\/wp-content\/uploads\/2022\/12\/2012_migr2.jpg 800w, https:\/\/tuzlainfo.ba\/wp-content\/uploads\/2022\/12\/2012_migr2-300x158.jpg 300w, https:\/\/tuzlainfo.ba\/wp-content\/uploads\/2022\/12\/2012_migr2-768x404.jpg 768w, https:\/\/tuzlainfo.ba\/wp-content\/uploads\/2022\/12\/2012_migr2-585x308.jpg 585w, https:\/\/tuzlainfo.ba\/wp-content\/uploads\/2022\/12\/2012_migr2-150x79.jpg 150w, https:\/\/tuzlainfo.ba\/wp-content\/uploads\/2022\/12\/2012_migr2-500x263.jpg 500w\" sizes=\"(max-width: 800px) 100vw, 800px\" \/><\/p>\n<p>Uz prikazivanje dokumentarnog filma, kojim se obilje\u017eio Me\u0111unarodni dan migranata 22, organizirano je i online dru\u017eenje sa producenticom i tinejd\u017eerom iz filma Els Van Driel i Sajid Khan Nasiri.<\/p>\n<p>Atmosfera iz Cinestara Tuzla je bila vrlo emotivna, budu\u0107i da se radilo o vrlo \u201esna\u017enom\u201c prikazu svakodnevnih situacija kojima su maloljetnici bez pratnje izlo\u017eeni na svome putu kroz Europu. Pozivu su se odazvali predstavnici institucija i ustanova Tuzle, predstavnici me\u0111unarodnih i lokalnih organizacija, studenti i studentice Univerziteta u Tuzli kao i gra\u0111ani\/ke Tuzle.<\/p>\n<p>Ispred organizatora, Centar PU\u017d pozdravio je okupljene i pozvao ih da zajedni\u010dki doprinesu sigurnosti i dobrobiti ljudi u pokretu, posebno najranjivijih. \u201eKlju\u010dna poruka koju \u017eelimo poslati da dobrobit, prosperitet i sigurnost lokalnog stanovni\u0161tva ide ruku uz ruku sa dobrobiti, prosperitetom i sigurnosti ljudi u pokretu. Me\u0111usobno smo povezani i isprepleteni kao ljudska bi\u0107a, sa neodvojivim pravom na postojanje i doprinos. To je \u017eiva potreba u svakom pojedincu na ovoj na\u0161oj planeti.\u201c, kazao je Danijel Vasilj ispred Centra za pru\u017eanje usluga u zajednici PU\u017d.<\/p>\n<p>Na okupljanju je nagla\u0161eno kako migracije kao fenomen postaju izra\u017eenije svakom godinom, od uobi\u010dajenih razloga poput rada, obrazovanja, usavr\u0161avanja i pobolj\u0161anja \u017eivotnih uslova, do bijega od siroma\u0161tva, nehumanih politi\u010dkih sistema, klimatskih promjena, kr\u0161enja ljudskih prava i ratova.<\/p>\n<p><img decoding=\"async\" class=\"aligncenter wp-image-192706 size-full\" src=\"https:\/\/tuzlainfo.ba\/wp-content\/uploads\/2022\/12\/2012_migr3.jpg\" alt=\"\" width=\"800\" height=\"533\" srcset=\"https:\/\/tuzlainfo.ba\/wp-content\/uploads\/2022\/12\/2012_migr3.jpg 800w, https:\/\/tuzlainfo.ba\/wp-content\/uploads\/2022\/12\/2012_migr3-300x200.jpg 300w, https:\/\/tuzlainfo.ba\/wp-content\/uploads\/2022\/12\/2012_migr3-768x512.jpg 768w, https:\/\/tuzlainfo.ba\/wp-content\/uploads\/2022\/12\/2012_migr3-585x390.jpg 585w, https:\/\/tuzlainfo.ba\/wp-content\/uploads\/2022\/12\/2012_migr3-263x175.jpg 263w, https:\/\/tuzlainfo.ba\/wp-content\/uploads\/2022\/12\/2012_migr3-150x100.jpg 150w, https:\/\/tuzlainfo.ba\/wp-content\/uploads\/2022\/12\/2012_migr3-500x333.jpg 500w, https:\/\/tuzlainfo.ba\/wp-content\/uploads\/2022\/12\/2012_migr3-120x80.jpg 120w\" sizes=\"(max-width: 800px) 100vw, 800px\" \/><\/p>\n<p>Dijana Muzi\u010dka, ispred Caritasa Bosne i Hercegovine naglasila je kako nedostatak prihvatnog centra u Tuzli nadomje\u0161\u0107uje briga za svakog pojedinca, kroz ne samo podr\u0161ku u materijalnom ve\u0107 i u humanom i ljudskom pristupu. \u201ePonekad je osmijeh i lijepa rije\u010d mnogo ja\u010da od svake materijalne podr\u0161ke. Put kojim oni idu i probleme na koje nailaze, nadilaze sva o\u010dekivanja i zdrav razum. Njihov put je put u bolji \u017eivot i to nikad ne treba zaboraviti\u201c\u00a0 ka\u017ee Dijana Muzi\u010dka.<\/p>\n<p>Reakcije publike nisu izostale, svi su susprezali emocije gledaju\u0107i borbu djeteta sa surovim svijetom, a jedan od studenata je kratko sa nama podijelio: \u201eBili smo uronjeni u igru koju igraju na\u0161i vr\u0161njaci!\u201c<\/p>\n<p>Caritas Bosne i Hercegovine i Centar za pru\u017eanje usluga u zajednici PU\u017d od 2019. godine, zajedno sa svojim partnerima Merhmaetom Tuzla i Snaga \u017eene, \u00a0omogu\u0107avaju human i siguran odgovor na potrebe ljudi u pokretu koji prolaze kroz Tuzlu, ali i diljem Bosne i Hercegovine.<\/p>\n<p>Za sve koji nisu bili u prilici pogledati dokumentarni film mogu to u\u010diniti putem linka shadowgame.eu.<\/p>\n","protected":false},"excerpt":{"rendered":"<p>U punoj kino dvorani Cinestara Tuzla, organizirano je prikazivanje dokumentarnog filma \u201eIgra sjenki\u201c koji prikazuje \u017eivote tinejd\u017eera koji su izbjegli iz svojih zemalja, a koji svakodnevno poku\u0161avaju prije\u0107i europske granice u potrazi za za\u0161titom i boljim \u017eivotom. Putuju kroz svijet sjenki minskih polja, medvjeda, brzih rijeka, krijum\u010dara i grani\u010dara. &#8216;Igra&#8217; je njihov gorko ironi\u010dan izraz [&hellip;]<\/p>\n","protected":false},"author":2,"featured_media":192704,"comment_status":"open","ping_status":"closed","sticky":false,"template":"","format":"standard","meta":{"footnotes":""},"categories":[304,12],"tags":[877,1666],"class_list":["post-192703","post","type-post","status-publish","format-standard","has-post-thumbnail","hentry","category-istaknuto","category-novosti","tag-migranti","tag-puz"],"yoast_head":"<!-- This site is optimized with the Yoast SEO plugin v28.4 - https:\/\/yoast.com\/product\/yoast-seo-wordpress\/ -->\n<title>Tuzla: Projekcijom filma &quot;Igra sjenki&quot; obilje\u017een Me\u0111unarodni dan migranata<\/title>\n<meta name=\"robots\" content=\"index, follow, max-snippet:-1, max-image-preview:large, max-video-preview:-1\" \/>\n<link rel=\"canonical\" href=\"https:\/\/tuzlainfo.ba\/index.php\/novosti\/item\/192703-tuzla-projekcijom-filma-igra-sjenki-obiljezen-medjunarodni-dan-migranata\/\" \/>\n<meta property=\"og:locale\" content=\"bs_BA\" \/>\n<meta property=\"og:type\" content=\"article\" \/>\n<meta property=\"og:title\" content=\"Tuzla: Projekcijom filma &quot;Igra sjenki&quot; obilje\u017een Me\u0111unarodni dan migranata\" \/>\n<meta property=\"og:description\" content=\"U punoj kino dvorani Cinestara Tuzla, organizirano je prikazivanje dokumentarnog filma \u201eIgra sjenki\u201c koji prikazuje \u017eivote tinejd\u017eera koji su izbjegli iz svojih zemalja, a koji svakodnevno poku\u0161avaju prije\u0107i europske granice u potrazi za za\u0161titom i boljim \u017eivotom. Putuju kroz svijet sjenki minskih polja, medvjeda, brzih rijeka, krijum\u010dara i grani\u010dara. &#8216;Igra&#8217; je njihov gorko ironi\u010dan izraz [&hellip;]\" \/>\n<meta property=\"og:url\" content=\"https:\/\/tuzlainfo.ba\/index.php\/novosti\/item\/192703-tuzla-projekcijom-filma-igra-sjenki-obiljezen-medjunarodni-dan-migranata\/\" \/>\n<meta property=\"og:site_name\" content=\"TuzlaInfo.ba\" \/>\n<meta property=\"article:publisher\" content=\"https:\/\/www.facebook.com\/tuzlainfo.ba\/\" \/>\n<meta property=\"article:published_time\" content=\"2022-12-20T19:56:38+00:00\" \/>\n<meta property=\"og:image\" content=\"https:\/\/tuzlainfo.ba\/wp-content\/uploads\/2022\/12\/2012_migr1.jpg\" \/>\n\t<meta property=\"og:image:width\" content=\"800\" \/>\n\t<meta property=\"og:image:height\" content=\"533\" \/>\n\t<meta property=\"og:image:type\" content=\"image\/jpeg\" \/>\n<meta name=\"author\" content=\"nedim\" \/>\n<meta name=\"twitter:card\" content=\"summary_large_image\" \/>\n<meta name=\"twitter:label1\" content=\"Written by\" \/>\n\t<meta name=\"twitter:data1\" content=\"nedim\" \/>\n\t<meta name=\"twitter:label2\" content=\"Est. reading time\" \/>\n\t<meta name=\"twitter:data2\" content=\"3 minute\" \/>\n<script type=\"application\/ld+json\" class=\"yoast-schema-graph\">{\"@context\":\"https:\\\/\\\/schema.org\",\"@graph\":[{\"@type\":\"Article\",\"@id\":\"https:\\\/\\\/tuzlainfo.ba\\\/index.php\\\/novosti\\\/item\\\/192703-tuzla-projekcijom-filma-igra-sjenki-obiljezen-medjunarodni-dan-migranata\\\/#article\",\"isPartOf\":{\"@id\":\"https:\\\/\\\/tuzlainfo.ba\\\/index.php\\\/novosti\\\/item\\\/192703-tuzla-projekcijom-filma-igra-sjenki-obiljezen-medjunarodni-dan-migranata\\\/\"},\"author\":{\"name\":\"nedim\",\"@id\":\"https:\\\/\\\/tuzlainfo.ba\\\/#\\\/schema\\\/person\\\/f434e20dc27ea133923aab08451b7f7f\"},\"headline\":\"Tuzla: Projekcijom filma &#8220;Igra sjenki&#8221; obilje\u017een Me\u0111unarodni dan migranata\",\"datePublished\":\"2022-12-20T19:56:38+00:00\",\"mainEntityOfPage\":{\"@id\":\"https:\\\/\\\/tuzlainfo.ba\\\/index.php\\\/novosti\\\/item\\\/192703-tuzla-projekcijom-filma-igra-sjenki-obiljezen-medjunarodni-dan-migranata\\\/\"},\"wordCount\":539,\"commentCount\":0,\"publisher\":{\"@id\":\"https:\\\/\\\/tuzlainfo.ba\\\/#organization\"},\"image\":{\"@id\":\"https:\\\/\\\/tuzlainfo.ba\\\/index.php\\\/novosti\\\/item\\\/192703-tuzla-projekcijom-filma-igra-sjenki-obiljezen-medjunarodni-dan-migranata\\\/#primaryimage\"},\"thumbnailUrl\":\"https:\\\/\\\/tuzlainfo.ba\\\/wp-content\\\/uploads\\\/2022\\\/12\\\/2012_migr1.jpg\",\"keywords\":[\"migranti\",\"PU\u017d\"],\"articleSection\":[\"Istaknuto\",\"Novosti\"],\"inLanguage\":\"bs-BA\",\"copyrightYear\":\"2022\",\"copyrightHolder\":{\"@id\":\"https:\\\/\\\/tuzlainfo.ba\\\/#organization\"}},{\"@type\":\"WebPage\",\"@id\":\"https:\\\/\\\/tuzlainfo.ba\\\/index.php\\\/novosti\\\/item\\\/192703-tuzla-projekcijom-filma-igra-sjenki-obiljezen-medjunarodni-dan-migranata\\\/\",\"url\":\"https:\\\/\\\/tuzlainfo.ba\\\/index.php\\\/novosti\\\/item\\\/192703-tuzla-projekcijom-filma-igra-sjenki-obiljezen-medjunarodni-dan-migranata\\\/\",\"name\":\"Tuzla: Projekcijom filma \\\"Igra sjenki\\\" obilje\u017een Me\u0111unarodni dan migranata\",\"isPartOf\":{\"@id\":\"https:\\\/\\\/tuzlainfo.ba\\\/#website\"},\"primaryImageOfPage\":{\"@id\":\"https:\\\/\\\/tuzlainfo.ba\\\/index.php\\\/novosti\\\/item\\\/192703-tuzla-projekcijom-filma-igra-sjenki-obiljezen-medjunarodni-dan-migranata\\\/#primaryimage\"},\"image\":{\"@id\":\"https:\\\/\\\/tuzlainfo.ba\\\/index.php\\\/novosti\\\/item\\\/192703-tuzla-projekcijom-filma-igra-sjenki-obiljezen-medjunarodni-dan-migranata\\\/#primaryimage\"},\"thumbnailUrl\":\"https:\\\/\\\/tuzlainfo.ba\\\/wp-content\\\/uploads\\\/2022\\\/12\\\/2012_migr1.jpg\",\"datePublished\":\"2022-12-20T19:56:38+00:00\",\"breadcrumb\":{\"@id\":\"https:\\\/\\\/tuzlainfo.ba\\\/index.php\\\/novosti\\\/item\\\/192703-tuzla-projekcijom-filma-igra-sjenki-obiljezen-medjunarodni-dan-migranata\\\/#breadcrumb\"},\"inLanguage\":\"bs-BA\",\"potentialAction\":[{\"@type\":\"ReadAction\",\"target\":[\"https:\\\/\\\/tuzlainfo.ba\\\/index.php\\\/novosti\\\/item\\\/192703-tuzla-projekcijom-filma-igra-sjenki-obiljezen-medjunarodni-dan-migranata\\\/\"]}]},{\"@type\":\"ImageObject\",\"inLanguage\":\"bs-BA\",\"@id\":\"https:\\\/\\\/tuzlainfo.ba\\\/index.php\\\/novosti\\\/item\\\/192703-tuzla-projekcijom-filma-igra-sjenki-obiljezen-medjunarodni-dan-migranata\\\/#primaryimage\",\"url\":\"https:\\\/\\\/tuzlainfo.ba\\\/wp-content\\\/uploads\\\/2022\\\/12\\\/2012_migr1.jpg\",\"contentUrl\":\"https:\\\/\\\/tuzlainfo.ba\\\/wp-content\\\/uploads\\\/2022\\\/12\\\/2012_migr1.jpg\",\"width\":800,\"height\":533},{\"@type\":\"BreadcrumbList\",\"@id\":\"https:\\\/\\\/tuzlainfo.ba\\\/index.php\\\/novosti\\\/item\\\/192703-tuzla-projekcijom-filma-igra-sjenki-obiljezen-medjunarodni-dan-migranata\\\/#breadcrumb\",\"itemListElement\":[{\"@type\":\"ListItem\",\"position\":1,\"name\":\"Home\",\"item\":\"https:\\\/\\\/tuzlainfo.ba\\\/\"},{\"@type\":\"ListItem\",\"position\":2,\"name\":\"Tuzla: Projekcijom filma &#8220;Igra sjenki&#8221; obilje\u017een Me\u0111unarodni dan migranata\"}]},{\"@type\":\"WebSite\",\"@id\":\"https:\\\/\\\/tuzlainfo.ba\\\/#website\",\"url\":\"https:\\\/\\\/tuzlainfo.ba\\\/\",\"name\":\"TuzlaInfo.ba\",\"description\":\"Tuzla info, gradski informator - Tuzla na dlanu\",\"publisher\":{\"@id\":\"https:\\\/\\\/tuzlainfo.ba\\\/#organization\"},\"potentialAction\":[{\"@type\":\"SearchAction\",\"target\":{\"@type\":\"EntryPoint\",\"urlTemplate\":\"https:\\\/\\\/tuzlainfo.ba\\\/?s={search_term_string}\"},\"query-input\":{\"@type\":\"PropertyValueSpecification\",\"valueRequired\":true,\"valueName\":\"search_term_string\"}}],\"inLanguage\":\"bs-BA\"},{\"@type\":\"Organization\",\"@id\":\"https:\\\/\\\/tuzlainfo.ba\\\/#organization\",\"name\":\"TuzlaInfo.ba\",\"url\":\"https:\\\/\\\/tuzlainfo.ba\\\/\",\"logo\":{\"@type\":\"ImageObject\",\"inLanguage\":\"bs-BA\",\"@id\":\"https:\\\/\\\/tuzlainfo.ba\\\/#\\\/schema\\\/logo\\\/image\\\/\",\"url\":\"https:\\\/\\\/tuzlainfo.ba\\\/wp-content\\\/uploads\\\/2021\\\/03\\\/logo-ver-3-1.png\",\"contentUrl\":\"https:\\\/\\\/tuzlainfo.ba\\\/wp-content\\\/uploads\\\/2021\\\/03\\\/logo-ver-3-1.png\",\"width\":350,\"height\":95,\"caption\":\"TuzlaInfo.ba\"},\"image\":{\"@id\":\"https:\\\/\\\/tuzlainfo.ba\\\/#\\\/schema\\\/logo\\\/image\\\/\"},\"sameAs\":[\"https:\\\/\\\/www.facebook.com\\\/tuzlainfo.ba\\\/\"]},{\"@type\":\"Person\",\"@id\":\"https:\\\/\\\/tuzlainfo.ba\\\/#\\\/schema\\\/person\\\/f434e20dc27ea133923aab08451b7f7f\",\"name\":\"nedim\",\"image\":{\"@type\":\"ImageObject\",\"inLanguage\":\"bs-BA\",\"@id\":\"https:\\\/\\\/secure.gravatar.com\\\/avatar\\\/5b928a2e7e70a54208d2eb6c1edcb75a5350d6ae97d5f0a701203d456823f6f3?s=96&d=mm&r=g\",\"url\":\"https:\\\/\\\/secure.gravatar.com\\\/avatar\\\/5b928a2e7e70a54208d2eb6c1edcb75a5350d6ae97d5f0a701203d456823f6f3?s=96&d=mm&r=g\",\"contentUrl\":\"https:\\\/\\\/secure.gravatar.com\\\/avatar\\\/5b928a2e7e70a54208d2eb6c1edcb75a5350d6ae97d5f0a701203d456823f6f3?s=96&d=mm&r=g\",\"caption\":\"nedim\"},\"description\":\"Tuzlainfo.ba pratite na dru\u0161tvenim mre\u017eama: Facebook, Instagram i Youtube. Svoje pri\u010de, upite i fotografije \u0161aljite na na\u0161u e-mail adresu.\"}]}<\/script>\n<!-- \/ Yoast SEO plugin. -->","yoast_head_json":{"title":"Tuzla: Projekcijom filma \"Igra sjenki\" obilje\u017een Me\u0111unarodni dan migranata","robots":{"index":"index","follow":"follow","max-snippet":"max-snippet:-1","max-image-preview":"max-image-preview:large","max-video-preview":"max-video-preview:-1"},"canonical":"https:\/\/tuzlainfo.ba\/index.php\/novosti\/item\/192703-tuzla-projekcijom-filma-igra-sjenki-obiljezen-medjunarodni-dan-migranata\/","og_locale":"bs_BA","og_type":"article","og_title":"Tuzla: Projekcijom filma \"Igra sjenki\" obilje\u017een Me\u0111unarodni dan migranata","og_description":"U punoj kino dvorani Cinestara Tuzla, organizirano je prikazivanje dokumentarnog filma \u201eIgra sjenki\u201c koji prikazuje \u017eivote tinejd\u017eera koji su izbjegli iz svojih zemalja, a koji svakodnevno poku\u0161avaju prije\u0107i europske granice u potrazi za za\u0161titom i boljim \u017eivotom. Putuju kroz svijet sjenki minskih polja, medvjeda, brzih rijeka, krijum\u010dara i grani\u010dara. &#8216;Igra&#8217; je njihov gorko ironi\u010dan izraz [&hellip;]","og_url":"https:\/\/tuzlainfo.ba\/index.php\/novosti\/item\/192703-tuzla-projekcijom-filma-igra-sjenki-obiljezen-medjunarodni-dan-migranata\/","og_site_name":"TuzlaInfo.ba","article_publisher":"https:\/\/www.facebook.com\/tuzlainfo.ba\/","article_published_time":"2022-12-20T19:56:38+00:00","og_image":[{"width":800,"height":533,"url":"https:\/\/tuzlainfo.ba\/wp-content\/uploads\/2022\/12\/2012_migr1.jpg","type":"image\/jpeg"}],"author":"nedim","twitter_card":"summary_large_image","twitter_misc":{"Written by":"nedim","Est. reading time":"3 minute"},"schema":{"@context":"https:\/\/schema.org","@graph":[{"@type":"Article","@id":"https:\/\/tuzlainfo.ba\/index.php\/novosti\/item\/192703-tuzla-projekcijom-filma-igra-sjenki-obiljezen-medjunarodni-dan-migranata\/#article","isPartOf":{"@id":"https:\/\/tuzlainfo.ba\/index.php\/novosti\/item\/192703-tuzla-projekcijom-filma-igra-sjenki-obiljezen-medjunarodni-dan-migranata\/"},"author":{"name":"nedim","@id":"https:\/\/tuzlainfo.ba\/#\/schema\/person\/f434e20dc27ea133923aab08451b7f7f"},"headline":"Tuzla: Projekcijom filma &#8220;Igra sjenki&#8221; obilje\u017een Me\u0111unarodni dan migranata","datePublished":"2022-12-20T19:56:38+00:00","mainEntityOfPage":{"@id":"https:\/\/tuzlainfo.ba\/index.php\/novosti\/item\/192703-tuzla-projekcijom-filma-igra-sjenki-obiljezen-medjunarodni-dan-migranata\/"},"wordCount":539,"commentCount":0,"publisher":{"@id":"https:\/\/tuzlainfo.ba\/#organization"},"image":{"@id":"https:\/\/tuzlainfo.ba\/index.php\/novosti\/item\/192703-tuzla-projekcijom-filma-igra-sjenki-obiljezen-medjunarodni-dan-migranata\/#primaryimage"},"thumbnailUrl":"https:\/\/tuzlainfo.ba\/wp-content\/uploads\/2022\/12\/2012_migr1.jpg","keywords":["migranti","PU\u017d"],"articleSection":["Istaknuto","Novosti"],"inLanguage":"bs-BA","copyrightYear":"2022","copyrightHolder":{"@id":"https:\/\/tuzlainfo.ba\/#organization"}},{"@type":"WebPage","@id":"https:\/\/tuzlainfo.ba\/index.php\/novosti\/item\/192703-tuzla-projekcijom-filma-igra-sjenki-obiljezen-medjunarodni-dan-migranata\/","url":"https:\/\/tuzlainfo.ba\/index.php\/novosti\/item\/192703-tuzla-projekcijom-filma-igra-sjenki-obiljezen-medjunarodni-dan-migranata\/","name":"Tuzla: Projekcijom filma \"Igra sjenki\" obilje\u017een Me\u0111unarodni dan migranata","isPartOf":{"@id":"https:\/\/tuzlainfo.ba\/#website"},"primaryImageOfPage":{"@id":"https:\/\/tuzlainfo.ba\/index.php\/novosti\/item\/192703-tuzla-projekcijom-filma-igra-sjenki-obiljezen-medjunarodni-dan-migranata\/#primaryimage"},"image":{"@id":"https:\/\/tuzlainfo.ba\/index.php\/novosti\/item\/192703-tuzla-projekcijom-filma-igra-sjenki-obiljezen-medjunarodni-dan-migranata\/#primaryimage"},"thumbnailUrl":"https:\/\/tuzlainfo.ba\/wp-content\/uploads\/2022\/12\/2012_migr1.jpg","datePublished":"2022-12-20T19:56:38+00:00","breadcrumb":{"@id":"https:\/\/tuzlainfo.ba\/index.php\/novosti\/item\/192703-tuzla-projekcijom-filma-igra-sjenki-obiljezen-medjunarodni-dan-migranata\/#breadcrumb"},"inLanguage":"bs-BA","potentialAction":[{"@type":"ReadAction","target":["https:\/\/tuzlainfo.ba\/index.php\/novosti\/item\/192703-tuzla-projekcijom-filma-igra-sjenki-obiljezen-medjunarodni-dan-migranata\/"]}]},{"@type":"ImageObject","inLanguage":"bs-BA","@id":"https:\/\/tuzlainfo.ba\/index.php\/novosti\/item\/192703-tuzla-projekcijom-filma-igra-sjenki-obiljezen-medjunarodni-dan-migranata\/#primaryimage","url":"https:\/\/tuzlainfo.ba\/wp-content\/uploads\/2022\/12\/2012_migr1.jpg","contentUrl":"https:\/\/tuzlainfo.ba\/wp-content\/uploads\/2022\/12\/2012_migr1.jpg","width":800,"height":533},{"@type":"BreadcrumbList","@id":"https:\/\/tuzlainfo.ba\/index.php\/novosti\/item\/192703-tuzla-projekcijom-filma-igra-sjenki-obiljezen-medjunarodni-dan-migranata\/#breadcrumb","itemListElement":[{"@type":"ListItem","position":1,"name":"Home","item":"https:\/\/tuzlainfo.ba\/"},{"@type":"ListItem","position":2,"name":"Tuzla: Projekcijom filma &#8220;Igra sjenki&#8221; obilje\u017een Me\u0111unarodni dan migranata"}]},{"@type":"WebSite","@id":"https:\/\/tuzlainfo.ba\/#website","url":"https:\/\/tuzlainfo.ba\/","name":"TuzlaInfo.ba","description":"Tuzla info, gradski informator - Tuzla na dlanu","publisher":{"@id":"https:\/\/tuzlainfo.ba\/#organization"},"potentialAction":[{"@type":"SearchAction","target":{"@type":"EntryPoint","urlTemplate":"https:\/\/tuzlainfo.ba\/?s={search_term_string}"},"query-input":{"@type":"PropertyValueSpecification","valueRequired":true,"valueName":"search_term_string"}}],"inLanguage":"bs-BA"},{"@type":"Organization","@id":"https:\/\/tuzlainfo.ba\/#organization","name":"TuzlaInfo.ba","url":"https:\/\/tuzlainfo.ba\/","logo":{"@type":"ImageObject","inLanguage":"bs-BA","@id":"https:\/\/tuzlainfo.ba\/#\/schema\/logo\/image\/","url":"https:\/\/tuzlainfo.ba\/wp-content\/uploads\/2021\/03\/logo-ver-3-1.png","contentUrl":"https:\/\/tuzlainfo.ba\/wp-content\/uploads\/2021\/03\/logo-ver-3-1.png","width":350,"height":95,"caption":"TuzlaInfo.ba"},"image":{"@id":"https:\/\/tuzlainfo.ba\/#\/schema\/logo\/image\/"},"sameAs":["https:\/\/www.facebook.com\/tuzlainfo.ba\/"]},{"@type":"Person","@id":"https:\/\/tuzlainfo.ba\/#\/schema\/person\/f434e20dc27ea133923aab08451b7f7f","name":"nedim","image":{"@type":"ImageObject","inLanguage":"bs-BA","@id":"https:\/\/secure.gravatar.com\/avatar\/5b928a2e7e70a54208d2eb6c1edcb75a5350d6ae97d5f0a701203d456823f6f3?s=96&d=mm&r=g","url":"https:\/\/secure.gravatar.com\/avatar\/5b928a2e7e70a54208d2eb6c1edcb75a5350d6ae97d5f0a701203d456823f6f3?s=96&d=mm&r=g","contentUrl":"https:\/\/secure.gravatar.com\/avatar\/5b928a2e7e70a54208d2eb6c1edcb75a5350d6ae97d5f0a701203d456823f6f3?s=96&d=mm&r=g","caption":"nedim"},"description":"Tuzlainfo.ba pratite na dru\u0161tvenim mre\u017eama: Facebook, Instagram i Youtube. Svoje pri\u010de, upite i fotografije \u0161aljite na na\u0161u e-mail adresu."}]}},"_links":{"self":[{"href":"https:\/\/tuzlainfo.ba\/index.php\/wp-json\/wp\/v2\/posts\/192703","targetHints":{"allow":["GET"]}}],"collection":[{"href":"https:\/\/tuzlainfo.ba\/index.php\/wp-json\/wp\/v2\/posts"}],"about":[{"href":"https:\/\/tuzlainfo.ba\/index.php\/wp-json\/wp\/v2\/types\/post"}],"author":[{"embeddable":true,"href":"https:\/\/tuzlainfo.ba\/index.php\/wp-json\/wp\/v2\/users\/2"}],"replies":[{"embeddable":true,"href":"https:\/\/tuzlainfo.ba\/index.php\/wp-json\/wp\/v2\/comments?post=192703"}],"version-history":[{"count":0,"href":"https:\/\/tuzlainfo.ba\/index.php\/wp-json\/wp\/v2\/posts\/192703\/revisions"}],"wp:featuredmedia":[{"embeddable":true,"href":"https:\/\/tuzlainfo.ba\/index.php\/wp-json\/wp\/v2\/media\/192704"}],"wp:attachment":[{"href":"https:\/\/tuzlainfo.ba\/index.php\/wp-json\/wp\/v2\/media?parent=192703"}],"wp:term":[{"taxonomy":"category","embeddable":true,"href":"https:\/\/tuzlainfo.ba\/index.php\/wp-json\/wp\/v2\/categories?post=192703"},{"taxonomy":"post_tag","embeddable":true,"href":"https:\/\/tuzlainfo.ba\/index.php\/wp-json\/wp\/v2\/tags?post=192703"}],"curies":[{"name":"wp","href":"https:\/\/api.w.org\/{rel}","templated":true}]}}