{"id":192358,"date":"2022-12-17T10:29:41","date_gmt":"2022-12-17T09:29:41","guid":{"rendered":"https:\/\/tuzlainfo.ba\/?p=192358"},"modified":"2022-12-17T08:24:49","modified_gmt":"2022-12-17T07:24:49","slug":"cijene-brasna-za-sada-miruju-od-cega-zavisi-novo-poskupljenje","status":"publish","type":"post","link":"https:\/\/tuzlainfo.ba\/index.php\/bosna-i-hercegovina\/item\/192358-cijene-brasna-za-sada-miruju-od-cega-zavisi-novo-poskupljenje\/","title":{"rendered":"Cijene bra\u0161na za sada miruju: Od \u010dega zavisi novo poskupljenje?"},"content":{"rendered":"<p>Stabilizacija cijene p\u0161enice na svjetskom tr\u017ei\u0161tu i jeftinije gorivo odgodili su do daljeg poskupljenje bra\u0161na u na\u0161oj zemlji. Mlinari isti\u010du da bi, ukoliko se\u00a0ovaj trend nastavi, moglo do\u0107i i do pada cijene bra\u0161na. Me\u0111utim, dobre vijesti ne\u0107e dugo trajati.<\/p>\n<p>Vre\u0107a standardnog bra\u0161na od 25 kilograma u prodavnicama trenutno ko\u0161ta od 30 do 33 KM. Mlinari ka\u017eu da \u0107e tako ostati do kraja godine.<\/p>\n<p>&#8220;Ako ne poskupi gorivo i ako p\u0161enica ne bude rasla na berzama, vjerovatno ne\u0107e rasti ni cijene bra\u0161na, bar ne u zna\u010dajnijem procentu\u201d, ka\u017ee predsjednik Udru\u017eenja mlinara Republike Srpske Zoran Kos.<\/p>\n<p>O eventualnom pojeftinjenju bra\u0161na i pekarskih proizvoda za sada je, ka\u017eu mlinari i pekari, te\u0161ko govoriti.<\/p>\n<p>\u201cZa sada toliko, pa da vidimo \u0161ta \u0107e se de\u0161avati jer od prvog januara idu energenti gore, da vidimo \u0161ta \u0107e biti sa ostalim\u201d, navodi vlasnik lanca pekara Njegoslav Zagorac.<\/p>\n<p>\u201cU ovom momentu odustali smo od poskupljenja pekarskih proizvoda koje je bilo najavljeno, ukoliko do\u0111e do poskupljenja bra\u0161na, do\u0107i \u0107e do korekcije par proizvoda, tri-\u010detiri artikla, zbog poskupljenja prehrambene folije i ambala\u017ee\u201d, obja\u0161njava predsjednik Udru\u017eenja pekara regije Bijeljina Radenko Pelemi\u0161.<\/p>\n<p><iframe title=\"Da li \u0107e pojeftiniti bra\u0161no i pekarski prizvodi?\" width=\"1170\" height=\"658\" src=\"https:\/\/www.youtube.com\/embed\/nQzjVb_mBUA?feature=oembed\" frameborder=\"0\" allow=\"accelerometer; autoplay; clipboard-write; encrypted-media; gyroscope; picture-in-picture\" allowfullscreen><\/iframe><\/p>\n<p>Za potro\u0161a\u010de je to samo \u201ckap u moru\u201d.<\/p>\n<p>&#8220;Lijepa vijest, ali nismo optimisti da \u0107e to trajati dugo jer, kao \u0161to vidite, ve\u0107 su najavljene promjene cijena elektri\u010dne energije od prvog januara\u201d, upozorava predsjednik Udru\u017eenja potro\u0161a\u010da \u201cZvono\u201d Bijeljina, Jovan Vasili\u0107.<\/p>\n<p>Dok pekari isti\u010du da p\u0161enice ima dovoljno i da ne\u0107e biti poskupljenja pekarskih proizvoda, mlinari nisu optimisti i poru\u010duju da je sve mogu\u0107e.\/BHRT\/<\/p>\n","protected":false},"excerpt":{"rendered":"<p>Stabilizacija cijene p\u0161enice na svjetskom tr\u017ei\u0161tu i jeftinije gorivo odgodili su do daljeg poskupljenje bra\u0161na&hellip;<\/p>\n","protected":false},"author":2,"featured_media":43444,"comment_status":"open","ping_status":"closed","sticky":false,"template":"","format":"standard","meta":{"_acf_changed":false,"footnotes":""},"categories":[291,304],"tags":[5874],"acf":[],"yoast_head":"<!-- This site is optimized with the Yoast SEO plugin v23.5 - https:\/\/yoast.com\/wordpress\/plugins\/seo\/ -->\n<title>Cijene bra\u0161na za sada miruju: Od \u010dega zavisi novo poskupljenje? - TuzlaInfo.ba<\/title>\n<meta name=\"robots\" content=\"index, follow, max-snippet:-1, max-image-preview:large, max-video-preview:-1\" \/>\n<link rel=\"canonical\" href=\"https:\/\/tuzlainfo.ba\/index.php\/bosna-i-hercegovina\/item\/192358-cijene-brasna-za-sada-miruju-od-cega-zavisi-novo-poskupljenje\/\" \/>\n<meta property=\"og:locale\" content=\"bs_BA\" \/>\n<meta property=\"og:type\" content=\"article\" \/>\n<meta property=\"og:title\" content=\"Cijene bra\u0161na za sada miruju: Od \u010dega zavisi novo poskupljenje? - TuzlaInfo.ba\" \/>\n<meta property=\"og:description\" content=\"Stabilizacija cijene p\u0161enice na svjetskom tr\u017ei\u0161tu i jeftinije gorivo odgodili su do daljeg poskupljenje bra\u0161na&hellip;\" \/>\n<meta property=\"og:url\" content=\"https:\/\/tuzlainfo.ba\/index.php\/bosna-i-hercegovina\/item\/192358-cijene-brasna-za-sada-miruju-od-cega-zavisi-novo-poskupljenje\/\" \/>\n<meta property=\"og:site_name\" content=\"TuzlaInfo.ba\" \/>\n<meta property=\"article:publisher\" content=\"https:\/\/www.facebook.com\/tuzlainfo.ba\/\" \/>\n<meta property=\"article:published_time\" content=\"2022-12-17T09:29:41+00:00\" \/>\n<meta property=\"article:modified_time\" content=\"2022-12-17T07:24:49+00:00\" \/>\n<meta property=\"og:image\" content=\"https:\/\/tuzlainfo.ba\/wp-content\/uploads\/2014\/05\/sadrzaj_2014_20140517_1905_brasno.jpg\" \/>\n\t<meta property=\"og:image:width\" content=\"370\" \/>\n\t<meta property=\"og:image:height\" content=\"261\" \/>\n\t<meta property=\"og:image:type\" content=\"image\/jpeg\" \/>\n<meta name=\"author\" content=\"nedim\" \/>\n<meta name=\"twitter:card\" content=\"summary_large_image\" \/>\n<meta name=\"twitter:label1\" content=\"Written by\" \/>\n\t<meta name=\"twitter:data1\" content=\"nedim\" \/>\n\t<meta name=\"twitter:label2\" content=\"Est. reading time\" \/>\n\t<meta name=\"twitter:data2\" content=\"1 minuta\" \/>\n<script type=\"application\/ld+json\" class=\"yoast-schema-graph\">{\"@context\":\"https:\/\/schema.org\",\"@graph\":[{\"@type\":\"Article\",\"@id\":\"https:\/\/tuzlainfo.ba\/index.php\/bosna-i-hercegovina\/item\/192358-cijene-brasna-za-sada-miruju-od-cega-zavisi-novo-poskupljenje\/#article\",\"isPartOf\":{\"@id\":\"https:\/\/tuzlainfo.ba\/index.php\/bosna-i-hercegovina\/item\/192358-cijene-brasna-za-sada-miruju-od-cega-zavisi-novo-poskupljenje\/\"},\"author\":{\"name\":\"nedim\",\"@id\":\"https:\/\/tuzlainfo.ba\/#\/schema\/person\/f434e20dc27ea133923aab08451b7f7f\"},\"headline\":\"Cijene bra\u0161na za sada miruju: Od \u010dega zavisi novo poskupljenje?\",\"datePublished\":\"2022-12-17T09:29:41+00:00\",\"dateModified\":\"2022-12-17T07:24:49+00:00\",\"mainEntityOfPage\":{\"@id\":\"https:\/\/tuzlainfo.ba\/index.php\/bosna-i-hercegovina\/item\/192358-cijene-brasna-za-sada-miruju-od-cega-zavisi-novo-poskupljenje\/\"},\"wordCount\":300,\"commentCount\":0,\"publisher\":{\"@id\":\"https:\/\/tuzlainfo.ba\/#organization\"},\"image\":{\"@id\":\"https:\/\/tuzlainfo.ba\/index.php\/bosna-i-hercegovina\/item\/192358-cijene-brasna-za-sada-miruju-od-cega-zavisi-novo-poskupljenje\/#primaryimage\"},\"thumbnailUrl\":\"https:\/\/tuzlainfo.ba\/wp-content\/uploads\/2014\/05\/sadrzaj_2014_20140517_1905_brasno.jpg\",\"keywords\":[\"cijene bra\u0161na\"],\"articleSection\":[\"Bosna i Hercegovina\",\"Istaknuto\"],\"inLanguage\":\"bs-BA\"},{\"@type\":\"WebPage\",\"@id\":\"https:\/\/tuzlainfo.ba\/index.php\/bosna-i-hercegovina\/item\/192358-cijene-brasna-za-sada-miruju-od-cega-zavisi-novo-poskupljenje\/\",\"url\":\"https:\/\/tuzlainfo.ba\/index.php\/bosna-i-hercegovina\/item\/192358-cijene-brasna-za-sada-miruju-od-cega-zavisi-novo-poskupljenje\/\",\"name\":\"Cijene bra\u0161na za sada miruju: Od \u010dega zavisi novo poskupljenje? - TuzlaInfo.ba\",\"isPartOf\":{\"@id\":\"https:\/\/tuzlainfo.ba\/#website\"},\"primaryImageOfPage\":{\"@id\":\"https:\/\/tuzlainfo.ba\/index.php\/bosna-i-hercegovina\/item\/192358-cijene-brasna-za-sada-miruju-od-cega-zavisi-novo-poskupljenje\/#primaryimage\"},\"image\":{\"@id\":\"https:\/\/tuzlainfo.ba\/index.php\/bosna-i-hercegovina\/item\/192358-cijene-brasna-za-sada-miruju-od-cega-zavisi-novo-poskupljenje\/#primaryimage\"},\"thumbnailUrl\":\"https:\/\/tuzlainfo.ba\/wp-content\/uploads\/2014\/05\/sadrzaj_2014_20140517_1905_brasno.jpg\",\"datePublished\":\"2022-12-17T09:29:41+00:00\",\"dateModified\":\"2022-12-17T07:24:49+00:00\",\"breadcrumb\":{\"@id\":\"https:\/\/tuzlainfo.ba\/index.php\/bosna-i-hercegovina\/item\/192358-cijene-brasna-za-sada-miruju-od-cega-zavisi-novo-poskupljenje\/#breadcrumb\"},\"inLanguage\":\"bs-BA\",\"potentialAction\":[{\"@type\":\"ReadAction\",\"target\":[\"https:\/\/tuzlainfo.ba\/index.php\/bosna-i-hercegovina\/item\/192358-cijene-brasna-za-sada-miruju-od-cega-zavisi-novo-poskupljenje\/\"]}]},{\"@type\":\"ImageObject\",\"inLanguage\":\"bs-BA\",\"@id\":\"https:\/\/tuzlainfo.ba\/index.php\/bosna-i-hercegovina\/item\/192358-cijene-brasna-za-sada-miruju-od-cega-zavisi-novo-poskupljenje\/#primaryimage\",\"url\":\"https:\/\/tuzlainfo.ba\/wp-content\/uploads\/2014\/05\/sadrzaj_2014_20140517_1905_brasno.jpg\",\"contentUrl\":\"https:\/\/tuzlainfo.ba\/wp-content\/uploads\/2014\/05\/sadrzaj_2014_20140517_1905_brasno.jpg\",\"width\":370,\"height\":261,\"caption\":\"1905 brasno\"},{\"@type\":\"BreadcrumbList\",\"@id\":\"https:\/\/tuzlainfo.ba\/index.php\/bosna-i-hercegovina\/item\/192358-cijene-brasna-za-sada-miruju-od-cega-zavisi-novo-poskupljenje\/#breadcrumb\",\"itemListElement\":[{\"@type\":\"ListItem\",\"position\":1,\"name\":\"Home\",\"item\":\"https:\/\/tuzlainfo.ba\/\"},{\"@type\":\"ListItem\",\"position\":2,\"name\":\"Cijene bra\u0161na za sada miruju: Od \u010dega zavisi novo poskupljenje?\"}]},{\"@type\":\"WebSite\",\"@id\":\"https:\/\/tuzlainfo.ba\/#website\",\"url\":\"https:\/\/tuzlainfo.ba\/\",\"name\":\"TuzlaInfo.ba\",\"description\":\"Tuzla info, gradski informator - Tuzla na dlanu\",\"publisher\":{\"@id\":\"https:\/\/tuzlainfo.ba\/#organization\"},\"potentialAction\":[{\"@type\":\"SearchAction\",\"target\":{\"@type\":\"EntryPoint\",\"urlTemplate\":\"https:\/\/tuzlainfo.ba\/?s={search_term_string}\"},\"query-input\":{\"@type\":\"PropertyValueSpecification\",\"valueRequired\":true,\"valueName\":\"search_term_string\"}}],\"inLanguage\":\"bs-BA\"},{\"@type\":\"Organization\",\"@id\":\"https:\/\/tuzlainfo.ba\/#organization\",\"name\":\"TuzlaInfo.ba\",\"url\":\"https:\/\/tuzlainfo.ba\/\",\"logo\":{\"@type\":\"ImageObject\",\"inLanguage\":\"bs-BA\",\"@id\":\"https:\/\/tuzlainfo.ba\/#\/schema\/logo\/image\/\",\"url\":\"https:\/\/tuzlainfo.ba\/wp-content\/uploads\/2021\/03\/logo-ver-3-1.png\",\"contentUrl\":\"https:\/\/tuzlainfo.ba\/wp-content\/uploads\/2021\/03\/logo-ver-3-1.png\",\"width\":350,\"height\":95,\"caption\":\"TuzlaInfo.ba\"},\"image\":{\"@id\":\"https:\/\/tuzlainfo.ba\/#\/schema\/logo\/image\/\"},\"sameAs\":[\"https:\/\/www.facebook.com\/tuzlainfo.ba\/\"]},{\"@type\":\"Person\",\"@id\":\"https:\/\/tuzlainfo.ba\/#\/schema\/person\/f434e20dc27ea133923aab08451b7f7f\",\"name\":\"nedim\",\"image\":{\"@type\":\"ImageObject\",\"inLanguage\":\"bs-BA\",\"@id\":\"https:\/\/tuzlainfo.ba\/#\/schema\/person\/image\/\",\"url\":\"https:\/\/tuzlainfo.ba\/wp-content\/litespeed\/avatar\/aabad687af24844af817603ac1cbdc4f.jpg?ver=1777306975\",\"contentUrl\":\"https:\/\/tuzlainfo.ba\/wp-content\/litespeed\/avatar\/aabad687af24844af817603ac1cbdc4f.jpg?ver=1777306975\",\"caption\":\"nedim\"},\"description\":\"Tuzlainfo.ba pratite na dru\u0161tvenim mre\u017eama: Facebook, Instagram i Youtube. Svoje pri\u010de, upite i fotografije \u0161aljite na na\u0161u e-mail adresu.\"}]}<\/script>\n<!-- \/ Yoast SEO plugin. -->","yoast_head_json":{"title":"Cijene bra\u0161na za sada miruju: Od \u010dega zavisi novo poskupljenje? - TuzlaInfo.ba","robots":{"index":"index","follow":"follow","max-snippet":"max-snippet:-1","max-image-preview":"max-image-preview:large","max-video-preview":"max-video-preview:-1"},"canonical":"https:\/\/tuzlainfo.ba\/index.php\/bosna-i-hercegovina\/item\/192358-cijene-brasna-za-sada-miruju-od-cega-zavisi-novo-poskupljenje\/","og_locale":"bs_BA","og_type":"article","og_title":"Cijene bra\u0161na za sada miruju: Od \u010dega zavisi novo poskupljenje? - TuzlaInfo.ba","og_description":"Stabilizacija cijene p\u0161enice na svjetskom tr\u017ei\u0161tu i jeftinije gorivo odgodili su do daljeg poskupljenje bra\u0161na&hellip;","og_url":"https:\/\/tuzlainfo.ba\/index.php\/bosna-i-hercegovina\/item\/192358-cijene-brasna-za-sada-miruju-od-cega-zavisi-novo-poskupljenje\/","og_site_name":"TuzlaInfo.ba","article_publisher":"https:\/\/www.facebook.com\/tuzlainfo.ba\/","article_published_time":"2022-12-17T09:29:41+00:00","article_modified_time":"2022-12-17T07:24:49+00:00","og_image":[{"width":370,"height":261,"url":"https:\/\/tuzlainfo.ba\/wp-content\/uploads\/2014\/05\/sadrzaj_2014_20140517_1905_brasno.jpg","type":"image\/jpeg"}],"author":"nedim","twitter_card":"summary_large_image","twitter_misc":{"Written by":"nedim","Est. reading time":"1 minuta"},"schema":{"@context":"https:\/\/schema.org","@graph":[{"@type":"Article","@id":"https:\/\/tuzlainfo.ba\/index.php\/bosna-i-hercegovina\/item\/192358-cijene-brasna-za-sada-miruju-od-cega-zavisi-novo-poskupljenje\/#article","isPartOf":{"@id":"https:\/\/tuzlainfo.ba\/index.php\/bosna-i-hercegovina\/item\/192358-cijene-brasna-za-sada-miruju-od-cega-zavisi-novo-poskupljenje\/"},"author":{"name":"nedim","@id":"https:\/\/tuzlainfo.ba\/#\/schema\/person\/f434e20dc27ea133923aab08451b7f7f"},"headline":"Cijene bra\u0161na za sada miruju: Od \u010dega zavisi novo poskupljenje?","datePublished":"2022-12-17T09:29:41+00:00","dateModified":"2022-12-17T07:24:49+00:00","mainEntityOfPage":{"@id":"https:\/\/tuzlainfo.ba\/index.php\/bosna-i-hercegovina\/item\/192358-cijene-brasna-za-sada-miruju-od-cega-zavisi-novo-poskupljenje\/"},"wordCount":300,"commentCount":0,"publisher":{"@id":"https:\/\/tuzlainfo.ba\/#organization"},"image":{"@id":"https:\/\/tuzlainfo.ba\/index.php\/bosna-i-hercegovina\/item\/192358-cijene-brasna-za-sada-miruju-od-cega-zavisi-novo-poskupljenje\/#primaryimage"},"thumbnailUrl":"https:\/\/tuzlainfo.ba\/wp-content\/uploads\/2014\/05\/sadrzaj_2014_20140517_1905_brasno.jpg","keywords":["cijene bra\u0161na"],"articleSection":["Bosna i Hercegovina","Istaknuto"],"inLanguage":"bs-BA"},{"@type":"WebPage","@id":"https:\/\/tuzlainfo.ba\/index.php\/bosna-i-hercegovina\/item\/192358-cijene-brasna-za-sada-miruju-od-cega-zavisi-novo-poskupljenje\/","url":"https:\/\/tuzlainfo.ba\/index.php\/bosna-i-hercegovina\/item\/192358-cijene-brasna-za-sada-miruju-od-cega-zavisi-novo-poskupljenje\/","name":"Cijene bra\u0161na za sada miruju: Od \u010dega zavisi novo poskupljenje? - TuzlaInfo.ba","isPartOf":{"@id":"https:\/\/tuzlainfo.ba\/#website"},"primaryImageOfPage":{"@id":"https:\/\/tuzlainfo.ba\/index.php\/bosna-i-hercegovina\/item\/192358-cijene-brasna-za-sada-miruju-od-cega-zavisi-novo-poskupljenje\/#primaryimage"},"image":{"@id":"https:\/\/tuzlainfo.ba\/index.php\/bosna-i-hercegovina\/item\/192358-cijene-brasna-za-sada-miruju-od-cega-zavisi-novo-poskupljenje\/#primaryimage"},"thumbnailUrl":"https:\/\/tuzlainfo.ba\/wp-content\/uploads\/2014\/05\/sadrzaj_2014_20140517_1905_brasno.jpg","datePublished":"2022-12-17T09:29:41+00:00","dateModified":"2022-12-17T07:24:49+00:00","breadcrumb":{"@id":"https:\/\/tuzlainfo.ba\/index.php\/bosna-i-hercegovina\/item\/192358-cijene-brasna-za-sada-miruju-od-cega-zavisi-novo-poskupljenje\/#breadcrumb"},"inLanguage":"bs-BA","potentialAction":[{"@type":"ReadAction","target":["https:\/\/tuzlainfo.ba\/index.php\/bosna-i-hercegovina\/item\/192358-cijene-brasna-za-sada-miruju-od-cega-zavisi-novo-poskupljenje\/"]}]},{"@type":"ImageObject","inLanguage":"bs-BA","@id":"https:\/\/tuzlainfo.ba\/index.php\/bosna-i-hercegovina\/item\/192358-cijene-brasna-za-sada-miruju-od-cega-zavisi-novo-poskupljenje\/#primaryimage","url":"https:\/\/tuzlainfo.ba\/wp-content\/uploads\/2014\/05\/sadrzaj_2014_20140517_1905_brasno.jpg","contentUrl":"https:\/\/tuzlainfo.ba\/wp-content\/uploads\/2014\/05\/sadrzaj_2014_20140517_1905_brasno.jpg","width":370,"height":261,"caption":"1905 brasno"},{"@type":"BreadcrumbList","@id":"https:\/\/tuzlainfo.ba\/index.php\/bosna-i-hercegovina\/item\/192358-cijene-brasna-za-sada-miruju-od-cega-zavisi-novo-poskupljenje\/#breadcrumb","itemListElement":[{"@type":"ListItem","position":1,"name":"Home","item":"https:\/\/tuzlainfo.ba\/"},{"@type":"ListItem","position":2,"name":"Cijene bra\u0161na za sada miruju: Od \u010dega zavisi novo poskupljenje?"}]},{"@type":"WebSite","@id":"https:\/\/tuzlainfo.ba\/#website","url":"https:\/\/tuzlainfo.ba\/","name":"TuzlaInfo.ba","description":"Tuzla info, gradski informator - Tuzla na dlanu","publisher":{"@id":"https:\/\/tuzlainfo.ba\/#organization"},"potentialAction":[{"@type":"SearchAction","target":{"@type":"EntryPoint","urlTemplate":"https:\/\/tuzlainfo.ba\/?s={search_term_string}"},"query-input":{"@type":"PropertyValueSpecification","valueRequired":true,"valueName":"search_term_string"}}],"inLanguage":"bs-BA"},{"@type":"Organization","@id":"https:\/\/tuzlainfo.ba\/#organization","name":"TuzlaInfo.ba","url":"https:\/\/tuzlainfo.ba\/","logo":{"@type":"ImageObject","inLanguage":"bs-BA","@id":"https:\/\/tuzlainfo.ba\/#\/schema\/logo\/image\/","url":"https:\/\/tuzlainfo.ba\/wp-content\/uploads\/2021\/03\/logo-ver-3-1.png","contentUrl":"https:\/\/tuzlainfo.ba\/wp-content\/uploads\/2021\/03\/logo-ver-3-1.png","width":350,"height":95,"caption":"TuzlaInfo.ba"},"image":{"@id":"https:\/\/tuzlainfo.ba\/#\/schema\/logo\/image\/"},"sameAs":["https:\/\/www.facebook.com\/tuzlainfo.ba\/"]},{"@type":"Person","@id":"https:\/\/tuzlainfo.ba\/#\/schema\/person\/f434e20dc27ea133923aab08451b7f7f","name":"nedim","image":{"@type":"ImageObject","inLanguage":"bs-BA","@id":"https:\/\/tuzlainfo.ba\/#\/schema\/person\/image\/","url":"https:\/\/tuzlainfo.ba\/wp-content\/litespeed\/avatar\/aabad687af24844af817603ac1cbdc4f.jpg?ver=1777306975","contentUrl":"https:\/\/tuzlainfo.ba\/wp-content\/litespeed\/avatar\/aabad687af24844af817603ac1cbdc4f.jpg?ver=1777306975","caption":"nedim"},"description":"Tuzlainfo.ba pratite na dru\u0161tvenim mre\u017eama: Facebook, Instagram i Youtube. Svoje pri\u010de, upite i fotografije \u0161aljite na na\u0161u e-mail adresu."}]}},"_links":{"self":[{"href":"https:\/\/tuzlainfo.ba\/index.php\/wp-json\/wp\/v2\/posts\/192358"}],"collection":[{"href":"https:\/\/tuzlainfo.ba\/index.php\/wp-json\/wp\/v2\/posts"}],"about":[{"href":"https:\/\/tuzlainfo.ba\/index.php\/wp-json\/wp\/v2\/types\/post"}],"author":[{"embeddable":true,"href":"https:\/\/tuzlainfo.ba\/index.php\/wp-json\/wp\/v2\/users\/2"}],"replies":[{"embeddable":true,"href":"https:\/\/tuzlainfo.ba\/index.php\/wp-json\/wp\/v2\/comments?post=192358"}],"version-history":[{"count":0,"href":"https:\/\/tuzlainfo.ba\/index.php\/wp-json\/wp\/v2\/posts\/192358\/revisions"}],"wp:featuredmedia":[{"embeddable":true,"href":"https:\/\/tuzlainfo.ba\/index.php\/wp-json\/wp\/v2\/media\/43444"}],"wp:attachment":[{"href":"https:\/\/tuzlainfo.ba\/index.php\/wp-json\/wp\/v2\/media?parent=192358"}],"wp:term":[{"taxonomy":"category","embeddable":true,"href":"https:\/\/tuzlainfo.ba\/index.php\/wp-json\/wp\/v2\/categories?post=192358"},{"taxonomy":"post_tag","embeddable":true,"href":"https:\/\/tuzlainfo.ba\/index.php\/wp-json\/wp\/v2\/tags?post=192358"}],"curies":[{"name":"wp","href":"https:\/\/api.w.org\/{rel}","templated":true}]}}