{"id":191915,"date":"2022-12-12T12:09:06","date_gmt":"2022-12-12T11:09:06","guid":{"rendered":"https:\/\/tuzlainfo.ba\/?p=191915"},"modified":"2022-12-12T11:15:54","modified_gmt":"2022-12-12T10:15:54","slug":"radovi-na-tusnju-pri-kraju-fudbaleri-zeljno-iscekuju-novu-sezonu","status":"publish","type":"post","link":"https:\/\/tuzlainfo.ba\/index.php\/novosti\/item\/191915-radovi-na-tusnju-pri-kraju-fudbaleri-zeljno-iscekuju-novu-sezonu\/","title":{"rendered":"Radovi na Tu\u0161nju pri kraju, fudbaleri \u017eeljno i\u0161\u010dekuju novu sezonu"},"content":{"rendered":"<p>FK Sloboda objavio je fotografije novog terena koji je postavljen na stadion Tu\u0161anj.<\/p>\n<p>\u201cUskoro se vra\u0107amo u na\u0161 dom\u201d napisali su uz fotografije.<\/p>\n<p><a href=\"http:\/\/iframe%20src=https:\/\/www.facebook.com\/plugins\/post.php?href=https%3A%2F%2Fwww.facebook.com%2FFKSlobodaTuzla%2Fposts%2Fpfbid0BXSVKBBEbuYubGdjWAFt9MbkWGuq4XPd9pxhmvNv6LMCgXKVJMrqhAr7ktaLu7Fdl&amp;show_text=true&amp;width=500%20width=500%20height=671%20style=border:none;overflow:hidden%20scrolling=no%20frameborder=0%20allowfullscreen=true%20allow=autoplay;%20clipboard-write;%20encrypted-media;%20picture-in-picture;%20web-share\/iframe\">http:\/\/<iframe style=\"border: none; overflow: hidden;\" src=\"https:\/\/www.facebook.com\/plugins\/post.php?href=https%3A%2F%2Fwww.facebook.com%2FFKSlobodaTuzla%2Fposts%2Fpfbid0BXSVKBBEbuYubGdjWAFt9MbkWGuq4XPd9pxhmvNv6LMCgXKVJMrqhAr7ktaLu7Fdl&amp;show_text=true&amp;width=500\" width=\"500\" height=\"671\" frameborder=\"0\" scrolling=\"no\" allowfullscreen=\"allowfullscreen\"><\/iframe><\/a><\/p>\n<p>Novi teren Tu\u0161nja dio je rezultata projekta Fudbalskog saveza BiH i lokalnih zajednica, uz podr\u0161ku UEFA-e, koji za cilj ima rekonstrukciju travnjaka svih stadiona Premijer lige BiH.<\/p>\n<p>Iako su radovi trajali du\u017ee nego planirano, novi travnjaci na stadionima Premijer lige donijet \u0107e zna\u010dajno pove\u0107anje kvaliteta fudbala.<\/p>\n","protected":false},"excerpt":{"rendered":"<p>FK Sloboda objavio je fotografije novog terena koji je postavljen na stadion Tu\u0161anj. \u201cUskoro se&hellip;<\/p>\n","protected":false},"author":4,"featured_media":191916,"comment_status":"open","ping_status":"closed","sticky":false,"template":"","format":"standard","meta":{"_acf_changed":false,"footnotes":""},"categories":[304,12],"tags":[940,915,2388],"acf":[],"yoast_head":"<!-- This site is optimized with the Yoast SEO plugin v23.5 - https:\/\/yoast.com\/wordpress\/plugins\/seo\/ -->\n<title>Radovi na Tu\u0161nju pri kraju, fudbaleri \u017eeljno i\u0161\u010dekuju novu sezonu - TuzlaInfo.ba<\/title>\n<meta name=\"robots\" content=\"index, follow, max-snippet:-1, max-image-preview:large, max-video-preview:-1\" \/>\n<link rel=\"canonical\" href=\"https:\/\/tuzlainfo.ba\/index.php\/novosti\/item\/191915-radovi-na-tusnju-pri-kraju-fudbaleri-zeljno-iscekuju-novu-sezonu\/\" \/>\n<meta property=\"og:locale\" content=\"bs_BA\" \/>\n<meta property=\"og:type\" content=\"article\" \/>\n<meta property=\"og:title\" content=\"Radovi na Tu\u0161nju pri kraju, fudbaleri \u017eeljno i\u0161\u010dekuju novu sezonu - TuzlaInfo.ba\" \/>\n<meta property=\"og:description\" content=\"FK Sloboda objavio je fotografije novog terena koji je postavljen na stadion Tu\u0161anj. \u201cUskoro se&hellip;\" \/>\n<meta property=\"og:url\" content=\"https:\/\/tuzlainfo.ba\/index.php\/novosti\/item\/191915-radovi-na-tusnju-pri-kraju-fudbaleri-zeljno-iscekuju-novu-sezonu\/\" \/>\n<meta property=\"og:site_name\" content=\"TuzlaInfo.ba\" \/>\n<meta property=\"article:publisher\" content=\"https:\/\/www.facebook.com\/tuzlainfo.ba\/\" \/>\n<meta property=\"article:published_time\" content=\"2022-12-12T11:09:06+00:00\" \/>\n<meta property=\"article:modified_time\" content=\"2022-12-12T10:15:54+00:00\" \/>\n<meta property=\"og:image\" content=\"https:\/\/tuzlainfo.ba\/wp-content\/uploads\/2022\/12\/stadion-tusanj_novi-travnjak.jpg\" \/>\n\t<meta property=\"og:image:width\" content=\"1284\" \/>\n\t<meta property=\"og:image:height\" content=\"843\" \/>\n\t<meta property=\"og:image:type\" content=\"image\/jpeg\" \/>\n<meta name=\"author\" content=\"Tuzla Info\" \/>\n<meta name=\"twitter:card\" content=\"summary_large_image\" \/>\n<meta name=\"twitter:label1\" content=\"Written by\" \/>\n\t<meta name=\"twitter:data1\" content=\"Tuzla Info\" \/>\n<script type=\"application\/ld+json\" class=\"yoast-schema-graph\">{\"@context\":\"https:\/\/schema.org\",\"@graph\":[{\"@type\":\"Article\",\"@id\":\"https:\/\/tuzlainfo.ba\/index.php\/novosti\/item\/191915-radovi-na-tusnju-pri-kraju-fudbaleri-zeljno-iscekuju-novu-sezonu\/#article\",\"isPartOf\":{\"@id\":\"https:\/\/tuzlainfo.ba\/index.php\/novosti\/item\/191915-radovi-na-tusnju-pri-kraju-fudbaleri-zeljno-iscekuju-novu-sezonu\/\"},\"author\":{\"name\":\"Tuzla Info\",\"@id\":\"https:\/\/tuzlainfo.ba\/#\/schema\/person\/46cad4c57790cbc50781edd14870825a\"},\"headline\":\"Radovi na Tu\u0161nju pri kraju, fudbaleri \u017eeljno i\u0161\u010dekuju novu sezonu\",\"datePublished\":\"2022-12-12T11:09:06+00:00\",\"dateModified\":\"2022-12-12T10:15:54+00:00\",\"mainEntityOfPage\":{\"@id\":\"https:\/\/tuzlainfo.ba\/index.php\/novosti\/item\/191915-radovi-na-tusnju-pri-kraju-fudbaleri-zeljno-iscekuju-novu-sezonu\/\"},\"wordCount\":89,\"commentCount\":0,\"publisher\":{\"@id\":\"https:\/\/tuzlainfo.ba\/#organization\"},\"image\":{\"@id\":\"https:\/\/tuzlainfo.ba\/index.php\/novosti\/item\/191915-radovi-na-tusnju-pri-kraju-fudbaleri-zeljno-iscekuju-novu-sezonu\/#primaryimage\"},\"thumbnailUrl\":\"https:\/\/tuzlainfo.ba\/wp-content\/uploads\/2022\/12\/stadion-tusanj_novi-travnjak.jpg\",\"keywords\":[\"radovi\",\"sport\",\"stadion tu\u0161anj\"],\"articleSection\":[\"Istaknuto\",\"Novosti\"],\"inLanguage\":\"bs-BA\"},{\"@type\":\"WebPage\",\"@id\":\"https:\/\/tuzlainfo.ba\/index.php\/novosti\/item\/191915-radovi-na-tusnju-pri-kraju-fudbaleri-zeljno-iscekuju-novu-sezonu\/\",\"url\":\"https:\/\/tuzlainfo.ba\/index.php\/novosti\/item\/191915-radovi-na-tusnju-pri-kraju-fudbaleri-zeljno-iscekuju-novu-sezonu\/\",\"name\":\"Radovi na Tu\u0161nju pri kraju, fudbaleri \u017eeljno i\u0161\u010dekuju novu sezonu - TuzlaInfo.ba\",\"isPartOf\":{\"@id\":\"https:\/\/tuzlainfo.ba\/#website\"},\"primaryImageOfPage\":{\"@id\":\"https:\/\/tuzlainfo.ba\/index.php\/novosti\/item\/191915-radovi-na-tusnju-pri-kraju-fudbaleri-zeljno-iscekuju-novu-sezonu\/#primaryimage\"},\"image\":{\"@id\":\"https:\/\/tuzlainfo.ba\/index.php\/novosti\/item\/191915-radovi-na-tusnju-pri-kraju-fudbaleri-zeljno-iscekuju-novu-sezonu\/#primaryimage\"},\"thumbnailUrl\":\"https:\/\/tuzlainfo.ba\/wp-content\/uploads\/2022\/12\/stadion-tusanj_novi-travnjak.jpg\",\"datePublished\":\"2022-12-12T11:09:06+00:00\",\"dateModified\":\"2022-12-12T10:15:54+00:00\",\"breadcrumb\":{\"@id\":\"https:\/\/tuzlainfo.ba\/index.php\/novosti\/item\/191915-radovi-na-tusnju-pri-kraju-fudbaleri-zeljno-iscekuju-novu-sezonu\/#breadcrumb\"},\"inLanguage\":\"bs-BA\",\"potentialAction\":[{\"@type\":\"ReadAction\",\"target\":[\"https:\/\/tuzlainfo.ba\/index.php\/novosti\/item\/191915-radovi-na-tusnju-pri-kraju-fudbaleri-zeljno-iscekuju-novu-sezonu\/\"]}]},{\"@type\":\"ImageObject\",\"inLanguage\":\"bs-BA\",\"@id\":\"https:\/\/tuzlainfo.ba\/index.php\/novosti\/item\/191915-radovi-na-tusnju-pri-kraju-fudbaleri-zeljno-iscekuju-novu-sezonu\/#primaryimage\",\"url\":\"https:\/\/tuzlainfo.ba\/wp-content\/uploads\/2022\/12\/stadion-tusanj_novi-travnjak.jpg\",\"contentUrl\":\"https:\/\/tuzlainfo.ba\/wp-content\/uploads\/2022\/12\/stadion-tusanj_novi-travnjak.jpg\",\"width\":1284,\"height\":843},{\"@type\":\"BreadcrumbList\",\"@id\":\"https:\/\/tuzlainfo.ba\/index.php\/novosti\/item\/191915-radovi-na-tusnju-pri-kraju-fudbaleri-zeljno-iscekuju-novu-sezonu\/#breadcrumb\",\"itemListElement\":[{\"@type\":\"ListItem\",\"position\":1,\"name\":\"Home\",\"item\":\"https:\/\/tuzlainfo.ba\/\"},{\"@type\":\"ListItem\",\"position\":2,\"name\":\"Radovi na Tu\u0161nju pri kraju, fudbaleri \u017eeljno i\u0161\u010dekuju novu sezonu\"}]},{\"@type\":\"WebSite\",\"@id\":\"https:\/\/tuzlainfo.ba\/#website\",\"url\":\"https:\/\/tuzlainfo.ba\/\",\"name\":\"TuzlaInfo.ba\",\"description\":\"Tuzla info, gradski informator - Tuzla na dlanu\",\"publisher\":{\"@id\":\"https:\/\/tuzlainfo.ba\/#organization\"},\"potentialAction\":[{\"@type\":\"SearchAction\",\"target\":{\"@type\":\"EntryPoint\",\"urlTemplate\":\"https:\/\/tuzlainfo.ba\/?s={search_term_string}\"},\"query-input\":{\"@type\":\"PropertyValueSpecification\",\"valueRequired\":true,\"valueName\":\"search_term_string\"}}],\"inLanguage\":\"bs-BA\"},{\"@type\":\"Organization\",\"@id\":\"https:\/\/tuzlainfo.ba\/#organization\",\"name\":\"TuzlaInfo.ba\",\"url\":\"https:\/\/tuzlainfo.ba\/\",\"logo\":{\"@type\":\"ImageObject\",\"inLanguage\":\"bs-BA\",\"@id\":\"https:\/\/tuzlainfo.ba\/#\/schema\/logo\/image\/\",\"url\":\"https:\/\/tuzlainfo.ba\/wp-content\/uploads\/2021\/03\/logo-ver-3-1.png\",\"contentUrl\":\"https:\/\/tuzlainfo.ba\/wp-content\/uploads\/2021\/03\/logo-ver-3-1.png\",\"width\":350,\"height\":95,\"caption\":\"TuzlaInfo.ba\"},\"image\":{\"@id\":\"https:\/\/tuzlainfo.ba\/#\/schema\/logo\/image\/\"},\"sameAs\":[\"https:\/\/www.facebook.com\/tuzlainfo.ba\/\"]},{\"@type\":\"Person\",\"@id\":\"https:\/\/tuzlainfo.ba\/#\/schema\/person\/46cad4c57790cbc50781edd14870825a\",\"name\":\"Tuzla Info\",\"image\":{\"@type\":\"ImageObject\",\"inLanguage\":\"bs-BA\",\"@id\":\"https:\/\/tuzlainfo.ba\/#\/schema\/person\/image\/\",\"url\":\"https:\/\/tuzlainfo.ba\/wp-content\/litespeed\/avatar\/b6c453a6c38e3654f2e4416c643fc25c.jpg?ver=1777051911\",\"contentUrl\":\"https:\/\/tuzlainfo.ba\/wp-content\/litespeed\/avatar\/b6c453a6c38e3654f2e4416c643fc25c.jpg?ver=1777051911\",\"caption\":\"Tuzla Info\"}}]}<\/script>\n<!-- \/ Yoast SEO plugin. -->","yoast_head_json":{"title":"Radovi na Tu\u0161nju pri kraju, fudbaleri \u017eeljno i\u0161\u010dekuju novu sezonu - TuzlaInfo.ba","robots":{"index":"index","follow":"follow","max-snippet":"max-snippet:-1","max-image-preview":"max-image-preview:large","max-video-preview":"max-video-preview:-1"},"canonical":"https:\/\/tuzlainfo.ba\/index.php\/novosti\/item\/191915-radovi-na-tusnju-pri-kraju-fudbaleri-zeljno-iscekuju-novu-sezonu\/","og_locale":"bs_BA","og_type":"article","og_title":"Radovi na Tu\u0161nju pri kraju, fudbaleri \u017eeljno i\u0161\u010dekuju novu sezonu - TuzlaInfo.ba","og_description":"FK Sloboda objavio je fotografije novog terena koji je postavljen na stadion Tu\u0161anj. \u201cUskoro se&hellip;","og_url":"https:\/\/tuzlainfo.ba\/index.php\/novosti\/item\/191915-radovi-na-tusnju-pri-kraju-fudbaleri-zeljno-iscekuju-novu-sezonu\/","og_site_name":"TuzlaInfo.ba","article_publisher":"https:\/\/www.facebook.com\/tuzlainfo.ba\/","article_published_time":"2022-12-12T11:09:06+00:00","article_modified_time":"2022-12-12T10:15:54+00:00","og_image":[{"width":1284,"height":843,"url":"https:\/\/tuzlainfo.ba\/wp-content\/uploads\/2022\/12\/stadion-tusanj_novi-travnjak.jpg","type":"image\/jpeg"}],"author":"Tuzla Info","twitter_card":"summary_large_image","twitter_misc":{"Written by":"Tuzla Info"},"schema":{"@context":"https:\/\/schema.org","@graph":[{"@type":"Article","@id":"https:\/\/tuzlainfo.ba\/index.php\/novosti\/item\/191915-radovi-na-tusnju-pri-kraju-fudbaleri-zeljno-iscekuju-novu-sezonu\/#article","isPartOf":{"@id":"https:\/\/tuzlainfo.ba\/index.php\/novosti\/item\/191915-radovi-na-tusnju-pri-kraju-fudbaleri-zeljno-iscekuju-novu-sezonu\/"},"author":{"name":"Tuzla Info","@id":"https:\/\/tuzlainfo.ba\/#\/schema\/person\/46cad4c57790cbc50781edd14870825a"},"headline":"Radovi na Tu\u0161nju pri kraju, fudbaleri \u017eeljno i\u0161\u010dekuju novu sezonu","datePublished":"2022-12-12T11:09:06+00:00","dateModified":"2022-12-12T10:15:54+00:00","mainEntityOfPage":{"@id":"https:\/\/tuzlainfo.ba\/index.php\/novosti\/item\/191915-radovi-na-tusnju-pri-kraju-fudbaleri-zeljno-iscekuju-novu-sezonu\/"},"wordCount":89,"commentCount":0,"publisher":{"@id":"https:\/\/tuzlainfo.ba\/#organization"},"image":{"@id":"https:\/\/tuzlainfo.ba\/index.php\/novosti\/item\/191915-radovi-na-tusnju-pri-kraju-fudbaleri-zeljno-iscekuju-novu-sezonu\/#primaryimage"},"thumbnailUrl":"https:\/\/tuzlainfo.ba\/wp-content\/uploads\/2022\/12\/stadion-tusanj_novi-travnjak.jpg","keywords":["radovi","sport","stadion tu\u0161anj"],"articleSection":["Istaknuto","Novosti"],"inLanguage":"bs-BA"},{"@type":"WebPage","@id":"https:\/\/tuzlainfo.ba\/index.php\/novosti\/item\/191915-radovi-na-tusnju-pri-kraju-fudbaleri-zeljno-iscekuju-novu-sezonu\/","url":"https:\/\/tuzlainfo.ba\/index.php\/novosti\/item\/191915-radovi-na-tusnju-pri-kraju-fudbaleri-zeljno-iscekuju-novu-sezonu\/","name":"Radovi na Tu\u0161nju pri kraju, fudbaleri \u017eeljno i\u0161\u010dekuju novu sezonu - TuzlaInfo.ba","isPartOf":{"@id":"https:\/\/tuzlainfo.ba\/#website"},"primaryImageOfPage":{"@id":"https:\/\/tuzlainfo.ba\/index.php\/novosti\/item\/191915-radovi-na-tusnju-pri-kraju-fudbaleri-zeljno-iscekuju-novu-sezonu\/#primaryimage"},"image":{"@id":"https:\/\/tuzlainfo.ba\/index.php\/novosti\/item\/191915-radovi-na-tusnju-pri-kraju-fudbaleri-zeljno-iscekuju-novu-sezonu\/#primaryimage"},"thumbnailUrl":"https:\/\/tuzlainfo.ba\/wp-content\/uploads\/2022\/12\/stadion-tusanj_novi-travnjak.jpg","datePublished":"2022-12-12T11:09:06+00:00","dateModified":"2022-12-12T10:15:54+00:00","breadcrumb":{"@id":"https:\/\/tuzlainfo.ba\/index.php\/novosti\/item\/191915-radovi-na-tusnju-pri-kraju-fudbaleri-zeljno-iscekuju-novu-sezonu\/#breadcrumb"},"inLanguage":"bs-BA","potentialAction":[{"@type":"ReadAction","target":["https:\/\/tuzlainfo.ba\/index.php\/novosti\/item\/191915-radovi-na-tusnju-pri-kraju-fudbaleri-zeljno-iscekuju-novu-sezonu\/"]}]},{"@type":"ImageObject","inLanguage":"bs-BA","@id":"https:\/\/tuzlainfo.ba\/index.php\/novosti\/item\/191915-radovi-na-tusnju-pri-kraju-fudbaleri-zeljno-iscekuju-novu-sezonu\/#primaryimage","url":"https:\/\/tuzlainfo.ba\/wp-content\/uploads\/2022\/12\/stadion-tusanj_novi-travnjak.jpg","contentUrl":"https:\/\/tuzlainfo.ba\/wp-content\/uploads\/2022\/12\/stadion-tusanj_novi-travnjak.jpg","width":1284,"height":843},{"@type":"BreadcrumbList","@id":"https:\/\/tuzlainfo.ba\/index.php\/novosti\/item\/191915-radovi-na-tusnju-pri-kraju-fudbaleri-zeljno-iscekuju-novu-sezonu\/#breadcrumb","itemListElement":[{"@type":"ListItem","position":1,"name":"Home","item":"https:\/\/tuzlainfo.ba\/"},{"@type":"ListItem","position":2,"name":"Radovi na Tu\u0161nju pri kraju, fudbaleri \u017eeljno i\u0161\u010dekuju novu sezonu"}]},{"@type":"WebSite","@id":"https:\/\/tuzlainfo.ba\/#website","url":"https:\/\/tuzlainfo.ba\/","name":"TuzlaInfo.ba","description":"Tuzla info, gradski informator - Tuzla na dlanu","publisher":{"@id":"https:\/\/tuzlainfo.ba\/#organization"},"potentialAction":[{"@type":"SearchAction","target":{"@type":"EntryPoint","urlTemplate":"https:\/\/tuzlainfo.ba\/?s={search_term_string}"},"query-input":{"@type":"PropertyValueSpecification","valueRequired":true,"valueName":"search_term_string"}}],"inLanguage":"bs-BA"},{"@type":"Organization","@id":"https:\/\/tuzlainfo.ba\/#organization","name":"TuzlaInfo.ba","url":"https:\/\/tuzlainfo.ba\/","logo":{"@type":"ImageObject","inLanguage":"bs-BA","@id":"https:\/\/tuzlainfo.ba\/#\/schema\/logo\/image\/","url":"https:\/\/tuzlainfo.ba\/wp-content\/uploads\/2021\/03\/logo-ver-3-1.png","contentUrl":"https:\/\/tuzlainfo.ba\/wp-content\/uploads\/2021\/03\/logo-ver-3-1.png","width":350,"height":95,"caption":"TuzlaInfo.ba"},"image":{"@id":"https:\/\/tuzlainfo.ba\/#\/schema\/logo\/image\/"},"sameAs":["https:\/\/www.facebook.com\/tuzlainfo.ba\/"]},{"@type":"Person","@id":"https:\/\/tuzlainfo.ba\/#\/schema\/person\/46cad4c57790cbc50781edd14870825a","name":"Tuzla Info","image":{"@type":"ImageObject","inLanguage":"bs-BA","@id":"https:\/\/tuzlainfo.ba\/#\/schema\/person\/image\/","url":"https:\/\/tuzlainfo.ba\/wp-content\/litespeed\/avatar\/b6c453a6c38e3654f2e4416c643fc25c.jpg?ver=1777051911","contentUrl":"https:\/\/tuzlainfo.ba\/wp-content\/litespeed\/avatar\/b6c453a6c38e3654f2e4416c643fc25c.jpg?ver=1777051911","caption":"Tuzla Info"}}]}},"_links":{"self":[{"href":"https:\/\/tuzlainfo.ba\/index.php\/wp-json\/wp\/v2\/posts\/191915"}],"collection":[{"href":"https:\/\/tuzlainfo.ba\/index.php\/wp-json\/wp\/v2\/posts"}],"about":[{"href":"https:\/\/tuzlainfo.ba\/index.php\/wp-json\/wp\/v2\/types\/post"}],"author":[{"embeddable":true,"href":"https:\/\/tuzlainfo.ba\/index.php\/wp-json\/wp\/v2\/users\/4"}],"replies":[{"embeddable":true,"href":"https:\/\/tuzlainfo.ba\/index.php\/wp-json\/wp\/v2\/comments?post=191915"}],"version-history":[{"count":0,"href":"https:\/\/tuzlainfo.ba\/index.php\/wp-json\/wp\/v2\/posts\/191915\/revisions"}],"wp:featuredmedia":[{"embeddable":true,"href":"https:\/\/tuzlainfo.ba\/index.php\/wp-json\/wp\/v2\/media\/191916"}],"wp:attachment":[{"href":"https:\/\/tuzlainfo.ba\/index.php\/wp-json\/wp\/v2\/media?parent=191915"}],"wp:term":[{"taxonomy":"category","embeddable":true,"href":"https:\/\/tuzlainfo.ba\/index.php\/wp-json\/wp\/v2\/categories?post=191915"},{"taxonomy":"post_tag","embeddable":true,"href":"https:\/\/tuzlainfo.ba\/index.php\/wp-json\/wp\/v2\/tags?post=191915"}],"curies":[{"name":"wp","href":"https:\/\/api.w.org\/{rel}","templated":true}]}}