{"id":191842,"date":"2022-12-11T15:00:58","date_gmt":"2022-12-11T14:00:58","guid":{"rendered":"https:\/\/tuzlainfo.ba\/?p=191842"},"modified":"2022-12-11T12:56:19","modified_gmt":"2022-12-11T11:56:19","slug":"tuzla-odrzana-6-smotra-najboljih-mladih-sahista-iz-tuzlanskog-kantona","status":"publish","type":"post","link":"https:\/\/tuzlainfo.ba\/index.php\/novosti\/item\/191842-tuzla-odrzana-6-smotra-najboljih-mladih-sahista-iz-tuzlanskog-kantona\/","title":{"rendered":"Tuzla: Odr\u017eana 6. smotra najboljih mladih \u0161ahista iz Tuzlanskog kantona"},"content":{"rendered":"<p style=\"font-weight: 400;\">\u0160ahovski turnir mladih zaljubljenika u \u0161ah, u\u010denika osnovnih \u0161kola iz Tuzlanskog kantona, \u0161estu godinu zaredom odr\u017ean je ovog vikenda u organizaciji Richmond Park Me\u0111unarodne \u0161kole Tuzla i Tuzlanskog \u0161ahovskog kluba \u201cSloboda\u201c.<\/p>\n<p style=\"font-weight: 400;\">Turnir, koji sada ve\u0107 postaje tradicionalni, iz godine u godinu okuplja sve ve\u0107i broj u\u010desnika. Tako je ove godine na ovom presti\u017enom takmi\u010denju nastupilo preko 160 u\u010denica i u\u010denika od 1. do 9. razreda osnovnih \u0161kola, kao i u\u010denici srednjih \u0161kola sa podru\u010dja Tuzlanskog kantona.<\/p>\n<p style=\"font-weight: 400;\">Ovogodi\u0161nja tuzlanska \u0161ahovska smotra mladih \u0161ahista odr\u017eana je pod nazivom &#8221;BIJADER ATI\u0106 \u2013 \u0160AHOVSKA LEGENDA TUZLE&#8221;.<\/p>\n<p style=\"font-weight: 400;\">Poslije prigodnog obra\u0107anja predstavnika Tuzlanskog \u0161ahovskog kluba, Adnana Karahmetovi\u0107a i Sadmira Deli\u0107a direktora Richmond Park Me\u0111unarodne \u0161kole Tuzla turnir je sve\u010dano otvorio Izen Hajdarevi\u0107 zastupnik u Skup\u0161tini Tuzlanskog kantona.<\/p>\n<p style=\"font-weight: 400;\">Deli\u0107 je ovom prilikom naglasio: &#8221;\u0160ah je plemeniti sport koji ima zna\u010dajno mjesto u vannastavnim aktivnostima u\u010denika Richmond Park Me\u0111unarodne \u0161kole Tuzla jer poti\u010de razvoj mozga, pove\u0107ava IQ, poti\u010de kreativnost, pobolj\u0161ava vje\u0161tine \u010ditanja i unapre\u0111uje sposobnost pam\u0107enja&#8221;.<\/p>\n<p style=\"font-weight: 400;\">Nakon iscrpljuju\u0107ih i zanimljivih partija \u0161aha, najuspje\u0161nijim mladim \u0161ahistima dodjeljene su medalje i diplome, koje je uru\u010dila Nermina Babaji\u0107, direktorica JP &#8221;Centralno grijanje&#8221; d.d. Tuzla, prijatelja turnira.<\/p>\n<p style=\"font-weight: 400;\"><strong>Rezultati:<\/strong><\/p>\n<p style=\"font-weight: 400;\"><strong>OSNOVNA \u0160KOLA<\/strong><\/p>\n<ol>\n<li style=\"font-weight: 400;\"><strong> razredi (djevoj\u010dice)<\/strong><\/li>\n<\/ol>\n<p style=\"font-weight: 400;\">Amila Babi\u0107 (zlatna medalja)<\/p>\n<ol>\n<li style=\"font-weight: 400;\"><strong> razredi (dje\u010daci)<\/strong><\/li>\n<\/ol>\n<p style=\"font-weight: 400;\">Irfan Bajramovi\u0107 (zlatna medalja)<\/p>\n<p style=\"font-weight: 400;\">Vedad Latifagi\u0107 (srebrna medalja)<\/p>\n<p style=\"font-weight: 400;\">Hamza \u010camdzi\u0107 (bronzana medalja)<\/p>\n<ol start=\"2\">\n<li style=\"font-weight: 400;\"><strong> razredi (djevoj\u010dice)<\/strong><\/li>\n<\/ol>\n<p style=\"font-weight: 400;\">Amina Karahmetovi\u0107 (zlatna medalja)<\/p>\n<p style=\"font-weight: 400;\">Anja Markovi\u0107 (srebrna medalja)<\/p>\n<ol start=\"2\">\n<li style=\"font-weight: 400;\"><strong> razredi (dje\u010daci)<\/strong><\/li>\n<\/ol>\n<p style=\"font-weight: 400;\">Edi Husanovi\u0107 (zlatna medalja)<\/p>\n<p style=\"font-weight: 400;\">Viktor Memi\u0161evi\u0107 (srebrna medalja)<\/p>\n<p style=\"font-weight: 400;\">Muhamed Omazi\u0107 (bronzana medalja)<\/p>\n<ol start=\"3\">\n<li style=\"font-weight: 400;\"><strong> razredi (djevoj\u010dice)<\/strong><\/li>\n<\/ol>\n<p style=\"font-weight: 400;\">Emira Mujki\u0107 (zlatna medalja)<\/p>\n<ol start=\"3\">\n<li style=\"font-weight: 400;\"><strong> razredi (dje\u010daci)<\/strong><\/li>\n<\/ol>\n<p style=\"font-weight: 400;\">Muhamed Mujki\u0107 (zlatna medalja)<\/p>\n<p style=\"font-weight: 400;\">Bakir Pa\u0161i\u0107 (srebrna medalja)<\/p>\n<p style=\"font-weight: 400;\">Selim Hajdarevi\u0107 (bronzana medalja)<\/p>\n<ol start=\"4\">\n<li style=\"font-weight: 400;\"><strong> razredi (djevoj\u010dice)<\/strong><\/li>\n<\/ol>\n<p style=\"font-weight: 400;\">Merima Konji\u0107 (zlatna medalja)<\/p>\n<p style=\"font-weight: 400;\">Merjem Dzafi\u0107 (srebrna medalja)<\/p>\n<p style=\"font-weight: 400;\">Ema Jahi\u0107 (bronzana medalja)<\/p>\n<ol start=\"4\">\n<li style=\"font-weight: 400;\"><strong> razredi (dje\u010daci)<\/strong><\/li>\n<\/ol>\n<p style=\"font-weight: 400;\">Eldin Babi\u0107 (zlatna medalja)<\/p>\n<p style=\"font-weight: 400;\">Adis Tahirovi\u0107 (srebrna medalja)<\/p>\n<p style=\"font-weight: 400;\">E\u0161ef Mujki\u0107 (bronzana medalja)<\/p>\n<ol start=\"5\">\n<li style=\"font-weight: 400;\"><strong> razredi (djevoj\u010dice)<\/strong><\/li>\n<\/ol>\n<p style=\"font-weight: 400;\">Sabina Skeladzi\u0107 (zlatna medalja)<\/p>\n<p style=\"font-weight: 400;\">Leila Randall (srebrna medalja)<\/p>\n<p style=\"font-weight: 400;\">Lejla Omera\u0161evi\u0107 (bronzana medalja)<\/p>\n<ol start=\"5\">\n<li style=\"font-weight: 400;\"><strong> razredi (dje\u010daci)<\/strong><\/li>\n<\/ol>\n<p style=\"font-weight: 400;\">Emin Osmanhodzi\u0107 (zlatna medalja)<\/p>\n<p style=\"font-weight: 400;\">Vedad Susi\u0107 (srebrna medalja)<\/p>\n<p style=\"font-weight: 400;\">Emir \u0160i\u0161i\u0107 (bronzana medalja)<\/p>\n<ol start=\"6\">\n<li style=\"font-weight: 400;\"><strong> razredi (djevoj\u010dice)<\/strong><\/li>\n<\/ol>\n<p style=\"font-weight: 400;\">Amina Dzambo (zlatna medalja)<\/p>\n<ol start=\"6\">\n<li style=\"font-weight: 400;\"><strong> razredi (dje\u010daci)<\/strong><\/li>\n<\/ol>\n<p style=\"font-weight: 400;\">Adin Mandzuka (zlatna medalja)<\/p>\n<p style=\"font-weight: 400;\">Damir Spre\u010di\u0107 Muratovi\u0107 (srebrna medalja)<\/p>\n<p style=\"font-weight: 400;\">Denis Kelava (bronzana medalja)<\/p>\n<ol start=\"7\">\n<li style=\"font-weight: 400;\"><strong> razredi (djevoj\u010dice)<\/strong><\/li>\n<\/ol>\n<p style=\"font-weight: 400;\">Ema \u0110onli\u0107 (zlatna medalja)<\/p>\n<ol start=\"7\">\n<li style=\"font-weight: 400;\"><strong> razredi (dje\u010daci)<\/strong><\/li>\n<\/ol>\n<p style=\"font-weight: 400;\">Ado Me\u0161i\u0107 (zlatna medalja)<\/p>\n<p style=\"font-weight: 400;\">Omer Jahi\u0107 (srebrna medalja)<\/p>\n<p style=\"font-weight: 400;\">Benjamin Sejdanovi\u0107 (bronzana medalja)<\/p>\n<ol start=\"8\">\n<li style=\"font-weight: 400;\"><strong> razredi (djevoj\u010dice)<\/strong><\/li>\n<\/ol>\n<p style=\"font-weight: 400;\">Leti\u0107 Anela (zlatna medalja)<\/p>\n<p style=\"font-weight: 400;\">Lamija Demirovi\u0107 (srebrna medalja)<\/p>\n<p style=\"font-weight: 400;\">\u0160ejla Smajlovi\u0107 (bronzana medalja)<\/p>\n<ol start=\"8\">\n<li style=\"font-weight: 400;\"><strong> razredi (dje\u010daci)<\/strong><\/li>\n<\/ol>\n<p style=\"font-weight: 400;\">Bekim Osmanhodzi\u0107 (zlatna medalja)<\/p>\n<p style=\"font-weight: 400;\">Sanjin Dzebi\u0107 (srebrna medalja)<\/p>\n<p style=\"font-weight: 400;\">Imran Babaji\u0107 (bronzana medalja)<\/p>\n<ol start=\"9\">\n<li style=\"font-weight: 400;\"><strong> razredi (djevoj\u010dice)<\/strong><\/li>\n<\/ol>\n<p style=\"font-weight: 400;\">Nejra Be\u0161irovi\u0107 (zlatna medalja)<\/p>\n<p style=\"font-weight: 400;\">Emina Imamovi\u0107 (srebrna medalja)<\/p>\n<p style=\"font-weight: 400;\">Sara Sinanovi\u0107\u00a0(bronzana medalja)<\/p>\n<ol start=\"9\">\n<li style=\"font-weight: 400;\"><strong> razredi (dje\u010daci)<\/strong><\/li>\n<\/ol>\n<p style=\"font-weight: 400;\">Sanjin \u010culum\u00a0(zlatna medalja)<\/p>\n<p style=\"font-weight: 400;\">Muhamed \u0160i\u0161i\u0107 (srebrna medalja)<\/p>\n<p style=\"font-weight: 400;\">Ermin Avdiba\u0161i\u0107 (bronzana medalja)<\/p>\n<p style=\"font-weight: 400;\"><strong>SREDNJA \u0160KOLA:<\/strong><\/p>\n<p style=\"font-weight: 400;\"><strong>Dje\u010daci:<\/strong><\/p>\n<p style=\"font-weight: 400;\">Ismet Me\u0161i\u0107\u00a0(zlatna medalja)<\/p>\n<p style=\"font-weight: 400;\">Ivan Tunji\u0107 (srebrna medalja)<\/p>\n<p style=\"font-weight: 400;\">Amer Babi\u0107 (bronzana medalja)<\/p>\n<p style=\"font-weight: 400;\"><strong>Djevoj\u010dice:<\/strong><\/p>\n<p style=\"font-weight: 400;\">Ehlimana Babaji\u0107 (zlatna medalja)<\/p>\n<p style=\"font-weight: 400;\">Selma Leti\u0107 (srebrna medalja)<\/p>\n<p style=\"font-weight: 400;\">Regularnost turnira su pratili Rusmir Ja\u0161arevi\u0107, profesor u Ricmond Park Me\u0111unarodnoj \u0161koli Tuzla, zajedno sa glavnim sudijom Ramizom Avdi\u0107em i njegovim pomo\u0107nicima Mirzom Avdi\u0107em i Jusufom Malki\u0107em, koji su tako\u0111e dobili odli\u010dnu ocjenu.<\/p>\n","protected":false},"excerpt":{"rendered":"<p>\u0160ahovski turnir mladih zaljubljenika u \u0161ah, u\u010denika osnovnih \u0161kola iz Tuzlanskog kantona, \u0161estu godinu zaredom&hellip;<\/p>\n","protected":false},"author":2,"featured_media":191843,"comment_status":"open","ping_status":"closed","sticky":false,"template":"","format":"standard","meta":{"_acf_changed":false,"footnotes":""},"categories":[304,12],"tags":[1312,3839,5826],"acf":[],"yoast_head":"<!-- This site is optimized with the Yoast SEO plugin v23.5 - https:\/\/yoast.com\/wordpress\/plugins\/seo\/ -->\n<title>Tuzla: Odr\u017eana 6. smotra najboljih mladih \u0161ahista iz Tuzlanskog kantona - TuzlaInfo.ba<\/title>\n<meta name=\"robots\" content=\"index, follow, max-snippet:-1, max-image-preview:large, max-video-preview:-1\" \/>\n<link rel=\"canonical\" href=\"https:\/\/tuzlainfo.ba\/index.php\/novosti\/item\/191842-tuzla-odrzana-6-smotra-najboljih-mladih-sahista-iz-tuzlanskog-kantona\/\" \/>\n<meta property=\"og:locale\" content=\"bs_BA\" \/>\n<meta property=\"og:type\" content=\"article\" \/>\n<meta property=\"og:title\" content=\"Tuzla: Odr\u017eana 6. smotra najboljih mladih \u0161ahista iz Tuzlanskog kantona - TuzlaInfo.ba\" \/>\n<meta property=\"og:description\" content=\"\u0160ahovski turnir mladih zaljubljenika u \u0161ah, u\u010denika osnovnih \u0161kola iz Tuzlanskog kantona, \u0161estu godinu zaredom&hellip;\" \/>\n<meta property=\"og:url\" content=\"https:\/\/tuzlainfo.ba\/index.php\/novosti\/item\/191842-tuzla-odrzana-6-smotra-najboljih-mladih-sahista-iz-tuzlanskog-kantona\/\" \/>\n<meta property=\"og:site_name\" content=\"TuzlaInfo.ba\" \/>\n<meta property=\"article:publisher\" content=\"https:\/\/www.facebook.com\/tuzlainfo.ba\/\" \/>\n<meta property=\"article:published_time\" content=\"2022-12-11T14:00:58+00:00\" \/>\n<meta property=\"article:modified_time\" content=\"2022-12-11T11:56:19+00:00\" \/>\n<meta property=\"og:image\" content=\"https:\/\/tuzlainfo.ba\/wp-content\/uploads\/2022\/12\/1112_sah.jpg\" \/>\n\t<meta property=\"og:image:width\" content=\"800\" \/>\n\t<meta property=\"og:image:height\" content=\"449\" \/>\n\t<meta property=\"og:image:type\" content=\"image\/jpeg\" \/>\n<meta name=\"author\" content=\"nedim\" \/>\n<meta name=\"twitter:card\" content=\"summary_large_image\" \/>\n<meta name=\"twitter:label1\" content=\"Written by\" \/>\n\t<meta name=\"twitter:data1\" content=\"nedim\" \/>\n\t<meta name=\"twitter:label2\" content=\"Est. reading time\" \/>\n\t<meta name=\"twitter:data2\" content=\"3 minute\" \/>\n<script type=\"application\/ld+json\" class=\"yoast-schema-graph\">{\"@context\":\"https:\/\/schema.org\",\"@graph\":[{\"@type\":\"Article\",\"@id\":\"https:\/\/tuzlainfo.ba\/index.php\/novosti\/item\/191842-tuzla-odrzana-6-smotra-najboljih-mladih-sahista-iz-tuzlanskog-kantona\/#article\",\"isPartOf\":{\"@id\":\"https:\/\/tuzlainfo.ba\/index.php\/novosti\/item\/191842-tuzla-odrzana-6-smotra-najboljih-mladih-sahista-iz-tuzlanskog-kantona\/\"},\"author\":{\"name\":\"nedim\",\"@id\":\"https:\/\/tuzlainfo.ba\/#\/schema\/person\/f434e20dc27ea133923aab08451b7f7f\"},\"headline\":\"Tuzla: Odr\u017eana 6. smotra najboljih mladih \u0161ahista iz Tuzlanskog kantona\",\"datePublished\":\"2022-12-11T14:00:58+00:00\",\"dateModified\":\"2022-12-11T11:56:19+00:00\",\"mainEntityOfPage\":{\"@id\":\"https:\/\/tuzlainfo.ba\/index.php\/novosti\/item\/191842-tuzla-odrzana-6-smotra-najboljih-mladih-sahista-iz-tuzlanskog-kantona\/\"},\"wordCount\":540,\"commentCount\":0,\"publisher\":{\"@id\":\"https:\/\/tuzlainfo.ba\/#organization\"},\"image\":{\"@id\":\"https:\/\/tuzlainfo.ba\/index.php\/novosti\/item\/191842-tuzla-odrzana-6-smotra-najboljih-mladih-sahista-iz-tuzlanskog-kantona\/#primaryimage\"},\"thumbnailUrl\":\"https:\/\/tuzlainfo.ba\/wp-content\/uploads\/2022\/12\/1112_sah.jpg\",\"keywords\":[\"Richmond Park International School\",\"\u0160ah\",\"\u0161kolsko takmi\u010denje u \u0161ahu\"],\"articleSection\":[\"Istaknuto\",\"Novosti\"],\"inLanguage\":\"bs-BA\"},{\"@type\":\"WebPage\",\"@id\":\"https:\/\/tuzlainfo.ba\/index.php\/novosti\/item\/191842-tuzla-odrzana-6-smotra-najboljih-mladih-sahista-iz-tuzlanskog-kantona\/\",\"url\":\"https:\/\/tuzlainfo.ba\/index.php\/novosti\/item\/191842-tuzla-odrzana-6-smotra-najboljih-mladih-sahista-iz-tuzlanskog-kantona\/\",\"name\":\"Tuzla: Odr\u017eana 6. smotra najboljih mladih \u0161ahista iz Tuzlanskog kantona - TuzlaInfo.ba\",\"isPartOf\":{\"@id\":\"https:\/\/tuzlainfo.ba\/#website\"},\"primaryImageOfPage\":{\"@id\":\"https:\/\/tuzlainfo.ba\/index.php\/novosti\/item\/191842-tuzla-odrzana-6-smotra-najboljih-mladih-sahista-iz-tuzlanskog-kantona\/#primaryimage\"},\"image\":{\"@id\":\"https:\/\/tuzlainfo.ba\/index.php\/novosti\/item\/191842-tuzla-odrzana-6-smotra-najboljih-mladih-sahista-iz-tuzlanskog-kantona\/#primaryimage\"},\"thumbnailUrl\":\"https:\/\/tuzlainfo.ba\/wp-content\/uploads\/2022\/12\/1112_sah.jpg\",\"datePublished\":\"2022-12-11T14:00:58+00:00\",\"dateModified\":\"2022-12-11T11:56:19+00:00\",\"breadcrumb\":{\"@id\":\"https:\/\/tuzlainfo.ba\/index.php\/novosti\/item\/191842-tuzla-odrzana-6-smotra-najboljih-mladih-sahista-iz-tuzlanskog-kantona\/#breadcrumb\"},\"inLanguage\":\"bs-BA\",\"potentialAction\":[{\"@type\":\"ReadAction\",\"target\":[\"https:\/\/tuzlainfo.ba\/index.php\/novosti\/item\/191842-tuzla-odrzana-6-smotra-najboljih-mladih-sahista-iz-tuzlanskog-kantona\/\"]}]},{\"@type\":\"ImageObject\",\"inLanguage\":\"bs-BA\",\"@id\":\"https:\/\/tuzlainfo.ba\/index.php\/novosti\/item\/191842-tuzla-odrzana-6-smotra-najboljih-mladih-sahista-iz-tuzlanskog-kantona\/#primaryimage\",\"url\":\"https:\/\/tuzlainfo.ba\/wp-content\/uploads\/2022\/12\/1112_sah.jpg\",\"contentUrl\":\"https:\/\/tuzlainfo.ba\/wp-content\/uploads\/2022\/12\/1112_sah.jpg\",\"width\":800,\"height\":449},{\"@type\":\"BreadcrumbList\",\"@id\":\"https:\/\/tuzlainfo.ba\/index.php\/novosti\/item\/191842-tuzla-odrzana-6-smotra-najboljih-mladih-sahista-iz-tuzlanskog-kantona\/#breadcrumb\",\"itemListElement\":[{\"@type\":\"ListItem\",\"position\":1,\"name\":\"Home\",\"item\":\"https:\/\/tuzlainfo.ba\/\"},{\"@type\":\"ListItem\",\"position\":2,\"name\":\"Tuzla: Odr\u017eana 6. smotra najboljih mladih \u0161ahista iz Tuzlanskog kantona\"}]},{\"@type\":\"WebSite\",\"@id\":\"https:\/\/tuzlainfo.ba\/#website\",\"url\":\"https:\/\/tuzlainfo.ba\/\",\"name\":\"TuzlaInfo.ba\",\"description\":\"Tuzla info, gradski informator - Tuzla na dlanu\",\"publisher\":{\"@id\":\"https:\/\/tuzlainfo.ba\/#organization\"},\"potentialAction\":[{\"@type\":\"SearchAction\",\"target\":{\"@type\":\"EntryPoint\",\"urlTemplate\":\"https:\/\/tuzlainfo.ba\/?s={search_term_string}\"},\"query-input\":{\"@type\":\"PropertyValueSpecification\",\"valueRequired\":true,\"valueName\":\"search_term_string\"}}],\"inLanguage\":\"bs-BA\"},{\"@type\":\"Organization\",\"@id\":\"https:\/\/tuzlainfo.ba\/#organization\",\"name\":\"TuzlaInfo.ba\",\"url\":\"https:\/\/tuzlainfo.ba\/\",\"logo\":{\"@type\":\"ImageObject\",\"inLanguage\":\"bs-BA\",\"@id\":\"https:\/\/tuzlainfo.ba\/#\/schema\/logo\/image\/\",\"url\":\"https:\/\/tuzlainfo.ba\/wp-content\/uploads\/2021\/03\/logo-ver-3-1.png\",\"contentUrl\":\"https:\/\/tuzlainfo.ba\/wp-content\/uploads\/2021\/03\/logo-ver-3-1.png\",\"width\":350,\"height\":95,\"caption\":\"TuzlaInfo.ba\"},\"image\":{\"@id\":\"https:\/\/tuzlainfo.ba\/#\/schema\/logo\/image\/\"},\"sameAs\":[\"https:\/\/www.facebook.com\/tuzlainfo.ba\/\"]},{\"@type\":\"Person\",\"@id\":\"https:\/\/tuzlainfo.ba\/#\/schema\/person\/f434e20dc27ea133923aab08451b7f7f\",\"name\":\"nedim\",\"image\":{\"@type\":\"ImageObject\",\"inLanguage\":\"bs-BA\",\"@id\":\"https:\/\/tuzlainfo.ba\/#\/schema\/person\/image\/\",\"url\":\"https:\/\/tuzlainfo.ba\/wp-content\/litespeed\/avatar\/aabad687af24844af817603ac1cbdc4f.jpg?ver=1777306975\",\"contentUrl\":\"https:\/\/tuzlainfo.ba\/wp-content\/litespeed\/avatar\/aabad687af24844af817603ac1cbdc4f.jpg?ver=1777306975\",\"caption\":\"nedim\"},\"description\":\"Tuzlainfo.ba pratite na dru\u0161tvenim mre\u017eama: Facebook, Instagram i Youtube. Svoje pri\u010de, upite i fotografije \u0161aljite na na\u0161u e-mail adresu.\"}]}<\/script>\n<!-- \/ Yoast SEO plugin. -->","yoast_head_json":{"title":"Tuzla: Odr\u017eana 6. smotra najboljih mladih \u0161ahista iz Tuzlanskog kantona - TuzlaInfo.ba","robots":{"index":"index","follow":"follow","max-snippet":"max-snippet:-1","max-image-preview":"max-image-preview:large","max-video-preview":"max-video-preview:-1"},"canonical":"https:\/\/tuzlainfo.ba\/index.php\/novosti\/item\/191842-tuzla-odrzana-6-smotra-najboljih-mladih-sahista-iz-tuzlanskog-kantona\/","og_locale":"bs_BA","og_type":"article","og_title":"Tuzla: Odr\u017eana 6. smotra najboljih mladih \u0161ahista iz Tuzlanskog kantona - TuzlaInfo.ba","og_description":"\u0160ahovski turnir mladih zaljubljenika u \u0161ah, u\u010denika osnovnih \u0161kola iz Tuzlanskog kantona, \u0161estu godinu zaredom&hellip;","og_url":"https:\/\/tuzlainfo.ba\/index.php\/novosti\/item\/191842-tuzla-odrzana-6-smotra-najboljih-mladih-sahista-iz-tuzlanskog-kantona\/","og_site_name":"TuzlaInfo.ba","article_publisher":"https:\/\/www.facebook.com\/tuzlainfo.ba\/","article_published_time":"2022-12-11T14:00:58+00:00","article_modified_time":"2022-12-11T11:56:19+00:00","og_image":[{"width":800,"height":449,"url":"https:\/\/tuzlainfo.ba\/wp-content\/uploads\/2022\/12\/1112_sah.jpg","type":"image\/jpeg"}],"author":"nedim","twitter_card":"summary_large_image","twitter_misc":{"Written by":"nedim","Est. reading time":"3 minute"},"schema":{"@context":"https:\/\/schema.org","@graph":[{"@type":"Article","@id":"https:\/\/tuzlainfo.ba\/index.php\/novosti\/item\/191842-tuzla-odrzana-6-smotra-najboljih-mladih-sahista-iz-tuzlanskog-kantona\/#article","isPartOf":{"@id":"https:\/\/tuzlainfo.ba\/index.php\/novosti\/item\/191842-tuzla-odrzana-6-smotra-najboljih-mladih-sahista-iz-tuzlanskog-kantona\/"},"author":{"name":"nedim","@id":"https:\/\/tuzlainfo.ba\/#\/schema\/person\/f434e20dc27ea133923aab08451b7f7f"},"headline":"Tuzla: Odr\u017eana 6. smotra najboljih mladih \u0161ahista iz Tuzlanskog kantona","datePublished":"2022-12-11T14:00:58+00:00","dateModified":"2022-12-11T11:56:19+00:00","mainEntityOfPage":{"@id":"https:\/\/tuzlainfo.ba\/index.php\/novosti\/item\/191842-tuzla-odrzana-6-smotra-najboljih-mladih-sahista-iz-tuzlanskog-kantona\/"},"wordCount":540,"commentCount":0,"publisher":{"@id":"https:\/\/tuzlainfo.ba\/#organization"},"image":{"@id":"https:\/\/tuzlainfo.ba\/index.php\/novosti\/item\/191842-tuzla-odrzana-6-smotra-najboljih-mladih-sahista-iz-tuzlanskog-kantona\/#primaryimage"},"thumbnailUrl":"https:\/\/tuzlainfo.ba\/wp-content\/uploads\/2022\/12\/1112_sah.jpg","keywords":["Richmond Park International School","\u0160ah","\u0161kolsko takmi\u010denje u \u0161ahu"],"articleSection":["Istaknuto","Novosti"],"inLanguage":"bs-BA"},{"@type":"WebPage","@id":"https:\/\/tuzlainfo.ba\/index.php\/novosti\/item\/191842-tuzla-odrzana-6-smotra-najboljih-mladih-sahista-iz-tuzlanskog-kantona\/","url":"https:\/\/tuzlainfo.ba\/index.php\/novosti\/item\/191842-tuzla-odrzana-6-smotra-najboljih-mladih-sahista-iz-tuzlanskog-kantona\/","name":"Tuzla: Odr\u017eana 6. smotra najboljih mladih \u0161ahista iz Tuzlanskog kantona - TuzlaInfo.ba","isPartOf":{"@id":"https:\/\/tuzlainfo.ba\/#website"},"primaryImageOfPage":{"@id":"https:\/\/tuzlainfo.ba\/index.php\/novosti\/item\/191842-tuzla-odrzana-6-smotra-najboljih-mladih-sahista-iz-tuzlanskog-kantona\/#primaryimage"},"image":{"@id":"https:\/\/tuzlainfo.ba\/index.php\/novosti\/item\/191842-tuzla-odrzana-6-smotra-najboljih-mladih-sahista-iz-tuzlanskog-kantona\/#primaryimage"},"thumbnailUrl":"https:\/\/tuzlainfo.ba\/wp-content\/uploads\/2022\/12\/1112_sah.jpg","datePublished":"2022-12-11T14:00:58+00:00","dateModified":"2022-12-11T11:56:19+00:00","breadcrumb":{"@id":"https:\/\/tuzlainfo.ba\/index.php\/novosti\/item\/191842-tuzla-odrzana-6-smotra-najboljih-mladih-sahista-iz-tuzlanskog-kantona\/#breadcrumb"},"inLanguage":"bs-BA","potentialAction":[{"@type":"ReadAction","target":["https:\/\/tuzlainfo.ba\/index.php\/novosti\/item\/191842-tuzla-odrzana-6-smotra-najboljih-mladih-sahista-iz-tuzlanskog-kantona\/"]}]},{"@type":"ImageObject","inLanguage":"bs-BA","@id":"https:\/\/tuzlainfo.ba\/index.php\/novosti\/item\/191842-tuzla-odrzana-6-smotra-najboljih-mladih-sahista-iz-tuzlanskog-kantona\/#primaryimage","url":"https:\/\/tuzlainfo.ba\/wp-content\/uploads\/2022\/12\/1112_sah.jpg","contentUrl":"https:\/\/tuzlainfo.ba\/wp-content\/uploads\/2022\/12\/1112_sah.jpg","width":800,"height":449},{"@type":"BreadcrumbList","@id":"https:\/\/tuzlainfo.ba\/index.php\/novosti\/item\/191842-tuzla-odrzana-6-smotra-najboljih-mladih-sahista-iz-tuzlanskog-kantona\/#breadcrumb","itemListElement":[{"@type":"ListItem","position":1,"name":"Home","item":"https:\/\/tuzlainfo.ba\/"},{"@type":"ListItem","position":2,"name":"Tuzla: Odr\u017eana 6. smotra najboljih mladih \u0161ahista iz Tuzlanskog kantona"}]},{"@type":"WebSite","@id":"https:\/\/tuzlainfo.ba\/#website","url":"https:\/\/tuzlainfo.ba\/","name":"TuzlaInfo.ba","description":"Tuzla info, gradski informator - Tuzla na dlanu","publisher":{"@id":"https:\/\/tuzlainfo.ba\/#organization"},"potentialAction":[{"@type":"SearchAction","target":{"@type":"EntryPoint","urlTemplate":"https:\/\/tuzlainfo.ba\/?s={search_term_string}"},"query-input":{"@type":"PropertyValueSpecification","valueRequired":true,"valueName":"search_term_string"}}],"inLanguage":"bs-BA"},{"@type":"Organization","@id":"https:\/\/tuzlainfo.ba\/#organization","name":"TuzlaInfo.ba","url":"https:\/\/tuzlainfo.ba\/","logo":{"@type":"ImageObject","inLanguage":"bs-BA","@id":"https:\/\/tuzlainfo.ba\/#\/schema\/logo\/image\/","url":"https:\/\/tuzlainfo.ba\/wp-content\/uploads\/2021\/03\/logo-ver-3-1.png","contentUrl":"https:\/\/tuzlainfo.ba\/wp-content\/uploads\/2021\/03\/logo-ver-3-1.png","width":350,"height":95,"caption":"TuzlaInfo.ba"},"image":{"@id":"https:\/\/tuzlainfo.ba\/#\/schema\/logo\/image\/"},"sameAs":["https:\/\/www.facebook.com\/tuzlainfo.ba\/"]},{"@type":"Person","@id":"https:\/\/tuzlainfo.ba\/#\/schema\/person\/f434e20dc27ea133923aab08451b7f7f","name":"nedim","image":{"@type":"ImageObject","inLanguage":"bs-BA","@id":"https:\/\/tuzlainfo.ba\/#\/schema\/person\/image\/","url":"https:\/\/tuzlainfo.ba\/wp-content\/litespeed\/avatar\/aabad687af24844af817603ac1cbdc4f.jpg?ver=1777306975","contentUrl":"https:\/\/tuzlainfo.ba\/wp-content\/litespeed\/avatar\/aabad687af24844af817603ac1cbdc4f.jpg?ver=1777306975","caption":"nedim"},"description":"Tuzlainfo.ba pratite na dru\u0161tvenim mre\u017eama: Facebook, Instagram i Youtube. Svoje pri\u010de, upite i fotografije \u0161aljite na na\u0161u e-mail adresu."}]}},"_links":{"self":[{"href":"https:\/\/tuzlainfo.ba\/index.php\/wp-json\/wp\/v2\/posts\/191842"}],"collection":[{"href":"https:\/\/tuzlainfo.ba\/index.php\/wp-json\/wp\/v2\/posts"}],"about":[{"href":"https:\/\/tuzlainfo.ba\/index.php\/wp-json\/wp\/v2\/types\/post"}],"author":[{"embeddable":true,"href":"https:\/\/tuzlainfo.ba\/index.php\/wp-json\/wp\/v2\/users\/2"}],"replies":[{"embeddable":true,"href":"https:\/\/tuzlainfo.ba\/index.php\/wp-json\/wp\/v2\/comments?post=191842"}],"version-history":[{"count":0,"href":"https:\/\/tuzlainfo.ba\/index.php\/wp-json\/wp\/v2\/posts\/191842\/revisions"}],"wp:featuredmedia":[{"embeddable":true,"href":"https:\/\/tuzlainfo.ba\/index.php\/wp-json\/wp\/v2\/media\/191843"}],"wp:attachment":[{"href":"https:\/\/tuzlainfo.ba\/index.php\/wp-json\/wp\/v2\/media?parent=191842"}],"wp:term":[{"taxonomy":"category","embeddable":true,"href":"https:\/\/tuzlainfo.ba\/index.php\/wp-json\/wp\/v2\/categories?post=191842"},{"taxonomy":"post_tag","embeddable":true,"href":"https:\/\/tuzlainfo.ba\/index.php\/wp-json\/wp\/v2\/tags?post=191842"}],"curies":[{"name":"wp","href":"https:\/\/api.w.org\/{rel}","templated":true}]}}