{"id":191598,"date":"2022-12-08T14:13:11","date_gmt":"2022-12-08T13:13:11","guid":{"rendered":"https:\/\/tuzlainfo.ba\/?p=191598"},"modified":"2022-12-08T14:13:11","modified_gmt":"2022-12-08T13:13:11","slug":"sastanak-u-gradskoj-upravi-sve-spremno-za-realizaciju-manifestacije-zima-u-tuzli","status":"publish","type":"post","link":"https:\/\/tuzlainfo.ba\/index.php\/novosti\/item\/191598-sastanak-u-gradskoj-upravi-sve-spremno-za-realizaciju-manifestacije-zima-u-tuzli\/","title":{"rendered":"Sastanak u Gradskoj upravi: Sve spremno za realizaciju manifestacije &#8220;Zima u Tuzli&#8221;"},"content":{"rendered":"<p>Vr\u0161ilac du\u017enosti gradona\u010delnika Tuzle, dr. Zijad Lugavi\u0107, danas je u zgradi Gradske uprave, odr\u017eao sastanak sa predstavnicima Turisti\u010dke zajednice grada Tuzle, partnera u organizaciji, kompanije \u201eBingo\u201c, te gradskih preduze\u0107a koja su uklju\u010dena u realizaciju manifestacije \u201cZima u Tuzli\u201d.<\/p>\n<p>Tokom sastanka analizirane su aktivnosti koje se provode kako bi se obezbijedili svi neophodni komunalni, tehni\u010dki i bezbjedonosni uslovi za uspje\u0161an po\u010detak navedene manifestacije.<\/p>\n<p>Prema rije\u010dima dr. Lugavi\u0107a, prioritet ovog doga\u0111aja jeste da se gra\u0111anima i posjetiocima Tuzle u\u010dini boravak i \u017eivot kvalitetnijim i boljim u zimskim i prazni\u010dnim danima. Istakao je da \u0107e Tuzla i ove godine biti jedan od centara novogodi\u0161njih de\u0161avanja u regionu, a da \u0107e se, uz trend rasta broja posjetilaca i interesovanja za doga\u0111aj, u budu\u0107nosti aktivnosti \u0161iriti i na druge dijelove grada.<\/p>\n<p>Direktorica Turisti\u010dke zajednice, Amra Jaganjac upoznala je v.d. gradona\u010delnika, dr. Zijada Lugavi\u0107a da je sve spremno za otvaranje \u201eZime u Tuzli\u201c, te izrazila zahvalnost predstavnicima privrednih subjekata i obrtnicima koji su se uklju\u010dili u organizaciju. Posebno se zahvalila predstavnicima gradskih komunalnih preduze\u0107a na aktivnostima koje su proveli na pripremama i ukra\u0161avanju grada, kao i na iskazanoj spremnosti za uklju\u010divanje svojih kapaciteta na \u0161to boljoj realizaciji manifestacije. Dr. Lugavi\u0107 je posebnu pa\u017enju skrenuo na bezbjednosne aspekte, kao i na redovno vr\u0161enje svih komunalnih usluga tokom manifestacije.<\/p>\n<p>Sastanku su prisustvovali predstavnici Turisti\u010dke zajednice grada Tuzle, Udru\u017eenja samostalnih obrtnika grada Tuzle, JP RTV7, JKP Saobra\u0107aj i komunikacije, JKP Komunalac Tuzla i kompanije Bingo, koja je ove godine partner u organizaciji.<\/p>\n<p>Manifestacija \u201eZima u Tuzli\u201c ove godine po\u010dinje 9.12.2022. i trajat \u0107e do 8.1.2023. godine. Gra\u0111anke i gra\u0111ani Tuzle, ali i gosti, imat \u0107e priliku u\u017eivati u prazni\u010dnim \u010darima i gastro ponudi koju \u0107e kreirati obrtnici sa podru\u010dja Tuzle. Organizatori su obezbijedili bogat muzi\u010dko-zabavni program, kojeg \u0107e u petak, 9. decembra 2022. solisti\u010dkim koncertom otvoriti Ilma Karahmet, a poseban program je pripremljen za najmla\u0111e posjetioce.<\/p>\n","protected":false},"excerpt":{"rendered":"<p>Vr\u0161ilac du\u017enosti gradona\u010delnika Tuzle, dr. Zijad Lugavi\u0107, danas je u zgradi Gradske uprave, odr\u017eao sastanak&hellip;<\/p>\n","protected":false},"author":2,"featured_media":191599,"comment_status":"open","ping_status":"closed","sticky":false,"template":"","format":"standard","meta":{"_acf_changed":false,"footnotes":""},"categories":[12],"tags":[30,3132],"acf":[],"yoast_head":"<!-- This site is optimized with the Yoast SEO plugin v23.5 - https:\/\/yoast.com\/wordpress\/plugins\/seo\/ -->\n<title>Sastanak u Gradskoj upravi: Sve spremno za realizaciju manifestacije &quot;Zima u Tuzli&quot; - TuzlaInfo.ba<\/title>\n<meta name=\"robots\" content=\"index, follow, max-snippet:-1, max-image-preview:large, max-video-preview:-1\" \/>\n<link rel=\"canonical\" href=\"https:\/\/tuzlainfo.ba\/index.php\/novosti\/item\/191598-sastanak-u-gradskoj-upravi-sve-spremno-za-realizaciju-manifestacije-zima-u-tuzli\/\" \/>\n<meta property=\"og:locale\" content=\"bs_BA\" \/>\n<meta property=\"og:type\" content=\"article\" \/>\n<meta property=\"og:title\" content=\"Sastanak u Gradskoj upravi: Sve spremno za realizaciju manifestacije &quot;Zima u Tuzli&quot; - TuzlaInfo.ba\" \/>\n<meta property=\"og:description\" content=\"Vr\u0161ilac du\u017enosti gradona\u010delnika Tuzle, dr. Zijad Lugavi\u0107, danas je u zgradi Gradske uprave, odr\u017eao sastanak&hellip;\" \/>\n<meta property=\"og:url\" content=\"https:\/\/tuzlainfo.ba\/index.php\/novosti\/item\/191598-sastanak-u-gradskoj-upravi-sve-spremno-za-realizaciju-manifestacije-zima-u-tuzli\/\" \/>\n<meta property=\"og:site_name\" content=\"TuzlaInfo.ba\" \/>\n<meta property=\"article:publisher\" content=\"https:\/\/www.facebook.com\/tuzlainfo.ba\/\" \/>\n<meta property=\"article:published_time\" content=\"2022-12-08T13:13:11+00:00\" \/>\n<meta property=\"og:image\" content=\"https:\/\/tuzlainfo.ba\/wp-content\/uploads\/2022\/12\/0812_lugavic_sast2.jpg\" \/>\n\t<meta property=\"og:image:width\" content=\"800\" \/>\n\t<meta property=\"og:image:height\" content=\"417\" \/>\n\t<meta property=\"og:image:type\" content=\"image\/jpeg\" \/>\n<meta name=\"author\" content=\"nedim\" \/>\n<meta name=\"twitter:card\" content=\"summary_large_image\" \/>\n<meta name=\"twitter:label1\" content=\"Written by\" \/>\n\t<meta name=\"twitter:data1\" content=\"nedim\" \/>\n\t<meta name=\"twitter:label2\" content=\"Est. reading time\" \/>\n\t<meta name=\"twitter:data2\" content=\"2 minute\" \/>\n<script type=\"application\/ld+json\" class=\"yoast-schema-graph\">{\"@context\":\"https:\/\/schema.org\",\"@graph\":[{\"@type\":\"Article\",\"@id\":\"https:\/\/tuzlainfo.ba\/index.php\/novosti\/item\/191598-sastanak-u-gradskoj-upravi-sve-spremno-za-realizaciju-manifestacije-zima-u-tuzli\/#article\",\"isPartOf\":{\"@id\":\"https:\/\/tuzlainfo.ba\/index.php\/novosti\/item\/191598-sastanak-u-gradskoj-upravi-sve-spremno-za-realizaciju-manifestacije-zima-u-tuzli\/\"},\"author\":{\"name\":\"nedim\",\"@id\":\"https:\/\/tuzlainfo.ba\/#\/schema\/person\/f434e20dc27ea133923aab08451b7f7f\"},\"headline\":\"Sastanak u Gradskoj upravi: Sve spremno za realizaciju manifestacije &#8220;Zima u Tuzli&#8221;\",\"datePublished\":\"2022-12-08T13:13:11+00:00\",\"dateModified\":\"2022-12-08T13:13:11+00:00\",\"mainEntityOfPage\":{\"@id\":\"https:\/\/tuzlainfo.ba\/index.php\/novosti\/item\/191598-sastanak-u-gradskoj-upravi-sve-spremno-za-realizaciju-manifestacije-zima-u-tuzli\/\"},\"wordCount\":357,\"commentCount\":0,\"publisher\":{\"@id\":\"https:\/\/tuzlainfo.ba\/#organization\"},\"image\":{\"@id\":\"https:\/\/tuzlainfo.ba\/index.php\/novosti\/item\/191598-sastanak-u-gradskoj-upravi-sve-spremno-za-realizaciju-manifestacije-zima-u-tuzli\/#primaryimage\"},\"thumbnailUrl\":\"https:\/\/tuzlainfo.ba\/wp-content\/uploads\/2022\/12\/0812_lugavic_sast2.jpg\",\"keywords\":[\"gradska uprava\",\"Zima u Tuzli\"],\"articleSection\":[\"Novosti\"],\"inLanguage\":\"bs-BA\"},{\"@type\":\"WebPage\",\"@id\":\"https:\/\/tuzlainfo.ba\/index.php\/novosti\/item\/191598-sastanak-u-gradskoj-upravi-sve-spremno-za-realizaciju-manifestacije-zima-u-tuzli\/\",\"url\":\"https:\/\/tuzlainfo.ba\/index.php\/novosti\/item\/191598-sastanak-u-gradskoj-upravi-sve-spremno-za-realizaciju-manifestacije-zima-u-tuzli\/\",\"name\":\"Sastanak u Gradskoj upravi: Sve spremno za realizaciju manifestacije \\\"Zima u Tuzli\\\" - TuzlaInfo.ba\",\"isPartOf\":{\"@id\":\"https:\/\/tuzlainfo.ba\/#website\"},\"primaryImageOfPage\":{\"@id\":\"https:\/\/tuzlainfo.ba\/index.php\/novosti\/item\/191598-sastanak-u-gradskoj-upravi-sve-spremno-za-realizaciju-manifestacije-zima-u-tuzli\/#primaryimage\"},\"image\":{\"@id\":\"https:\/\/tuzlainfo.ba\/index.php\/novosti\/item\/191598-sastanak-u-gradskoj-upravi-sve-spremno-za-realizaciju-manifestacije-zima-u-tuzli\/#primaryimage\"},\"thumbnailUrl\":\"https:\/\/tuzlainfo.ba\/wp-content\/uploads\/2022\/12\/0812_lugavic_sast2.jpg\",\"datePublished\":\"2022-12-08T13:13:11+00:00\",\"dateModified\":\"2022-12-08T13:13:11+00:00\",\"breadcrumb\":{\"@id\":\"https:\/\/tuzlainfo.ba\/index.php\/novosti\/item\/191598-sastanak-u-gradskoj-upravi-sve-spremno-za-realizaciju-manifestacije-zima-u-tuzli\/#breadcrumb\"},\"inLanguage\":\"bs-BA\",\"potentialAction\":[{\"@type\":\"ReadAction\",\"target\":[\"https:\/\/tuzlainfo.ba\/index.php\/novosti\/item\/191598-sastanak-u-gradskoj-upravi-sve-spremno-za-realizaciju-manifestacije-zima-u-tuzli\/\"]}]},{\"@type\":\"ImageObject\",\"inLanguage\":\"bs-BA\",\"@id\":\"https:\/\/tuzlainfo.ba\/index.php\/novosti\/item\/191598-sastanak-u-gradskoj-upravi-sve-spremno-za-realizaciju-manifestacije-zima-u-tuzli\/#primaryimage\",\"url\":\"https:\/\/tuzlainfo.ba\/wp-content\/uploads\/2022\/12\/0812_lugavic_sast2.jpg\",\"contentUrl\":\"https:\/\/tuzlainfo.ba\/wp-content\/uploads\/2022\/12\/0812_lugavic_sast2.jpg\",\"width\":800,\"height\":417},{\"@type\":\"BreadcrumbList\",\"@id\":\"https:\/\/tuzlainfo.ba\/index.php\/novosti\/item\/191598-sastanak-u-gradskoj-upravi-sve-spremno-za-realizaciju-manifestacije-zima-u-tuzli\/#breadcrumb\",\"itemListElement\":[{\"@type\":\"ListItem\",\"position\":1,\"name\":\"Home\",\"item\":\"https:\/\/tuzlainfo.ba\/\"},{\"@type\":\"ListItem\",\"position\":2,\"name\":\"Sastanak u Gradskoj upravi: Sve spremno za realizaciju manifestacije &#8220;Zima u Tuzli&#8221;\"}]},{\"@type\":\"WebSite\",\"@id\":\"https:\/\/tuzlainfo.ba\/#website\",\"url\":\"https:\/\/tuzlainfo.ba\/\",\"name\":\"TuzlaInfo.ba\",\"description\":\"Tuzla info, gradski informator - Tuzla na dlanu\",\"publisher\":{\"@id\":\"https:\/\/tuzlainfo.ba\/#organization\"},\"potentialAction\":[{\"@type\":\"SearchAction\",\"target\":{\"@type\":\"EntryPoint\",\"urlTemplate\":\"https:\/\/tuzlainfo.ba\/?s={search_term_string}\"},\"query-input\":{\"@type\":\"PropertyValueSpecification\",\"valueRequired\":true,\"valueName\":\"search_term_string\"}}],\"inLanguage\":\"bs-BA\"},{\"@type\":\"Organization\",\"@id\":\"https:\/\/tuzlainfo.ba\/#organization\",\"name\":\"TuzlaInfo.ba\",\"url\":\"https:\/\/tuzlainfo.ba\/\",\"logo\":{\"@type\":\"ImageObject\",\"inLanguage\":\"bs-BA\",\"@id\":\"https:\/\/tuzlainfo.ba\/#\/schema\/logo\/image\/\",\"url\":\"https:\/\/tuzlainfo.ba\/wp-content\/uploads\/2021\/03\/logo-ver-3-1.png\",\"contentUrl\":\"https:\/\/tuzlainfo.ba\/wp-content\/uploads\/2021\/03\/logo-ver-3-1.png\",\"width\":350,\"height\":95,\"caption\":\"TuzlaInfo.ba\"},\"image\":{\"@id\":\"https:\/\/tuzlainfo.ba\/#\/schema\/logo\/image\/\"},\"sameAs\":[\"https:\/\/www.facebook.com\/tuzlainfo.ba\/\"]},{\"@type\":\"Person\",\"@id\":\"https:\/\/tuzlainfo.ba\/#\/schema\/person\/f434e20dc27ea133923aab08451b7f7f\",\"name\":\"nedim\",\"image\":{\"@type\":\"ImageObject\",\"inLanguage\":\"bs-BA\",\"@id\":\"https:\/\/tuzlainfo.ba\/#\/schema\/person\/image\/\",\"url\":\"https:\/\/tuzlainfo.ba\/wp-content\/litespeed\/avatar\/aabad687af24844af817603ac1cbdc4f.jpg?ver=1777306975\",\"contentUrl\":\"https:\/\/tuzlainfo.ba\/wp-content\/litespeed\/avatar\/aabad687af24844af817603ac1cbdc4f.jpg?ver=1777306975\",\"caption\":\"nedim\"},\"description\":\"Tuzlainfo.ba pratite na dru\u0161tvenim mre\u017eama: Facebook, Instagram i Youtube. Svoje pri\u010de, upite i fotografije \u0161aljite na na\u0161u e-mail adresu.\"}]}<\/script>\n<!-- \/ Yoast SEO plugin. -->","yoast_head_json":{"title":"Sastanak u Gradskoj upravi: Sve spremno za realizaciju manifestacije \"Zima u Tuzli\" - TuzlaInfo.ba","robots":{"index":"index","follow":"follow","max-snippet":"max-snippet:-1","max-image-preview":"max-image-preview:large","max-video-preview":"max-video-preview:-1"},"canonical":"https:\/\/tuzlainfo.ba\/index.php\/novosti\/item\/191598-sastanak-u-gradskoj-upravi-sve-spremno-za-realizaciju-manifestacije-zima-u-tuzli\/","og_locale":"bs_BA","og_type":"article","og_title":"Sastanak u Gradskoj upravi: Sve spremno za realizaciju manifestacije \"Zima u Tuzli\" - TuzlaInfo.ba","og_description":"Vr\u0161ilac du\u017enosti gradona\u010delnika Tuzle, dr. Zijad Lugavi\u0107, danas je u zgradi Gradske uprave, odr\u017eao sastanak&hellip;","og_url":"https:\/\/tuzlainfo.ba\/index.php\/novosti\/item\/191598-sastanak-u-gradskoj-upravi-sve-spremno-za-realizaciju-manifestacije-zima-u-tuzli\/","og_site_name":"TuzlaInfo.ba","article_publisher":"https:\/\/www.facebook.com\/tuzlainfo.ba\/","article_published_time":"2022-12-08T13:13:11+00:00","og_image":[{"width":800,"height":417,"url":"https:\/\/tuzlainfo.ba\/wp-content\/uploads\/2022\/12\/0812_lugavic_sast2.jpg","type":"image\/jpeg"}],"author":"nedim","twitter_card":"summary_large_image","twitter_misc":{"Written by":"nedim","Est. reading time":"2 minute"},"schema":{"@context":"https:\/\/schema.org","@graph":[{"@type":"Article","@id":"https:\/\/tuzlainfo.ba\/index.php\/novosti\/item\/191598-sastanak-u-gradskoj-upravi-sve-spremno-za-realizaciju-manifestacije-zima-u-tuzli\/#article","isPartOf":{"@id":"https:\/\/tuzlainfo.ba\/index.php\/novosti\/item\/191598-sastanak-u-gradskoj-upravi-sve-spremno-za-realizaciju-manifestacije-zima-u-tuzli\/"},"author":{"name":"nedim","@id":"https:\/\/tuzlainfo.ba\/#\/schema\/person\/f434e20dc27ea133923aab08451b7f7f"},"headline":"Sastanak u Gradskoj upravi: Sve spremno za realizaciju manifestacije &#8220;Zima u Tuzli&#8221;","datePublished":"2022-12-08T13:13:11+00:00","dateModified":"2022-12-08T13:13:11+00:00","mainEntityOfPage":{"@id":"https:\/\/tuzlainfo.ba\/index.php\/novosti\/item\/191598-sastanak-u-gradskoj-upravi-sve-spremno-za-realizaciju-manifestacije-zima-u-tuzli\/"},"wordCount":357,"commentCount":0,"publisher":{"@id":"https:\/\/tuzlainfo.ba\/#organization"},"image":{"@id":"https:\/\/tuzlainfo.ba\/index.php\/novosti\/item\/191598-sastanak-u-gradskoj-upravi-sve-spremno-za-realizaciju-manifestacije-zima-u-tuzli\/#primaryimage"},"thumbnailUrl":"https:\/\/tuzlainfo.ba\/wp-content\/uploads\/2022\/12\/0812_lugavic_sast2.jpg","keywords":["gradska uprava","Zima u Tuzli"],"articleSection":["Novosti"],"inLanguage":"bs-BA"},{"@type":"WebPage","@id":"https:\/\/tuzlainfo.ba\/index.php\/novosti\/item\/191598-sastanak-u-gradskoj-upravi-sve-spremno-za-realizaciju-manifestacije-zima-u-tuzli\/","url":"https:\/\/tuzlainfo.ba\/index.php\/novosti\/item\/191598-sastanak-u-gradskoj-upravi-sve-spremno-za-realizaciju-manifestacije-zima-u-tuzli\/","name":"Sastanak u Gradskoj upravi: Sve spremno za realizaciju manifestacije \"Zima u Tuzli\" - TuzlaInfo.ba","isPartOf":{"@id":"https:\/\/tuzlainfo.ba\/#website"},"primaryImageOfPage":{"@id":"https:\/\/tuzlainfo.ba\/index.php\/novosti\/item\/191598-sastanak-u-gradskoj-upravi-sve-spremno-za-realizaciju-manifestacije-zima-u-tuzli\/#primaryimage"},"image":{"@id":"https:\/\/tuzlainfo.ba\/index.php\/novosti\/item\/191598-sastanak-u-gradskoj-upravi-sve-spremno-za-realizaciju-manifestacije-zima-u-tuzli\/#primaryimage"},"thumbnailUrl":"https:\/\/tuzlainfo.ba\/wp-content\/uploads\/2022\/12\/0812_lugavic_sast2.jpg","datePublished":"2022-12-08T13:13:11+00:00","dateModified":"2022-12-08T13:13:11+00:00","breadcrumb":{"@id":"https:\/\/tuzlainfo.ba\/index.php\/novosti\/item\/191598-sastanak-u-gradskoj-upravi-sve-spremno-za-realizaciju-manifestacije-zima-u-tuzli\/#breadcrumb"},"inLanguage":"bs-BA","potentialAction":[{"@type":"ReadAction","target":["https:\/\/tuzlainfo.ba\/index.php\/novosti\/item\/191598-sastanak-u-gradskoj-upravi-sve-spremno-za-realizaciju-manifestacije-zima-u-tuzli\/"]}]},{"@type":"ImageObject","inLanguage":"bs-BA","@id":"https:\/\/tuzlainfo.ba\/index.php\/novosti\/item\/191598-sastanak-u-gradskoj-upravi-sve-spremno-za-realizaciju-manifestacije-zima-u-tuzli\/#primaryimage","url":"https:\/\/tuzlainfo.ba\/wp-content\/uploads\/2022\/12\/0812_lugavic_sast2.jpg","contentUrl":"https:\/\/tuzlainfo.ba\/wp-content\/uploads\/2022\/12\/0812_lugavic_sast2.jpg","width":800,"height":417},{"@type":"BreadcrumbList","@id":"https:\/\/tuzlainfo.ba\/index.php\/novosti\/item\/191598-sastanak-u-gradskoj-upravi-sve-spremno-za-realizaciju-manifestacije-zima-u-tuzli\/#breadcrumb","itemListElement":[{"@type":"ListItem","position":1,"name":"Home","item":"https:\/\/tuzlainfo.ba\/"},{"@type":"ListItem","position":2,"name":"Sastanak u Gradskoj upravi: Sve spremno za realizaciju manifestacije &#8220;Zima u Tuzli&#8221;"}]},{"@type":"WebSite","@id":"https:\/\/tuzlainfo.ba\/#website","url":"https:\/\/tuzlainfo.ba\/","name":"TuzlaInfo.ba","description":"Tuzla info, gradski informator - Tuzla na dlanu","publisher":{"@id":"https:\/\/tuzlainfo.ba\/#organization"},"potentialAction":[{"@type":"SearchAction","target":{"@type":"EntryPoint","urlTemplate":"https:\/\/tuzlainfo.ba\/?s={search_term_string}"},"query-input":{"@type":"PropertyValueSpecification","valueRequired":true,"valueName":"search_term_string"}}],"inLanguage":"bs-BA"},{"@type":"Organization","@id":"https:\/\/tuzlainfo.ba\/#organization","name":"TuzlaInfo.ba","url":"https:\/\/tuzlainfo.ba\/","logo":{"@type":"ImageObject","inLanguage":"bs-BA","@id":"https:\/\/tuzlainfo.ba\/#\/schema\/logo\/image\/","url":"https:\/\/tuzlainfo.ba\/wp-content\/uploads\/2021\/03\/logo-ver-3-1.png","contentUrl":"https:\/\/tuzlainfo.ba\/wp-content\/uploads\/2021\/03\/logo-ver-3-1.png","width":350,"height":95,"caption":"TuzlaInfo.ba"},"image":{"@id":"https:\/\/tuzlainfo.ba\/#\/schema\/logo\/image\/"},"sameAs":["https:\/\/www.facebook.com\/tuzlainfo.ba\/"]},{"@type":"Person","@id":"https:\/\/tuzlainfo.ba\/#\/schema\/person\/f434e20dc27ea133923aab08451b7f7f","name":"nedim","image":{"@type":"ImageObject","inLanguage":"bs-BA","@id":"https:\/\/tuzlainfo.ba\/#\/schema\/person\/image\/","url":"https:\/\/tuzlainfo.ba\/wp-content\/litespeed\/avatar\/aabad687af24844af817603ac1cbdc4f.jpg?ver=1777306975","contentUrl":"https:\/\/tuzlainfo.ba\/wp-content\/litespeed\/avatar\/aabad687af24844af817603ac1cbdc4f.jpg?ver=1777306975","caption":"nedim"},"description":"Tuzlainfo.ba pratite na dru\u0161tvenim mre\u017eama: Facebook, Instagram i Youtube. Svoje pri\u010de, upite i fotografije \u0161aljite na na\u0161u e-mail adresu."}]}},"_links":{"self":[{"href":"https:\/\/tuzlainfo.ba\/index.php\/wp-json\/wp\/v2\/posts\/191598"}],"collection":[{"href":"https:\/\/tuzlainfo.ba\/index.php\/wp-json\/wp\/v2\/posts"}],"about":[{"href":"https:\/\/tuzlainfo.ba\/index.php\/wp-json\/wp\/v2\/types\/post"}],"author":[{"embeddable":true,"href":"https:\/\/tuzlainfo.ba\/index.php\/wp-json\/wp\/v2\/users\/2"}],"replies":[{"embeddable":true,"href":"https:\/\/tuzlainfo.ba\/index.php\/wp-json\/wp\/v2\/comments?post=191598"}],"version-history":[{"count":0,"href":"https:\/\/tuzlainfo.ba\/index.php\/wp-json\/wp\/v2\/posts\/191598\/revisions"}],"wp:featuredmedia":[{"embeddable":true,"href":"https:\/\/tuzlainfo.ba\/index.php\/wp-json\/wp\/v2\/media\/191599"}],"wp:attachment":[{"href":"https:\/\/tuzlainfo.ba\/index.php\/wp-json\/wp\/v2\/media?parent=191598"}],"wp:term":[{"taxonomy":"category","embeddable":true,"href":"https:\/\/tuzlainfo.ba\/index.php\/wp-json\/wp\/v2\/categories?post=191598"},{"taxonomy":"post_tag","embeddable":true,"href":"https:\/\/tuzlainfo.ba\/index.php\/wp-json\/wp\/v2\/tags?post=191598"}],"curies":[{"name":"wp","href":"https:\/\/api.w.org\/{rel}","templated":true}]}}