{"id":191331,"date":"2022-12-05T20:24:29","date_gmt":"2022-12-05T19:24:29","guid":{"rendered":"https:\/\/tuzlainfo.ba\/?p=191331"},"modified":"2022-12-05T19:49:28","modified_gmt":"2022-12-05T18:49:28","slug":"sutra-u-bkc-u-tk-otvorenje-izlozbe-zbog-njih","status":"publish","type":"post","link":"https:\/\/tuzlainfo.ba\/index.php\/najava-dogadaja-2\/item\/191331-sutra-u-bkc-u-tk-otvorenje-izlozbe-zbog-njih\/","title":{"rendered":"Sutra u BKC-u TK otvorenje izlo\u017ebe \u201eZbog njih\u201c"},"content":{"rendered":"<p><span style=\"font-family: Times New Roman, serif;\"><span style=\"font-size: medium;\"><span style=\"color: #2b2c36;\"><span style=\"font-family: Calibri, serif;\"><span lang=\"bs-BA\">U Bosanskom kulturnom centru TK u Tuzli, sutra 6. decembra 2022. godine bit \u0107e otvorena \u010detvrta samostalna izlo\u017eba slika tuzlanskog umjetnika Rame Tu\u010di\u0107a Ramova, pod nazivom \u201eZbog njih\u201c.<\/span><\/span><\/span><\/span><\/span><\/p>\n<p><span style=\"font-family: Times New Roman, serif;\"><span style=\"font-size: medium;\"><span style=\"color: #2b2c36;\"><span style=\"font-family: Calibri, serif;\"><span lang=\"bs-BA\">Izlo\u017eba je prodajnog i humanitarnog karaktera i sva sredstva od prodatih slika biti \u0107e donirana Klinici za dje\u010dije bolesti Univerzitetskog klini\u010dkog centra Tuzla.<\/span><\/span><\/span><\/span><\/span><\/p>\n<p><span style=\"font-family: Times New Roman, serif;\"><span style=\"font-size: medium;\"><span style=\"color: #2b2c36;\"><span style=\"font-family: Calibri, serif;\"><span lang=\"bs-BA\">Slike su ra\u0111ene tehnikom akrilik na platnu, a javnosti biti \u0107e predstavljeno dvadesetak radova koja su nastala u posljednjih nekoliko mjeseci.<\/span><\/span><\/span><\/span><\/span><\/p>\n<p><a name=\"_GoBack\"><\/a> <span style=\"font-family: Times New Roman, serif;\"><span style=\"font-size: medium;\"><span style=\"color: #2b2c36;\"><span style=\"font-family: Calibri, serif;\"><span lang=\"bs-BA\">Izlo\u017eba ra\u0111ena u koprodukciji Bosanskog kulturnog centra TK i u saradnji sa Univerzitetskim klini\u010dkim centrom Tuzla sve\u010dano \u0107e biti otvorena u utorak 6. decembra 2022. godine sa po\u010detkom u 19.00 sati, uz prigodan performans.<\/span><\/span><\/span><\/span><\/span><\/p>\n<p>&nbsp;<\/p>\n","protected":false},"excerpt":{"rendered":"<p>U Bosanskom kulturnom centru TK u Tuzli, sutra 6. decembra 2022. godine bit \u0107e otvorena&hellip;<\/p>\n","protected":false},"author":4,"featured_media":190306,"comment_status":"open","ping_status":"closed","sticky":false,"template":"","format":"standard","meta":{"_acf_changed":false,"footnotes":""},"categories":[11],"tags":[524,742,5786,5737],"acf":[],"yoast_head":"<!-- This site is optimized with the Yoast SEO plugin v23.5 - https:\/\/yoast.com\/wordpress\/plugins\/seo\/ -->\n<title>Sutra u BKC-u TK otvorenje izlo\u017ebe \u201eZbog njih\u201c - TuzlaInfo.ba<\/title>\n<meta name=\"robots\" content=\"index, follow, max-snippet:-1, max-image-preview:large, max-video-preview:-1\" \/>\n<link rel=\"canonical\" href=\"https:\/\/tuzlainfo.ba\/index.php\/najava-dogadaja-2\/item\/191331-sutra-u-bkc-u-tk-otvorenje-izlozbe-zbog-njih\/\" \/>\n<meta property=\"og:locale\" content=\"bs_BA\" \/>\n<meta property=\"og:type\" content=\"article\" \/>\n<meta property=\"og:title\" content=\"Sutra u BKC-u TK otvorenje izlo\u017ebe \u201eZbog njih\u201c - TuzlaInfo.ba\" \/>\n<meta property=\"og:description\" content=\"U Bosanskom kulturnom centru TK u Tuzli, sutra 6. decembra 2022. godine bit \u0107e otvorena&hellip;\" \/>\n<meta property=\"og:url\" content=\"https:\/\/tuzlainfo.ba\/index.php\/najava-dogadaja-2\/item\/191331-sutra-u-bkc-u-tk-otvorenje-izlozbe-zbog-njih\/\" \/>\n<meta property=\"og:site_name\" content=\"TuzlaInfo.ba\" \/>\n<meta property=\"article:publisher\" content=\"https:\/\/www.facebook.com\/tuzlainfo.ba\/\" \/>\n<meta property=\"article:published_time\" content=\"2022-12-05T19:24:29+00:00\" \/>\n<meta property=\"article:modified_time\" content=\"2022-12-05T18:49:28+00:00\" \/>\n<meta property=\"og:image\" content=\"https:\/\/tuzlainfo.ba\/wp-content\/uploads\/2022\/11\/2411_zbog-njih.jpg\" \/>\n\t<meta property=\"og:image:width\" content=\"770\" \/>\n\t<meta property=\"og:image:height\" content=\"770\" \/>\n\t<meta property=\"og:image:type\" content=\"image\/jpeg\" \/>\n<meta name=\"author\" content=\"Tuzla Info\" \/>\n<meta name=\"twitter:card\" content=\"summary_large_image\" \/>\n<meta name=\"twitter:label1\" content=\"Written by\" \/>\n\t<meta name=\"twitter:data1\" content=\"Tuzla Info\" \/>\n\t<meta name=\"twitter:label2\" content=\"Est. reading time\" \/>\n\t<meta name=\"twitter:data2\" content=\"1 minuta\" \/>\n<script type=\"application\/ld+json\" class=\"yoast-schema-graph\">{\"@context\":\"https:\/\/schema.org\",\"@graph\":[{\"@type\":\"Article\",\"@id\":\"https:\/\/tuzlainfo.ba\/index.php\/najava-dogadaja-2\/item\/191331-sutra-u-bkc-u-tk-otvorenje-izlozbe-zbog-njih\/#article\",\"isPartOf\":{\"@id\":\"https:\/\/tuzlainfo.ba\/index.php\/najava-dogadaja-2\/item\/191331-sutra-u-bkc-u-tk-otvorenje-izlozbe-zbog-njih\/\"},\"author\":{\"name\":\"Tuzla Info\",\"@id\":\"https:\/\/tuzlainfo.ba\/#\/schema\/person\/46cad4c57790cbc50781edd14870825a\"},\"headline\":\"Sutra u BKC-u TK otvorenje izlo\u017ebe \u201eZbog njih\u201c\",\"datePublished\":\"2022-12-05T19:24:29+00:00\",\"dateModified\":\"2022-12-05T18:49:28+00:00\",\"mainEntityOfPage\":{\"@id\":\"https:\/\/tuzlainfo.ba\/index.php\/najava-dogadaja-2\/item\/191331-sutra-u-bkc-u-tk-otvorenje-izlozbe-zbog-njih\/\"},\"wordCount\":123,\"commentCount\":0,\"publisher\":{\"@id\":\"https:\/\/tuzlainfo.ba\/#organization\"},\"image\":{\"@id\":\"https:\/\/tuzlainfo.ba\/index.php\/najava-dogadaja-2\/item\/191331-sutra-u-bkc-u-tk-otvorenje-izlozbe-zbog-njih\/#primaryimage\"},\"thumbnailUrl\":\"https:\/\/tuzlainfo.ba\/wp-content\/uploads\/2022\/11\/2411_zbog-njih.jpg\",\"keywords\":[\"bkc tk\",\"bkc tuzla\",\"ramo tu\u010di\u0107\",\"zbog njih\"],\"articleSection\":[\"Najave i doga\u0111aji\"],\"inLanguage\":\"bs-BA\"},{\"@type\":\"WebPage\",\"@id\":\"https:\/\/tuzlainfo.ba\/index.php\/najava-dogadaja-2\/item\/191331-sutra-u-bkc-u-tk-otvorenje-izlozbe-zbog-njih\/\",\"url\":\"https:\/\/tuzlainfo.ba\/index.php\/najava-dogadaja-2\/item\/191331-sutra-u-bkc-u-tk-otvorenje-izlozbe-zbog-njih\/\",\"name\":\"Sutra u BKC-u TK otvorenje izlo\u017ebe \u201eZbog njih\u201c - TuzlaInfo.ba\",\"isPartOf\":{\"@id\":\"https:\/\/tuzlainfo.ba\/#website\"},\"primaryImageOfPage\":{\"@id\":\"https:\/\/tuzlainfo.ba\/index.php\/najava-dogadaja-2\/item\/191331-sutra-u-bkc-u-tk-otvorenje-izlozbe-zbog-njih\/#primaryimage\"},\"image\":{\"@id\":\"https:\/\/tuzlainfo.ba\/index.php\/najava-dogadaja-2\/item\/191331-sutra-u-bkc-u-tk-otvorenje-izlozbe-zbog-njih\/#primaryimage\"},\"thumbnailUrl\":\"https:\/\/tuzlainfo.ba\/wp-content\/uploads\/2022\/11\/2411_zbog-njih.jpg\",\"datePublished\":\"2022-12-05T19:24:29+00:00\",\"dateModified\":\"2022-12-05T18:49:28+00:00\",\"breadcrumb\":{\"@id\":\"https:\/\/tuzlainfo.ba\/index.php\/najava-dogadaja-2\/item\/191331-sutra-u-bkc-u-tk-otvorenje-izlozbe-zbog-njih\/#breadcrumb\"},\"inLanguage\":\"bs-BA\",\"potentialAction\":[{\"@type\":\"ReadAction\",\"target\":[\"https:\/\/tuzlainfo.ba\/index.php\/najava-dogadaja-2\/item\/191331-sutra-u-bkc-u-tk-otvorenje-izlozbe-zbog-njih\/\"]}]},{\"@type\":\"ImageObject\",\"inLanguage\":\"bs-BA\",\"@id\":\"https:\/\/tuzlainfo.ba\/index.php\/najava-dogadaja-2\/item\/191331-sutra-u-bkc-u-tk-otvorenje-izlozbe-zbog-njih\/#primaryimage\",\"url\":\"https:\/\/tuzlainfo.ba\/wp-content\/uploads\/2022\/11\/2411_zbog-njih.jpg\",\"contentUrl\":\"https:\/\/tuzlainfo.ba\/wp-content\/uploads\/2022\/11\/2411_zbog-njih.jpg\",\"width\":770,\"height\":770},{\"@type\":\"BreadcrumbList\",\"@id\":\"https:\/\/tuzlainfo.ba\/index.php\/najava-dogadaja-2\/item\/191331-sutra-u-bkc-u-tk-otvorenje-izlozbe-zbog-njih\/#breadcrumb\",\"itemListElement\":[{\"@type\":\"ListItem\",\"position\":1,\"name\":\"Home\",\"item\":\"https:\/\/tuzlainfo.ba\/\"},{\"@type\":\"ListItem\",\"position\":2,\"name\":\"Sutra u BKC-u TK otvorenje izlo\u017ebe \u201eZbog njih\u201c\"}]},{\"@type\":\"WebSite\",\"@id\":\"https:\/\/tuzlainfo.ba\/#website\",\"url\":\"https:\/\/tuzlainfo.ba\/\",\"name\":\"TuzlaInfo.ba\",\"description\":\"Tuzla info, gradski informator - Tuzla na dlanu\",\"publisher\":{\"@id\":\"https:\/\/tuzlainfo.ba\/#organization\"},\"potentialAction\":[{\"@type\":\"SearchAction\",\"target\":{\"@type\":\"EntryPoint\",\"urlTemplate\":\"https:\/\/tuzlainfo.ba\/?s={search_term_string}\"},\"query-input\":{\"@type\":\"PropertyValueSpecification\",\"valueRequired\":true,\"valueName\":\"search_term_string\"}}],\"inLanguage\":\"bs-BA\"},{\"@type\":\"Organization\",\"@id\":\"https:\/\/tuzlainfo.ba\/#organization\",\"name\":\"TuzlaInfo.ba\",\"url\":\"https:\/\/tuzlainfo.ba\/\",\"logo\":{\"@type\":\"ImageObject\",\"inLanguage\":\"bs-BA\",\"@id\":\"https:\/\/tuzlainfo.ba\/#\/schema\/logo\/image\/\",\"url\":\"https:\/\/tuzlainfo.ba\/wp-content\/uploads\/2021\/03\/logo-ver-3-1.png\",\"contentUrl\":\"https:\/\/tuzlainfo.ba\/wp-content\/uploads\/2021\/03\/logo-ver-3-1.png\",\"width\":350,\"height\":95,\"caption\":\"TuzlaInfo.ba\"},\"image\":{\"@id\":\"https:\/\/tuzlainfo.ba\/#\/schema\/logo\/image\/\"},\"sameAs\":[\"https:\/\/www.facebook.com\/tuzlainfo.ba\/\"]},{\"@type\":\"Person\",\"@id\":\"https:\/\/tuzlainfo.ba\/#\/schema\/person\/46cad4c57790cbc50781edd14870825a\",\"name\":\"Tuzla Info\",\"image\":{\"@type\":\"ImageObject\",\"inLanguage\":\"bs-BA\",\"@id\":\"https:\/\/tuzlainfo.ba\/#\/schema\/person\/image\/\",\"url\":\"https:\/\/tuzlainfo.ba\/wp-content\/litespeed\/avatar\/b6c453a6c38e3654f2e4416c643fc25c.jpg?ver=1777051911\",\"contentUrl\":\"https:\/\/tuzlainfo.ba\/wp-content\/litespeed\/avatar\/b6c453a6c38e3654f2e4416c643fc25c.jpg?ver=1777051911\",\"caption\":\"Tuzla Info\"}}]}<\/script>\n<!-- \/ Yoast SEO plugin. -->","yoast_head_json":{"title":"Sutra u BKC-u TK otvorenje izlo\u017ebe \u201eZbog njih\u201c - TuzlaInfo.ba","robots":{"index":"index","follow":"follow","max-snippet":"max-snippet:-1","max-image-preview":"max-image-preview:large","max-video-preview":"max-video-preview:-1"},"canonical":"https:\/\/tuzlainfo.ba\/index.php\/najava-dogadaja-2\/item\/191331-sutra-u-bkc-u-tk-otvorenje-izlozbe-zbog-njih\/","og_locale":"bs_BA","og_type":"article","og_title":"Sutra u BKC-u TK otvorenje izlo\u017ebe \u201eZbog njih\u201c - TuzlaInfo.ba","og_description":"U Bosanskom kulturnom centru TK u Tuzli, sutra 6. decembra 2022. godine bit \u0107e otvorena&hellip;","og_url":"https:\/\/tuzlainfo.ba\/index.php\/najava-dogadaja-2\/item\/191331-sutra-u-bkc-u-tk-otvorenje-izlozbe-zbog-njih\/","og_site_name":"TuzlaInfo.ba","article_publisher":"https:\/\/www.facebook.com\/tuzlainfo.ba\/","article_published_time":"2022-12-05T19:24:29+00:00","article_modified_time":"2022-12-05T18:49:28+00:00","og_image":[{"width":770,"height":770,"url":"https:\/\/tuzlainfo.ba\/wp-content\/uploads\/2022\/11\/2411_zbog-njih.jpg","type":"image\/jpeg"}],"author":"Tuzla Info","twitter_card":"summary_large_image","twitter_misc":{"Written by":"Tuzla Info","Est. reading time":"1 minuta"},"schema":{"@context":"https:\/\/schema.org","@graph":[{"@type":"Article","@id":"https:\/\/tuzlainfo.ba\/index.php\/najava-dogadaja-2\/item\/191331-sutra-u-bkc-u-tk-otvorenje-izlozbe-zbog-njih\/#article","isPartOf":{"@id":"https:\/\/tuzlainfo.ba\/index.php\/najava-dogadaja-2\/item\/191331-sutra-u-bkc-u-tk-otvorenje-izlozbe-zbog-njih\/"},"author":{"name":"Tuzla Info","@id":"https:\/\/tuzlainfo.ba\/#\/schema\/person\/46cad4c57790cbc50781edd14870825a"},"headline":"Sutra u BKC-u TK otvorenje izlo\u017ebe \u201eZbog njih\u201c","datePublished":"2022-12-05T19:24:29+00:00","dateModified":"2022-12-05T18:49:28+00:00","mainEntityOfPage":{"@id":"https:\/\/tuzlainfo.ba\/index.php\/najava-dogadaja-2\/item\/191331-sutra-u-bkc-u-tk-otvorenje-izlozbe-zbog-njih\/"},"wordCount":123,"commentCount":0,"publisher":{"@id":"https:\/\/tuzlainfo.ba\/#organization"},"image":{"@id":"https:\/\/tuzlainfo.ba\/index.php\/najava-dogadaja-2\/item\/191331-sutra-u-bkc-u-tk-otvorenje-izlozbe-zbog-njih\/#primaryimage"},"thumbnailUrl":"https:\/\/tuzlainfo.ba\/wp-content\/uploads\/2022\/11\/2411_zbog-njih.jpg","keywords":["bkc tk","bkc tuzla","ramo tu\u010di\u0107","zbog njih"],"articleSection":["Najave i doga\u0111aji"],"inLanguage":"bs-BA"},{"@type":"WebPage","@id":"https:\/\/tuzlainfo.ba\/index.php\/najava-dogadaja-2\/item\/191331-sutra-u-bkc-u-tk-otvorenje-izlozbe-zbog-njih\/","url":"https:\/\/tuzlainfo.ba\/index.php\/najava-dogadaja-2\/item\/191331-sutra-u-bkc-u-tk-otvorenje-izlozbe-zbog-njih\/","name":"Sutra u BKC-u TK otvorenje izlo\u017ebe \u201eZbog njih\u201c - TuzlaInfo.ba","isPartOf":{"@id":"https:\/\/tuzlainfo.ba\/#website"},"primaryImageOfPage":{"@id":"https:\/\/tuzlainfo.ba\/index.php\/najava-dogadaja-2\/item\/191331-sutra-u-bkc-u-tk-otvorenje-izlozbe-zbog-njih\/#primaryimage"},"image":{"@id":"https:\/\/tuzlainfo.ba\/index.php\/najava-dogadaja-2\/item\/191331-sutra-u-bkc-u-tk-otvorenje-izlozbe-zbog-njih\/#primaryimage"},"thumbnailUrl":"https:\/\/tuzlainfo.ba\/wp-content\/uploads\/2022\/11\/2411_zbog-njih.jpg","datePublished":"2022-12-05T19:24:29+00:00","dateModified":"2022-12-05T18:49:28+00:00","breadcrumb":{"@id":"https:\/\/tuzlainfo.ba\/index.php\/najava-dogadaja-2\/item\/191331-sutra-u-bkc-u-tk-otvorenje-izlozbe-zbog-njih\/#breadcrumb"},"inLanguage":"bs-BA","potentialAction":[{"@type":"ReadAction","target":["https:\/\/tuzlainfo.ba\/index.php\/najava-dogadaja-2\/item\/191331-sutra-u-bkc-u-tk-otvorenje-izlozbe-zbog-njih\/"]}]},{"@type":"ImageObject","inLanguage":"bs-BA","@id":"https:\/\/tuzlainfo.ba\/index.php\/najava-dogadaja-2\/item\/191331-sutra-u-bkc-u-tk-otvorenje-izlozbe-zbog-njih\/#primaryimage","url":"https:\/\/tuzlainfo.ba\/wp-content\/uploads\/2022\/11\/2411_zbog-njih.jpg","contentUrl":"https:\/\/tuzlainfo.ba\/wp-content\/uploads\/2022\/11\/2411_zbog-njih.jpg","width":770,"height":770},{"@type":"BreadcrumbList","@id":"https:\/\/tuzlainfo.ba\/index.php\/najava-dogadaja-2\/item\/191331-sutra-u-bkc-u-tk-otvorenje-izlozbe-zbog-njih\/#breadcrumb","itemListElement":[{"@type":"ListItem","position":1,"name":"Home","item":"https:\/\/tuzlainfo.ba\/"},{"@type":"ListItem","position":2,"name":"Sutra u BKC-u TK otvorenje izlo\u017ebe \u201eZbog njih\u201c"}]},{"@type":"WebSite","@id":"https:\/\/tuzlainfo.ba\/#website","url":"https:\/\/tuzlainfo.ba\/","name":"TuzlaInfo.ba","description":"Tuzla info, gradski informator - Tuzla na dlanu","publisher":{"@id":"https:\/\/tuzlainfo.ba\/#organization"},"potentialAction":[{"@type":"SearchAction","target":{"@type":"EntryPoint","urlTemplate":"https:\/\/tuzlainfo.ba\/?s={search_term_string}"},"query-input":{"@type":"PropertyValueSpecification","valueRequired":true,"valueName":"search_term_string"}}],"inLanguage":"bs-BA"},{"@type":"Organization","@id":"https:\/\/tuzlainfo.ba\/#organization","name":"TuzlaInfo.ba","url":"https:\/\/tuzlainfo.ba\/","logo":{"@type":"ImageObject","inLanguage":"bs-BA","@id":"https:\/\/tuzlainfo.ba\/#\/schema\/logo\/image\/","url":"https:\/\/tuzlainfo.ba\/wp-content\/uploads\/2021\/03\/logo-ver-3-1.png","contentUrl":"https:\/\/tuzlainfo.ba\/wp-content\/uploads\/2021\/03\/logo-ver-3-1.png","width":350,"height":95,"caption":"TuzlaInfo.ba"},"image":{"@id":"https:\/\/tuzlainfo.ba\/#\/schema\/logo\/image\/"},"sameAs":["https:\/\/www.facebook.com\/tuzlainfo.ba\/"]},{"@type":"Person","@id":"https:\/\/tuzlainfo.ba\/#\/schema\/person\/46cad4c57790cbc50781edd14870825a","name":"Tuzla Info","image":{"@type":"ImageObject","inLanguage":"bs-BA","@id":"https:\/\/tuzlainfo.ba\/#\/schema\/person\/image\/","url":"https:\/\/tuzlainfo.ba\/wp-content\/litespeed\/avatar\/b6c453a6c38e3654f2e4416c643fc25c.jpg?ver=1777051911","contentUrl":"https:\/\/tuzlainfo.ba\/wp-content\/litespeed\/avatar\/b6c453a6c38e3654f2e4416c643fc25c.jpg?ver=1777051911","caption":"Tuzla Info"}}]}},"_links":{"self":[{"href":"https:\/\/tuzlainfo.ba\/index.php\/wp-json\/wp\/v2\/posts\/191331"}],"collection":[{"href":"https:\/\/tuzlainfo.ba\/index.php\/wp-json\/wp\/v2\/posts"}],"about":[{"href":"https:\/\/tuzlainfo.ba\/index.php\/wp-json\/wp\/v2\/types\/post"}],"author":[{"embeddable":true,"href":"https:\/\/tuzlainfo.ba\/index.php\/wp-json\/wp\/v2\/users\/4"}],"replies":[{"embeddable":true,"href":"https:\/\/tuzlainfo.ba\/index.php\/wp-json\/wp\/v2\/comments?post=191331"}],"version-history":[{"count":0,"href":"https:\/\/tuzlainfo.ba\/index.php\/wp-json\/wp\/v2\/posts\/191331\/revisions"}],"wp:featuredmedia":[{"embeddable":true,"href":"https:\/\/tuzlainfo.ba\/index.php\/wp-json\/wp\/v2\/media\/190306"}],"wp:attachment":[{"href":"https:\/\/tuzlainfo.ba\/index.php\/wp-json\/wp\/v2\/media?parent=191331"}],"wp:term":[{"taxonomy":"category","embeddable":true,"href":"https:\/\/tuzlainfo.ba\/index.php\/wp-json\/wp\/v2\/categories?post=191331"},{"taxonomy":"post_tag","embeddable":true,"href":"https:\/\/tuzlainfo.ba\/index.php\/wp-json\/wp\/v2\/tags?post=191331"}],"curies":[{"name":"wp","href":"https:\/\/api.w.org\/{rel}","templated":true}]}}