{"id":191152,"date":"2022-12-03T21:00:49","date_gmt":"2022-12-03T20:00:49","guid":{"rendered":"https:\/\/tuzlainfo.ba\/?p=191152"},"modified":"2022-12-03T18:07:44","modified_gmt":"2022-12-03T17:07:44","slug":"odrzan-okrugli-sto-zene-nisu-samo-zrtve-sjecanje-na-prof-dr-alisu-mahmutovic","status":"publish","type":"post","link":"https:\/\/tuzlainfo.ba\/index.php\/novosti\/item\/191152-odrzan-okrugli-sto-zene-nisu-samo-zrtve-sjecanje-na-prof-dr-alisu-mahmutovic\/","title":{"rendered":"Odr\u017ean okrugli sto &#8220;\u017dene nisu samo \u017ertve \u2013 sje\u0107anje na prof.dr. Alisu Mahmutovi\u0107&#8221;"},"content":{"rendered":"<div dir=\"ltr\">\n<div dir=\"ltr\">\n<div>\n<div>\n<div dir=\"auto\">U okviru Kampanje &#8220;16 dana aktivizma protiv rodno zasnovanog nasilja&#8221;, sino\u0107 je u Narodnoj i univerzitetskoj biblioteci \u201eDervi\u0161 Su\u0161i\u0107\u201c Tuzla, odr\u017ean okrugli sto pod nazivom &#8220;\u017dene nisu samo \u017ertve \u2013 sje\u0107anje na prof.dr. Alisu Mahmutovi\u0107&#8221;. Kako je u na\u0161oj kulturi uobi\u010dajeno da tragi\u010dni doga\u0111aji obilje\u017eavaju \u017eivote \u017eena, bez obzira na to \u0161ta su one prije tog radile i stvarale, ostaju zapam\u0107ene u javnom prostoru kao \u017ertve ili ih se nastoji tako prikazati.<\/div>\n<div dir=\"auto\"><\/div>\n<div dir=\"auto\">Njihove karijere, znanstveni i istra\u017eiva\u010dki rad ostaju u drugom planu. Stoga je i cilj ovog okruglog stola bio da se govori o znanstvenom radu profesorice Alise Mahmutovi\u0107.<\/div>\n<div dir=\"auto\"><\/div>\n<\/div>\n<\/div>\n<\/div>\n<\/div>\n<div dir=\"ltr\">\n<div dir=\"ltr\">\n<div>\n<div>\n<div dir=\"auto\">Alisa Mahmutovi\u0107 bila je vanredna profesorica na Filozofskom fakultetu u Zenici, saradnica TPO Fondacije koja je i pokrovitelj ovog doga\u0111aja. Njene ideje bile su usmjerene na povezivanje razli\u010ditih disciplina jezika, historije, knji\u017eevnosti, psihoanalize, sociologije, filozofije, itd. u cilju ja\u010danja humanisti\u010dkog pristupa dru\u0161tvenim problemima, ali i rje\u0161avaju konflikata u bosanskohercegova\u010dkom dru\u0161tvu.<\/div>\n<div dir=\"auto\">O njenom radu govorili su Bernisa Puri\u0161, Mehmed Karda\u0161, Edisa Gazeti\u0107 i Amra Deli\u0107.<\/div>\n<div dir=\"auto\"><\/div>\n<div dir=\"auto\">Profesorica Bernisa Puri\u0161 je istakla da je u tako kratkom \u017eivotu Alisa Mahmutovi\u0107 ostavila brojne znanstvene radove i knjigu frazeolo\u0161kog rje\u010dnika. Naglasila je tako\u0111er da se Mahmutovi\u0107 u svom bavljenju jezikom ve\u0107 pribli\u017eila poststrukturalisti\u010dkoj \u0161koli prou\u010davanja jezika.<\/div>\n<div dir=\"auto\"><\/div>\n<div dir=\"auto\">Mehmed Karda\u0161 se osvrnuo na njihovo zajedni\u010dko pisanje knjige o epitafima na srednjovjekovnim spomenicima i pomenuo da je Alisa Mahmutovi\u0107 napisala i predgovor zajedni\u010dkoj knjizi koju su planirali izdati.<\/div>\n<div dir=\"auto\"><\/div>\n<div dir=\"auto\">Edisa Gazeti\u0107 se osvrnula na kriti\u010dke tekstove koje je Alisa Mahmutovi\u0107 objavljivala u javnom prostoru i u kojima je kritizirala odnos prema humanistici, kao i da je u nekoliko tekstova naglasila koliko je humanistika destruirana nepotizmom i korupcijom.<\/div>\n<div dir=\"auto\"><\/div>\n<\/div>\n<\/div>\n<\/div>\n<\/div>\n<div dir=\"ltr\">\n<div dir=\"ltr\">\n<div>\n<div>\n<div dir=\"auto\">Amra Deli\u0107 govorila je o zajedni\u010dkim projektima koje su kreirali, te da su ideje o insitutu za interdisciplinarna istra\u017eivanja i danas prisutne kroz radionice koje TPO Fondacija i dalje radi sa mladima.<\/div>\n<div dir=\"auto\"><\/div>\n<div dir=\"auto\">Sa neizrecivim entuzijazmom borila se da svojim doprinosom pomogne da prekinemo \u0161utnju i traumatske \u201etragove\u201c u\u010dinimo vidljivim putem akademskog dijaloga i konstruktivnog suo\u010davanja s pro\u0161lo\u0161\u0107u, kao preduvjeta za pomirenje na ovim prostorima i opstojnost cjelovite Bosne i Hercegovine.<\/div>\n<\/div>\n<\/div>\n<\/div>\n<\/div>\n","protected":false},"excerpt":{"rendered":"<p>U okviru Kampanje &#8220;16 dana aktivizma protiv rodno zasnovanog nasilja&#8221;, sino\u0107 je u Narodnoj i&hellip;<\/p>\n","protected":false},"author":4,"featured_media":191153,"comment_status":"open","ping_status":"closed","sticky":false,"template":"","format":"standard","meta":{"_acf_changed":false,"footnotes":""},"categories":[12],"tags":[3612,1705],"acf":[],"yoast_head":"<!-- This site is optimized with the Yoast SEO plugin v23.5 - https:\/\/yoast.com\/wordpress\/plugins\/seo\/ -->\n<title>Odr\u017ean okrugli sto &quot;\u017dene nisu samo \u017ertve \u2013 sje\u0107anje na prof.dr. Alisu Mahmutovi\u0107&quot; - TuzlaInfo.ba<\/title>\n<meta name=\"robots\" content=\"index, follow, max-snippet:-1, max-image-preview:large, max-video-preview:-1\" \/>\n<link rel=\"canonical\" href=\"https:\/\/tuzlainfo.ba\/index.php\/novosti\/item\/191152-odrzan-okrugli-sto-zene-nisu-samo-zrtve-sjecanje-na-prof-dr-alisu-mahmutovic\/\" \/>\n<meta property=\"og:locale\" content=\"bs_BA\" \/>\n<meta property=\"og:type\" content=\"article\" \/>\n<meta property=\"og:title\" content=\"Odr\u017ean okrugli sto &quot;\u017dene nisu samo \u017ertve \u2013 sje\u0107anje na prof.dr. Alisu Mahmutovi\u0107&quot; - TuzlaInfo.ba\" \/>\n<meta property=\"og:description\" content=\"U okviru Kampanje &#8220;16 dana aktivizma protiv rodno zasnovanog nasilja&#8221;, sino\u0107 je u Narodnoj i&hellip;\" \/>\n<meta property=\"og:url\" content=\"https:\/\/tuzlainfo.ba\/index.php\/novosti\/item\/191152-odrzan-okrugli-sto-zene-nisu-samo-zrtve-sjecanje-na-prof-dr-alisu-mahmutovic\/\" \/>\n<meta property=\"og:site_name\" content=\"TuzlaInfo.ba\" \/>\n<meta property=\"article:publisher\" content=\"https:\/\/www.facebook.com\/tuzlainfo.ba\/\" \/>\n<meta property=\"article:published_time\" content=\"2022-12-03T20:00:49+00:00\" \/>\n<meta property=\"article:modified_time\" content=\"2022-12-03T17:07:44+00:00\" \/>\n<meta property=\"og:image\" content=\"https:\/\/tuzlainfo.ba\/wp-content\/uploads\/2022\/12\/inbound5966750859624869461.jpg\" \/>\n\t<meta property=\"og:image:width\" content=\"1504\" \/>\n\t<meta property=\"og:image:height\" content=\"1000\" \/>\n\t<meta property=\"og:image:type\" content=\"image\/jpeg\" \/>\n<meta name=\"author\" content=\"Tuzla Info\" \/>\n<meta name=\"twitter:card\" content=\"summary_large_image\" \/>\n<meta name=\"twitter:label1\" content=\"Written by\" \/>\n\t<meta name=\"twitter:data1\" content=\"Tuzla Info\" \/>\n\t<meta name=\"twitter:label2\" content=\"Est. reading time\" \/>\n\t<meta name=\"twitter:data2\" content=\"2 minute\" \/>\n<script type=\"application\/ld+json\" class=\"yoast-schema-graph\">{\"@context\":\"https:\/\/schema.org\",\"@graph\":[{\"@type\":\"Article\",\"@id\":\"https:\/\/tuzlainfo.ba\/index.php\/novosti\/item\/191152-odrzan-okrugli-sto-zene-nisu-samo-zrtve-sjecanje-na-prof-dr-alisu-mahmutovic\/#article\",\"isPartOf\":{\"@id\":\"https:\/\/tuzlainfo.ba\/index.php\/novosti\/item\/191152-odrzan-okrugli-sto-zene-nisu-samo-zrtve-sjecanje-na-prof-dr-alisu-mahmutovic\/\"},\"author\":{\"name\":\"Tuzla Info\",\"@id\":\"https:\/\/tuzlainfo.ba\/#\/schema\/person\/46cad4c57790cbc50781edd14870825a\"},\"headline\":\"Odr\u017ean okrugli sto &#8220;\u017dene nisu samo \u017ertve \u2013 sje\u0107anje na prof.dr. Alisu Mahmutovi\u0107&#8221;\",\"datePublished\":\"2022-12-03T20:00:49+00:00\",\"dateModified\":\"2022-12-03T17:07:44+00:00\",\"mainEntityOfPage\":{\"@id\":\"https:\/\/tuzlainfo.ba\/index.php\/novosti\/item\/191152-odrzan-okrugli-sto-zene-nisu-samo-zrtve-sjecanje-na-prof-dr-alisu-mahmutovic\/\"},\"wordCount\":386,\"commentCount\":0,\"publisher\":{\"@id\":\"https:\/\/tuzlainfo.ba\/#organization\"},\"image\":{\"@id\":\"https:\/\/tuzlainfo.ba\/index.php\/novosti\/item\/191152-odrzan-okrugli-sto-zene-nisu-samo-zrtve-sjecanje-na-prof-dr-alisu-mahmutovic\/#primaryimage\"},\"thumbnailUrl\":\"https:\/\/tuzlainfo.ba\/wp-content\/uploads\/2022\/12\/inbound5966750859624869461.jpg\",\"keywords\":[\"16 dana aktivizma\",\"nub dervi\u0161 su\u0161i\u0107\"],\"articleSection\":[\"Novosti\"],\"inLanguage\":\"bs-BA\"},{\"@type\":\"WebPage\",\"@id\":\"https:\/\/tuzlainfo.ba\/index.php\/novosti\/item\/191152-odrzan-okrugli-sto-zene-nisu-samo-zrtve-sjecanje-na-prof-dr-alisu-mahmutovic\/\",\"url\":\"https:\/\/tuzlainfo.ba\/index.php\/novosti\/item\/191152-odrzan-okrugli-sto-zene-nisu-samo-zrtve-sjecanje-na-prof-dr-alisu-mahmutovic\/\",\"name\":\"Odr\u017ean okrugli sto \\\"\u017dene nisu samo \u017ertve \u2013 sje\u0107anje na prof.dr. Alisu Mahmutovi\u0107\\\" - TuzlaInfo.ba\",\"isPartOf\":{\"@id\":\"https:\/\/tuzlainfo.ba\/#website\"},\"primaryImageOfPage\":{\"@id\":\"https:\/\/tuzlainfo.ba\/index.php\/novosti\/item\/191152-odrzan-okrugli-sto-zene-nisu-samo-zrtve-sjecanje-na-prof-dr-alisu-mahmutovic\/#primaryimage\"},\"image\":{\"@id\":\"https:\/\/tuzlainfo.ba\/index.php\/novosti\/item\/191152-odrzan-okrugli-sto-zene-nisu-samo-zrtve-sjecanje-na-prof-dr-alisu-mahmutovic\/#primaryimage\"},\"thumbnailUrl\":\"https:\/\/tuzlainfo.ba\/wp-content\/uploads\/2022\/12\/inbound5966750859624869461.jpg\",\"datePublished\":\"2022-12-03T20:00:49+00:00\",\"dateModified\":\"2022-12-03T17:07:44+00:00\",\"breadcrumb\":{\"@id\":\"https:\/\/tuzlainfo.ba\/index.php\/novosti\/item\/191152-odrzan-okrugli-sto-zene-nisu-samo-zrtve-sjecanje-na-prof-dr-alisu-mahmutovic\/#breadcrumb\"},\"inLanguage\":\"bs-BA\",\"potentialAction\":[{\"@type\":\"ReadAction\",\"target\":[\"https:\/\/tuzlainfo.ba\/index.php\/novosti\/item\/191152-odrzan-okrugli-sto-zene-nisu-samo-zrtve-sjecanje-na-prof-dr-alisu-mahmutovic\/\"]}]},{\"@type\":\"ImageObject\",\"inLanguage\":\"bs-BA\",\"@id\":\"https:\/\/tuzlainfo.ba\/index.php\/novosti\/item\/191152-odrzan-okrugli-sto-zene-nisu-samo-zrtve-sjecanje-na-prof-dr-alisu-mahmutovic\/#primaryimage\",\"url\":\"https:\/\/tuzlainfo.ba\/wp-content\/uploads\/2022\/12\/inbound5966750859624869461.jpg\",\"contentUrl\":\"https:\/\/tuzlainfo.ba\/wp-content\/uploads\/2022\/12\/inbound5966750859624869461.jpg\",\"width\":1504,\"height\":1000},{\"@type\":\"BreadcrumbList\",\"@id\":\"https:\/\/tuzlainfo.ba\/index.php\/novosti\/item\/191152-odrzan-okrugli-sto-zene-nisu-samo-zrtve-sjecanje-na-prof-dr-alisu-mahmutovic\/#breadcrumb\",\"itemListElement\":[{\"@type\":\"ListItem\",\"position\":1,\"name\":\"Home\",\"item\":\"https:\/\/tuzlainfo.ba\/\"},{\"@type\":\"ListItem\",\"position\":2,\"name\":\"Odr\u017ean okrugli sto &#8220;\u017dene nisu samo \u017ertve \u2013 sje\u0107anje na prof.dr. Alisu Mahmutovi\u0107&#8221;\"}]},{\"@type\":\"WebSite\",\"@id\":\"https:\/\/tuzlainfo.ba\/#website\",\"url\":\"https:\/\/tuzlainfo.ba\/\",\"name\":\"TuzlaInfo.ba\",\"description\":\"Tuzla info, gradski informator - Tuzla na dlanu\",\"publisher\":{\"@id\":\"https:\/\/tuzlainfo.ba\/#organization\"},\"potentialAction\":[{\"@type\":\"SearchAction\",\"target\":{\"@type\":\"EntryPoint\",\"urlTemplate\":\"https:\/\/tuzlainfo.ba\/?s={search_term_string}\"},\"query-input\":{\"@type\":\"PropertyValueSpecification\",\"valueRequired\":true,\"valueName\":\"search_term_string\"}}],\"inLanguage\":\"bs-BA\"},{\"@type\":\"Organization\",\"@id\":\"https:\/\/tuzlainfo.ba\/#organization\",\"name\":\"TuzlaInfo.ba\",\"url\":\"https:\/\/tuzlainfo.ba\/\",\"logo\":{\"@type\":\"ImageObject\",\"inLanguage\":\"bs-BA\",\"@id\":\"https:\/\/tuzlainfo.ba\/#\/schema\/logo\/image\/\",\"url\":\"https:\/\/tuzlainfo.ba\/wp-content\/uploads\/2021\/03\/logo-ver-3-1.png\",\"contentUrl\":\"https:\/\/tuzlainfo.ba\/wp-content\/uploads\/2021\/03\/logo-ver-3-1.png\",\"width\":350,\"height\":95,\"caption\":\"TuzlaInfo.ba\"},\"image\":{\"@id\":\"https:\/\/tuzlainfo.ba\/#\/schema\/logo\/image\/\"},\"sameAs\":[\"https:\/\/www.facebook.com\/tuzlainfo.ba\/\"]},{\"@type\":\"Person\",\"@id\":\"https:\/\/tuzlainfo.ba\/#\/schema\/person\/46cad4c57790cbc50781edd14870825a\",\"name\":\"Tuzla Info\",\"image\":{\"@type\":\"ImageObject\",\"inLanguage\":\"bs-BA\",\"@id\":\"https:\/\/tuzlainfo.ba\/#\/schema\/person\/image\/\",\"url\":\"https:\/\/tuzlainfo.ba\/wp-content\/litespeed\/avatar\/b6c453a6c38e3654f2e4416c643fc25c.jpg?ver=1777051911\",\"contentUrl\":\"https:\/\/tuzlainfo.ba\/wp-content\/litespeed\/avatar\/b6c453a6c38e3654f2e4416c643fc25c.jpg?ver=1777051911\",\"caption\":\"Tuzla Info\"}}]}<\/script>\n<!-- \/ Yoast SEO plugin. -->","yoast_head_json":{"title":"Odr\u017ean okrugli sto \"\u017dene nisu samo \u017ertve \u2013 sje\u0107anje na prof.dr. Alisu Mahmutovi\u0107\" - TuzlaInfo.ba","robots":{"index":"index","follow":"follow","max-snippet":"max-snippet:-1","max-image-preview":"max-image-preview:large","max-video-preview":"max-video-preview:-1"},"canonical":"https:\/\/tuzlainfo.ba\/index.php\/novosti\/item\/191152-odrzan-okrugli-sto-zene-nisu-samo-zrtve-sjecanje-na-prof-dr-alisu-mahmutovic\/","og_locale":"bs_BA","og_type":"article","og_title":"Odr\u017ean okrugli sto \"\u017dene nisu samo \u017ertve \u2013 sje\u0107anje na prof.dr. Alisu Mahmutovi\u0107\" - TuzlaInfo.ba","og_description":"U okviru Kampanje &#8220;16 dana aktivizma protiv rodno zasnovanog nasilja&#8221;, sino\u0107 je u Narodnoj i&hellip;","og_url":"https:\/\/tuzlainfo.ba\/index.php\/novosti\/item\/191152-odrzan-okrugli-sto-zene-nisu-samo-zrtve-sjecanje-na-prof-dr-alisu-mahmutovic\/","og_site_name":"TuzlaInfo.ba","article_publisher":"https:\/\/www.facebook.com\/tuzlainfo.ba\/","article_published_time":"2022-12-03T20:00:49+00:00","article_modified_time":"2022-12-03T17:07:44+00:00","og_image":[{"width":1504,"height":1000,"url":"https:\/\/tuzlainfo.ba\/wp-content\/uploads\/2022\/12\/inbound5966750859624869461.jpg","type":"image\/jpeg"}],"author":"Tuzla Info","twitter_card":"summary_large_image","twitter_misc":{"Written by":"Tuzla Info","Est. reading time":"2 minute"},"schema":{"@context":"https:\/\/schema.org","@graph":[{"@type":"Article","@id":"https:\/\/tuzlainfo.ba\/index.php\/novosti\/item\/191152-odrzan-okrugli-sto-zene-nisu-samo-zrtve-sjecanje-na-prof-dr-alisu-mahmutovic\/#article","isPartOf":{"@id":"https:\/\/tuzlainfo.ba\/index.php\/novosti\/item\/191152-odrzan-okrugli-sto-zene-nisu-samo-zrtve-sjecanje-na-prof-dr-alisu-mahmutovic\/"},"author":{"name":"Tuzla Info","@id":"https:\/\/tuzlainfo.ba\/#\/schema\/person\/46cad4c57790cbc50781edd14870825a"},"headline":"Odr\u017ean okrugli sto &#8220;\u017dene nisu samo \u017ertve \u2013 sje\u0107anje na prof.dr. Alisu Mahmutovi\u0107&#8221;","datePublished":"2022-12-03T20:00:49+00:00","dateModified":"2022-12-03T17:07:44+00:00","mainEntityOfPage":{"@id":"https:\/\/tuzlainfo.ba\/index.php\/novosti\/item\/191152-odrzan-okrugli-sto-zene-nisu-samo-zrtve-sjecanje-na-prof-dr-alisu-mahmutovic\/"},"wordCount":386,"commentCount":0,"publisher":{"@id":"https:\/\/tuzlainfo.ba\/#organization"},"image":{"@id":"https:\/\/tuzlainfo.ba\/index.php\/novosti\/item\/191152-odrzan-okrugli-sto-zene-nisu-samo-zrtve-sjecanje-na-prof-dr-alisu-mahmutovic\/#primaryimage"},"thumbnailUrl":"https:\/\/tuzlainfo.ba\/wp-content\/uploads\/2022\/12\/inbound5966750859624869461.jpg","keywords":["16 dana aktivizma","nub dervi\u0161 su\u0161i\u0107"],"articleSection":["Novosti"],"inLanguage":"bs-BA"},{"@type":"WebPage","@id":"https:\/\/tuzlainfo.ba\/index.php\/novosti\/item\/191152-odrzan-okrugli-sto-zene-nisu-samo-zrtve-sjecanje-na-prof-dr-alisu-mahmutovic\/","url":"https:\/\/tuzlainfo.ba\/index.php\/novosti\/item\/191152-odrzan-okrugli-sto-zene-nisu-samo-zrtve-sjecanje-na-prof-dr-alisu-mahmutovic\/","name":"Odr\u017ean okrugli sto \"\u017dene nisu samo \u017ertve \u2013 sje\u0107anje na prof.dr. Alisu Mahmutovi\u0107\" - TuzlaInfo.ba","isPartOf":{"@id":"https:\/\/tuzlainfo.ba\/#website"},"primaryImageOfPage":{"@id":"https:\/\/tuzlainfo.ba\/index.php\/novosti\/item\/191152-odrzan-okrugli-sto-zene-nisu-samo-zrtve-sjecanje-na-prof-dr-alisu-mahmutovic\/#primaryimage"},"image":{"@id":"https:\/\/tuzlainfo.ba\/index.php\/novosti\/item\/191152-odrzan-okrugli-sto-zene-nisu-samo-zrtve-sjecanje-na-prof-dr-alisu-mahmutovic\/#primaryimage"},"thumbnailUrl":"https:\/\/tuzlainfo.ba\/wp-content\/uploads\/2022\/12\/inbound5966750859624869461.jpg","datePublished":"2022-12-03T20:00:49+00:00","dateModified":"2022-12-03T17:07:44+00:00","breadcrumb":{"@id":"https:\/\/tuzlainfo.ba\/index.php\/novosti\/item\/191152-odrzan-okrugli-sto-zene-nisu-samo-zrtve-sjecanje-na-prof-dr-alisu-mahmutovic\/#breadcrumb"},"inLanguage":"bs-BA","potentialAction":[{"@type":"ReadAction","target":["https:\/\/tuzlainfo.ba\/index.php\/novosti\/item\/191152-odrzan-okrugli-sto-zene-nisu-samo-zrtve-sjecanje-na-prof-dr-alisu-mahmutovic\/"]}]},{"@type":"ImageObject","inLanguage":"bs-BA","@id":"https:\/\/tuzlainfo.ba\/index.php\/novosti\/item\/191152-odrzan-okrugli-sto-zene-nisu-samo-zrtve-sjecanje-na-prof-dr-alisu-mahmutovic\/#primaryimage","url":"https:\/\/tuzlainfo.ba\/wp-content\/uploads\/2022\/12\/inbound5966750859624869461.jpg","contentUrl":"https:\/\/tuzlainfo.ba\/wp-content\/uploads\/2022\/12\/inbound5966750859624869461.jpg","width":1504,"height":1000},{"@type":"BreadcrumbList","@id":"https:\/\/tuzlainfo.ba\/index.php\/novosti\/item\/191152-odrzan-okrugli-sto-zene-nisu-samo-zrtve-sjecanje-na-prof-dr-alisu-mahmutovic\/#breadcrumb","itemListElement":[{"@type":"ListItem","position":1,"name":"Home","item":"https:\/\/tuzlainfo.ba\/"},{"@type":"ListItem","position":2,"name":"Odr\u017ean okrugli sto &#8220;\u017dene nisu samo \u017ertve \u2013 sje\u0107anje na prof.dr. Alisu Mahmutovi\u0107&#8221;"}]},{"@type":"WebSite","@id":"https:\/\/tuzlainfo.ba\/#website","url":"https:\/\/tuzlainfo.ba\/","name":"TuzlaInfo.ba","description":"Tuzla info, gradski informator - Tuzla na dlanu","publisher":{"@id":"https:\/\/tuzlainfo.ba\/#organization"},"potentialAction":[{"@type":"SearchAction","target":{"@type":"EntryPoint","urlTemplate":"https:\/\/tuzlainfo.ba\/?s={search_term_string}"},"query-input":{"@type":"PropertyValueSpecification","valueRequired":true,"valueName":"search_term_string"}}],"inLanguage":"bs-BA"},{"@type":"Organization","@id":"https:\/\/tuzlainfo.ba\/#organization","name":"TuzlaInfo.ba","url":"https:\/\/tuzlainfo.ba\/","logo":{"@type":"ImageObject","inLanguage":"bs-BA","@id":"https:\/\/tuzlainfo.ba\/#\/schema\/logo\/image\/","url":"https:\/\/tuzlainfo.ba\/wp-content\/uploads\/2021\/03\/logo-ver-3-1.png","contentUrl":"https:\/\/tuzlainfo.ba\/wp-content\/uploads\/2021\/03\/logo-ver-3-1.png","width":350,"height":95,"caption":"TuzlaInfo.ba"},"image":{"@id":"https:\/\/tuzlainfo.ba\/#\/schema\/logo\/image\/"},"sameAs":["https:\/\/www.facebook.com\/tuzlainfo.ba\/"]},{"@type":"Person","@id":"https:\/\/tuzlainfo.ba\/#\/schema\/person\/46cad4c57790cbc50781edd14870825a","name":"Tuzla Info","image":{"@type":"ImageObject","inLanguage":"bs-BA","@id":"https:\/\/tuzlainfo.ba\/#\/schema\/person\/image\/","url":"https:\/\/tuzlainfo.ba\/wp-content\/litespeed\/avatar\/b6c453a6c38e3654f2e4416c643fc25c.jpg?ver=1777051911","contentUrl":"https:\/\/tuzlainfo.ba\/wp-content\/litespeed\/avatar\/b6c453a6c38e3654f2e4416c643fc25c.jpg?ver=1777051911","caption":"Tuzla Info"}}]}},"_links":{"self":[{"href":"https:\/\/tuzlainfo.ba\/index.php\/wp-json\/wp\/v2\/posts\/191152"}],"collection":[{"href":"https:\/\/tuzlainfo.ba\/index.php\/wp-json\/wp\/v2\/posts"}],"about":[{"href":"https:\/\/tuzlainfo.ba\/index.php\/wp-json\/wp\/v2\/types\/post"}],"author":[{"embeddable":true,"href":"https:\/\/tuzlainfo.ba\/index.php\/wp-json\/wp\/v2\/users\/4"}],"replies":[{"embeddable":true,"href":"https:\/\/tuzlainfo.ba\/index.php\/wp-json\/wp\/v2\/comments?post=191152"}],"version-history":[{"count":0,"href":"https:\/\/tuzlainfo.ba\/index.php\/wp-json\/wp\/v2\/posts\/191152\/revisions"}],"wp:featuredmedia":[{"embeddable":true,"href":"https:\/\/tuzlainfo.ba\/index.php\/wp-json\/wp\/v2\/media\/191153"}],"wp:attachment":[{"href":"https:\/\/tuzlainfo.ba\/index.php\/wp-json\/wp\/v2\/media?parent=191152"}],"wp:term":[{"taxonomy":"category","embeddable":true,"href":"https:\/\/tuzlainfo.ba\/index.php\/wp-json\/wp\/v2\/categories?post=191152"},{"taxonomy":"post_tag","embeddable":true,"href":"https:\/\/tuzlainfo.ba\/index.php\/wp-json\/wp\/v2\/tags?post=191152"}],"curies":[{"name":"wp","href":"https:\/\/api.w.org\/{rel}","templated":true}]}}