{"id":190769,"date":"2022-11-29T19:45:53","date_gmt":"2022-11-29T18:45:53","guid":{"rendered":"https:\/\/tuzlainfo.ba\/?p=190769"},"modified":"2022-11-29T19:45:53","modified_gmt":"2022-11-29T18:45:53","slug":"utakmica-na-grbavici-igraci-konyaspora-na-teren-istrcali-u-majicama-sa-likom-alije-izetbegovica","status":"publish","type":"post","link":"https:\/\/tuzlainfo.ba\/index.php\/bosna-i-hercegovina\/item\/190769-utakmica-na-grbavici-igraci-konyaspora-na-teren-istrcali-u-majicama-sa-likom-alije-izetbegovica\/","title":{"rendered":"Utakmica na Grbavici: Igra\u010di Konyaspora na teren istr\u010dali u majicama sa likom Alije Izetbegovi\u0107a"},"content":{"rendered":"<p><strong>\u017deljezni\u010dar<\/strong>\u00a0i\u00a0<strong>Konyaspor<\/strong>\u00a0po\u010deli su prijateljsku utakmicu od 18 sati na Grabavici, a fudbaleri turskog superliga\u0161a iza\u0161li su na zagrijavanja u majicama sa likom prvog predsjednika Predsjedni\u0161tva Republike Bosne i Hercegovine\u00a0<strong>Alije Izetbegovi\u0107a<\/strong>.<\/p>\n<p>Fudbaleri Konayspora na ovaj na\u010din su izrazili po\u0161tovanje prema prvom predsjedniku samostalne dr\u017eave Bosne i Hercegovine, koji je preminuo prije 19 godina, javlja N1.<\/p>\n<p>Turski sastav sezonu je okon\u010dano na tre\u0107em mjestu Super lige Turske, a trenutno za ekipu iz Konye igraju biv\u0161i \u010dlanovi Plavih sa Grbavice Ibrahim \u0160ehi\u0107 i Amir Had\u017eiahmetovi\u0107.<\/p>\n<div id=\"attachment_190771\" style=\"width: 810px\" class=\"wp-caption aligncenter\"><img fetchpriority=\"high\" decoding=\"async\" aria-describedby=\"caption-attachment-190771\" class=\"wp-image-190771 size-full\" src=\"https:\/\/tuzlainfo.ba\/wp-content\/uploads\/2022\/11\/2911_konya_alija.jpg\" alt=\"\" width=\"800\" height=\"443\" srcset=\"https:\/\/tuzlainfo.ba\/wp-content\/uploads\/2022\/11\/2911_konya_alija.jpg 800w, https:\/\/tuzlainfo.ba\/wp-content\/uploads\/2022\/11\/2911_konya_alija-300x166.jpg 300w, https:\/\/tuzlainfo.ba\/wp-content\/uploads\/2022\/11\/2911_konya_alija-768x425.jpg 768w, https:\/\/tuzlainfo.ba\/wp-content\/uploads\/2022\/11\/2911_konya_alija-585x324.jpg 585w, https:\/\/tuzlainfo.ba\/wp-content\/uploads\/2022\/11\/2911_konya_alija-150x83.jpg 150w, https:\/\/tuzlainfo.ba\/wp-content\/uploads\/2022\/11\/2911_konya_alija-500x277.jpg 500w\" sizes=\"(max-width: 800px) 100vw, 800px\" \/><p id=\"caption-attachment-190771\" class=\"wp-caption-text\">Foto: Konyaspor<\/p><\/div>\n<p id=\"aswift_0_host\" tabindex=\"0\" title=\"Advertisement\" aria-label=\"Advertisement\">Jo\u0161 jedan fudbaler \u017delje, Rijad Baji\u0107, bio je u pro\u0161losti \u010dlan kolonije igra\u010da \u017deljezni\u010dara u Konyasporu.<\/p>\n<p tabindex=\"0\" title=\"Advertisement\" aria-label=\"Advertisement\">Trenutno je 2:1 za turski tim. Ikpeazu i Pavi\u010di\u0107 poga\u0111ali su u prvih 13 minuta, a Hajdarevi\u0107 je smanjio na 1:2 u 22. minutu. U toku su posljednje minute prvog poluvremena.<\/p>\n<div tabindex=\"0\" title=\"Advertisement\" aria-label=\"Advertisement\">\n<p>Ibrahim \u0160ehi\u0107 napustio je igru u 38. minuti i dobio velike ovacije na Grbavici.<\/p>\n<\/div>\n","protected":false},"excerpt":{"rendered":"<p>\u017deljezni\u010dar\u00a0i\u00a0Konyaspor\u00a0po\u010deli su prijateljsku utakmicu od 18 sati na Grabavici, a fudbaleri turskog superliga\u0161a iza\u0161li su&hellip;<\/p>\n","protected":false},"author":2,"featured_media":190770,"comment_status":"open","ping_status":"closed","sticky":false,"template":"","format":"standard","meta":{"_acf_changed":false,"footnotes":""},"categories":[291],"tags":[550,1944,915],"acf":[],"yoast_head":"<!-- This site is optimized with the Yoast SEO plugin v23.5 - https:\/\/yoast.com\/wordpress\/plugins\/seo\/ -->\n<title>Utakmica na Grbavici: Igra\u010di Konyaspora na teren istr\u010dali u majicama sa likom Alije Izetbegovi\u0107a - TuzlaInfo.ba<\/title>\n<meta name=\"robots\" content=\"index, follow, max-snippet:-1, max-image-preview:large, max-video-preview:-1\" \/>\n<link rel=\"canonical\" href=\"https:\/\/tuzlainfo.ba\/index.php\/bosna-i-hercegovina\/item\/190769-utakmica-na-grbavici-igraci-konyaspora-na-teren-istrcali-u-majicama-sa-likom-alije-izetbegovica\/\" \/>\n<meta property=\"og:locale\" content=\"bs_BA\" \/>\n<meta property=\"og:type\" content=\"article\" \/>\n<meta property=\"og:title\" content=\"Utakmica na Grbavici: Igra\u010di Konyaspora na teren istr\u010dali u majicama sa likom Alije Izetbegovi\u0107a - TuzlaInfo.ba\" \/>\n<meta property=\"og:description\" content=\"\u017deljezni\u010dar\u00a0i\u00a0Konyaspor\u00a0po\u010deli su prijateljsku utakmicu od 18 sati na Grabavici, a fudbaleri turskog superliga\u0161a iza\u0161li su&hellip;\" \/>\n<meta property=\"og:url\" content=\"https:\/\/tuzlainfo.ba\/index.php\/bosna-i-hercegovina\/item\/190769-utakmica-na-grbavici-igraci-konyaspora-na-teren-istrcali-u-majicama-sa-likom-alije-izetbegovica\/\" \/>\n<meta property=\"og:site_name\" content=\"TuzlaInfo.ba\" \/>\n<meta property=\"article:publisher\" content=\"https:\/\/www.facebook.com\/tuzlainfo.ba\/\" \/>\n<meta property=\"article:published_time\" content=\"2022-11-29T18:45:53+00:00\" \/>\n<meta property=\"og:image\" content=\"https:\/\/tuzlainfo.ba\/wp-content\/uploads\/2022\/11\/2911_konya.jpg\" \/>\n\t<meta property=\"og:image:width\" content=\"804\" \/>\n\t<meta property=\"og:image:height\" content=\"394\" \/>\n\t<meta property=\"og:image:type\" content=\"image\/jpeg\" \/>\n<meta name=\"author\" content=\"nedim\" \/>\n<meta name=\"twitter:card\" content=\"summary_large_image\" \/>\n<meta name=\"twitter:label1\" content=\"Written by\" \/>\n\t<meta name=\"twitter:data1\" content=\"nedim\" \/>\n\t<meta name=\"twitter:label2\" content=\"Est. reading time\" \/>\n\t<meta name=\"twitter:data2\" content=\"1 minuta\" \/>\n<script type=\"application\/ld+json\" class=\"yoast-schema-graph\">{\"@context\":\"https:\/\/schema.org\",\"@graph\":[{\"@type\":\"Article\",\"@id\":\"https:\/\/tuzlainfo.ba\/index.php\/bosna-i-hercegovina\/item\/190769-utakmica-na-grbavici-igraci-konyaspora-na-teren-istrcali-u-majicama-sa-likom-alije-izetbegovica\/#article\",\"isPartOf\":{\"@id\":\"https:\/\/tuzlainfo.ba\/index.php\/bosna-i-hercegovina\/item\/190769-utakmica-na-grbavici-igraci-konyaspora-na-teren-istrcali-u-majicama-sa-likom-alije-izetbegovica\/\"},\"author\":{\"name\":\"nedim\",\"@id\":\"https:\/\/tuzlainfo.ba\/#\/schema\/person\/f434e20dc27ea133923aab08451b7f7f\"},\"headline\":\"Utakmica na Grbavici: Igra\u010di Konyaspora na teren istr\u010dali u majicama sa likom Alije Izetbegovi\u0107a\",\"datePublished\":\"2022-11-29T18:45:53+00:00\",\"dateModified\":\"2022-11-29T18:45:53+00:00\",\"mainEntityOfPage\":{\"@id\":\"https:\/\/tuzlainfo.ba\/index.php\/bosna-i-hercegovina\/item\/190769-utakmica-na-grbavici-igraci-konyaspora-na-teren-istrcali-u-majicama-sa-likom-alije-izetbegovica\/\"},\"wordCount\":183,\"commentCount\":0,\"publisher\":{\"@id\":\"https:\/\/tuzlainfo.ba\/#organization\"},\"image\":{\"@id\":\"https:\/\/tuzlainfo.ba\/index.php\/bosna-i-hercegovina\/item\/190769-utakmica-na-grbavici-igraci-konyaspora-na-teren-istrcali-u-majicama-sa-likom-alije-izetbegovica\/#primaryimage\"},\"thumbnailUrl\":\"https:\/\/tuzlainfo.ba\/wp-content\/uploads\/2022\/11\/2911_konya.jpg\",\"keywords\":[\"alija izetbegovi\u0107\",\"fk \u017eeljezni\u010dar\",\"sport\"],\"articleSection\":[\"Bosna i Hercegovina\"],\"inLanguage\":\"bs-BA\"},{\"@type\":\"WebPage\",\"@id\":\"https:\/\/tuzlainfo.ba\/index.php\/bosna-i-hercegovina\/item\/190769-utakmica-na-grbavici-igraci-konyaspora-na-teren-istrcali-u-majicama-sa-likom-alije-izetbegovica\/\",\"url\":\"https:\/\/tuzlainfo.ba\/index.php\/bosna-i-hercegovina\/item\/190769-utakmica-na-grbavici-igraci-konyaspora-na-teren-istrcali-u-majicama-sa-likom-alije-izetbegovica\/\",\"name\":\"Utakmica na Grbavici: Igra\u010di Konyaspora na teren istr\u010dali u majicama sa likom Alije Izetbegovi\u0107a - TuzlaInfo.ba\",\"isPartOf\":{\"@id\":\"https:\/\/tuzlainfo.ba\/#website\"},\"primaryImageOfPage\":{\"@id\":\"https:\/\/tuzlainfo.ba\/index.php\/bosna-i-hercegovina\/item\/190769-utakmica-na-grbavici-igraci-konyaspora-na-teren-istrcali-u-majicama-sa-likom-alije-izetbegovica\/#primaryimage\"},\"image\":{\"@id\":\"https:\/\/tuzlainfo.ba\/index.php\/bosna-i-hercegovina\/item\/190769-utakmica-na-grbavici-igraci-konyaspora-na-teren-istrcali-u-majicama-sa-likom-alije-izetbegovica\/#primaryimage\"},\"thumbnailUrl\":\"https:\/\/tuzlainfo.ba\/wp-content\/uploads\/2022\/11\/2911_konya.jpg\",\"datePublished\":\"2022-11-29T18:45:53+00:00\",\"dateModified\":\"2022-11-29T18:45:53+00:00\",\"breadcrumb\":{\"@id\":\"https:\/\/tuzlainfo.ba\/index.php\/bosna-i-hercegovina\/item\/190769-utakmica-na-grbavici-igraci-konyaspora-na-teren-istrcali-u-majicama-sa-likom-alije-izetbegovica\/#breadcrumb\"},\"inLanguage\":\"bs-BA\",\"potentialAction\":[{\"@type\":\"ReadAction\",\"target\":[\"https:\/\/tuzlainfo.ba\/index.php\/bosna-i-hercegovina\/item\/190769-utakmica-na-grbavici-igraci-konyaspora-na-teren-istrcali-u-majicama-sa-likom-alije-izetbegovica\/\"]}]},{\"@type\":\"ImageObject\",\"inLanguage\":\"bs-BA\",\"@id\":\"https:\/\/tuzlainfo.ba\/index.php\/bosna-i-hercegovina\/item\/190769-utakmica-na-grbavici-igraci-konyaspora-na-teren-istrcali-u-majicama-sa-likom-alije-izetbegovica\/#primaryimage\",\"url\":\"https:\/\/tuzlainfo.ba\/wp-content\/uploads\/2022\/11\/2911_konya.jpg\",\"contentUrl\":\"https:\/\/tuzlainfo.ba\/wp-content\/uploads\/2022\/11\/2911_konya.jpg\",\"width\":804,\"height\":394},{\"@type\":\"BreadcrumbList\",\"@id\":\"https:\/\/tuzlainfo.ba\/index.php\/bosna-i-hercegovina\/item\/190769-utakmica-na-grbavici-igraci-konyaspora-na-teren-istrcali-u-majicama-sa-likom-alije-izetbegovica\/#breadcrumb\",\"itemListElement\":[{\"@type\":\"ListItem\",\"position\":1,\"name\":\"Home\",\"item\":\"https:\/\/tuzlainfo.ba\/\"},{\"@type\":\"ListItem\",\"position\":2,\"name\":\"Utakmica na Grbavici: Igra\u010di Konyaspora na teren istr\u010dali u majicama sa likom Alije Izetbegovi\u0107a\"}]},{\"@type\":\"WebSite\",\"@id\":\"https:\/\/tuzlainfo.ba\/#website\",\"url\":\"https:\/\/tuzlainfo.ba\/\",\"name\":\"TuzlaInfo.ba\",\"description\":\"Tuzla info, gradski informator - Tuzla na dlanu\",\"publisher\":{\"@id\":\"https:\/\/tuzlainfo.ba\/#organization\"},\"potentialAction\":[{\"@type\":\"SearchAction\",\"target\":{\"@type\":\"EntryPoint\",\"urlTemplate\":\"https:\/\/tuzlainfo.ba\/?s={search_term_string}\"},\"query-input\":{\"@type\":\"PropertyValueSpecification\",\"valueRequired\":true,\"valueName\":\"search_term_string\"}}],\"inLanguage\":\"bs-BA\"},{\"@type\":\"Organization\",\"@id\":\"https:\/\/tuzlainfo.ba\/#organization\",\"name\":\"TuzlaInfo.ba\",\"url\":\"https:\/\/tuzlainfo.ba\/\",\"logo\":{\"@type\":\"ImageObject\",\"inLanguage\":\"bs-BA\",\"@id\":\"https:\/\/tuzlainfo.ba\/#\/schema\/logo\/image\/\",\"url\":\"https:\/\/tuzlainfo.ba\/wp-content\/uploads\/2021\/03\/logo-ver-3-1.png\",\"contentUrl\":\"https:\/\/tuzlainfo.ba\/wp-content\/uploads\/2021\/03\/logo-ver-3-1.png\",\"width\":350,\"height\":95,\"caption\":\"TuzlaInfo.ba\"},\"image\":{\"@id\":\"https:\/\/tuzlainfo.ba\/#\/schema\/logo\/image\/\"},\"sameAs\":[\"https:\/\/www.facebook.com\/tuzlainfo.ba\/\"]},{\"@type\":\"Person\",\"@id\":\"https:\/\/tuzlainfo.ba\/#\/schema\/person\/f434e20dc27ea133923aab08451b7f7f\",\"name\":\"nedim\",\"image\":{\"@type\":\"ImageObject\",\"inLanguage\":\"bs-BA\",\"@id\":\"https:\/\/tuzlainfo.ba\/#\/schema\/person\/image\/\",\"url\":\"https:\/\/tuzlainfo.ba\/wp-content\/litespeed\/avatar\/aabad687af24844af817603ac1cbdc4f.jpg?ver=1776702173\",\"contentUrl\":\"https:\/\/tuzlainfo.ba\/wp-content\/litespeed\/avatar\/aabad687af24844af817603ac1cbdc4f.jpg?ver=1776702173\",\"caption\":\"nedim\"},\"description\":\"Tuzlainfo.ba pratite na dru\u0161tvenim mre\u017eama: Facebook, Instagram i Youtube. Svoje pri\u010de, upite i fotografije \u0161aljite na na\u0161u e-mail adresu.\"}]}<\/script>\n<!-- \/ Yoast SEO plugin. -->","yoast_head_json":{"title":"Utakmica na Grbavici: Igra\u010di Konyaspora na teren istr\u010dali u majicama sa likom Alije Izetbegovi\u0107a - TuzlaInfo.ba","robots":{"index":"index","follow":"follow","max-snippet":"max-snippet:-1","max-image-preview":"max-image-preview:large","max-video-preview":"max-video-preview:-1"},"canonical":"https:\/\/tuzlainfo.ba\/index.php\/bosna-i-hercegovina\/item\/190769-utakmica-na-grbavici-igraci-konyaspora-na-teren-istrcali-u-majicama-sa-likom-alije-izetbegovica\/","og_locale":"bs_BA","og_type":"article","og_title":"Utakmica na Grbavici: Igra\u010di Konyaspora na teren istr\u010dali u majicama sa likom Alije Izetbegovi\u0107a - TuzlaInfo.ba","og_description":"\u017deljezni\u010dar\u00a0i\u00a0Konyaspor\u00a0po\u010deli su prijateljsku utakmicu od 18 sati na Grabavici, a fudbaleri turskog superliga\u0161a iza\u0161li su&hellip;","og_url":"https:\/\/tuzlainfo.ba\/index.php\/bosna-i-hercegovina\/item\/190769-utakmica-na-grbavici-igraci-konyaspora-na-teren-istrcali-u-majicama-sa-likom-alije-izetbegovica\/","og_site_name":"TuzlaInfo.ba","article_publisher":"https:\/\/www.facebook.com\/tuzlainfo.ba\/","article_published_time":"2022-11-29T18:45:53+00:00","og_image":[{"width":804,"height":394,"url":"https:\/\/tuzlainfo.ba\/wp-content\/uploads\/2022\/11\/2911_konya.jpg","type":"image\/jpeg"}],"author":"nedim","twitter_card":"summary_large_image","twitter_misc":{"Written by":"nedim","Est. reading time":"1 minuta"},"schema":{"@context":"https:\/\/schema.org","@graph":[{"@type":"Article","@id":"https:\/\/tuzlainfo.ba\/index.php\/bosna-i-hercegovina\/item\/190769-utakmica-na-grbavici-igraci-konyaspora-na-teren-istrcali-u-majicama-sa-likom-alije-izetbegovica\/#article","isPartOf":{"@id":"https:\/\/tuzlainfo.ba\/index.php\/bosna-i-hercegovina\/item\/190769-utakmica-na-grbavici-igraci-konyaspora-na-teren-istrcali-u-majicama-sa-likom-alije-izetbegovica\/"},"author":{"name":"nedim","@id":"https:\/\/tuzlainfo.ba\/#\/schema\/person\/f434e20dc27ea133923aab08451b7f7f"},"headline":"Utakmica na Grbavici: Igra\u010di Konyaspora na teren istr\u010dali u majicama sa likom Alije Izetbegovi\u0107a","datePublished":"2022-11-29T18:45:53+00:00","dateModified":"2022-11-29T18:45:53+00:00","mainEntityOfPage":{"@id":"https:\/\/tuzlainfo.ba\/index.php\/bosna-i-hercegovina\/item\/190769-utakmica-na-grbavici-igraci-konyaspora-na-teren-istrcali-u-majicama-sa-likom-alije-izetbegovica\/"},"wordCount":183,"commentCount":0,"publisher":{"@id":"https:\/\/tuzlainfo.ba\/#organization"},"image":{"@id":"https:\/\/tuzlainfo.ba\/index.php\/bosna-i-hercegovina\/item\/190769-utakmica-na-grbavici-igraci-konyaspora-na-teren-istrcali-u-majicama-sa-likom-alije-izetbegovica\/#primaryimage"},"thumbnailUrl":"https:\/\/tuzlainfo.ba\/wp-content\/uploads\/2022\/11\/2911_konya.jpg","keywords":["alija izetbegovi\u0107","fk \u017eeljezni\u010dar","sport"],"articleSection":["Bosna i Hercegovina"],"inLanguage":"bs-BA"},{"@type":"WebPage","@id":"https:\/\/tuzlainfo.ba\/index.php\/bosna-i-hercegovina\/item\/190769-utakmica-na-grbavici-igraci-konyaspora-na-teren-istrcali-u-majicama-sa-likom-alije-izetbegovica\/","url":"https:\/\/tuzlainfo.ba\/index.php\/bosna-i-hercegovina\/item\/190769-utakmica-na-grbavici-igraci-konyaspora-na-teren-istrcali-u-majicama-sa-likom-alije-izetbegovica\/","name":"Utakmica na Grbavici: Igra\u010di Konyaspora na teren istr\u010dali u majicama sa likom Alije Izetbegovi\u0107a - TuzlaInfo.ba","isPartOf":{"@id":"https:\/\/tuzlainfo.ba\/#website"},"primaryImageOfPage":{"@id":"https:\/\/tuzlainfo.ba\/index.php\/bosna-i-hercegovina\/item\/190769-utakmica-na-grbavici-igraci-konyaspora-na-teren-istrcali-u-majicama-sa-likom-alije-izetbegovica\/#primaryimage"},"image":{"@id":"https:\/\/tuzlainfo.ba\/index.php\/bosna-i-hercegovina\/item\/190769-utakmica-na-grbavici-igraci-konyaspora-na-teren-istrcali-u-majicama-sa-likom-alije-izetbegovica\/#primaryimage"},"thumbnailUrl":"https:\/\/tuzlainfo.ba\/wp-content\/uploads\/2022\/11\/2911_konya.jpg","datePublished":"2022-11-29T18:45:53+00:00","dateModified":"2022-11-29T18:45:53+00:00","breadcrumb":{"@id":"https:\/\/tuzlainfo.ba\/index.php\/bosna-i-hercegovina\/item\/190769-utakmica-na-grbavici-igraci-konyaspora-na-teren-istrcali-u-majicama-sa-likom-alije-izetbegovica\/#breadcrumb"},"inLanguage":"bs-BA","potentialAction":[{"@type":"ReadAction","target":["https:\/\/tuzlainfo.ba\/index.php\/bosna-i-hercegovina\/item\/190769-utakmica-na-grbavici-igraci-konyaspora-na-teren-istrcali-u-majicama-sa-likom-alije-izetbegovica\/"]}]},{"@type":"ImageObject","inLanguage":"bs-BA","@id":"https:\/\/tuzlainfo.ba\/index.php\/bosna-i-hercegovina\/item\/190769-utakmica-na-grbavici-igraci-konyaspora-na-teren-istrcali-u-majicama-sa-likom-alije-izetbegovica\/#primaryimage","url":"https:\/\/tuzlainfo.ba\/wp-content\/uploads\/2022\/11\/2911_konya.jpg","contentUrl":"https:\/\/tuzlainfo.ba\/wp-content\/uploads\/2022\/11\/2911_konya.jpg","width":804,"height":394},{"@type":"BreadcrumbList","@id":"https:\/\/tuzlainfo.ba\/index.php\/bosna-i-hercegovina\/item\/190769-utakmica-na-grbavici-igraci-konyaspora-na-teren-istrcali-u-majicama-sa-likom-alije-izetbegovica\/#breadcrumb","itemListElement":[{"@type":"ListItem","position":1,"name":"Home","item":"https:\/\/tuzlainfo.ba\/"},{"@type":"ListItem","position":2,"name":"Utakmica na Grbavici: Igra\u010di Konyaspora na teren istr\u010dali u majicama sa likom Alije Izetbegovi\u0107a"}]},{"@type":"WebSite","@id":"https:\/\/tuzlainfo.ba\/#website","url":"https:\/\/tuzlainfo.ba\/","name":"TuzlaInfo.ba","description":"Tuzla info, gradski informator - Tuzla na dlanu","publisher":{"@id":"https:\/\/tuzlainfo.ba\/#organization"},"potentialAction":[{"@type":"SearchAction","target":{"@type":"EntryPoint","urlTemplate":"https:\/\/tuzlainfo.ba\/?s={search_term_string}"},"query-input":{"@type":"PropertyValueSpecification","valueRequired":true,"valueName":"search_term_string"}}],"inLanguage":"bs-BA"},{"@type":"Organization","@id":"https:\/\/tuzlainfo.ba\/#organization","name":"TuzlaInfo.ba","url":"https:\/\/tuzlainfo.ba\/","logo":{"@type":"ImageObject","inLanguage":"bs-BA","@id":"https:\/\/tuzlainfo.ba\/#\/schema\/logo\/image\/","url":"https:\/\/tuzlainfo.ba\/wp-content\/uploads\/2021\/03\/logo-ver-3-1.png","contentUrl":"https:\/\/tuzlainfo.ba\/wp-content\/uploads\/2021\/03\/logo-ver-3-1.png","width":350,"height":95,"caption":"TuzlaInfo.ba"},"image":{"@id":"https:\/\/tuzlainfo.ba\/#\/schema\/logo\/image\/"},"sameAs":["https:\/\/www.facebook.com\/tuzlainfo.ba\/"]},{"@type":"Person","@id":"https:\/\/tuzlainfo.ba\/#\/schema\/person\/f434e20dc27ea133923aab08451b7f7f","name":"nedim","image":{"@type":"ImageObject","inLanguage":"bs-BA","@id":"https:\/\/tuzlainfo.ba\/#\/schema\/person\/image\/","url":"https:\/\/tuzlainfo.ba\/wp-content\/litespeed\/avatar\/aabad687af24844af817603ac1cbdc4f.jpg?ver=1776702173","contentUrl":"https:\/\/tuzlainfo.ba\/wp-content\/litespeed\/avatar\/aabad687af24844af817603ac1cbdc4f.jpg?ver=1776702173","caption":"nedim"},"description":"Tuzlainfo.ba pratite na dru\u0161tvenim mre\u017eama: Facebook, Instagram i Youtube. Svoje pri\u010de, upite i fotografije \u0161aljite na na\u0161u e-mail adresu."}]}},"_links":{"self":[{"href":"https:\/\/tuzlainfo.ba\/index.php\/wp-json\/wp\/v2\/posts\/190769"}],"collection":[{"href":"https:\/\/tuzlainfo.ba\/index.php\/wp-json\/wp\/v2\/posts"}],"about":[{"href":"https:\/\/tuzlainfo.ba\/index.php\/wp-json\/wp\/v2\/types\/post"}],"author":[{"embeddable":true,"href":"https:\/\/tuzlainfo.ba\/index.php\/wp-json\/wp\/v2\/users\/2"}],"replies":[{"embeddable":true,"href":"https:\/\/tuzlainfo.ba\/index.php\/wp-json\/wp\/v2\/comments?post=190769"}],"version-history":[{"count":0,"href":"https:\/\/tuzlainfo.ba\/index.php\/wp-json\/wp\/v2\/posts\/190769\/revisions"}],"wp:featuredmedia":[{"embeddable":true,"href":"https:\/\/tuzlainfo.ba\/index.php\/wp-json\/wp\/v2\/media\/190770"}],"wp:attachment":[{"href":"https:\/\/tuzlainfo.ba\/index.php\/wp-json\/wp\/v2\/media?parent=190769"}],"wp:term":[{"taxonomy":"category","embeddable":true,"href":"https:\/\/tuzlainfo.ba\/index.php\/wp-json\/wp\/v2\/categories?post=190769"},{"taxonomy":"post_tag","embeddable":true,"href":"https:\/\/tuzlainfo.ba\/index.php\/wp-json\/wp\/v2\/tags?post=190769"}],"curies":[{"name":"wp","href":"https:\/\/api.w.org\/{rel}","templated":true}]}}