{"id":190662,"date":"2022-11-28T16:55:17","date_gmt":"2022-11-28T15:55:17","guid":{"rendered":"https:\/\/tuzlainfo.ba\/?p=190662"},"modified":"2022-11-28T16:55:17","modified_gmt":"2022-11-28T15:55:17","slug":"sastanak-sdp-a-i-opozicije-i-rs-u-nista-od-dogovora-o-cetvrtom-delegatu-u-domu-naroda","status":"publish","type":"post","link":"https:\/\/tuzlainfo.ba\/index.php\/uncategorized\/item\/190662-sastanak-sdp-a-i-opozicije-i-rs-u-nista-od-dogovora-o-cetvrtom-delegatu-u-domu-naroda\/","title":{"rendered":"Sastanak SDP-a i opozicije i RS-u: Ni\u0161ta od dogovora o \u010detvrtom delegatu u Domu naroda"},"content":{"rendered":"<p>Opozicija iz RS-a koju \u010dine predstavnici SDS-a, PDP-a i Neboj\u0161e Vukanovi\u0107a, odr\u017eala je danas sastanak sa rukovodstvom SDP-a, a nakon razgovora Milan Mili\u010devi\u0107 (SDS) je kazao kako danas nije postignut dogovor.<\/p>\n<p>Naime, SDP, ispred Pokreta za dr\u017eavu (stranke sa sjedi\u0161tem u FBiH koje djeluju u RS-u) pozvao je opozicione stranke iz entiteta Republika Srpska na razgovor kako bi poku\u0161ali posti\u0107i dogovor o glasanju na sjednici Narodne skup\u0161tine RS-a o delegatima u Klubu Srba u Parlamentu BiH.<\/p>\n<p>Nakon zavr\u0161enog sastanka, medijima se obratio Mili\u010devi\u0107 koji je kazao kako je razgovor tekao prijatno i otvoreno, ali da nije postignut dogovor o najva\u017enijoj temi koja je ujedno i primarni razlog zbog kojeg je sastanak i sazvan.<\/p>\n<p>&nbsp;<\/p>\n<p>&#8220;Nismo napravili nikakav dogovor, vrlo argumentovano, sa vrlo ozbiljnim namjerama smo vodili razgovor, ali nije postignut nikakav dogovor. Da li \u0107e do dogovora do\u0107i, znat \u0107e se u srijedu, ali nije bilo nikakvog uslovljanja, nikakvih ponuda na stolu, razgovor je tekao bez ucijenjivanja&#8221;, saop\u0107io je Mili\u010devi\u0107.<\/p>\n<p>Dodao je da je, pored diskusije o delegatima u Klubu Srba u Parlamentu BiH, bilo rije\u010di i o tome kako napraviti bolji \u017eivot u BiH. Dogovorili su se da je va\u017eno pobolj\u0161ati uslove za \u017eivot, a ne napraviti vlast po svaku cijenu.<\/p>\n<p>&nbsp;<\/p>\n<p>Mili\u010devi\u0107 dodaje kako su to teme poput ukidanja akciza na gorivo, izmjene Izbornog zakona, diferencirane stope PDV-a, itd. To su, ka\u017ee on, \u017eivotne teme, sve drugo ide usput.<\/p>\n<p>&nbsp;<\/p>\n<p>Nakon Mili\u010devi\u0107a, medijima se obratio i Branislav Borenovi\u0107 (PDP) koji je tako\u0111er rekao kako je dana\u0161nji sastanak sa rukovodstvom SDP-a bio jako koristan.<\/p>\n<p>Mislim da smo svjesni \u010dinjenice da sve treba u\u010diniti da Dodik ne dobije \u010detvrtog delegata u Domu naroda jer je to jedina mogu\u0107nost da uspijemo kao narod i dru\u0161tvo. Ta historijska \u0161ansa se ne smije propustiti. Ja mislim da se ne\u0107e dogoditi da Dodik dobije taj &#8216;kontrolni paket&#8217;. Ne\u0107emo da dozvoliti da stare vlasti tjeraju ljude iz ove zemlje&#8221;, kazao je Borenovi\u0107.<\/p>\n<p>&nbsp;<\/p>\n<p>Neboj\u0161a Vukanovi\u0107 nakon okon\u010danog sastanka sa ostalim predstavnicima opozicije u RS-u te \u010dlanova SDP-a, kazao je kako je on ovu priliku iskoristio da iznese stav da je me\u0111unarodna zajednica krivac za poziciju u kojoj se oni danas nalaze.<\/p>\n<p>&nbsp;<\/p>\n<p>Vukanovi\u0107 smatra da politika koju &#8220;vode&#8221; stranci pogodna za Milorada Dodika i da su zbog toga SNSD i HDZ u boljem polo\u017eaju.<\/p>\n<p>&nbsp;<\/p>\n<p>&#8220;Ovo je klju\u010dna sedmica, sedmice odluke, u kojoj \u0107e se odlu\u010diti da li \u0107e se ova zemlja stabilizovati&#8221;, zaklju\u010dio je Vukanovi\u0107, prenosi Klix.<\/p>\n","protected":false},"excerpt":{"rendered":"<p>Opozicija iz RS-a koju \u010dine predstavnici SDS-a, PDP-a i Neboj\u0161e Vukanovi\u0107a, odr\u017eala je danas sastanak sa rukovodstvom SDP-a, a nakon razgovora Milan Mili\u010devi\u0107 (SDS) je kazao kako danas nije postignut dogovor. Naime, SDP, ispred Pokreta za dr\u017eavu (stranke sa sjedi\u0161tem u FBiH koje djeluju u RS-u) pozvao je opozicione stranke iz entiteta Republika Srpska na [&hellip;]<\/p>\n","protected":false},"author":4,"featured_media":190663,"comment_status":"open","ping_status":"closed","sticky":false,"template":"","format":"standard","meta":{"footnotes":""},"categories":[291,1],"tags":[2476,1060],"class_list":["post-190662","post","type-post","status-publish","format-standard","has-post-thumbnail","hentry","category-bosna-i-hercegovina","category-uncategorized","tag-opozicija-rs","tag-sdp"],"yoast_head":"<!-- This site is optimized with the Yoast SEO plugin v28.3 - https:\/\/yoast.com\/product\/yoast-seo-wordpress\/ -->\n<title>Sastanak SDP-a i opozicije i RS-u: Ni\u0161ta od dogovora o \u010detvrtom delegatu u Domu naroda<\/title>\n<meta name=\"robots\" content=\"index, follow, max-snippet:-1, max-image-preview:large, max-video-preview:-1\" \/>\n<link rel=\"canonical\" href=\"https:\/\/tuzlainfo.ba\/index.php\/uncategorized\/item\/190662-sastanak-sdp-a-i-opozicije-i-rs-u-nista-od-dogovora-o-cetvrtom-delegatu-u-domu-naroda\/\" \/>\n<meta property=\"og:locale\" content=\"bs_BA\" \/>\n<meta property=\"og:type\" content=\"article\" \/>\n<meta property=\"og:title\" content=\"Sastanak SDP-a i opozicije i RS-u: Ni\u0161ta od dogovora o \u010detvrtom delegatu u Domu naroda\" \/>\n<meta property=\"og:description\" content=\"Opozicija iz RS-a koju \u010dine predstavnici SDS-a, PDP-a i Neboj\u0161e Vukanovi\u0107a, odr\u017eala je danas sastanak sa rukovodstvom SDP-a, a nakon razgovora Milan Mili\u010devi\u0107 (SDS) je kazao kako danas nije postignut dogovor. Naime, SDP, ispred Pokreta za dr\u017eavu (stranke sa sjedi\u0161tem u FBiH koje djeluju u RS-u) pozvao je opozicione stranke iz entiteta Republika Srpska na [&hellip;]\" \/>\n<meta property=\"og:url\" content=\"https:\/\/tuzlainfo.ba\/index.php\/uncategorized\/item\/190662-sastanak-sdp-a-i-opozicije-i-rs-u-nista-od-dogovora-o-cetvrtom-delegatu-u-domu-naroda\/\" \/>\n<meta property=\"og:site_name\" content=\"TuzlaInfo.ba\" \/>\n<meta property=\"article:publisher\" content=\"https:\/\/www.facebook.com\/tuzlainfo.ba\/\" \/>\n<meta property=\"article:published_time\" content=\"2022-11-28T15:55:17+00:00\" \/>\n<meta property=\"og:image\" content=\"https:\/\/tuzlainfo.ba\/wp-content\/uploads\/2022\/11\/inbound7973131640054061664.jpg\" \/>\n\t<meta property=\"og:image:width\" content=\"1080\" \/>\n\t<meta property=\"og:image:height\" content=\"726\" \/>\n\t<meta property=\"og:image:type\" content=\"image\/jpeg\" \/>\n<meta name=\"author\" content=\"Tuzla Info\" \/>\n<meta name=\"twitter:card\" content=\"summary_large_image\" \/>\n<meta name=\"twitter:label1\" content=\"Written by\" \/>\n\t<meta name=\"twitter:data1\" content=\"Tuzla Info\" \/>\n\t<meta name=\"twitter:label2\" content=\"Est. reading time\" \/>\n\t<meta name=\"twitter:data2\" content=\"2 minute\" \/>\n<script type=\"application\/ld+json\" class=\"yoast-schema-graph\">{\"@context\":\"https:\\\/\\\/schema.org\",\"@graph\":[{\"@type\":\"Article\",\"@id\":\"https:\\\/\\\/tuzlainfo.ba\\\/index.php\\\/uncategorized\\\/item\\\/190662-sastanak-sdp-a-i-opozicije-i-rs-u-nista-od-dogovora-o-cetvrtom-delegatu-u-domu-naroda\\\/#article\",\"isPartOf\":{\"@id\":\"https:\\\/\\\/tuzlainfo.ba\\\/index.php\\\/uncategorized\\\/item\\\/190662-sastanak-sdp-a-i-opozicije-i-rs-u-nista-od-dogovora-o-cetvrtom-delegatu-u-domu-naroda\\\/\"},\"author\":{\"name\":\"Tuzla Info\",\"@id\":\"https:\\\/\\\/tuzlainfo.ba\\\/#\\\/schema\\\/person\\\/46cad4c57790cbc50781edd14870825a\"},\"headline\":\"Sastanak SDP-a i opozicije i RS-u: Ni\u0161ta od dogovora o \u010detvrtom delegatu u Domu naroda\",\"datePublished\":\"2022-11-28T15:55:17+00:00\",\"mainEntityOfPage\":{\"@id\":\"https:\\\/\\\/tuzlainfo.ba\\\/index.php\\\/uncategorized\\\/item\\\/190662-sastanak-sdp-a-i-opozicije-i-rs-u-nista-od-dogovora-o-cetvrtom-delegatu-u-domu-naroda\\\/\"},\"wordCount\":455,\"commentCount\":0,\"publisher\":{\"@id\":\"https:\\\/\\\/tuzlainfo.ba\\\/#organization\"},\"image\":{\"@id\":\"https:\\\/\\\/tuzlainfo.ba\\\/index.php\\\/uncategorized\\\/item\\\/190662-sastanak-sdp-a-i-opozicije-i-rs-u-nista-od-dogovora-o-cetvrtom-delegatu-u-domu-naroda\\\/#primaryimage\"},\"thumbnailUrl\":\"https:\\\/\\\/tuzlainfo.ba\\\/wp-content\\\/uploads\\\/2022\\\/11\\\/inbound7973131640054061664.jpg\",\"keywords\":[\"opozicija rs\",\"SDP\"],\"articleSection\":[\"Bosna i Hercegovina\",\"Uncategorized\"],\"inLanguage\":\"bs-BA\",\"copyrightYear\":\"2022\",\"copyrightHolder\":{\"@id\":\"https:\\\/\\\/tuzlainfo.ba\\\/#organization\"}},{\"@type\":\"WebPage\",\"@id\":\"https:\\\/\\\/tuzlainfo.ba\\\/index.php\\\/uncategorized\\\/item\\\/190662-sastanak-sdp-a-i-opozicije-i-rs-u-nista-od-dogovora-o-cetvrtom-delegatu-u-domu-naroda\\\/\",\"url\":\"https:\\\/\\\/tuzlainfo.ba\\\/index.php\\\/uncategorized\\\/item\\\/190662-sastanak-sdp-a-i-opozicije-i-rs-u-nista-od-dogovora-o-cetvrtom-delegatu-u-domu-naroda\\\/\",\"name\":\"Sastanak SDP-a i opozicije i RS-u: Ni\u0161ta od dogovora o \u010detvrtom delegatu u Domu naroda\",\"isPartOf\":{\"@id\":\"https:\\\/\\\/tuzlainfo.ba\\\/#website\"},\"primaryImageOfPage\":{\"@id\":\"https:\\\/\\\/tuzlainfo.ba\\\/index.php\\\/uncategorized\\\/item\\\/190662-sastanak-sdp-a-i-opozicije-i-rs-u-nista-od-dogovora-o-cetvrtom-delegatu-u-domu-naroda\\\/#primaryimage\"},\"image\":{\"@id\":\"https:\\\/\\\/tuzlainfo.ba\\\/index.php\\\/uncategorized\\\/item\\\/190662-sastanak-sdp-a-i-opozicije-i-rs-u-nista-od-dogovora-o-cetvrtom-delegatu-u-domu-naroda\\\/#primaryimage\"},\"thumbnailUrl\":\"https:\\\/\\\/tuzlainfo.ba\\\/wp-content\\\/uploads\\\/2022\\\/11\\\/inbound7973131640054061664.jpg\",\"datePublished\":\"2022-11-28T15:55:17+00:00\",\"breadcrumb\":{\"@id\":\"https:\\\/\\\/tuzlainfo.ba\\\/index.php\\\/uncategorized\\\/item\\\/190662-sastanak-sdp-a-i-opozicije-i-rs-u-nista-od-dogovora-o-cetvrtom-delegatu-u-domu-naroda\\\/#breadcrumb\"},\"inLanguage\":\"bs-BA\",\"potentialAction\":[{\"@type\":\"ReadAction\",\"target\":[\"https:\\\/\\\/tuzlainfo.ba\\\/index.php\\\/uncategorized\\\/item\\\/190662-sastanak-sdp-a-i-opozicije-i-rs-u-nista-od-dogovora-o-cetvrtom-delegatu-u-domu-naroda\\\/\"]}]},{\"@type\":\"ImageObject\",\"inLanguage\":\"bs-BA\",\"@id\":\"https:\\\/\\\/tuzlainfo.ba\\\/index.php\\\/uncategorized\\\/item\\\/190662-sastanak-sdp-a-i-opozicije-i-rs-u-nista-od-dogovora-o-cetvrtom-delegatu-u-domu-naroda\\\/#primaryimage\",\"url\":\"https:\\\/\\\/tuzlainfo.ba\\\/wp-content\\\/uploads\\\/2022\\\/11\\\/inbound7973131640054061664.jpg\",\"contentUrl\":\"https:\\\/\\\/tuzlainfo.ba\\\/wp-content\\\/uploads\\\/2022\\\/11\\\/inbound7973131640054061664.jpg\",\"width\":1080,\"height\":726},{\"@type\":\"BreadcrumbList\",\"@id\":\"https:\\\/\\\/tuzlainfo.ba\\\/index.php\\\/uncategorized\\\/item\\\/190662-sastanak-sdp-a-i-opozicije-i-rs-u-nista-od-dogovora-o-cetvrtom-delegatu-u-domu-naroda\\\/#breadcrumb\",\"itemListElement\":[{\"@type\":\"ListItem\",\"position\":1,\"name\":\"Home\",\"item\":\"https:\\\/\\\/tuzlainfo.ba\\\/\"},{\"@type\":\"ListItem\",\"position\":2,\"name\":\"Sastanak SDP-a i opozicije i RS-u: Ni\u0161ta od dogovora o \u010detvrtom delegatu u Domu naroda\"}]},{\"@type\":\"WebSite\",\"@id\":\"https:\\\/\\\/tuzlainfo.ba\\\/#website\",\"url\":\"https:\\\/\\\/tuzlainfo.ba\\\/\",\"name\":\"TuzlaInfo.ba\",\"description\":\"Tuzla info, gradski informator - Tuzla na dlanu\",\"publisher\":{\"@id\":\"https:\\\/\\\/tuzlainfo.ba\\\/#organization\"},\"potentialAction\":[{\"@type\":\"SearchAction\",\"target\":{\"@type\":\"EntryPoint\",\"urlTemplate\":\"https:\\\/\\\/tuzlainfo.ba\\\/?s={search_term_string}\"},\"query-input\":{\"@type\":\"PropertyValueSpecification\",\"valueRequired\":true,\"valueName\":\"search_term_string\"}}],\"inLanguage\":\"bs-BA\"},{\"@type\":\"Organization\",\"@id\":\"https:\\\/\\\/tuzlainfo.ba\\\/#organization\",\"name\":\"TuzlaInfo.ba\",\"url\":\"https:\\\/\\\/tuzlainfo.ba\\\/\",\"logo\":{\"@type\":\"ImageObject\",\"inLanguage\":\"bs-BA\",\"@id\":\"https:\\\/\\\/tuzlainfo.ba\\\/#\\\/schema\\\/logo\\\/image\\\/\",\"url\":\"https:\\\/\\\/tuzlainfo.ba\\\/wp-content\\\/uploads\\\/2021\\\/03\\\/logo-ver-3-1.png\",\"contentUrl\":\"https:\\\/\\\/tuzlainfo.ba\\\/wp-content\\\/uploads\\\/2021\\\/03\\\/logo-ver-3-1.png\",\"width\":350,\"height\":95,\"caption\":\"TuzlaInfo.ba\"},\"image\":{\"@id\":\"https:\\\/\\\/tuzlainfo.ba\\\/#\\\/schema\\\/logo\\\/image\\\/\"},\"sameAs\":[\"https:\\\/\\\/www.facebook.com\\\/tuzlainfo.ba\\\/\"]},{\"@type\":\"Person\",\"@id\":\"https:\\\/\\\/tuzlainfo.ba\\\/#\\\/schema\\\/person\\\/46cad4c57790cbc50781edd14870825a\",\"name\":\"Tuzla Info\",\"image\":{\"@type\":\"ImageObject\",\"inLanguage\":\"bs-BA\",\"@id\":\"https:\\\/\\\/secure.gravatar.com\\\/avatar\\\/e980921b00fa2e552723a2386544734ce6885d2b2304ccca3f45186f9ca4031d?s=96&d=mm&r=g\",\"url\":\"https:\\\/\\\/secure.gravatar.com\\\/avatar\\\/e980921b00fa2e552723a2386544734ce6885d2b2304ccca3f45186f9ca4031d?s=96&d=mm&r=g\",\"contentUrl\":\"https:\\\/\\\/secure.gravatar.com\\\/avatar\\\/e980921b00fa2e552723a2386544734ce6885d2b2304ccca3f45186f9ca4031d?s=96&d=mm&r=g\",\"caption\":\"Tuzla Info\"}}]}<\/script>\n<!-- \/ Yoast SEO plugin. -->","yoast_head_json":{"title":"Sastanak SDP-a i opozicije i RS-u: Ni\u0161ta od dogovora o \u010detvrtom delegatu u Domu naroda","robots":{"index":"index","follow":"follow","max-snippet":"max-snippet:-1","max-image-preview":"max-image-preview:large","max-video-preview":"max-video-preview:-1"},"canonical":"https:\/\/tuzlainfo.ba\/index.php\/uncategorized\/item\/190662-sastanak-sdp-a-i-opozicije-i-rs-u-nista-od-dogovora-o-cetvrtom-delegatu-u-domu-naroda\/","og_locale":"bs_BA","og_type":"article","og_title":"Sastanak SDP-a i opozicije i RS-u: Ni\u0161ta od dogovora o \u010detvrtom delegatu u Domu naroda","og_description":"Opozicija iz RS-a koju \u010dine predstavnici SDS-a, PDP-a i Neboj\u0161e Vukanovi\u0107a, odr\u017eala je danas sastanak sa rukovodstvom SDP-a, a nakon razgovora Milan Mili\u010devi\u0107 (SDS) je kazao kako danas nije postignut dogovor. Naime, SDP, ispred Pokreta za dr\u017eavu (stranke sa sjedi\u0161tem u FBiH koje djeluju u RS-u) pozvao je opozicione stranke iz entiteta Republika Srpska na [&hellip;]","og_url":"https:\/\/tuzlainfo.ba\/index.php\/uncategorized\/item\/190662-sastanak-sdp-a-i-opozicije-i-rs-u-nista-od-dogovora-o-cetvrtom-delegatu-u-domu-naroda\/","og_site_name":"TuzlaInfo.ba","article_publisher":"https:\/\/www.facebook.com\/tuzlainfo.ba\/","article_published_time":"2022-11-28T15:55:17+00:00","og_image":[{"width":1080,"height":726,"url":"https:\/\/tuzlainfo.ba\/wp-content\/uploads\/2022\/11\/inbound7973131640054061664.jpg","type":"image\/jpeg"}],"author":"Tuzla Info","twitter_card":"summary_large_image","twitter_misc":{"Written by":"Tuzla Info","Est. reading time":"2 minute"},"schema":{"@context":"https:\/\/schema.org","@graph":[{"@type":"Article","@id":"https:\/\/tuzlainfo.ba\/index.php\/uncategorized\/item\/190662-sastanak-sdp-a-i-opozicije-i-rs-u-nista-od-dogovora-o-cetvrtom-delegatu-u-domu-naroda\/#article","isPartOf":{"@id":"https:\/\/tuzlainfo.ba\/index.php\/uncategorized\/item\/190662-sastanak-sdp-a-i-opozicije-i-rs-u-nista-od-dogovora-o-cetvrtom-delegatu-u-domu-naroda\/"},"author":{"name":"Tuzla Info","@id":"https:\/\/tuzlainfo.ba\/#\/schema\/person\/46cad4c57790cbc50781edd14870825a"},"headline":"Sastanak SDP-a i opozicije i RS-u: Ni\u0161ta od dogovora o \u010detvrtom delegatu u Domu naroda","datePublished":"2022-11-28T15:55:17+00:00","mainEntityOfPage":{"@id":"https:\/\/tuzlainfo.ba\/index.php\/uncategorized\/item\/190662-sastanak-sdp-a-i-opozicije-i-rs-u-nista-od-dogovora-o-cetvrtom-delegatu-u-domu-naroda\/"},"wordCount":455,"commentCount":0,"publisher":{"@id":"https:\/\/tuzlainfo.ba\/#organization"},"image":{"@id":"https:\/\/tuzlainfo.ba\/index.php\/uncategorized\/item\/190662-sastanak-sdp-a-i-opozicije-i-rs-u-nista-od-dogovora-o-cetvrtom-delegatu-u-domu-naroda\/#primaryimage"},"thumbnailUrl":"https:\/\/tuzlainfo.ba\/wp-content\/uploads\/2022\/11\/inbound7973131640054061664.jpg","keywords":["opozicija rs","SDP"],"articleSection":["Bosna i Hercegovina","Uncategorized"],"inLanguage":"bs-BA","copyrightYear":"2022","copyrightHolder":{"@id":"https:\/\/tuzlainfo.ba\/#organization"}},{"@type":"WebPage","@id":"https:\/\/tuzlainfo.ba\/index.php\/uncategorized\/item\/190662-sastanak-sdp-a-i-opozicije-i-rs-u-nista-od-dogovora-o-cetvrtom-delegatu-u-domu-naroda\/","url":"https:\/\/tuzlainfo.ba\/index.php\/uncategorized\/item\/190662-sastanak-sdp-a-i-opozicije-i-rs-u-nista-od-dogovora-o-cetvrtom-delegatu-u-domu-naroda\/","name":"Sastanak SDP-a i opozicije i RS-u: Ni\u0161ta od dogovora o \u010detvrtom delegatu u Domu naroda","isPartOf":{"@id":"https:\/\/tuzlainfo.ba\/#website"},"primaryImageOfPage":{"@id":"https:\/\/tuzlainfo.ba\/index.php\/uncategorized\/item\/190662-sastanak-sdp-a-i-opozicije-i-rs-u-nista-od-dogovora-o-cetvrtom-delegatu-u-domu-naroda\/#primaryimage"},"image":{"@id":"https:\/\/tuzlainfo.ba\/index.php\/uncategorized\/item\/190662-sastanak-sdp-a-i-opozicije-i-rs-u-nista-od-dogovora-o-cetvrtom-delegatu-u-domu-naroda\/#primaryimage"},"thumbnailUrl":"https:\/\/tuzlainfo.ba\/wp-content\/uploads\/2022\/11\/inbound7973131640054061664.jpg","datePublished":"2022-11-28T15:55:17+00:00","breadcrumb":{"@id":"https:\/\/tuzlainfo.ba\/index.php\/uncategorized\/item\/190662-sastanak-sdp-a-i-opozicije-i-rs-u-nista-od-dogovora-o-cetvrtom-delegatu-u-domu-naroda\/#breadcrumb"},"inLanguage":"bs-BA","potentialAction":[{"@type":"ReadAction","target":["https:\/\/tuzlainfo.ba\/index.php\/uncategorized\/item\/190662-sastanak-sdp-a-i-opozicije-i-rs-u-nista-od-dogovora-o-cetvrtom-delegatu-u-domu-naroda\/"]}]},{"@type":"ImageObject","inLanguage":"bs-BA","@id":"https:\/\/tuzlainfo.ba\/index.php\/uncategorized\/item\/190662-sastanak-sdp-a-i-opozicije-i-rs-u-nista-od-dogovora-o-cetvrtom-delegatu-u-domu-naroda\/#primaryimage","url":"https:\/\/tuzlainfo.ba\/wp-content\/uploads\/2022\/11\/inbound7973131640054061664.jpg","contentUrl":"https:\/\/tuzlainfo.ba\/wp-content\/uploads\/2022\/11\/inbound7973131640054061664.jpg","width":1080,"height":726},{"@type":"BreadcrumbList","@id":"https:\/\/tuzlainfo.ba\/index.php\/uncategorized\/item\/190662-sastanak-sdp-a-i-opozicije-i-rs-u-nista-od-dogovora-o-cetvrtom-delegatu-u-domu-naroda\/#breadcrumb","itemListElement":[{"@type":"ListItem","position":1,"name":"Home","item":"https:\/\/tuzlainfo.ba\/"},{"@type":"ListItem","position":2,"name":"Sastanak SDP-a i opozicije i RS-u: Ni\u0161ta od dogovora o \u010detvrtom delegatu u Domu naroda"}]},{"@type":"WebSite","@id":"https:\/\/tuzlainfo.ba\/#website","url":"https:\/\/tuzlainfo.ba\/","name":"TuzlaInfo.ba","description":"Tuzla info, gradski informator - Tuzla na dlanu","publisher":{"@id":"https:\/\/tuzlainfo.ba\/#organization"},"potentialAction":[{"@type":"SearchAction","target":{"@type":"EntryPoint","urlTemplate":"https:\/\/tuzlainfo.ba\/?s={search_term_string}"},"query-input":{"@type":"PropertyValueSpecification","valueRequired":true,"valueName":"search_term_string"}}],"inLanguage":"bs-BA"},{"@type":"Organization","@id":"https:\/\/tuzlainfo.ba\/#organization","name":"TuzlaInfo.ba","url":"https:\/\/tuzlainfo.ba\/","logo":{"@type":"ImageObject","inLanguage":"bs-BA","@id":"https:\/\/tuzlainfo.ba\/#\/schema\/logo\/image\/","url":"https:\/\/tuzlainfo.ba\/wp-content\/uploads\/2021\/03\/logo-ver-3-1.png","contentUrl":"https:\/\/tuzlainfo.ba\/wp-content\/uploads\/2021\/03\/logo-ver-3-1.png","width":350,"height":95,"caption":"TuzlaInfo.ba"},"image":{"@id":"https:\/\/tuzlainfo.ba\/#\/schema\/logo\/image\/"},"sameAs":["https:\/\/www.facebook.com\/tuzlainfo.ba\/"]},{"@type":"Person","@id":"https:\/\/tuzlainfo.ba\/#\/schema\/person\/46cad4c57790cbc50781edd14870825a","name":"Tuzla Info","image":{"@type":"ImageObject","inLanguage":"bs-BA","@id":"https:\/\/secure.gravatar.com\/avatar\/e980921b00fa2e552723a2386544734ce6885d2b2304ccca3f45186f9ca4031d?s=96&d=mm&r=g","url":"https:\/\/secure.gravatar.com\/avatar\/e980921b00fa2e552723a2386544734ce6885d2b2304ccca3f45186f9ca4031d?s=96&d=mm&r=g","contentUrl":"https:\/\/secure.gravatar.com\/avatar\/e980921b00fa2e552723a2386544734ce6885d2b2304ccca3f45186f9ca4031d?s=96&d=mm&r=g","caption":"Tuzla Info"}}]}},"_links":{"self":[{"href":"https:\/\/tuzlainfo.ba\/index.php\/wp-json\/wp\/v2\/posts\/190662","targetHints":{"allow":["GET"]}}],"collection":[{"href":"https:\/\/tuzlainfo.ba\/index.php\/wp-json\/wp\/v2\/posts"}],"about":[{"href":"https:\/\/tuzlainfo.ba\/index.php\/wp-json\/wp\/v2\/types\/post"}],"author":[{"embeddable":true,"href":"https:\/\/tuzlainfo.ba\/index.php\/wp-json\/wp\/v2\/users\/4"}],"replies":[{"embeddable":true,"href":"https:\/\/tuzlainfo.ba\/index.php\/wp-json\/wp\/v2\/comments?post=190662"}],"version-history":[{"count":0,"href":"https:\/\/tuzlainfo.ba\/index.php\/wp-json\/wp\/v2\/posts\/190662\/revisions"}],"wp:featuredmedia":[{"embeddable":true,"href":"https:\/\/tuzlainfo.ba\/index.php\/wp-json\/wp\/v2\/media\/190663"}],"wp:attachment":[{"href":"https:\/\/tuzlainfo.ba\/index.php\/wp-json\/wp\/v2\/media?parent=190662"}],"wp:term":[{"taxonomy":"category","embeddable":true,"href":"https:\/\/tuzlainfo.ba\/index.php\/wp-json\/wp\/v2\/categories?post=190662"},{"taxonomy":"post_tag","embeddable":true,"href":"https:\/\/tuzlainfo.ba\/index.php\/wp-json\/wp\/v2\/tags?post=190662"}],"curies":[{"name":"wp","href":"https:\/\/api.w.org\/{rel}","templated":true}]}}