{"id":190583,"date":"2022-11-27T17:24:47","date_gmt":"2022-11-27T16:24:47","guid":{"rendered":"https:\/\/tuzlainfo.ba\/?p=190583"},"modified":"2022-11-27T17:24:47","modified_gmt":"2022-11-27T16:24:47","slug":"fifa-pokrenula-postupak-protiv-srbije-dacic-reagovao-kako-ih-nije-sramota-misle-da-smo-glupi","status":"publish","type":"post","link":"https:\/\/tuzlainfo.ba\/index.php\/clanci\/sa-svih-strana\/item\/190583-fifa-pokrenula-postupak-protiv-srbije-dacic-reagovao-kako-ih-nije-sramota-misle-da-smo-glupi\/","title":{"rendered":"FIFA pokrenula postupak protiv Srbije, Da\u010di\u0107 reagovao: &#8220;Kako ih nije sramota, misle da smo glupi&#8221;"},"content":{"rendered":"<p>Ministar spoljnih poslova Srbije Ivica Da\u010di\u0107 istakao je da je licemjerno pokretanje postupka Me\u0111unarodne fudbalske federacije \/Fifa\/ protiv Fudbalskog saveza Srbije zbog isticanja zastave u svla\u010dionici reprezentacije, jer UN nisu priznale Kosovo, te da je rije\u010d o dvostrukim ar\u0161inima.<\/p>\n<p>&#8220;Mi ne mo\u017eemo tu sada kao dr\u017eava da reagujemo, zato \u0161to su to sportske organizacije. Ali, to pokazuje kako je veliko licemerje. \u0408e l&#8217; zamislite sada da je Ukrajina tu? I da ona ka\u017ee, Krim je Ukrajina, nema predaje&#8221;, rekao je Da\u010di\u0107.<\/p>\n<p>On je upitao da li bi u tom slu\u010daju neko izbacio Ukrajinu, da li bi neko kaznio Ukrajinu.<\/p>\n<p>&#8220;Kako ih nije sramota? \u010cekaj, jel oni stvarno misle da smo mi svi glupi i da mi svi ne razumijemo o \u010demu je rije\u010d&#8221;, izjavio je Da\u010di\u0107 za TV Prva.<\/p>\n<p>On je dodao da vjerovatno tu postoje neke procedure i da ne zna kakva kazna mo\u017ee da bude.<\/p>\n<p>&#8220;Nov\u010dana, vjerovatno. To je licemerno. \u0408e l&#8217; Kosovo progla\u0161eno za dr\u017eavu? To \u0161to je primljeno u Fifa ne zna\u010di ni\u0161ta. Tamo ima i \u010dlanica regionalnog karaktera. Ovdje UN nisu priznale Kosovo. Ta zastava govori o fudbalu da nema predaje, ja sam je tako razumio&#8221;, naglasio je Da\u010di\u0107.<\/p>\n<p>Fifa je pokrenula postupak protiv Fudbalskog saveza Srbije zbog isticanja zastave na kojoj je dr\u017eava Kosov prikazano kao dio Srbije u svla\u010dionici u vrijeme odigravanja utakmice protiv Brazila na Svjetskom prvenstvu u Kataru.<\/p>\n<p>Slika zastave sa porukom &#8220;Nema predaje&#8221; na srpskom jeziku postala je viralna na dru\u0161tvenim mre\u017eama kada ju je podijelila Hajrula \u010ceku, ministar kulture, omladine i sporta Kosova.<\/p>\n","protected":false},"excerpt":{"rendered":"<p>Ministar spoljnih poslova Srbije Ivica Da\u010di\u0107 istakao je da je licemjerno pokretanje postupka Me\u0111unarodne fudbalske&hellip;<\/p>\n","protected":false},"author":2,"featured_media":190584,"comment_status":"open","ping_status":"closed","sticky":false,"template":"","format":"standard","meta":{"_acf_changed":false,"footnotes":""},"categories":[16],"tags":[5746,368],"acf":[],"yoast_head":"<!-- This site is optimized with the Yoast SEO plugin v23.5 - https:\/\/yoast.com\/wordpress\/plugins\/seo\/ -->\n<title>FIFA pokrenula postupak protiv Srbije, Da\u010di\u0107 reagovao: &quot;Kako ih nije sramota, misle da smo glupi&quot; - TuzlaInfo.ba<\/title>\n<meta name=\"robots\" content=\"index, follow, max-snippet:-1, max-image-preview:large, max-video-preview:-1\" \/>\n<link rel=\"canonical\" href=\"https:\/\/tuzlainfo.ba\/index.php\/clanci\/sa-svih-strana\/item\/190583-fifa-pokrenula-postupak-protiv-srbije-dacic-reagovao-kako-ih-nije-sramota-misle-da-smo-glupi\/\" \/>\n<meta property=\"og:locale\" content=\"bs_BA\" \/>\n<meta property=\"og:type\" content=\"article\" \/>\n<meta property=\"og:title\" content=\"FIFA pokrenula postupak protiv Srbije, Da\u010di\u0107 reagovao: &quot;Kako ih nije sramota, misle da smo glupi&quot; - TuzlaInfo.ba\" \/>\n<meta property=\"og:description\" content=\"Ministar spoljnih poslova Srbije Ivica Da\u010di\u0107 istakao je da je licemjerno pokretanje postupka Me\u0111unarodne fudbalske&hellip;\" \/>\n<meta property=\"og:url\" content=\"https:\/\/tuzlainfo.ba\/index.php\/clanci\/sa-svih-strana\/item\/190583-fifa-pokrenula-postupak-protiv-srbije-dacic-reagovao-kako-ih-nije-sramota-misle-da-smo-glupi\/\" \/>\n<meta property=\"og:site_name\" content=\"TuzlaInfo.ba\" \/>\n<meta property=\"article:publisher\" content=\"https:\/\/www.facebook.com\/tuzlainfo.ba\/\" \/>\n<meta property=\"article:published_time\" content=\"2022-11-27T16:24:47+00:00\" \/>\n<meta property=\"og:image\" content=\"https:\/\/tuzlainfo.ba\/wp-content\/uploads\/2022\/11\/2711_zastav_kos.jpg\" \/>\n\t<meta property=\"og:image:width\" content=\"800\" \/>\n\t<meta property=\"og:image:height\" content=\"540\" \/>\n\t<meta property=\"og:image:type\" content=\"image\/jpeg\" \/>\n<meta name=\"author\" content=\"nedim\" \/>\n<meta name=\"twitter:card\" content=\"summary_large_image\" \/>\n<meta name=\"twitter:label1\" content=\"Written by\" \/>\n\t<meta name=\"twitter:data1\" content=\"nedim\" \/>\n\t<meta name=\"twitter:label2\" content=\"Est. reading time\" \/>\n\t<meta name=\"twitter:data2\" content=\"1 minuta\" \/>\n<script type=\"application\/ld+json\" class=\"yoast-schema-graph\">{\"@context\":\"https:\/\/schema.org\",\"@graph\":[{\"@type\":\"Article\",\"@id\":\"https:\/\/tuzlainfo.ba\/index.php\/clanci\/sa-svih-strana\/item\/190583-fifa-pokrenula-postupak-protiv-srbije-dacic-reagovao-kako-ih-nije-sramota-misle-da-smo-glupi\/#article\",\"isPartOf\":{\"@id\":\"https:\/\/tuzlainfo.ba\/index.php\/clanci\/sa-svih-strana\/item\/190583-fifa-pokrenula-postupak-protiv-srbije-dacic-reagovao-kako-ih-nije-sramota-misle-da-smo-glupi\/\"},\"author\":{\"name\":\"nedim\",\"@id\":\"https:\/\/tuzlainfo.ba\/#\/schema\/person\/f434e20dc27ea133923aab08451b7f7f\"},\"headline\":\"FIFA pokrenula postupak protiv Srbije, Da\u010di\u0107 reagovao: &#8220;Kako ih nije sramota, misle da smo glupi&#8221;\",\"datePublished\":\"2022-11-27T16:24:47+00:00\",\"dateModified\":\"2022-11-27T16:24:47+00:00\",\"mainEntityOfPage\":{\"@id\":\"https:\/\/tuzlainfo.ba\/index.php\/clanci\/sa-svih-strana\/item\/190583-fifa-pokrenula-postupak-protiv-srbije-dacic-reagovao-kako-ih-nije-sramota-misle-da-smo-glupi\/\"},\"wordCount\":291,\"commentCount\":0,\"publisher\":{\"@id\":\"https:\/\/tuzlainfo.ba\/#organization\"},\"image\":{\"@id\":\"https:\/\/tuzlainfo.ba\/index.php\/clanci\/sa-svih-strana\/item\/190583-fifa-pokrenula-postupak-protiv-srbije-dacic-reagovao-kako-ih-nije-sramota-misle-da-smo-glupi\/#primaryimage\"},\"thumbnailUrl\":\"https:\/\/tuzlainfo.ba\/wp-content\/uploads\/2022\/11\/2711_zastav_kos.jpg\",\"keywords\":[\"fifa\",\"ivica da\u010di\u0107\"],\"articleSection\":[\"Sa svih strana\"],\"inLanguage\":\"bs-BA\"},{\"@type\":\"WebPage\",\"@id\":\"https:\/\/tuzlainfo.ba\/index.php\/clanci\/sa-svih-strana\/item\/190583-fifa-pokrenula-postupak-protiv-srbije-dacic-reagovao-kako-ih-nije-sramota-misle-da-smo-glupi\/\",\"url\":\"https:\/\/tuzlainfo.ba\/index.php\/clanci\/sa-svih-strana\/item\/190583-fifa-pokrenula-postupak-protiv-srbije-dacic-reagovao-kako-ih-nije-sramota-misle-da-smo-glupi\/\",\"name\":\"FIFA pokrenula postupak protiv Srbije, Da\u010di\u0107 reagovao: \\\"Kako ih nije sramota, misle da smo glupi\\\" - TuzlaInfo.ba\",\"isPartOf\":{\"@id\":\"https:\/\/tuzlainfo.ba\/#website\"},\"primaryImageOfPage\":{\"@id\":\"https:\/\/tuzlainfo.ba\/index.php\/clanci\/sa-svih-strana\/item\/190583-fifa-pokrenula-postupak-protiv-srbije-dacic-reagovao-kako-ih-nije-sramota-misle-da-smo-glupi\/#primaryimage\"},\"image\":{\"@id\":\"https:\/\/tuzlainfo.ba\/index.php\/clanci\/sa-svih-strana\/item\/190583-fifa-pokrenula-postupak-protiv-srbije-dacic-reagovao-kako-ih-nije-sramota-misle-da-smo-glupi\/#primaryimage\"},\"thumbnailUrl\":\"https:\/\/tuzlainfo.ba\/wp-content\/uploads\/2022\/11\/2711_zastav_kos.jpg\",\"datePublished\":\"2022-11-27T16:24:47+00:00\",\"dateModified\":\"2022-11-27T16:24:47+00:00\",\"breadcrumb\":{\"@id\":\"https:\/\/tuzlainfo.ba\/index.php\/clanci\/sa-svih-strana\/item\/190583-fifa-pokrenula-postupak-protiv-srbije-dacic-reagovao-kako-ih-nije-sramota-misle-da-smo-glupi\/#breadcrumb\"},\"inLanguage\":\"bs-BA\",\"potentialAction\":[{\"@type\":\"ReadAction\",\"target\":[\"https:\/\/tuzlainfo.ba\/index.php\/clanci\/sa-svih-strana\/item\/190583-fifa-pokrenula-postupak-protiv-srbije-dacic-reagovao-kako-ih-nije-sramota-misle-da-smo-glupi\/\"]}]},{\"@type\":\"ImageObject\",\"inLanguage\":\"bs-BA\",\"@id\":\"https:\/\/tuzlainfo.ba\/index.php\/clanci\/sa-svih-strana\/item\/190583-fifa-pokrenula-postupak-protiv-srbije-dacic-reagovao-kako-ih-nije-sramota-misle-da-smo-glupi\/#primaryimage\",\"url\":\"https:\/\/tuzlainfo.ba\/wp-content\/uploads\/2022\/11\/2711_zastav_kos.jpg\",\"contentUrl\":\"https:\/\/tuzlainfo.ba\/wp-content\/uploads\/2022\/11\/2711_zastav_kos.jpg\",\"width\":800,\"height\":540},{\"@type\":\"BreadcrumbList\",\"@id\":\"https:\/\/tuzlainfo.ba\/index.php\/clanci\/sa-svih-strana\/item\/190583-fifa-pokrenula-postupak-protiv-srbije-dacic-reagovao-kako-ih-nije-sramota-misle-da-smo-glupi\/#breadcrumb\",\"itemListElement\":[{\"@type\":\"ListItem\",\"position\":1,\"name\":\"Home\",\"item\":\"https:\/\/tuzlainfo.ba\/\"},{\"@type\":\"ListItem\",\"position\":2,\"name\":\"FIFA pokrenula postupak protiv Srbije, Da\u010di\u0107 reagovao: &#8220;Kako ih nije sramota, misle da smo glupi&#8221;\"}]},{\"@type\":\"WebSite\",\"@id\":\"https:\/\/tuzlainfo.ba\/#website\",\"url\":\"https:\/\/tuzlainfo.ba\/\",\"name\":\"TuzlaInfo.ba\",\"description\":\"Tuzla info, gradski informator - Tuzla na dlanu\",\"publisher\":{\"@id\":\"https:\/\/tuzlainfo.ba\/#organization\"},\"potentialAction\":[{\"@type\":\"SearchAction\",\"target\":{\"@type\":\"EntryPoint\",\"urlTemplate\":\"https:\/\/tuzlainfo.ba\/?s={search_term_string}\"},\"query-input\":{\"@type\":\"PropertyValueSpecification\",\"valueRequired\":true,\"valueName\":\"search_term_string\"}}],\"inLanguage\":\"bs-BA\"},{\"@type\":\"Organization\",\"@id\":\"https:\/\/tuzlainfo.ba\/#organization\",\"name\":\"TuzlaInfo.ba\",\"url\":\"https:\/\/tuzlainfo.ba\/\",\"logo\":{\"@type\":\"ImageObject\",\"inLanguage\":\"bs-BA\",\"@id\":\"https:\/\/tuzlainfo.ba\/#\/schema\/logo\/image\/\",\"url\":\"https:\/\/tuzlainfo.ba\/wp-content\/uploads\/2021\/03\/logo-ver-3-1.png\",\"contentUrl\":\"https:\/\/tuzlainfo.ba\/wp-content\/uploads\/2021\/03\/logo-ver-3-1.png\",\"width\":350,\"height\":95,\"caption\":\"TuzlaInfo.ba\"},\"image\":{\"@id\":\"https:\/\/tuzlainfo.ba\/#\/schema\/logo\/image\/\"},\"sameAs\":[\"https:\/\/www.facebook.com\/tuzlainfo.ba\/\"]},{\"@type\":\"Person\",\"@id\":\"https:\/\/tuzlainfo.ba\/#\/schema\/person\/f434e20dc27ea133923aab08451b7f7f\",\"name\":\"nedim\",\"image\":{\"@type\":\"ImageObject\",\"inLanguage\":\"bs-BA\",\"@id\":\"https:\/\/tuzlainfo.ba\/#\/schema\/person\/image\/\",\"url\":\"https:\/\/tuzlainfo.ba\/wp-content\/litespeed\/avatar\/aabad687af24844af817603ac1cbdc4f.jpg?ver=1777306975\",\"contentUrl\":\"https:\/\/tuzlainfo.ba\/wp-content\/litespeed\/avatar\/aabad687af24844af817603ac1cbdc4f.jpg?ver=1777306975\",\"caption\":\"nedim\"},\"description\":\"Tuzlainfo.ba pratite na dru\u0161tvenim mre\u017eama: Facebook, Instagram i Youtube. Svoje pri\u010de, upite i fotografije \u0161aljite na na\u0161u e-mail adresu.\"}]}<\/script>\n<!-- \/ Yoast SEO plugin. -->","yoast_head_json":{"title":"FIFA pokrenula postupak protiv Srbije, Da\u010di\u0107 reagovao: \"Kako ih nije sramota, misle da smo glupi\" - TuzlaInfo.ba","robots":{"index":"index","follow":"follow","max-snippet":"max-snippet:-1","max-image-preview":"max-image-preview:large","max-video-preview":"max-video-preview:-1"},"canonical":"https:\/\/tuzlainfo.ba\/index.php\/clanci\/sa-svih-strana\/item\/190583-fifa-pokrenula-postupak-protiv-srbije-dacic-reagovao-kako-ih-nije-sramota-misle-da-smo-glupi\/","og_locale":"bs_BA","og_type":"article","og_title":"FIFA pokrenula postupak protiv Srbije, Da\u010di\u0107 reagovao: \"Kako ih nije sramota, misle da smo glupi\" - TuzlaInfo.ba","og_description":"Ministar spoljnih poslova Srbije Ivica Da\u010di\u0107 istakao je da je licemjerno pokretanje postupka Me\u0111unarodne fudbalske&hellip;","og_url":"https:\/\/tuzlainfo.ba\/index.php\/clanci\/sa-svih-strana\/item\/190583-fifa-pokrenula-postupak-protiv-srbije-dacic-reagovao-kako-ih-nije-sramota-misle-da-smo-glupi\/","og_site_name":"TuzlaInfo.ba","article_publisher":"https:\/\/www.facebook.com\/tuzlainfo.ba\/","article_published_time":"2022-11-27T16:24:47+00:00","og_image":[{"width":800,"height":540,"url":"https:\/\/tuzlainfo.ba\/wp-content\/uploads\/2022\/11\/2711_zastav_kos.jpg","type":"image\/jpeg"}],"author":"nedim","twitter_card":"summary_large_image","twitter_misc":{"Written by":"nedim","Est. reading time":"1 minuta"},"schema":{"@context":"https:\/\/schema.org","@graph":[{"@type":"Article","@id":"https:\/\/tuzlainfo.ba\/index.php\/clanci\/sa-svih-strana\/item\/190583-fifa-pokrenula-postupak-protiv-srbije-dacic-reagovao-kako-ih-nije-sramota-misle-da-smo-glupi\/#article","isPartOf":{"@id":"https:\/\/tuzlainfo.ba\/index.php\/clanci\/sa-svih-strana\/item\/190583-fifa-pokrenula-postupak-protiv-srbije-dacic-reagovao-kako-ih-nije-sramota-misle-da-smo-glupi\/"},"author":{"name":"nedim","@id":"https:\/\/tuzlainfo.ba\/#\/schema\/person\/f434e20dc27ea133923aab08451b7f7f"},"headline":"FIFA pokrenula postupak protiv Srbije, Da\u010di\u0107 reagovao: &#8220;Kako ih nije sramota, misle da smo glupi&#8221;","datePublished":"2022-11-27T16:24:47+00:00","dateModified":"2022-11-27T16:24:47+00:00","mainEntityOfPage":{"@id":"https:\/\/tuzlainfo.ba\/index.php\/clanci\/sa-svih-strana\/item\/190583-fifa-pokrenula-postupak-protiv-srbije-dacic-reagovao-kako-ih-nije-sramota-misle-da-smo-glupi\/"},"wordCount":291,"commentCount":0,"publisher":{"@id":"https:\/\/tuzlainfo.ba\/#organization"},"image":{"@id":"https:\/\/tuzlainfo.ba\/index.php\/clanci\/sa-svih-strana\/item\/190583-fifa-pokrenula-postupak-protiv-srbije-dacic-reagovao-kako-ih-nije-sramota-misle-da-smo-glupi\/#primaryimage"},"thumbnailUrl":"https:\/\/tuzlainfo.ba\/wp-content\/uploads\/2022\/11\/2711_zastav_kos.jpg","keywords":["fifa","ivica da\u010di\u0107"],"articleSection":["Sa svih strana"],"inLanguage":"bs-BA"},{"@type":"WebPage","@id":"https:\/\/tuzlainfo.ba\/index.php\/clanci\/sa-svih-strana\/item\/190583-fifa-pokrenula-postupak-protiv-srbije-dacic-reagovao-kako-ih-nije-sramota-misle-da-smo-glupi\/","url":"https:\/\/tuzlainfo.ba\/index.php\/clanci\/sa-svih-strana\/item\/190583-fifa-pokrenula-postupak-protiv-srbije-dacic-reagovao-kako-ih-nije-sramota-misle-da-smo-glupi\/","name":"FIFA pokrenula postupak protiv Srbije, Da\u010di\u0107 reagovao: \"Kako ih nije sramota, misle da smo glupi\" - TuzlaInfo.ba","isPartOf":{"@id":"https:\/\/tuzlainfo.ba\/#website"},"primaryImageOfPage":{"@id":"https:\/\/tuzlainfo.ba\/index.php\/clanci\/sa-svih-strana\/item\/190583-fifa-pokrenula-postupak-protiv-srbije-dacic-reagovao-kako-ih-nije-sramota-misle-da-smo-glupi\/#primaryimage"},"image":{"@id":"https:\/\/tuzlainfo.ba\/index.php\/clanci\/sa-svih-strana\/item\/190583-fifa-pokrenula-postupak-protiv-srbije-dacic-reagovao-kako-ih-nije-sramota-misle-da-smo-glupi\/#primaryimage"},"thumbnailUrl":"https:\/\/tuzlainfo.ba\/wp-content\/uploads\/2022\/11\/2711_zastav_kos.jpg","datePublished":"2022-11-27T16:24:47+00:00","dateModified":"2022-11-27T16:24:47+00:00","breadcrumb":{"@id":"https:\/\/tuzlainfo.ba\/index.php\/clanci\/sa-svih-strana\/item\/190583-fifa-pokrenula-postupak-protiv-srbije-dacic-reagovao-kako-ih-nije-sramota-misle-da-smo-glupi\/#breadcrumb"},"inLanguage":"bs-BA","potentialAction":[{"@type":"ReadAction","target":["https:\/\/tuzlainfo.ba\/index.php\/clanci\/sa-svih-strana\/item\/190583-fifa-pokrenula-postupak-protiv-srbije-dacic-reagovao-kako-ih-nije-sramota-misle-da-smo-glupi\/"]}]},{"@type":"ImageObject","inLanguage":"bs-BA","@id":"https:\/\/tuzlainfo.ba\/index.php\/clanci\/sa-svih-strana\/item\/190583-fifa-pokrenula-postupak-protiv-srbije-dacic-reagovao-kako-ih-nije-sramota-misle-da-smo-glupi\/#primaryimage","url":"https:\/\/tuzlainfo.ba\/wp-content\/uploads\/2022\/11\/2711_zastav_kos.jpg","contentUrl":"https:\/\/tuzlainfo.ba\/wp-content\/uploads\/2022\/11\/2711_zastav_kos.jpg","width":800,"height":540},{"@type":"BreadcrumbList","@id":"https:\/\/tuzlainfo.ba\/index.php\/clanci\/sa-svih-strana\/item\/190583-fifa-pokrenula-postupak-protiv-srbije-dacic-reagovao-kako-ih-nije-sramota-misle-da-smo-glupi\/#breadcrumb","itemListElement":[{"@type":"ListItem","position":1,"name":"Home","item":"https:\/\/tuzlainfo.ba\/"},{"@type":"ListItem","position":2,"name":"FIFA pokrenula postupak protiv Srbije, Da\u010di\u0107 reagovao: &#8220;Kako ih nije sramota, misle da smo glupi&#8221;"}]},{"@type":"WebSite","@id":"https:\/\/tuzlainfo.ba\/#website","url":"https:\/\/tuzlainfo.ba\/","name":"TuzlaInfo.ba","description":"Tuzla info, gradski informator - Tuzla na dlanu","publisher":{"@id":"https:\/\/tuzlainfo.ba\/#organization"},"potentialAction":[{"@type":"SearchAction","target":{"@type":"EntryPoint","urlTemplate":"https:\/\/tuzlainfo.ba\/?s={search_term_string}"},"query-input":{"@type":"PropertyValueSpecification","valueRequired":true,"valueName":"search_term_string"}}],"inLanguage":"bs-BA"},{"@type":"Organization","@id":"https:\/\/tuzlainfo.ba\/#organization","name":"TuzlaInfo.ba","url":"https:\/\/tuzlainfo.ba\/","logo":{"@type":"ImageObject","inLanguage":"bs-BA","@id":"https:\/\/tuzlainfo.ba\/#\/schema\/logo\/image\/","url":"https:\/\/tuzlainfo.ba\/wp-content\/uploads\/2021\/03\/logo-ver-3-1.png","contentUrl":"https:\/\/tuzlainfo.ba\/wp-content\/uploads\/2021\/03\/logo-ver-3-1.png","width":350,"height":95,"caption":"TuzlaInfo.ba"},"image":{"@id":"https:\/\/tuzlainfo.ba\/#\/schema\/logo\/image\/"},"sameAs":["https:\/\/www.facebook.com\/tuzlainfo.ba\/"]},{"@type":"Person","@id":"https:\/\/tuzlainfo.ba\/#\/schema\/person\/f434e20dc27ea133923aab08451b7f7f","name":"nedim","image":{"@type":"ImageObject","inLanguage":"bs-BA","@id":"https:\/\/tuzlainfo.ba\/#\/schema\/person\/image\/","url":"https:\/\/tuzlainfo.ba\/wp-content\/litespeed\/avatar\/aabad687af24844af817603ac1cbdc4f.jpg?ver=1777306975","contentUrl":"https:\/\/tuzlainfo.ba\/wp-content\/litespeed\/avatar\/aabad687af24844af817603ac1cbdc4f.jpg?ver=1777306975","caption":"nedim"},"description":"Tuzlainfo.ba pratite na dru\u0161tvenim mre\u017eama: Facebook, Instagram i Youtube. Svoje pri\u010de, upite i fotografije \u0161aljite na na\u0161u e-mail adresu."}]}},"_links":{"self":[{"href":"https:\/\/tuzlainfo.ba\/index.php\/wp-json\/wp\/v2\/posts\/190583"}],"collection":[{"href":"https:\/\/tuzlainfo.ba\/index.php\/wp-json\/wp\/v2\/posts"}],"about":[{"href":"https:\/\/tuzlainfo.ba\/index.php\/wp-json\/wp\/v2\/types\/post"}],"author":[{"embeddable":true,"href":"https:\/\/tuzlainfo.ba\/index.php\/wp-json\/wp\/v2\/users\/2"}],"replies":[{"embeddable":true,"href":"https:\/\/tuzlainfo.ba\/index.php\/wp-json\/wp\/v2\/comments?post=190583"}],"version-history":[{"count":0,"href":"https:\/\/tuzlainfo.ba\/index.php\/wp-json\/wp\/v2\/posts\/190583\/revisions"}],"wp:featuredmedia":[{"embeddable":true,"href":"https:\/\/tuzlainfo.ba\/index.php\/wp-json\/wp\/v2\/media\/190584"}],"wp:attachment":[{"href":"https:\/\/tuzlainfo.ba\/index.php\/wp-json\/wp\/v2\/media?parent=190583"}],"wp:term":[{"taxonomy":"category","embeddable":true,"href":"https:\/\/tuzlainfo.ba\/index.php\/wp-json\/wp\/v2\/categories?post=190583"},{"taxonomy":"post_tag","embeddable":true,"href":"https:\/\/tuzlainfo.ba\/index.php\/wp-json\/wp\/v2\/tags?post=190583"}],"curies":[{"name":"wp","href":"https:\/\/api.w.org\/{rel}","templated":true}]}}