{"id":190508,"date":"2022-11-26T18:00:19","date_gmt":"2022-11-26T17:00:19","guid":{"rendered":"https:\/\/tuzlainfo.ba\/?p=190508"},"modified":"2022-11-27T09:19:36","modified_gmt":"2022-11-27T08:19:36","slug":"zavrsena-konkursna-procedura-ko-su-novi-clanovi-gradske-izborne-komisije-tuzla","status":"publish","type":"post","link":"https:\/\/tuzlainfo.ba\/index.php\/novosti\/item\/190508-zavrsena-konkursna-procedura-ko-su-novi-clanovi-gradske-izborne-komisije-tuzla\/","title":{"rendered":"Zavr\u0161ena konkursna procedura: Ko su novi \u010dlanovi Gradske izborne komisije Tuzla?"},"content":{"rendered":"<p>Gradsko vije\u0107e Tuzla na predstoje\u0107oj sjednici izjasnit \u0107e se o prijedlogu razrje\u0111enja du\u017enosti \u010dlanova Gradske izborne komisije Tuzla Sla\u0111ane Krajine i Smiljana Stojaka, te imenovanju dva nova \u010dlana.<\/p>\n<p>S obzirom da je za dva \u010dlana Gradske izborne komisije Tuzla, shodno \u010dlanu 2. 15. stav 4. Izbornog zakona BiH mandat trajao do isteka izbornog perioda za Op\u0107e izbore 2022. godine, Gradsko vije\u0107e Tuzla je na sjednici odr\u017eanoj 15.9.2022. godine donijelo Odluku o raspisivanju Javnog oglasa za imenovanje dva \u010dlana Gradske izborne komisije Tuzla.<\/p>\n<p>Konkursna komisija za imenovanje dva \u010dlana Gradske izborne komisije Tuzla, imenovana je Rje\u0161enjem Gradskog vije\u0107a Tuzla predlo\u017eila je Gordana Isabegovi\u0107a i Davora Pilji\u0107a, kao najbolje rangirane kandidate nakon bodovanja po konkursnoj proceduri.<\/p>\n<p>Sjednica GV Tuzla bit \u0107e odr\u017eana u srijedu 30. novembra 2022. godine. <strong>\/Tuzlainfo\/<\/strong><\/p>\n","protected":false},"excerpt":{"rendered":"<p>Gradsko vije\u0107e Tuzla na predstoje\u0107oj sjednici izjasnit \u0107e se o prijedlogu razrje\u0111enja du\u017enosti \u010dlanova Gradske&hellip;<\/p>\n","protected":false},"author":2,"featured_media":187805,"comment_status":"open","ping_status":"closed","sticky":false,"template":"","format":"standard","meta":{"_acf_changed":false,"footnotes":""},"categories":[304,12,306],"tags":[4087,858],"acf":[],"yoast_head":"<!-- This site is optimized with the Yoast SEO plugin v23.5 - https:\/\/yoast.com\/wordpress\/plugins\/seo\/ -->\n<title>Zavr\u0161ena konkursna procedura: Ko su novi \u010dlanovi Gradske izborne komisije Tuzla? - TuzlaInfo.ba<\/title>\n<meta name=\"robots\" content=\"index, follow, max-snippet:-1, max-image-preview:large, max-video-preview:-1\" \/>\n<link rel=\"canonical\" href=\"https:\/\/tuzlainfo.ba\/index.php\/novosti\/item\/190508-zavrsena-konkursna-procedura-ko-su-novi-clanovi-gradske-izborne-komisije-tuzla\/\" \/>\n<meta property=\"og:locale\" content=\"bs_BA\" \/>\n<meta property=\"og:type\" content=\"article\" \/>\n<meta property=\"og:title\" content=\"Zavr\u0161ena konkursna procedura: Ko su novi \u010dlanovi Gradske izborne komisije Tuzla? - TuzlaInfo.ba\" \/>\n<meta property=\"og:description\" content=\"Gradsko vije\u0107e Tuzla na predstoje\u0107oj sjednici izjasnit \u0107e se o prijedlogu razrje\u0111enja du\u017enosti \u010dlanova Gradske&hellip;\" \/>\n<meta property=\"og:url\" content=\"https:\/\/tuzlainfo.ba\/index.php\/novosti\/item\/190508-zavrsena-konkursna-procedura-ko-su-novi-clanovi-gradske-izborne-komisije-tuzla\/\" \/>\n<meta property=\"og:site_name\" content=\"TuzlaInfo.ba\" \/>\n<meta property=\"article:publisher\" content=\"https:\/\/www.facebook.com\/tuzlainfo.ba\/\" \/>\n<meta property=\"article:published_time\" content=\"2022-11-26T17:00:19+00:00\" \/>\n<meta property=\"article:modified_time\" content=\"2022-11-27T08:19:36+00:00\" \/>\n<meta property=\"og:image\" content=\"https:\/\/tuzlainfo.ba\/wp-content\/uploads\/2022\/10\/2710-gradsko-vijece.jpg\" \/>\n\t<meta property=\"og:image:width\" content=\"1734\" \/>\n\t<meta property=\"og:image:height\" content=\"1302\" \/>\n\t<meta property=\"og:image:type\" content=\"image\/jpeg\" \/>\n<meta name=\"author\" content=\"nedim\" \/>\n<meta name=\"twitter:card\" content=\"summary_large_image\" \/>\n<meta name=\"twitter:label1\" content=\"Written by\" \/>\n\t<meta name=\"twitter:data1\" content=\"nedim\" \/>\n\t<meta name=\"twitter:label2\" content=\"Est. reading time\" \/>\n\t<meta name=\"twitter:data2\" content=\"1 minuta\" \/>\n<script type=\"application\/ld+json\" class=\"yoast-schema-graph\">{\"@context\":\"https:\/\/schema.org\",\"@graph\":[{\"@type\":\"Article\",\"@id\":\"https:\/\/tuzlainfo.ba\/index.php\/novosti\/item\/190508-zavrsena-konkursna-procedura-ko-su-novi-clanovi-gradske-izborne-komisije-tuzla\/#article\",\"isPartOf\":{\"@id\":\"https:\/\/tuzlainfo.ba\/index.php\/novosti\/item\/190508-zavrsena-konkursna-procedura-ko-su-novi-clanovi-gradske-izborne-komisije-tuzla\/\"},\"author\":{\"name\":\"nedim\",\"@id\":\"https:\/\/tuzlainfo.ba\/#\/schema\/person\/f434e20dc27ea133923aab08451b7f7f\"},\"headline\":\"Zavr\u0161ena konkursna procedura: Ko su novi \u010dlanovi Gradske izborne komisije Tuzla?\",\"datePublished\":\"2022-11-26T17:00:19+00:00\",\"dateModified\":\"2022-11-27T08:19:36+00:00\",\"mainEntityOfPage\":{\"@id\":\"https:\/\/tuzlainfo.ba\/index.php\/novosti\/item\/190508-zavrsena-konkursna-procedura-ko-su-novi-clanovi-gradske-izborne-komisije-tuzla\/\"},\"wordCount\":146,\"commentCount\":0,\"publisher\":{\"@id\":\"https:\/\/tuzlainfo.ba\/#organization\"},\"image\":{\"@id\":\"https:\/\/tuzlainfo.ba\/index.php\/novosti\/item\/190508-zavrsena-konkursna-procedura-ko-su-novi-clanovi-gradske-izborne-komisije-tuzla\/#primaryimage\"},\"thumbnailUrl\":\"https:\/\/tuzlainfo.ba\/wp-content\/uploads\/2022\/10\/2710-gradsko-vijece.jpg\",\"keywords\":[\"gradska izborna komisija\",\"gradsko vije\u0107e tuzla\"],\"articleSection\":[\"Istaknuto\",\"Novosti\",\"Preporu\u010dujemo\"],\"inLanguage\":\"bs-BA\"},{\"@type\":\"WebPage\",\"@id\":\"https:\/\/tuzlainfo.ba\/index.php\/novosti\/item\/190508-zavrsena-konkursna-procedura-ko-su-novi-clanovi-gradske-izborne-komisije-tuzla\/\",\"url\":\"https:\/\/tuzlainfo.ba\/index.php\/novosti\/item\/190508-zavrsena-konkursna-procedura-ko-su-novi-clanovi-gradske-izborne-komisije-tuzla\/\",\"name\":\"Zavr\u0161ena konkursna procedura: Ko su novi \u010dlanovi Gradske izborne komisije Tuzla? - TuzlaInfo.ba\",\"isPartOf\":{\"@id\":\"https:\/\/tuzlainfo.ba\/#website\"},\"primaryImageOfPage\":{\"@id\":\"https:\/\/tuzlainfo.ba\/index.php\/novosti\/item\/190508-zavrsena-konkursna-procedura-ko-su-novi-clanovi-gradske-izborne-komisije-tuzla\/#primaryimage\"},\"image\":{\"@id\":\"https:\/\/tuzlainfo.ba\/index.php\/novosti\/item\/190508-zavrsena-konkursna-procedura-ko-su-novi-clanovi-gradske-izborne-komisije-tuzla\/#primaryimage\"},\"thumbnailUrl\":\"https:\/\/tuzlainfo.ba\/wp-content\/uploads\/2022\/10\/2710-gradsko-vijece.jpg\",\"datePublished\":\"2022-11-26T17:00:19+00:00\",\"dateModified\":\"2022-11-27T08:19:36+00:00\",\"breadcrumb\":{\"@id\":\"https:\/\/tuzlainfo.ba\/index.php\/novosti\/item\/190508-zavrsena-konkursna-procedura-ko-su-novi-clanovi-gradske-izborne-komisije-tuzla\/#breadcrumb\"},\"inLanguage\":\"bs-BA\",\"potentialAction\":[{\"@type\":\"ReadAction\",\"target\":[\"https:\/\/tuzlainfo.ba\/index.php\/novosti\/item\/190508-zavrsena-konkursna-procedura-ko-su-novi-clanovi-gradske-izborne-komisije-tuzla\/\"]}]},{\"@type\":\"ImageObject\",\"inLanguage\":\"bs-BA\",\"@id\":\"https:\/\/tuzlainfo.ba\/index.php\/novosti\/item\/190508-zavrsena-konkursna-procedura-ko-su-novi-clanovi-gradske-izborne-komisije-tuzla\/#primaryimage\",\"url\":\"https:\/\/tuzlainfo.ba\/wp-content\/uploads\/2022\/10\/2710-gradsko-vijece.jpg\",\"contentUrl\":\"https:\/\/tuzlainfo.ba\/wp-content\/uploads\/2022\/10\/2710-gradsko-vijece.jpg\",\"width\":1734,\"height\":1302},{\"@type\":\"BreadcrumbList\",\"@id\":\"https:\/\/tuzlainfo.ba\/index.php\/novosti\/item\/190508-zavrsena-konkursna-procedura-ko-su-novi-clanovi-gradske-izborne-komisije-tuzla\/#breadcrumb\",\"itemListElement\":[{\"@type\":\"ListItem\",\"position\":1,\"name\":\"Home\",\"item\":\"https:\/\/tuzlainfo.ba\/\"},{\"@type\":\"ListItem\",\"position\":2,\"name\":\"Zavr\u0161ena konkursna procedura: Ko su novi \u010dlanovi Gradske izborne komisije Tuzla?\"}]},{\"@type\":\"WebSite\",\"@id\":\"https:\/\/tuzlainfo.ba\/#website\",\"url\":\"https:\/\/tuzlainfo.ba\/\",\"name\":\"TuzlaInfo.ba\",\"description\":\"Tuzla info, gradski informator - Tuzla na dlanu\",\"publisher\":{\"@id\":\"https:\/\/tuzlainfo.ba\/#organization\"},\"potentialAction\":[{\"@type\":\"SearchAction\",\"target\":{\"@type\":\"EntryPoint\",\"urlTemplate\":\"https:\/\/tuzlainfo.ba\/?s={search_term_string}\"},\"query-input\":{\"@type\":\"PropertyValueSpecification\",\"valueRequired\":true,\"valueName\":\"search_term_string\"}}],\"inLanguage\":\"bs-BA\"},{\"@type\":\"Organization\",\"@id\":\"https:\/\/tuzlainfo.ba\/#organization\",\"name\":\"TuzlaInfo.ba\",\"url\":\"https:\/\/tuzlainfo.ba\/\",\"logo\":{\"@type\":\"ImageObject\",\"inLanguage\":\"bs-BA\",\"@id\":\"https:\/\/tuzlainfo.ba\/#\/schema\/logo\/image\/\",\"url\":\"https:\/\/tuzlainfo.ba\/wp-content\/uploads\/2021\/03\/logo-ver-3-1.png\",\"contentUrl\":\"https:\/\/tuzlainfo.ba\/wp-content\/uploads\/2021\/03\/logo-ver-3-1.png\",\"width\":350,\"height\":95,\"caption\":\"TuzlaInfo.ba\"},\"image\":{\"@id\":\"https:\/\/tuzlainfo.ba\/#\/schema\/logo\/image\/\"},\"sameAs\":[\"https:\/\/www.facebook.com\/tuzlainfo.ba\/\"]},{\"@type\":\"Person\",\"@id\":\"https:\/\/tuzlainfo.ba\/#\/schema\/person\/f434e20dc27ea133923aab08451b7f7f\",\"name\":\"nedim\",\"image\":{\"@type\":\"ImageObject\",\"inLanguage\":\"bs-BA\",\"@id\":\"https:\/\/tuzlainfo.ba\/#\/schema\/person\/image\/\",\"url\":\"https:\/\/tuzlainfo.ba\/wp-content\/litespeed\/avatar\/aabad687af24844af817603ac1cbdc4f.jpg?ver=1777306975\",\"contentUrl\":\"https:\/\/tuzlainfo.ba\/wp-content\/litespeed\/avatar\/aabad687af24844af817603ac1cbdc4f.jpg?ver=1777306975\",\"caption\":\"nedim\"},\"description\":\"Tuzlainfo.ba pratite na dru\u0161tvenim mre\u017eama: Facebook, Instagram i Youtube. Svoje pri\u010de, upite i fotografije \u0161aljite na na\u0161u e-mail adresu.\"}]}<\/script>\n<!-- \/ Yoast SEO plugin. -->","yoast_head_json":{"title":"Zavr\u0161ena konkursna procedura: Ko su novi \u010dlanovi Gradske izborne komisije Tuzla? - TuzlaInfo.ba","robots":{"index":"index","follow":"follow","max-snippet":"max-snippet:-1","max-image-preview":"max-image-preview:large","max-video-preview":"max-video-preview:-1"},"canonical":"https:\/\/tuzlainfo.ba\/index.php\/novosti\/item\/190508-zavrsena-konkursna-procedura-ko-su-novi-clanovi-gradske-izborne-komisije-tuzla\/","og_locale":"bs_BA","og_type":"article","og_title":"Zavr\u0161ena konkursna procedura: Ko su novi \u010dlanovi Gradske izborne komisije Tuzla? - TuzlaInfo.ba","og_description":"Gradsko vije\u0107e Tuzla na predstoje\u0107oj sjednici izjasnit \u0107e se o prijedlogu razrje\u0111enja du\u017enosti \u010dlanova Gradske&hellip;","og_url":"https:\/\/tuzlainfo.ba\/index.php\/novosti\/item\/190508-zavrsena-konkursna-procedura-ko-su-novi-clanovi-gradske-izborne-komisije-tuzla\/","og_site_name":"TuzlaInfo.ba","article_publisher":"https:\/\/www.facebook.com\/tuzlainfo.ba\/","article_published_time":"2022-11-26T17:00:19+00:00","article_modified_time":"2022-11-27T08:19:36+00:00","og_image":[{"width":1734,"height":1302,"url":"https:\/\/tuzlainfo.ba\/wp-content\/uploads\/2022\/10\/2710-gradsko-vijece.jpg","type":"image\/jpeg"}],"author":"nedim","twitter_card":"summary_large_image","twitter_misc":{"Written by":"nedim","Est. reading time":"1 minuta"},"schema":{"@context":"https:\/\/schema.org","@graph":[{"@type":"Article","@id":"https:\/\/tuzlainfo.ba\/index.php\/novosti\/item\/190508-zavrsena-konkursna-procedura-ko-su-novi-clanovi-gradske-izborne-komisije-tuzla\/#article","isPartOf":{"@id":"https:\/\/tuzlainfo.ba\/index.php\/novosti\/item\/190508-zavrsena-konkursna-procedura-ko-su-novi-clanovi-gradske-izborne-komisije-tuzla\/"},"author":{"name":"nedim","@id":"https:\/\/tuzlainfo.ba\/#\/schema\/person\/f434e20dc27ea133923aab08451b7f7f"},"headline":"Zavr\u0161ena konkursna procedura: Ko su novi \u010dlanovi Gradske izborne komisije Tuzla?","datePublished":"2022-11-26T17:00:19+00:00","dateModified":"2022-11-27T08:19:36+00:00","mainEntityOfPage":{"@id":"https:\/\/tuzlainfo.ba\/index.php\/novosti\/item\/190508-zavrsena-konkursna-procedura-ko-su-novi-clanovi-gradske-izborne-komisije-tuzla\/"},"wordCount":146,"commentCount":0,"publisher":{"@id":"https:\/\/tuzlainfo.ba\/#organization"},"image":{"@id":"https:\/\/tuzlainfo.ba\/index.php\/novosti\/item\/190508-zavrsena-konkursna-procedura-ko-su-novi-clanovi-gradske-izborne-komisije-tuzla\/#primaryimage"},"thumbnailUrl":"https:\/\/tuzlainfo.ba\/wp-content\/uploads\/2022\/10\/2710-gradsko-vijece.jpg","keywords":["gradska izborna komisija","gradsko vije\u0107e tuzla"],"articleSection":["Istaknuto","Novosti","Preporu\u010dujemo"],"inLanguage":"bs-BA"},{"@type":"WebPage","@id":"https:\/\/tuzlainfo.ba\/index.php\/novosti\/item\/190508-zavrsena-konkursna-procedura-ko-su-novi-clanovi-gradske-izborne-komisije-tuzla\/","url":"https:\/\/tuzlainfo.ba\/index.php\/novosti\/item\/190508-zavrsena-konkursna-procedura-ko-su-novi-clanovi-gradske-izborne-komisije-tuzla\/","name":"Zavr\u0161ena konkursna procedura: Ko su novi \u010dlanovi Gradske izborne komisije Tuzla? - TuzlaInfo.ba","isPartOf":{"@id":"https:\/\/tuzlainfo.ba\/#website"},"primaryImageOfPage":{"@id":"https:\/\/tuzlainfo.ba\/index.php\/novosti\/item\/190508-zavrsena-konkursna-procedura-ko-su-novi-clanovi-gradske-izborne-komisije-tuzla\/#primaryimage"},"image":{"@id":"https:\/\/tuzlainfo.ba\/index.php\/novosti\/item\/190508-zavrsena-konkursna-procedura-ko-su-novi-clanovi-gradske-izborne-komisije-tuzla\/#primaryimage"},"thumbnailUrl":"https:\/\/tuzlainfo.ba\/wp-content\/uploads\/2022\/10\/2710-gradsko-vijece.jpg","datePublished":"2022-11-26T17:00:19+00:00","dateModified":"2022-11-27T08:19:36+00:00","breadcrumb":{"@id":"https:\/\/tuzlainfo.ba\/index.php\/novosti\/item\/190508-zavrsena-konkursna-procedura-ko-su-novi-clanovi-gradske-izborne-komisije-tuzla\/#breadcrumb"},"inLanguage":"bs-BA","potentialAction":[{"@type":"ReadAction","target":["https:\/\/tuzlainfo.ba\/index.php\/novosti\/item\/190508-zavrsena-konkursna-procedura-ko-su-novi-clanovi-gradske-izborne-komisije-tuzla\/"]}]},{"@type":"ImageObject","inLanguage":"bs-BA","@id":"https:\/\/tuzlainfo.ba\/index.php\/novosti\/item\/190508-zavrsena-konkursna-procedura-ko-su-novi-clanovi-gradske-izborne-komisije-tuzla\/#primaryimage","url":"https:\/\/tuzlainfo.ba\/wp-content\/uploads\/2022\/10\/2710-gradsko-vijece.jpg","contentUrl":"https:\/\/tuzlainfo.ba\/wp-content\/uploads\/2022\/10\/2710-gradsko-vijece.jpg","width":1734,"height":1302},{"@type":"BreadcrumbList","@id":"https:\/\/tuzlainfo.ba\/index.php\/novosti\/item\/190508-zavrsena-konkursna-procedura-ko-su-novi-clanovi-gradske-izborne-komisije-tuzla\/#breadcrumb","itemListElement":[{"@type":"ListItem","position":1,"name":"Home","item":"https:\/\/tuzlainfo.ba\/"},{"@type":"ListItem","position":2,"name":"Zavr\u0161ena konkursna procedura: Ko su novi \u010dlanovi Gradske izborne komisije Tuzla?"}]},{"@type":"WebSite","@id":"https:\/\/tuzlainfo.ba\/#website","url":"https:\/\/tuzlainfo.ba\/","name":"TuzlaInfo.ba","description":"Tuzla info, gradski informator - Tuzla na dlanu","publisher":{"@id":"https:\/\/tuzlainfo.ba\/#organization"},"potentialAction":[{"@type":"SearchAction","target":{"@type":"EntryPoint","urlTemplate":"https:\/\/tuzlainfo.ba\/?s={search_term_string}"},"query-input":{"@type":"PropertyValueSpecification","valueRequired":true,"valueName":"search_term_string"}}],"inLanguage":"bs-BA"},{"@type":"Organization","@id":"https:\/\/tuzlainfo.ba\/#organization","name":"TuzlaInfo.ba","url":"https:\/\/tuzlainfo.ba\/","logo":{"@type":"ImageObject","inLanguage":"bs-BA","@id":"https:\/\/tuzlainfo.ba\/#\/schema\/logo\/image\/","url":"https:\/\/tuzlainfo.ba\/wp-content\/uploads\/2021\/03\/logo-ver-3-1.png","contentUrl":"https:\/\/tuzlainfo.ba\/wp-content\/uploads\/2021\/03\/logo-ver-3-1.png","width":350,"height":95,"caption":"TuzlaInfo.ba"},"image":{"@id":"https:\/\/tuzlainfo.ba\/#\/schema\/logo\/image\/"},"sameAs":["https:\/\/www.facebook.com\/tuzlainfo.ba\/"]},{"@type":"Person","@id":"https:\/\/tuzlainfo.ba\/#\/schema\/person\/f434e20dc27ea133923aab08451b7f7f","name":"nedim","image":{"@type":"ImageObject","inLanguage":"bs-BA","@id":"https:\/\/tuzlainfo.ba\/#\/schema\/person\/image\/","url":"https:\/\/tuzlainfo.ba\/wp-content\/litespeed\/avatar\/aabad687af24844af817603ac1cbdc4f.jpg?ver=1777306975","contentUrl":"https:\/\/tuzlainfo.ba\/wp-content\/litespeed\/avatar\/aabad687af24844af817603ac1cbdc4f.jpg?ver=1777306975","caption":"nedim"},"description":"Tuzlainfo.ba pratite na dru\u0161tvenim mre\u017eama: Facebook, Instagram i Youtube. Svoje pri\u010de, upite i fotografije \u0161aljite na na\u0161u e-mail adresu."}]}},"_links":{"self":[{"href":"https:\/\/tuzlainfo.ba\/index.php\/wp-json\/wp\/v2\/posts\/190508"}],"collection":[{"href":"https:\/\/tuzlainfo.ba\/index.php\/wp-json\/wp\/v2\/posts"}],"about":[{"href":"https:\/\/tuzlainfo.ba\/index.php\/wp-json\/wp\/v2\/types\/post"}],"author":[{"embeddable":true,"href":"https:\/\/tuzlainfo.ba\/index.php\/wp-json\/wp\/v2\/users\/2"}],"replies":[{"embeddable":true,"href":"https:\/\/tuzlainfo.ba\/index.php\/wp-json\/wp\/v2\/comments?post=190508"}],"version-history":[{"count":0,"href":"https:\/\/tuzlainfo.ba\/index.php\/wp-json\/wp\/v2\/posts\/190508\/revisions"}],"wp:featuredmedia":[{"embeddable":true,"href":"https:\/\/tuzlainfo.ba\/index.php\/wp-json\/wp\/v2\/media\/187805"}],"wp:attachment":[{"href":"https:\/\/tuzlainfo.ba\/index.php\/wp-json\/wp\/v2\/media?parent=190508"}],"wp:term":[{"taxonomy":"category","embeddable":true,"href":"https:\/\/tuzlainfo.ba\/index.php\/wp-json\/wp\/v2\/categories?post=190508"},{"taxonomy":"post_tag","embeddable":true,"href":"https:\/\/tuzlainfo.ba\/index.php\/wp-json\/wp\/v2\/tags?post=190508"}],"curies":[{"name":"wp","href":"https:\/\/api.w.org\/{rel}","templated":true}]}}