{"id":190456,"date":"2022-11-25T14:44:47","date_gmt":"2022-11-25T13:44:47","guid":{"rendered":"https:\/\/tuzlainfo.ba\/?p=190456"},"modified":"2022-11-25T17:19:22","modified_gmt":"2022-11-25T16:19:22","slug":"saradnja-sa-df-om-zastupnici-stranke-za-bih-ulaze-u-vecinu-u-skupstini-tk","status":"publish","type":"post","link":"https:\/\/tuzlainfo.ba\/index.php\/novosti\/item\/190456-saradnja-sa-df-om-zastupnici-stranke-za-bih-ulaze-u-vecinu-u-skupstini-tk\/","title":{"rendered":"Saradnja sa DF-om: Zastupnici Stranke za BiH ulaze u ve\u0107inu u Skup\u0161tini TK"},"content":{"rendered":"<p>Dvojica zastupnika Stranke za BiH (SBiH) u Skup\u0161tini Tuzlanskog kantona potpisali su sporazum o zajedni\u010dkom djelovanju sa Demokratskom frontom (DF).<\/p>\n<p>Kako pi\u0161e Klix.ba, zastupnici su dobili odobrenje vrha stranke, a sada je otvorena opcija i za koaliranje sa Strankom demokratske akcije (SDA).<\/p>\n<p>Asmir Hasi\u0107 i Emir Salihovi\u0107 zastupnici su SBiH u Skup\u0161tini Tuzlanskog kantona.<\/p>\n<p>&#8211; Nama je vrh stranke na sjednici predsjedni\u0161tva dao odobrenje za koaliranje sa bilo kim ko ima dobar program za gra\u0111ane Tuzlanskog kantona. Mi smo otvorili razgovore s DF-om, sa kojim se sla\u017eemo u mnogo stvari, a imamo i zajedni\u010dke ciljeve. Nije nam stalo do pozicija, ve\u0107 do programskih ciljeva. Nakon nekoliko sastanaka do\u0161li smo do potpisivanja sporazuma o zajedni\u010dkom djelovanju u Skup\u0161tini TK, bilo da djelujemo u poziciji ili opoziciji &#8211; rekao je Hasi\u0107 za Klix.<\/p>\n<p>DF se ve\u0107 nalazi u koaliciji sa SDA-om u Tuzlanskom kantonu, gdje su zvani\u010dno oformili skup\u0161tinsku ve\u0107inu, u kojoj se pored ove dvije stranke nalaze Senad Ali\u0107 i Jakub Suljkanovi\u0107 koji djeluju kao samostalni zastupnici.<\/p>\n","protected":false},"excerpt":{"rendered":"<p>Dvojica zastupnika Stranke za BiH (SBiH) u Skup\u0161tini Tuzlanskog kantona potpisali su sporazum o zajedni\u010dkom&hellip;<\/p>\n","protected":false},"author":2,"featured_media":189990,"comment_status":"open","ping_status":"closed","sticky":false,"template":"","format":"standard","meta":{"_acf_changed":false,"footnotes":""},"categories":[304,12,306],"tags":[776,805],"acf":[],"yoast_head":"<!-- This site is optimized with the Yoast SEO plugin v23.5 - https:\/\/yoast.com\/wordpress\/plugins\/seo\/ -->\n<title>Saradnja sa DF-om: Zastupnici Stranke za BiH ulaze u ve\u0107inu u Skup\u0161tini TK - TuzlaInfo.ba<\/title>\n<meta name=\"robots\" content=\"index, follow, max-snippet:-1, max-image-preview:large, max-video-preview:-1\" \/>\n<link rel=\"canonical\" href=\"https:\/\/tuzlainfo.ba\/index.php\/novosti\/item\/190456-saradnja-sa-df-om-zastupnici-stranke-za-bih-ulaze-u-vecinu-u-skupstini-tk\/\" \/>\n<meta property=\"og:locale\" content=\"bs_BA\" \/>\n<meta property=\"og:type\" content=\"article\" \/>\n<meta property=\"og:title\" content=\"Saradnja sa DF-om: Zastupnici Stranke za BiH ulaze u ve\u0107inu u Skup\u0161tini TK - TuzlaInfo.ba\" \/>\n<meta property=\"og:description\" content=\"Dvojica zastupnika Stranke za BiH (SBiH) u Skup\u0161tini Tuzlanskog kantona potpisali su sporazum o zajedni\u010dkom&hellip;\" \/>\n<meta property=\"og:url\" content=\"https:\/\/tuzlainfo.ba\/index.php\/novosti\/item\/190456-saradnja-sa-df-om-zastupnici-stranke-za-bih-ulaze-u-vecinu-u-skupstini-tk\/\" \/>\n<meta property=\"og:site_name\" content=\"TuzlaInfo.ba\" \/>\n<meta property=\"article:publisher\" content=\"https:\/\/www.facebook.com\/tuzlainfo.ba\/\" \/>\n<meta property=\"article:published_time\" content=\"2022-11-25T13:44:47+00:00\" \/>\n<meta property=\"article:modified_time\" content=\"2022-11-25T16:19:22+00:00\" \/>\n<meta property=\"og:image\" content=\"https:\/\/tuzlainfo.ba\/wp-content\/uploads\/2022\/11\/2111_skupstina_tk.jpg\" \/>\n\t<meta property=\"og:image:width\" content=\"1631\" \/>\n\t<meta property=\"og:image:height\" content=\"1123\" \/>\n\t<meta property=\"og:image:type\" content=\"image\/jpeg\" \/>\n<meta name=\"author\" content=\"nedim\" \/>\n<meta name=\"twitter:card\" content=\"summary_large_image\" \/>\n<meta name=\"twitter:label1\" content=\"Written by\" \/>\n\t<meta name=\"twitter:data1\" content=\"nedim\" \/>\n\t<meta name=\"twitter:label2\" content=\"Est. reading time\" \/>\n\t<meta name=\"twitter:data2\" content=\"1 minuta\" \/>\n<script type=\"application\/ld+json\" class=\"yoast-schema-graph\">{\"@context\":\"https:\/\/schema.org\",\"@graph\":[{\"@type\":\"Article\",\"@id\":\"https:\/\/tuzlainfo.ba\/index.php\/novosti\/item\/190456-saradnja-sa-df-om-zastupnici-stranke-za-bih-ulaze-u-vecinu-u-skupstini-tk\/#article\",\"isPartOf\":{\"@id\":\"https:\/\/tuzlainfo.ba\/index.php\/novosti\/item\/190456-saradnja-sa-df-om-zastupnici-stranke-za-bih-ulaze-u-vecinu-u-skupstini-tk\/\"},\"author\":{\"name\":\"nedim\",\"@id\":\"https:\/\/tuzlainfo.ba\/#\/schema\/person\/f434e20dc27ea133923aab08451b7f7f\"},\"headline\":\"Saradnja sa DF-om: Zastupnici Stranke za BiH ulaze u ve\u0107inu u Skup\u0161tini TK\",\"datePublished\":\"2022-11-25T13:44:47+00:00\",\"dateModified\":\"2022-11-25T16:19:22+00:00\",\"mainEntityOfPage\":{\"@id\":\"https:\/\/tuzlainfo.ba\/index.php\/novosti\/item\/190456-saradnja-sa-df-om-zastupnici-stranke-za-bih-ulaze-u-vecinu-u-skupstini-tk\/\"},\"wordCount\":196,\"commentCount\":0,\"publisher\":{\"@id\":\"https:\/\/tuzlainfo.ba\/#organization\"},\"image\":{\"@id\":\"https:\/\/tuzlainfo.ba\/index.php\/novosti\/item\/190456-saradnja-sa-df-om-zastupnici-stranke-za-bih-ulaze-u-vecinu-u-skupstini-tk\/#primaryimage\"},\"thumbnailUrl\":\"https:\/\/tuzlainfo.ba\/wp-content\/uploads\/2022\/11\/2111_skupstina_tk.jpg\",\"keywords\":[\"skup\u0161tina Tuzlanskog kantona\",\"stranka za bih\"],\"articleSection\":[\"Istaknuto\",\"Novosti\",\"Preporu\u010dujemo\"],\"inLanguage\":\"bs-BA\"},{\"@type\":\"WebPage\",\"@id\":\"https:\/\/tuzlainfo.ba\/index.php\/novosti\/item\/190456-saradnja-sa-df-om-zastupnici-stranke-za-bih-ulaze-u-vecinu-u-skupstini-tk\/\",\"url\":\"https:\/\/tuzlainfo.ba\/index.php\/novosti\/item\/190456-saradnja-sa-df-om-zastupnici-stranke-za-bih-ulaze-u-vecinu-u-skupstini-tk\/\",\"name\":\"Saradnja sa DF-om: Zastupnici Stranke za BiH ulaze u ve\u0107inu u Skup\u0161tini TK - TuzlaInfo.ba\",\"isPartOf\":{\"@id\":\"https:\/\/tuzlainfo.ba\/#website\"},\"primaryImageOfPage\":{\"@id\":\"https:\/\/tuzlainfo.ba\/index.php\/novosti\/item\/190456-saradnja-sa-df-om-zastupnici-stranke-za-bih-ulaze-u-vecinu-u-skupstini-tk\/#primaryimage\"},\"image\":{\"@id\":\"https:\/\/tuzlainfo.ba\/index.php\/novosti\/item\/190456-saradnja-sa-df-om-zastupnici-stranke-za-bih-ulaze-u-vecinu-u-skupstini-tk\/#primaryimage\"},\"thumbnailUrl\":\"https:\/\/tuzlainfo.ba\/wp-content\/uploads\/2022\/11\/2111_skupstina_tk.jpg\",\"datePublished\":\"2022-11-25T13:44:47+00:00\",\"dateModified\":\"2022-11-25T16:19:22+00:00\",\"breadcrumb\":{\"@id\":\"https:\/\/tuzlainfo.ba\/index.php\/novosti\/item\/190456-saradnja-sa-df-om-zastupnici-stranke-za-bih-ulaze-u-vecinu-u-skupstini-tk\/#breadcrumb\"},\"inLanguage\":\"bs-BA\",\"potentialAction\":[{\"@type\":\"ReadAction\",\"target\":[\"https:\/\/tuzlainfo.ba\/index.php\/novosti\/item\/190456-saradnja-sa-df-om-zastupnici-stranke-za-bih-ulaze-u-vecinu-u-skupstini-tk\/\"]}]},{\"@type\":\"ImageObject\",\"inLanguage\":\"bs-BA\",\"@id\":\"https:\/\/tuzlainfo.ba\/index.php\/novosti\/item\/190456-saradnja-sa-df-om-zastupnici-stranke-za-bih-ulaze-u-vecinu-u-skupstini-tk\/#primaryimage\",\"url\":\"https:\/\/tuzlainfo.ba\/wp-content\/uploads\/2022\/11\/2111_skupstina_tk.jpg\",\"contentUrl\":\"https:\/\/tuzlainfo.ba\/wp-content\/uploads\/2022\/11\/2111_skupstina_tk.jpg\",\"width\":1631,\"height\":1123},{\"@type\":\"BreadcrumbList\",\"@id\":\"https:\/\/tuzlainfo.ba\/index.php\/novosti\/item\/190456-saradnja-sa-df-om-zastupnici-stranke-za-bih-ulaze-u-vecinu-u-skupstini-tk\/#breadcrumb\",\"itemListElement\":[{\"@type\":\"ListItem\",\"position\":1,\"name\":\"Home\",\"item\":\"https:\/\/tuzlainfo.ba\/\"},{\"@type\":\"ListItem\",\"position\":2,\"name\":\"Saradnja sa DF-om: Zastupnici Stranke za BiH ulaze u ve\u0107inu u Skup\u0161tini TK\"}]},{\"@type\":\"WebSite\",\"@id\":\"https:\/\/tuzlainfo.ba\/#website\",\"url\":\"https:\/\/tuzlainfo.ba\/\",\"name\":\"TuzlaInfo.ba\",\"description\":\"Tuzla info, gradski informator - Tuzla na dlanu\",\"publisher\":{\"@id\":\"https:\/\/tuzlainfo.ba\/#organization\"},\"potentialAction\":[{\"@type\":\"SearchAction\",\"target\":{\"@type\":\"EntryPoint\",\"urlTemplate\":\"https:\/\/tuzlainfo.ba\/?s={search_term_string}\"},\"query-input\":{\"@type\":\"PropertyValueSpecification\",\"valueRequired\":true,\"valueName\":\"search_term_string\"}}],\"inLanguage\":\"bs-BA\"},{\"@type\":\"Organization\",\"@id\":\"https:\/\/tuzlainfo.ba\/#organization\",\"name\":\"TuzlaInfo.ba\",\"url\":\"https:\/\/tuzlainfo.ba\/\",\"logo\":{\"@type\":\"ImageObject\",\"inLanguage\":\"bs-BA\",\"@id\":\"https:\/\/tuzlainfo.ba\/#\/schema\/logo\/image\/\",\"url\":\"https:\/\/tuzlainfo.ba\/wp-content\/uploads\/2021\/03\/logo-ver-3-1.png\",\"contentUrl\":\"https:\/\/tuzlainfo.ba\/wp-content\/uploads\/2021\/03\/logo-ver-3-1.png\",\"width\":350,\"height\":95,\"caption\":\"TuzlaInfo.ba\"},\"image\":{\"@id\":\"https:\/\/tuzlainfo.ba\/#\/schema\/logo\/image\/\"},\"sameAs\":[\"https:\/\/www.facebook.com\/tuzlainfo.ba\/\"]},{\"@type\":\"Person\",\"@id\":\"https:\/\/tuzlainfo.ba\/#\/schema\/person\/f434e20dc27ea133923aab08451b7f7f\",\"name\":\"nedim\",\"image\":{\"@type\":\"ImageObject\",\"inLanguage\":\"bs-BA\",\"@id\":\"https:\/\/tuzlainfo.ba\/#\/schema\/person\/image\/\",\"url\":\"https:\/\/tuzlainfo.ba\/wp-content\/litespeed\/avatar\/aabad687af24844af817603ac1cbdc4f.jpg?ver=1777306975\",\"contentUrl\":\"https:\/\/tuzlainfo.ba\/wp-content\/litespeed\/avatar\/aabad687af24844af817603ac1cbdc4f.jpg?ver=1777306975\",\"caption\":\"nedim\"},\"description\":\"Tuzlainfo.ba pratite na dru\u0161tvenim mre\u017eama: Facebook, Instagram i Youtube. Svoje pri\u010de, upite i fotografije \u0161aljite na na\u0161u e-mail adresu.\"}]}<\/script>\n<!-- \/ Yoast SEO plugin. -->","yoast_head_json":{"title":"Saradnja sa DF-om: Zastupnici Stranke za BiH ulaze u ve\u0107inu u Skup\u0161tini TK - TuzlaInfo.ba","robots":{"index":"index","follow":"follow","max-snippet":"max-snippet:-1","max-image-preview":"max-image-preview:large","max-video-preview":"max-video-preview:-1"},"canonical":"https:\/\/tuzlainfo.ba\/index.php\/novosti\/item\/190456-saradnja-sa-df-om-zastupnici-stranke-za-bih-ulaze-u-vecinu-u-skupstini-tk\/","og_locale":"bs_BA","og_type":"article","og_title":"Saradnja sa DF-om: Zastupnici Stranke za BiH ulaze u ve\u0107inu u Skup\u0161tini TK - TuzlaInfo.ba","og_description":"Dvojica zastupnika Stranke za BiH (SBiH) u Skup\u0161tini Tuzlanskog kantona potpisali su sporazum o zajedni\u010dkom&hellip;","og_url":"https:\/\/tuzlainfo.ba\/index.php\/novosti\/item\/190456-saradnja-sa-df-om-zastupnici-stranke-za-bih-ulaze-u-vecinu-u-skupstini-tk\/","og_site_name":"TuzlaInfo.ba","article_publisher":"https:\/\/www.facebook.com\/tuzlainfo.ba\/","article_published_time":"2022-11-25T13:44:47+00:00","article_modified_time":"2022-11-25T16:19:22+00:00","og_image":[{"width":1631,"height":1123,"url":"https:\/\/tuzlainfo.ba\/wp-content\/uploads\/2022\/11\/2111_skupstina_tk.jpg","type":"image\/jpeg"}],"author":"nedim","twitter_card":"summary_large_image","twitter_misc":{"Written by":"nedim","Est. reading time":"1 minuta"},"schema":{"@context":"https:\/\/schema.org","@graph":[{"@type":"Article","@id":"https:\/\/tuzlainfo.ba\/index.php\/novosti\/item\/190456-saradnja-sa-df-om-zastupnici-stranke-za-bih-ulaze-u-vecinu-u-skupstini-tk\/#article","isPartOf":{"@id":"https:\/\/tuzlainfo.ba\/index.php\/novosti\/item\/190456-saradnja-sa-df-om-zastupnici-stranke-za-bih-ulaze-u-vecinu-u-skupstini-tk\/"},"author":{"name":"nedim","@id":"https:\/\/tuzlainfo.ba\/#\/schema\/person\/f434e20dc27ea133923aab08451b7f7f"},"headline":"Saradnja sa DF-om: Zastupnici Stranke za BiH ulaze u ve\u0107inu u Skup\u0161tini TK","datePublished":"2022-11-25T13:44:47+00:00","dateModified":"2022-11-25T16:19:22+00:00","mainEntityOfPage":{"@id":"https:\/\/tuzlainfo.ba\/index.php\/novosti\/item\/190456-saradnja-sa-df-om-zastupnici-stranke-za-bih-ulaze-u-vecinu-u-skupstini-tk\/"},"wordCount":196,"commentCount":0,"publisher":{"@id":"https:\/\/tuzlainfo.ba\/#organization"},"image":{"@id":"https:\/\/tuzlainfo.ba\/index.php\/novosti\/item\/190456-saradnja-sa-df-om-zastupnici-stranke-za-bih-ulaze-u-vecinu-u-skupstini-tk\/#primaryimage"},"thumbnailUrl":"https:\/\/tuzlainfo.ba\/wp-content\/uploads\/2022\/11\/2111_skupstina_tk.jpg","keywords":["skup\u0161tina Tuzlanskog kantona","stranka za bih"],"articleSection":["Istaknuto","Novosti","Preporu\u010dujemo"],"inLanguage":"bs-BA"},{"@type":"WebPage","@id":"https:\/\/tuzlainfo.ba\/index.php\/novosti\/item\/190456-saradnja-sa-df-om-zastupnici-stranke-za-bih-ulaze-u-vecinu-u-skupstini-tk\/","url":"https:\/\/tuzlainfo.ba\/index.php\/novosti\/item\/190456-saradnja-sa-df-om-zastupnici-stranke-za-bih-ulaze-u-vecinu-u-skupstini-tk\/","name":"Saradnja sa DF-om: Zastupnici Stranke za BiH ulaze u ve\u0107inu u Skup\u0161tini TK - TuzlaInfo.ba","isPartOf":{"@id":"https:\/\/tuzlainfo.ba\/#website"},"primaryImageOfPage":{"@id":"https:\/\/tuzlainfo.ba\/index.php\/novosti\/item\/190456-saradnja-sa-df-om-zastupnici-stranke-za-bih-ulaze-u-vecinu-u-skupstini-tk\/#primaryimage"},"image":{"@id":"https:\/\/tuzlainfo.ba\/index.php\/novosti\/item\/190456-saradnja-sa-df-om-zastupnici-stranke-za-bih-ulaze-u-vecinu-u-skupstini-tk\/#primaryimage"},"thumbnailUrl":"https:\/\/tuzlainfo.ba\/wp-content\/uploads\/2022\/11\/2111_skupstina_tk.jpg","datePublished":"2022-11-25T13:44:47+00:00","dateModified":"2022-11-25T16:19:22+00:00","breadcrumb":{"@id":"https:\/\/tuzlainfo.ba\/index.php\/novosti\/item\/190456-saradnja-sa-df-om-zastupnici-stranke-za-bih-ulaze-u-vecinu-u-skupstini-tk\/#breadcrumb"},"inLanguage":"bs-BA","potentialAction":[{"@type":"ReadAction","target":["https:\/\/tuzlainfo.ba\/index.php\/novosti\/item\/190456-saradnja-sa-df-om-zastupnici-stranke-za-bih-ulaze-u-vecinu-u-skupstini-tk\/"]}]},{"@type":"ImageObject","inLanguage":"bs-BA","@id":"https:\/\/tuzlainfo.ba\/index.php\/novosti\/item\/190456-saradnja-sa-df-om-zastupnici-stranke-za-bih-ulaze-u-vecinu-u-skupstini-tk\/#primaryimage","url":"https:\/\/tuzlainfo.ba\/wp-content\/uploads\/2022\/11\/2111_skupstina_tk.jpg","contentUrl":"https:\/\/tuzlainfo.ba\/wp-content\/uploads\/2022\/11\/2111_skupstina_tk.jpg","width":1631,"height":1123},{"@type":"BreadcrumbList","@id":"https:\/\/tuzlainfo.ba\/index.php\/novosti\/item\/190456-saradnja-sa-df-om-zastupnici-stranke-za-bih-ulaze-u-vecinu-u-skupstini-tk\/#breadcrumb","itemListElement":[{"@type":"ListItem","position":1,"name":"Home","item":"https:\/\/tuzlainfo.ba\/"},{"@type":"ListItem","position":2,"name":"Saradnja sa DF-om: Zastupnici Stranke za BiH ulaze u ve\u0107inu u Skup\u0161tini TK"}]},{"@type":"WebSite","@id":"https:\/\/tuzlainfo.ba\/#website","url":"https:\/\/tuzlainfo.ba\/","name":"TuzlaInfo.ba","description":"Tuzla info, gradski informator - Tuzla na dlanu","publisher":{"@id":"https:\/\/tuzlainfo.ba\/#organization"},"potentialAction":[{"@type":"SearchAction","target":{"@type":"EntryPoint","urlTemplate":"https:\/\/tuzlainfo.ba\/?s={search_term_string}"},"query-input":{"@type":"PropertyValueSpecification","valueRequired":true,"valueName":"search_term_string"}}],"inLanguage":"bs-BA"},{"@type":"Organization","@id":"https:\/\/tuzlainfo.ba\/#organization","name":"TuzlaInfo.ba","url":"https:\/\/tuzlainfo.ba\/","logo":{"@type":"ImageObject","inLanguage":"bs-BA","@id":"https:\/\/tuzlainfo.ba\/#\/schema\/logo\/image\/","url":"https:\/\/tuzlainfo.ba\/wp-content\/uploads\/2021\/03\/logo-ver-3-1.png","contentUrl":"https:\/\/tuzlainfo.ba\/wp-content\/uploads\/2021\/03\/logo-ver-3-1.png","width":350,"height":95,"caption":"TuzlaInfo.ba"},"image":{"@id":"https:\/\/tuzlainfo.ba\/#\/schema\/logo\/image\/"},"sameAs":["https:\/\/www.facebook.com\/tuzlainfo.ba\/"]},{"@type":"Person","@id":"https:\/\/tuzlainfo.ba\/#\/schema\/person\/f434e20dc27ea133923aab08451b7f7f","name":"nedim","image":{"@type":"ImageObject","inLanguage":"bs-BA","@id":"https:\/\/tuzlainfo.ba\/#\/schema\/person\/image\/","url":"https:\/\/tuzlainfo.ba\/wp-content\/litespeed\/avatar\/aabad687af24844af817603ac1cbdc4f.jpg?ver=1777306975","contentUrl":"https:\/\/tuzlainfo.ba\/wp-content\/litespeed\/avatar\/aabad687af24844af817603ac1cbdc4f.jpg?ver=1777306975","caption":"nedim"},"description":"Tuzlainfo.ba pratite na dru\u0161tvenim mre\u017eama: Facebook, Instagram i Youtube. Svoje pri\u010de, upite i fotografije \u0161aljite na na\u0161u e-mail adresu."}]}},"_links":{"self":[{"href":"https:\/\/tuzlainfo.ba\/index.php\/wp-json\/wp\/v2\/posts\/190456"}],"collection":[{"href":"https:\/\/tuzlainfo.ba\/index.php\/wp-json\/wp\/v2\/posts"}],"about":[{"href":"https:\/\/tuzlainfo.ba\/index.php\/wp-json\/wp\/v2\/types\/post"}],"author":[{"embeddable":true,"href":"https:\/\/tuzlainfo.ba\/index.php\/wp-json\/wp\/v2\/users\/2"}],"replies":[{"embeddable":true,"href":"https:\/\/tuzlainfo.ba\/index.php\/wp-json\/wp\/v2\/comments?post=190456"}],"version-history":[{"count":0,"href":"https:\/\/tuzlainfo.ba\/index.php\/wp-json\/wp\/v2\/posts\/190456\/revisions"}],"wp:featuredmedia":[{"embeddable":true,"href":"https:\/\/tuzlainfo.ba\/index.php\/wp-json\/wp\/v2\/media\/189990"}],"wp:attachment":[{"href":"https:\/\/tuzlainfo.ba\/index.php\/wp-json\/wp\/v2\/media?parent=190456"}],"wp:term":[{"taxonomy":"category","embeddable":true,"href":"https:\/\/tuzlainfo.ba\/index.php\/wp-json\/wp\/v2\/categories?post=190456"},{"taxonomy":"post_tag","embeddable":true,"href":"https:\/\/tuzlainfo.ba\/index.php\/wp-json\/wp\/v2\/tags?post=190456"}],"curies":[{"name":"wp","href":"https:\/\/api.w.org\/{rel}","templated":true}]}}