{"id":190370,"date":"2022-11-24T17:23:54","date_gmt":"2022-11-24T16:23:54","guid":{"rendered":"https:\/\/tuzlainfo.ba\/?p=190370"},"modified":"2022-11-24T17:23:54","modified_gmt":"2022-11-24T16:23:54","slug":"ne-moze-da-vjeruje-dodik-cestitku-joe-bidena-za-dan-drzavnosti-bih-dozivio-kao-provokaciju","status":"publish","type":"post","link":"https:\/\/tuzlainfo.ba\/index.php\/bosna-i-hercegovina\/item\/190370-ne-moze-da-vjeruje-dodik-cestitku-joe-bidena-za-dan-drzavnosti-bih-dozivio-kao-provokaciju\/","title":{"rendered":"Ne mo\u017ee da vjeruje: Dodik \u010destitku Joe Bidena za Dan dr\u017eavnosti BiH do\u017eivio kao provokaciju"},"content":{"rendered":"<p>\u010cestitka predsjednika SAD Joe Bidena, upu\u0107ena gra\u0111anima BiH povodom 25. novembra Dana d\u017eavnosti, u entitetu Republici Srpskoj do\u017eivljava se gotovo kao provokacija, izjavio je predsjednik Republike Srpske Milorad Dodik.<\/p>\n<p>\u201eNe znam kojim imenom bih to nazvao ako se zna, a znaju i svi slu\u017ebenici ameri\u010dke Ambasade da 25. novembar nije praznik BiH\u201c, rekao je Dodik upitan da prokomentari\u0161e to \u0161to je ameri\u010dki predsjednik uputio \u010destitku \u010dlanovima Predsjedni\u0161tva BiH povodom 25. novembra, tzv. \u201eDana dr\u017eavnosti\u201c.<\/p>\n<p>Predsjednik Srpske kazao je da BiH nema zakon o praznicima, niti ima ijedan zakonom ustanovljen praznik koji se slavi i u Republici Srpskoj i u FBiH.<\/p>\n<p>\u201eDvadeset i sedam godina od zavr\u0161etka rata je dovoljno vremena da to nau\u010de ameri\u010dki predstavnici u BiH i o tome kona\u010dno izvijeste svoju vladu i slu\u017ebu koja se bavi slanjem \u010destitki u ima predsjednika SAD\u201c, naveo je Dodik u izjavi za Srnu.<\/p>\n","protected":false},"excerpt":{"rendered":"<p>\u010cestitka predsjednika SAD Joe Bidena, upu\u0107ena gra\u0111anima BiH povodom 25. novembra Dana d\u017eavnosti, u entitetu&hellip;<\/p>\n","protected":false},"author":2,"featured_media":186095,"comment_status":"open","ping_status":"closed","sticky":false,"template":"","format":"standard","meta":{"_acf_changed":false,"footnotes":""},"categories":[291],"tags":[1533,535],"acf":[],"yoast_head":"<!-- This site is optimized with the Yoast SEO plugin v23.5 - https:\/\/yoast.com\/wordpress\/plugins\/seo\/ -->\n<title>Ne mo\u017ee da vjeruje: Dodik \u010destitku Joe Bidena za Dan dr\u017eavnosti BiH do\u017eivio kao provokaciju - TuzlaInfo.ba<\/title>\n<meta name=\"robots\" content=\"index, follow, max-snippet:-1, max-image-preview:large, max-video-preview:-1\" \/>\n<link rel=\"canonical\" href=\"https:\/\/tuzlainfo.ba\/index.php\/bosna-i-hercegovina\/item\/190370-ne-moze-da-vjeruje-dodik-cestitku-joe-bidena-za-dan-drzavnosti-bih-dozivio-kao-provokaciju\/\" \/>\n<meta property=\"og:locale\" content=\"bs_BA\" \/>\n<meta property=\"og:type\" content=\"article\" \/>\n<meta property=\"og:title\" content=\"Ne mo\u017ee da vjeruje: Dodik \u010destitku Joe Bidena za Dan dr\u017eavnosti BiH do\u017eivio kao provokaciju - TuzlaInfo.ba\" \/>\n<meta property=\"og:description\" content=\"\u010cestitka predsjednika SAD Joe Bidena, upu\u0107ena gra\u0111anima BiH povodom 25. novembra Dana d\u017eavnosti, u entitetu&hellip;\" \/>\n<meta property=\"og:url\" content=\"https:\/\/tuzlainfo.ba\/index.php\/bosna-i-hercegovina\/item\/190370-ne-moze-da-vjeruje-dodik-cestitku-joe-bidena-za-dan-drzavnosti-bih-dozivio-kao-provokaciju\/\" \/>\n<meta property=\"og:site_name\" content=\"TuzlaInfo.ba\" \/>\n<meta property=\"article:publisher\" content=\"https:\/\/www.facebook.com\/tuzlainfo.ba\/\" \/>\n<meta property=\"article:published_time\" content=\"2022-11-24T16:23:54+00:00\" \/>\n<meta property=\"og:image\" content=\"https:\/\/tuzlainfo.ba\/wp-content\/uploads\/2022\/10\/0710_dodik.jpg\" \/>\n\t<meta property=\"og:image:width\" content=\"800\" \/>\n\t<meta property=\"og:image:height\" content=\"678\" \/>\n\t<meta property=\"og:image:type\" content=\"image\/jpeg\" \/>\n<meta name=\"author\" content=\"nedim\" \/>\n<meta name=\"twitter:card\" content=\"summary_large_image\" \/>\n<meta name=\"twitter:label1\" content=\"Written by\" \/>\n\t<meta name=\"twitter:data1\" content=\"nedim\" \/>\n\t<meta name=\"twitter:label2\" content=\"Est. reading time\" \/>\n\t<meta name=\"twitter:data2\" content=\"1 minuta\" \/>\n<script type=\"application\/ld+json\" class=\"yoast-schema-graph\">{\"@context\":\"https:\/\/schema.org\",\"@graph\":[{\"@type\":\"Article\",\"@id\":\"https:\/\/tuzlainfo.ba\/index.php\/bosna-i-hercegovina\/item\/190370-ne-moze-da-vjeruje-dodik-cestitku-joe-bidena-za-dan-drzavnosti-bih-dozivio-kao-provokaciju\/#article\",\"isPartOf\":{\"@id\":\"https:\/\/tuzlainfo.ba\/index.php\/bosna-i-hercegovina\/item\/190370-ne-moze-da-vjeruje-dodik-cestitku-joe-bidena-za-dan-drzavnosti-bih-dozivio-kao-provokaciju\/\"},\"author\":{\"name\":\"nedim\",\"@id\":\"https:\/\/tuzlainfo.ba\/#\/schema\/person\/f434e20dc27ea133923aab08451b7f7f\"},\"headline\":\"Ne mo\u017ee da vjeruje: Dodik \u010destitku Joe Bidena za Dan dr\u017eavnosti BiH do\u017eivio kao provokaciju\",\"datePublished\":\"2022-11-24T16:23:54+00:00\",\"dateModified\":\"2022-11-24T16:23:54+00:00\",\"mainEntityOfPage\":{\"@id\":\"https:\/\/tuzlainfo.ba\/index.php\/bosna-i-hercegovina\/item\/190370-ne-moze-da-vjeruje-dodik-cestitku-joe-bidena-za-dan-drzavnosti-bih-dozivio-kao-provokaciju\/\"},\"wordCount\":172,\"commentCount\":0,\"publisher\":{\"@id\":\"https:\/\/tuzlainfo.ba\/#organization\"},\"image\":{\"@id\":\"https:\/\/tuzlainfo.ba\/index.php\/bosna-i-hercegovina\/item\/190370-ne-moze-da-vjeruje-dodik-cestitku-joe-bidena-za-dan-drzavnosti-bih-dozivio-kao-provokaciju\/#primaryimage\"},\"thumbnailUrl\":\"https:\/\/tuzlainfo.ba\/wp-content\/uploads\/2022\/10\/0710_dodik.jpg\",\"keywords\":[\"joe biden\",\"milorad dodik\"],\"articleSection\":[\"Bosna i Hercegovina\"],\"inLanguage\":\"bs-BA\"},{\"@type\":\"WebPage\",\"@id\":\"https:\/\/tuzlainfo.ba\/index.php\/bosna-i-hercegovina\/item\/190370-ne-moze-da-vjeruje-dodik-cestitku-joe-bidena-za-dan-drzavnosti-bih-dozivio-kao-provokaciju\/\",\"url\":\"https:\/\/tuzlainfo.ba\/index.php\/bosna-i-hercegovina\/item\/190370-ne-moze-da-vjeruje-dodik-cestitku-joe-bidena-za-dan-drzavnosti-bih-dozivio-kao-provokaciju\/\",\"name\":\"Ne mo\u017ee da vjeruje: Dodik \u010destitku Joe Bidena za Dan dr\u017eavnosti BiH do\u017eivio kao provokaciju - TuzlaInfo.ba\",\"isPartOf\":{\"@id\":\"https:\/\/tuzlainfo.ba\/#website\"},\"primaryImageOfPage\":{\"@id\":\"https:\/\/tuzlainfo.ba\/index.php\/bosna-i-hercegovina\/item\/190370-ne-moze-da-vjeruje-dodik-cestitku-joe-bidena-za-dan-drzavnosti-bih-dozivio-kao-provokaciju\/#primaryimage\"},\"image\":{\"@id\":\"https:\/\/tuzlainfo.ba\/index.php\/bosna-i-hercegovina\/item\/190370-ne-moze-da-vjeruje-dodik-cestitku-joe-bidena-za-dan-drzavnosti-bih-dozivio-kao-provokaciju\/#primaryimage\"},\"thumbnailUrl\":\"https:\/\/tuzlainfo.ba\/wp-content\/uploads\/2022\/10\/0710_dodik.jpg\",\"datePublished\":\"2022-11-24T16:23:54+00:00\",\"dateModified\":\"2022-11-24T16:23:54+00:00\",\"breadcrumb\":{\"@id\":\"https:\/\/tuzlainfo.ba\/index.php\/bosna-i-hercegovina\/item\/190370-ne-moze-da-vjeruje-dodik-cestitku-joe-bidena-za-dan-drzavnosti-bih-dozivio-kao-provokaciju\/#breadcrumb\"},\"inLanguage\":\"bs-BA\",\"potentialAction\":[{\"@type\":\"ReadAction\",\"target\":[\"https:\/\/tuzlainfo.ba\/index.php\/bosna-i-hercegovina\/item\/190370-ne-moze-da-vjeruje-dodik-cestitku-joe-bidena-za-dan-drzavnosti-bih-dozivio-kao-provokaciju\/\"]}]},{\"@type\":\"ImageObject\",\"inLanguage\":\"bs-BA\",\"@id\":\"https:\/\/tuzlainfo.ba\/index.php\/bosna-i-hercegovina\/item\/190370-ne-moze-da-vjeruje-dodik-cestitku-joe-bidena-za-dan-drzavnosti-bih-dozivio-kao-provokaciju\/#primaryimage\",\"url\":\"https:\/\/tuzlainfo.ba\/wp-content\/uploads\/2022\/10\/0710_dodik.jpg\",\"contentUrl\":\"https:\/\/tuzlainfo.ba\/wp-content\/uploads\/2022\/10\/0710_dodik.jpg\",\"width\":800,\"height\":678},{\"@type\":\"BreadcrumbList\",\"@id\":\"https:\/\/tuzlainfo.ba\/index.php\/bosna-i-hercegovina\/item\/190370-ne-moze-da-vjeruje-dodik-cestitku-joe-bidena-za-dan-drzavnosti-bih-dozivio-kao-provokaciju\/#breadcrumb\",\"itemListElement\":[{\"@type\":\"ListItem\",\"position\":1,\"name\":\"Home\",\"item\":\"https:\/\/tuzlainfo.ba\/\"},{\"@type\":\"ListItem\",\"position\":2,\"name\":\"Ne mo\u017ee da vjeruje: Dodik \u010destitku Joe Bidena za Dan dr\u017eavnosti BiH do\u017eivio kao provokaciju\"}]},{\"@type\":\"WebSite\",\"@id\":\"https:\/\/tuzlainfo.ba\/#website\",\"url\":\"https:\/\/tuzlainfo.ba\/\",\"name\":\"TuzlaInfo.ba\",\"description\":\"Tuzla info, gradski informator - Tuzla na dlanu\",\"publisher\":{\"@id\":\"https:\/\/tuzlainfo.ba\/#organization\"},\"potentialAction\":[{\"@type\":\"SearchAction\",\"target\":{\"@type\":\"EntryPoint\",\"urlTemplate\":\"https:\/\/tuzlainfo.ba\/?s={search_term_string}\"},\"query-input\":{\"@type\":\"PropertyValueSpecification\",\"valueRequired\":true,\"valueName\":\"search_term_string\"}}],\"inLanguage\":\"bs-BA\"},{\"@type\":\"Organization\",\"@id\":\"https:\/\/tuzlainfo.ba\/#organization\",\"name\":\"TuzlaInfo.ba\",\"url\":\"https:\/\/tuzlainfo.ba\/\",\"logo\":{\"@type\":\"ImageObject\",\"inLanguage\":\"bs-BA\",\"@id\":\"https:\/\/tuzlainfo.ba\/#\/schema\/logo\/image\/\",\"url\":\"https:\/\/tuzlainfo.ba\/wp-content\/uploads\/2021\/03\/logo-ver-3-1.png\",\"contentUrl\":\"https:\/\/tuzlainfo.ba\/wp-content\/uploads\/2021\/03\/logo-ver-3-1.png\",\"width\":350,\"height\":95,\"caption\":\"TuzlaInfo.ba\"},\"image\":{\"@id\":\"https:\/\/tuzlainfo.ba\/#\/schema\/logo\/image\/\"},\"sameAs\":[\"https:\/\/www.facebook.com\/tuzlainfo.ba\/\"]},{\"@type\":\"Person\",\"@id\":\"https:\/\/tuzlainfo.ba\/#\/schema\/person\/f434e20dc27ea133923aab08451b7f7f\",\"name\":\"nedim\",\"image\":{\"@type\":\"ImageObject\",\"inLanguage\":\"bs-BA\",\"@id\":\"https:\/\/tuzlainfo.ba\/#\/schema\/person\/image\/\",\"url\":\"https:\/\/tuzlainfo.ba\/wp-content\/litespeed\/avatar\/aabad687af24844af817603ac1cbdc4f.jpg?ver=1777306975\",\"contentUrl\":\"https:\/\/tuzlainfo.ba\/wp-content\/litespeed\/avatar\/aabad687af24844af817603ac1cbdc4f.jpg?ver=1777306975\",\"caption\":\"nedim\"},\"description\":\"Tuzlainfo.ba pratite na dru\u0161tvenim mre\u017eama: Facebook, Instagram i Youtube. Svoje pri\u010de, upite i fotografije \u0161aljite na na\u0161u e-mail adresu.\"}]}<\/script>\n<!-- \/ Yoast SEO plugin. -->","yoast_head_json":{"title":"Ne mo\u017ee da vjeruje: Dodik \u010destitku Joe Bidena za Dan dr\u017eavnosti BiH do\u017eivio kao provokaciju - TuzlaInfo.ba","robots":{"index":"index","follow":"follow","max-snippet":"max-snippet:-1","max-image-preview":"max-image-preview:large","max-video-preview":"max-video-preview:-1"},"canonical":"https:\/\/tuzlainfo.ba\/index.php\/bosna-i-hercegovina\/item\/190370-ne-moze-da-vjeruje-dodik-cestitku-joe-bidena-za-dan-drzavnosti-bih-dozivio-kao-provokaciju\/","og_locale":"bs_BA","og_type":"article","og_title":"Ne mo\u017ee da vjeruje: Dodik \u010destitku Joe Bidena za Dan dr\u017eavnosti BiH do\u017eivio kao provokaciju - TuzlaInfo.ba","og_description":"\u010cestitka predsjednika SAD Joe Bidena, upu\u0107ena gra\u0111anima BiH povodom 25. novembra Dana d\u017eavnosti, u entitetu&hellip;","og_url":"https:\/\/tuzlainfo.ba\/index.php\/bosna-i-hercegovina\/item\/190370-ne-moze-da-vjeruje-dodik-cestitku-joe-bidena-za-dan-drzavnosti-bih-dozivio-kao-provokaciju\/","og_site_name":"TuzlaInfo.ba","article_publisher":"https:\/\/www.facebook.com\/tuzlainfo.ba\/","article_published_time":"2022-11-24T16:23:54+00:00","og_image":[{"width":800,"height":678,"url":"https:\/\/tuzlainfo.ba\/wp-content\/uploads\/2022\/10\/0710_dodik.jpg","type":"image\/jpeg"}],"author":"nedim","twitter_card":"summary_large_image","twitter_misc":{"Written by":"nedim","Est. reading time":"1 minuta"},"schema":{"@context":"https:\/\/schema.org","@graph":[{"@type":"Article","@id":"https:\/\/tuzlainfo.ba\/index.php\/bosna-i-hercegovina\/item\/190370-ne-moze-da-vjeruje-dodik-cestitku-joe-bidena-za-dan-drzavnosti-bih-dozivio-kao-provokaciju\/#article","isPartOf":{"@id":"https:\/\/tuzlainfo.ba\/index.php\/bosna-i-hercegovina\/item\/190370-ne-moze-da-vjeruje-dodik-cestitku-joe-bidena-za-dan-drzavnosti-bih-dozivio-kao-provokaciju\/"},"author":{"name":"nedim","@id":"https:\/\/tuzlainfo.ba\/#\/schema\/person\/f434e20dc27ea133923aab08451b7f7f"},"headline":"Ne mo\u017ee da vjeruje: Dodik \u010destitku Joe Bidena za Dan dr\u017eavnosti BiH do\u017eivio kao provokaciju","datePublished":"2022-11-24T16:23:54+00:00","dateModified":"2022-11-24T16:23:54+00:00","mainEntityOfPage":{"@id":"https:\/\/tuzlainfo.ba\/index.php\/bosna-i-hercegovina\/item\/190370-ne-moze-da-vjeruje-dodik-cestitku-joe-bidena-za-dan-drzavnosti-bih-dozivio-kao-provokaciju\/"},"wordCount":172,"commentCount":0,"publisher":{"@id":"https:\/\/tuzlainfo.ba\/#organization"},"image":{"@id":"https:\/\/tuzlainfo.ba\/index.php\/bosna-i-hercegovina\/item\/190370-ne-moze-da-vjeruje-dodik-cestitku-joe-bidena-za-dan-drzavnosti-bih-dozivio-kao-provokaciju\/#primaryimage"},"thumbnailUrl":"https:\/\/tuzlainfo.ba\/wp-content\/uploads\/2022\/10\/0710_dodik.jpg","keywords":["joe biden","milorad dodik"],"articleSection":["Bosna i Hercegovina"],"inLanguage":"bs-BA"},{"@type":"WebPage","@id":"https:\/\/tuzlainfo.ba\/index.php\/bosna-i-hercegovina\/item\/190370-ne-moze-da-vjeruje-dodik-cestitku-joe-bidena-za-dan-drzavnosti-bih-dozivio-kao-provokaciju\/","url":"https:\/\/tuzlainfo.ba\/index.php\/bosna-i-hercegovina\/item\/190370-ne-moze-da-vjeruje-dodik-cestitku-joe-bidena-za-dan-drzavnosti-bih-dozivio-kao-provokaciju\/","name":"Ne mo\u017ee da vjeruje: Dodik \u010destitku Joe Bidena za Dan dr\u017eavnosti BiH do\u017eivio kao provokaciju - TuzlaInfo.ba","isPartOf":{"@id":"https:\/\/tuzlainfo.ba\/#website"},"primaryImageOfPage":{"@id":"https:\/\/tuzlainfo.ba\/index.php\/bosna-i-hercegovina\/item\/190370-ne-moze-da-vjeruje-dodik-cestitku-joe-bidena-za-dan-drzavnosti-bih-dozivio-kao-provokaciju\/#primaryimage"},"image":{"@id":"https:\/\/tuzlainfo.ba\/index.php\/bosna-i-hercegovina\/item\/190370-ne-moze-da-vjeruje-dodik-cestitku-joe-bidena-za-dan-drzavnosti-bih-dozivio-kao-provokaciju\/#primaryimage"},"thumbnailUrl":"https:\/\/tuzlainfo.ba\/wp-content\/uploads\/2022\/10\/0710_dodik.jpg","datePublished":"2022-11-24T16:23:54+00:00","dateModified":"2022-11-24T16:23:54+00:00","breadcrumb":{"@id":"https:\/\/tuzlainfo.ba\/index.php\/bosna-i-hercegovina\/item\/190370-ne-moze-da-vjeruje-dodik-cestitku-joe-bidena-za-dan-drzavnosti-bih-dozivio-kao-provokaciju\/#breadcrumb"},"inLanguage":"bs-BA","potentialAction":[{"@type":"ReadAction","target":["https:\/\/tuzlainfo.ba\/index.php\/bosna-i-hercegovina\/item\/190370-ne-moze-da-vjeruje-dodik-cestitku-joe-bidena-za-dan-drzavnosti-bih-dozivio-kao-provokaciju\/"]}]},{"@type":"ImageObject","inLanguage":"bs-BA","@id":"https:\/\/tuzlainfo.ba\/index.php\/bosna-i-hercegovina\/item\/190370-ne-moze-da-vjeruje-dodik-cestitku-joe-bidena-za-dan-drzavnosti-bih-dozivio-kao-provokaciju\/#primaryimage","url":"https:\/\/tuzlainfo.ba\/wp-content\/uploads\/2022\/10\/0710_dodik.jpg","contentUrl":"https:\/\/tuzlainfo.ba\/wp-content\/uploads\/2022\/10\/0710_dodik.jpg","width":800,"height":678},{"@type":"BreadcrumbList","@id":"https:\/\/tuzlainfo.ba\/index.php\/bosna-i-hercegovina\/item\/190370-ne-moze-da-vjeruje-dodik-cestitku-joe-bidena-za-dan-drzavnosti-bih-dozivio-kao-provokaciju\/#breadcrumb","itemListElement":[{"@type":"ListItem","position":1,"name":"Home","item":"https:\/\/tuzlainfo.ba\/"},{"@type":"ListItem","position":2,"name":"Ne mo\u017ee da vjeruje: Dodik \u010destitku Joe Bidena za Dan dr\u017eavnosti BiH do\u017eivio kao provokaciju"}]},{"@type":"WebSite","@id":"https:\/\/tuzlainfo.ba\/#website","url":"https:\/\/tuzlainfo.ba\/","name":"TuzlaInfo.ba","description":"Tuzla info, gradski informator - Tuzla na dlanu","publisher":{"@id":"https:\/\/tuzlainfo.ba\/#organization"},"potentialAction":[{"@type":"SearchAction","target":{"@type":"EntryPoint","urlTemplate":"https:\/\/tuzlainfo.ba\/?s={search_term_string}"},"query-input":{"@type":"PropertyValueSpecification","valueRequired":true,"valueName":"search_term_string"}}],"inLanguage":"bs-BA"},{"@type":"Organization","@id":"https:\/\/tuzlainfo.ba\/#organization","name":"TuzlaInfo.ba","url":"https:\/\/tuzlainfo.ba\/","logo":{"@type":"ImageObject","inLanguage":"bs-BA","@id":"https:\/\/tuzlainfo.ba\/#\/schema\/logo\/image\/","url":"https:\/\/tuzlainfo.ba\/wp-content\/uploads\/2021\/03\/logo-ver-3-1.png","contentUrl":"https:\/\/tuzlainfo.ba\/wp-content\/uploads\/2021\/03\/logo-ver-3-1.png","width":350,"height":95,"caption":"TuzlaInfo.ba"},"image":{"@id":"https:\/\/tuzlainfo.ba\/#\/schema\/logo\/image\/"},"sameAs":["https:\/\/www.facebook.com\/tuzlainfo.ba\/"]},{"@type":"Person","@id":"https:\/\/tuzlainfo.ba\/#\/schema\/person\/f434e20dc27ea133923aab08451b7f7f","name":"nedim","image":{"@type":"ImageObject","inLanguage":"bs-BA","@id":"https:\/\/tuzlainfo.ba\/#\/schema\/person\/image\/","url":"https:\/\/tuzlainfo.ba\/wp-content\/litespeed\/avatar\/aabad687af24844af817603ac1cbdc4f.jpg?ver=1777306975","contentUrl":"https:\/\/tuzlainfo.ba\/wp-content\/litespeed\/avatar\/aabad687af24844af817603ac1cbdc4f.jpg?ver=1777306975","caption":"nedim"},"description":"Tuzlainfo.ba pratite na dru\u0161tvenim mre\u017eama: Facebook, Instagram i Youtube. Svoje pri\u010de, upite i fotografije \u0161aljite na na\u0161u e-mail adresu."}]}},"_links":{"self":[{"href":"https:\/\/tuzlainfo.ba\/index.php\/wp-json\/wp\/v2\/posts\/190370"}],"collection":[{"href":"https:\/\/tuzlainfo.ba\/index.php\/wp-json\/wp\/v2\/posts"}],"about":[{"href":"https:\/\/tuzlainfo.ba\/index.php\/wp-json\/wp\/v2\/types\/post"}],"author":[{"embeddable":true,"href":"https:\/\/tuzlainfo.ba\/index.php\/wp-json\/wp\/v2\/users\/2"}],"replies":[{"embeddable":true,"href":"https:\/\/tuzlainfo.ba\/index.php\/wp-json\/wp\/v2\/comments?post=190370"}],"version-history":[{"count":0,"href":"https:\/\/tuzlainfo.ba\/index.php\/wp-json\/wp\/v2\/posts\/190370\/revisions"}],"wp:featuredmedia":[{"embeddable":true,"href":"https:\/\/tuzlainfo.ba\/index.php\/wp-json\/wp\/v2\/media\/186095"}],"wp:attachment":[{"href":"https:\/\/tuzlainfo.ba\/index.php\/wp-json\/wp\/v2\/media?parent=190370"}],"wp:term":[{"taxonomy":"category","embeddable":true,"href":"https:\/\/tuzlainfo.ba\/index.php\/wp-json\/wp\/v2\/categories?post=190370"},{"taxonomy":"post_tag","embeddable":true,"href":"https:\/\/tuzlainfo.ba\/index.php\/wp-json\/wp\/v2\/tags?post=190370"}],"curies":[{"name":"wp","href":"https:\/\/api.w.org\/{rel}","templated":true}]}}