{"id":190107,"date":"2022-11-22T13:20:03","date_gmt":"2022-11-22T12:20:03","guid":{"rendered":"https:\/\/tuzlainfo.ba\/?p=190107"},"modified":"2022-11-22T14:17:16","modified_gmt":"2022-11-22T13:17:16","slug":"azmir-husic-za-slobodu-jedini-izlaz-je-azmir-husic","status":"publish","type":"post","link":"https:\/\/tuzlainfo.ba\/index.php\/novosti\/item\/190107-azmir-husic-za-slobodu-jedini-izlaz-je-azmir-husic\/","title":{"rendered":"Azmir Husi\u0107: &#8220;Za Slobodu jedini izlaz  je Azmir Husi\u0107&#8221;"},"content":{"rendered":"<p>Jedini spas i izlaz za Slobodu zove se Azmir Husi\u0107! Sloboda je poseban i druga\u010diji klub od svih ostalih u Premijer ligi. Nije Sloboda Sarajevo niti \u017deljezni\u010dar, niti je Sloboda Zrinjski ili Borac, to su klubovi malo druga\u010dije organizovani. Nema Sloboda politi\u010dku podr\u0161ku kao \u0161to je imaju neki klubovi u ligi, i to oni koji malo bolje poznaju de\u0161avanja u na\u0161oj ligi, znaju o \u010demu govorim &#8211; izjavio je Azmir Husi\u0107 za portal <a href=\"https:\/\/sportske.ba\/azmir-husic-jedini-izlaz-i-spas-za-slobodu-zove-se-azmir-husic\/\"><strong>Sportske.ba<\/strong><\/a>.<\/p>\n<p>Nekada\u0161nji predsjednik FK Sloboda, danas \u010dlan IO NFSBIH i &#8220;alfai omega&#8221; FK Tuzla City tako je odgovorio na novinarsko pitanje o mogu\u0107em povratku u redove &#8220;Crveno-crnih&#8221;.<\/p>\n<p>&#8211; Mislim da sam dovoljno rekao kada ka\u017eem da je za Slobodu jedini izlaz Azmir Husi\u0107, ka\u017ee nekada prvi \u010dovjek \u201ecrveno-crnih\u201c te dodaje:<\/p>\n<p>&#8211; Ako \u017eelimo spasiti prije svega Slobodu i napraviti jedan ozbiljan i jak klub, onda sam spreman vratiti se, ali ovaj put na druga\u010diji na\u010din. Ne \u017eelim da to bude kao pro\u0161li put kada sam imao razne opstrukcije u radu i vo\u0111enju kluba. Ovaj put to mora biti druga\u010dije, preuzeo bih klub ali bez uplitanja sa strane, trebamo odrediti jasno kako i na koji na\u010din \u010de klub funkcionisati, \u2013 kazao je za Sportske.ba Azmir Husi\u0107.<\/p>\n<p>Podsje\u0107amo, FK Sloboda na pauzu oti\u0161ao sa pretposljednjeg 11. mjesta i jedan je od ozbiljnih kandidata za napu\u0161tanje dru\u0161tva najboljih.<\/p>\n","protected":false},"excerpt":{"rendered":"<p>Jedini spas i izlaz za Slobodu zove se Azmir Husi\u0107! Sloboda je poseban i druga\u010diji&hellip;<\/p>\n","protected":false},"author":2,"featured_media":61242,"comment_status":"open","ping_status":"closed","sticky":false,"template":"","format":"standard","meta":{"_acf_changed":false,"footnotes":""},"categories":[304,12,306],"tags":[4807,466,915],"acf":[],"yoast_head":"<!-- This site is optimized with the Yoast SEO plugin v23.5 - https:\/\/yoast.com\/wordpress\/plugins\/seo\/ -->\n<title>Azmir Husi\u0107: &quot;Za Slobodu jedini izlaz je Azmir Husi\u0107&quot; - TuzlaInfo.ba<\/title>\n<meta name=\"robots\" content=\"index, follow, max-snippet:-1, max-image-preview:large, max-video-preview:-1\" \/>\n<link rel=\"canonical\" href=\"https:\/\/tuzlainfo.ba\/index.php\/novosti\/item\/190107-azmir-husic-za-slobodu-jedini-izlaz-je-azmir-husic\/\" \/>\n<meta property=\"og:locale\" content=\"bs_BA\" \/>\n<meta property=\"og:type\" content=\"article\" \/>\n<meta property=\"og:title\" content=\"Azmir Husi\u0107: &quot;Za Slobodu jedini izlaz je Azmir Husi\u0107&quot; - TuzlaInfo.ba\" \/>\n<meta property=\"og:description\" content=\"Jedini spas i izlaz za Slobodu zove se Azmir Husi\u0107! Sloboda je poseban i druga\u010diji&hellip;\" \/>\n<meta property=\"og:url\" content=\"https:\/\/tuzlainfo.ba\/index.php\/novosti\/item\/190107-azmir-husic-za-slobodu-jedini-izlaz-je-azmir-husic\/\" \/>\n<meta property=\"og:site_name\" content=\"TuzlaInfo.ba\" \/>\n<meta property=\"article:publisher\" content=\"https:\/\/www.facebook.com\/tuzlainfo.ba\/\" \/>\n<meta property=\"article:published_time\" content=\"2022-11-22T12:20:03+00:00\" \/>\n<meta property=\"article:modified_time\" content=\"2022-11-22T13:17:16+00:00\" \/>\n<meta property=\"og:image\" content=\"https:\/\/tuzlainfo.ba\/wp-content\/uploads\/2018\/04\/sadrzaj_2018_20180401_0204_azmir.jpg\" \/>\n\t<meta property=\"og:image:width\" content=\"760\" \/>\n\t<meta property=\"og:image:height\" content=\"475\" \/>\n\t<meta property=\"og:image:type\" content=\"image\/jpeg\" \/>\n<meta name=\"author\" content=\"nedim\" \/>\n<meta name=\"twitter:card\" content=\"summary_large_image\" \/>\n<meta name=\"twitter:label1\" content=\"Written by\" \/>\n\t<meta name=\"twitter:data1\" content=\"nedim\" \/>\n\t<meta name=\"twitter:label2\" content=\"Est. reading time\" \/>\n\t<meta name=\"twitter:data2\" content=\"1 minuta\" \/>\n<script type=\"application\/ld+json\" class=\"yoast-schema-graph\">{\"@context\":\"https:\/\/schema.org\",\"@graph\":[{\"@type\":\"Article\",\"@id\":\"https:\/\/tuzlainfo.ba\/index.php\/novosti\/item\/190107-azmir-husic-za-slobodu-jedini-izlaz-je-azmir-husic\/#article\",\"isPartOf\":{\"@id\":\"https:\/\/tuzlainfo.ba\/index.php\/novosti\/item\/190107-azmir-husic-za-slobodu-jedini-izlaz-je-azmir-husic\/\"},\"author\":{\"name\":\"nedim\",\"@id\":\"https:\/\/tuzlainfo.ba\/#\/schema\/person\/f434e20dc27ea133923aab08451b7f7f\"},\"headline\":\"Azmir Husi\u0107: &#8220;Za Slobodu jedini izlaz je Azmir Husi\u0107&#8221;\",\"datePublished\":\"2022-11-22T12:20:03+00:00\",\"dateModified\":\"2022-11-22T13:17:16+00:00\",\"mainEntityOfPage\":{\"@id\":\"https:\/\/tuzlainfo.ba\/index.php\/novosti\/item\/190107-azmir-husic-za-slobodu-jedini-izlaz-je-azmir-husic\/\"},\"wordCount\":248,\"commentCount\":0,\"publisher\":{\"@id\":\"https:\/\/tuzlainfo.ba\/#organization\"},\"image\":{\"@id\":\"https:\/\/tuzlainfo.ba\/index.php\/novosti\/item\/190107-azmir-husic-za-slobodu-jedini-izlaz-je-azmir-husic\/#primaryimage\"},\"thumbnailUrl\":\"https:\/\/tuzlainfo.ba\/wp-content\/uploads\/2018\/04\/sadrzaj_2018_20180401_0204_azmir.jpg\",\"keywords\":[\"azmir husic\",\"fk sloboda\",\"sport\"],\"articleSection\":[\"Istaknuto\",\"Novosti\",\"Preporu\u010dujemo\"],\"inLanguage\":\"bs-BA\"},{\"@type\":\"WebPage\",\"@id\":\"https:\/\/tuzlainfo.ba\/index.php\/novosti\/item\/190107-azmir-husic-za-slobodu-jedini-izlaz-je-azmir-husic\/\",\"url\":\"https:\/\/tuzlainfo.ba\/index.php\/novosti\/item\/190107-azmir-husic-za-slobodu-jedini-izlaz-je-azmir-husic\/\",\"name\":\"Azmir Husi\u0107: \\\"Za Slobodu jedini izlaz je Azmir Husi\u0107\\\" - TuzlaInfo.ba\",\"isPartOf\":{\"@id\":\"https:\/\/tuzlainfo.ba\/#website\"},\"primaryImageOfPage\":{\"@id\":\"https:\/\/tuzlainfo.ba\/index.php\/novosti\/item\/190107-azmir-husic-za-slobodu-jedini-izlaz-je-azmir-husic\/#primaryimage\"},\"image\":{\"@id\":\"https:\/\/tuzlainfo.ba\/index.php\/novosti\/item\/190107-azmir-husic-za-slobodu-jedini-izlaz-je-azmir-husic\/#primaryimage\"},\"thumbnailUrl\":\"https:\/\/tuzlainfo.ba\/wp-content\/uploads\/2018\/04\/sadrzaj_2018_20180401_0204_azmir.jpg\",\"datePublished\":\"2022-11-22T12:20:03+00:00\",\"dateModified\":\"2022-11-22T13:17:16+00:00\",\"breadcrumb\":{\"@id\":\"https:\/\/tuzlainfo.ba\/index.php\/novosti\/item\/190107-azmir-husic-za-slobodu-jedini-izlaz-je-azmir-husic\/#breadcrumb\"},\"inLanguage\":\"bs-BA\",\"potentialAction\":[{\"@type\":\"ReadAction\",\"target\":[\"https:\/\/tuzlainfo.ba\/index.php\/novosti\/item\/190107-azmir-husic-za-slobodu-jedini-izlaz-je-azmir-husic\/\"]}]},{\"@type\":\"ImageObject\",\"inLanguage\":\"bs-BA\",\"@id\":\"https:\/\/tuzlainfo.ba\/index.php\/novosti\/item\/190107-azmir-husic-za-slobodu-jedini-izlaz-je-azmir-husic\/#primaryimage\",\"url\":\"https:\/\/tuzlainfo.ba\/wp-content\/uploads\/2018\/04\/sadrzaj_2018_20180401_0204_azmir.jpg\",\"contentUrl\":\"https:\/\/tuzlainfo.ba\/wp-content\/uploads\/2018\/04\/sadrzaj_2018_20180401_0204_azmir.jpg\",\"width\":760,\"height\":475,\"caption\":\"0204 azmir\"},{\"@type\":\"BreadcrumbList\",\"@id\":\"https:\/\/tuzlainfo.ba\/index.php\/novosti\/item\/190107-azmir-husic-za-slobodu-jedini-izlaz-je-azmir-husic\/#breadcrumb\",\"itemListElement\":[{\"@type\":\"ListItem\",\"position\":1,\"name\":\"Home\",\"item\":\"https:\/\/tuzlainfo.ba\/\"},{\"@type\":\"ListItem\",\"position\":2,\"name\":\"Azmir Husi\u0107: &#8220;Za Slobodu jedini izlaz je Azmir Husi\u0107&#8221;\"}]},{\"@type\":\"WebSite\",\"@id\":\"https:\/\/tuzlainfo.ba\/#website\",\"url\":\"https:\/\/tuzlainfo.ba\/\",\"name\":\"TuzlaInfo.ba\",\"description\":\"Tuzla info, gradski informator - Tuzla na dlanu\",\"publisher\":{\"@id\":\"https:\/\/tuzlainfo.ba\/#organization\"},\"potentialAction\":[{\"@type\":\"SearchAction\",\"target\":{\"@type\":\"EntryPoint\",\"urlTemplate\":\"https:\/\/tuzlainfo.ba\/?s={search_term_string}\"},\"query-input\":{\"@type\":\"PropertyValueSpecification\",\"valueRequired\":true,\"valueName\":\"search_term_string\"}}],\"inLanguage\":\"bs-BA\"},{\"@type\":\"Organization\",\"@id\":\"https:\/\/tuzlainfo.ba\/#organization\",\"name\":\"TuzlaInfo.ba\",\"url\":\"https:\/\/tuzlainfo.ba\/\",\"logo\":{\"@type\":\"ImageObject\",\"inLanguage\":\"bs-BA\",\"@id\":\"https:\/\/tuzlainfo.ba\/#\/schema\/logo\/image\/\",\"url\":\"https:\/\/tuzlainfo.ba\/wp-content\/uploads\/2021\/03\/logo-ver-3-1.png\",\"contentUrl\":\"https:\/\/tuzlainfo.ba\/wp-content\/uploads\/2021\/03\/logo-ver-3-1.png\",\"width\":350,\"height\":95,\"caption\":\"TuzlaInfo.ba\"},\"image\":{\"@id\":\"https:\/\/tuzlainfo.ba\/#\/schema\/logo\/image\/\"},\"sameAs\":[\"https:\/\/www.facebook.com\/tuzlainfo.ba\/\"]},{\"@type\":\"Person\",\"@id\":\"https:\/\/tuzlainfo.ba\/#\/schema\/person\/f434e20dc27ea133923aab08451b7f7f\",\"name\":\"nedim\",\"image\":{\"@type\":\"ImageObject\",\"inLanguage\":\"bs-BA\",\"@id\":\"https:\/\/tuzlainfo.ba\/#\/schema\/person\/image\/\",\"url\":\"https:\/\/tuzlainfo.ba\/wp-content\/litespeed\/avatar\/aabad687af24844af817603ac1cbdc4f.jpg?ver=1776702173\",\"contentUrl\":\"https:\/\/tuzlainfo.ba\/wp-content\/litespeed\/avatar\/aabad687af24844af817603ac1cbdc4f.jpg?ver=1776702173\",\"caption\":\"nedim\"},\"description\":\"Tuzlainfo.ba pratite na dru\u0161tvenim mre\u017eama: Facebook, Instagram i Youtube. Svoje pri\u010de, upite i fotografije \u0161aljite na na\u0161u e-mail adresu.\"}]}<\/script>\n<!-- \/ Yoast SEO plugin. -->","yoast_head_json":{"title":"Azmir Husi\u0107: \"Za Slobodu jedini izlaz je Azmir Husi\u0107\" - TuzlaInfo.ba","robots":{"index":"index","follow":"follow","max-snippet":"max-snippet:-1","max-image-preview":"max-image-preview:large","max-video-preview":"max-video-preview:-1"},"canonical":"https:\/\/tuzlainfo.ba\/index.php\/novosti\/item\/190107-azmir-husic-za-slobodu-jedini-izlaz-je-azmir-husic\/","og_locale":"bs_BA","og_type":"article","og_title":"Azmir Husi\u0107: \"Za Slobodu jedini izlaz je Azmir Husi\u0107\" - TuzlaInfo.ba","og_description":"Jedini spas i izlaz za Slobodu zove se Azmir Husi\u0107! Sloboda je poseban i druga\u010diji&hellip;","og_url":"https:\/\/tuzlainfo.ba\/index.php\/novosti\/item\/190107-azmir-husic-za-slobodu-jedini-izlaz-je-azmir-husic\/","og_site_name":"TuzlaInfo.ba","article_publisher":"https:\/\/www.facebook.com\/tuzlainfo.ba\/","article_published_time":"2022-11-22T12:20:03+00:00","article_modified_time":"2022-11-22T13:17:16+00:00","og_image":[{"width":760,"height":475,"url":"https:\/\/tuzlainfo.ba\/wp-content\/uploads\/2018\/04\/sadrzaj_2018_20180401_0204_azmir.jpg","type":"image\/jpeg"}],"author":"nedim","twitter_card":"summary_large_image","twitter_misc":{"Written by":"nedim","Est. reading time":"1 minuta"},"schema":{"@context":"https:\/\/schema.org","@graph":[{"@type":"Article","@id":"https:\/\/tuzlainfo.ba\/index.php\/novosti\/item\/190107-azmir-husic-za-slobodu-jedini-izlaz-je-azmir-husic\/#article","isPartOf":{"@id":"https:\/\/tuzlainfo.ba\/index.php\/novosti\/item\/190107-azmir-husic-za-slobodu-jedini-izlaz-je-azmir-husic\/"},"author":{"name":"nedim","@id":"https:\/\/tuzlainfo.ba\/#\/schema\/person\/f434e20dc27ea133923aab08451b7f7f"},"headline":"Azmir Husi\u0107: &#8220;Za Slobodu jedini izlaz je Azmir Husi\u0107&#8221;","datePublished":"2022-11-22T12:20:03+00:00","dateModified":"2022-11-22T13:17:16+00:00","mainEntityOfPage":{"@id":"https:\/\/tuzlainfo.ba\/index.php\/novosti\/item\/190107-azmir-husic-za-slobodu-jedini-izlaz-je-azmir-husic\/"},"wordCount":248,"commentCount":0,"publisher":{"@id":"https:\/\/tuzlainfo.ba\/#organization"},"image":{"@id":"https:\/\/tuzlainfo.ba\/index.php\/novosti\/item\/190107-azmir-husic-za-slobodu-jedini-izlaz-je-azmir-husic\/#primaryimage"},"thumbnailUrl":"https:\/\/tuzlainfo.ba\/wp-content\/uploads\/2018\/04\/sadrzaj_2018_20180401_0204_azmir.jpg","keywords":["azmir husic","fk sloboda","sport"],"articleSection":["Istaknuto","Novosti","Preporu\u010dujemo"],"inLanguage":"bs-BA"},{"@type":"WebPage","@id":"https:\/\/tuzlainfo.ba\/index.php\/novosti\/item\/190107-azmir-husic-za-slobodu-jedini-izlaz-je-azmir-husic\/","url":"https:\/\/tuzlainfo.ba\/index.php\/novosti\/item\/190107-azmir-husic-za-slobodu-jedini-izlaz-je-azmir-husic\/","name":"Azmir Husi\u0107: \"Za Slobodu jedini izlaz je Azmir Husi\u0107\" - TuzlaInfo.ba","isPartOf":{"@id":"https:\/\/tuzlainfo.ba\/#website"},"primaryImageOfPage":{"@id":"https:\/\/tuzlainfo.ba\/index.php\/novosti\/item\/190107-azmir-husic-za-slobodu-jedini-izlaz-je-azmir-husic\/#primaryimage"},"image":{"@id":"https:\/\/tuzlainfo.ba\/index.php\/novosti\/item\/190107-azmir-husic-za-slobodu-jedini-izlaz-je-azmir-husic\/#primaryimage"},"thumbnailUrl":"https:\/\/tuzlainfo.ba\/wp-content\/uploads\/2018\/04\/sadrzaj_2018_20180401_0204_azmir.jpg","datePublished":"2022-11-22T12:20:03+00:00","dateModified":"2022-11-22T13:17:16+00:00","breadcrumb":{"@id":"https:\/\/tuzlainfo.ba\/index.php\/novosti\/item\/190107-azmir-husic-za-slobodu-jedini-izlaz-je-azmir-husic\/#breadcrumb"},"inLanguage":"bs-BA","potentialAction":[{"@type":"ReadAction","target":["https:\/\/tuzlainfo.ba\/index.php\/novosti\/item\/190107-azmir-husic-za-slobodu-jedini-izlaz-je-azmir-husic\/"]}]},{"@type":"ImageObject","inLanguage":"bs-BA","@id":"https:\/\/tuzlainfo.ba\/index.php\/novosti\/item\/190107-azmir-husic-za-slobodu-jedini-izlaz-je-azmir-husic\/#primaryimage","url":"https:\/\/tuzlainfo.ba\/wp-content\/uploads\/2018\/04\/sadrzaj_2018_20180401_0204_azmir.jpg","contentUrl":"https:\/\/tuzlainfo.ba\/wp-content\/uploads\/2018\/04\/sadrzaj_2018_20180401_0204_azmir.jpg","width":760,"height":475,"caption":"0204 azmir"},{"@type":"BreadcrumbList","@id":"https:\/\/tuzlainfo.ba\/index.php\/novosti\/item\/190107-azmir-husic-za-slobodu-jedini-izlaz-je-azmir-husic\/#breadcrumb","itemListElement":[{"@type":"ListItem","position":1,"name":"Home","item":"https:\/\/tuzlainfo.ba\/"},{"@type":"ListItem","position":2,"name":"Azmir Husi\u0107: &#8220;Za Slobodu jedini izlaz je Azmir Husi\u0107&#8221;"}]},{"@type":"WebSite","@id":"https:\/\/tuzlainfo.ba\/#website","url":"https:\/\/tuzlainfo.ba\/","name":"TuzlaInfo.ba","description":"Tuzla info, gradski informator - Tuzla na dlanu","publisher":{"@id":"https:\/\/tuzlainfo.ba\/#organization"},"potentialAction":[{"@type":"SearchAction","target":{"@type":"EntryPoint","urlTemplate":"https:\/\/tuzlainfo.ba\/?s={search_term_string}"},"query-input":{"@type":"PropertyValueSpecification","valueRequired":true,"valueName":"search_term_string"}}],"inLanguage":"bs-BA"},{"@type":"Organization","@id":"https:\/\/tuzlainfo.ba\/#organization","name":"TuzlaInfo.ba","url":"https:\/\/tuzlainfo.ba\/","logo":{"@type":"ImageObject","inLanguage":"bs-BA","@id":"https:\/\/tuzlainfo.ba\/#\/schema\/logo\/image\/","url":"https:\/\/tuzlainfo.ba\/wp-content\/uploads\/2021\/03\/logo-ver-3-1.png","contentUrl":"https:\/\/tuzlainfo.ba\/wp-content\/uploads\/2021\/03\/logo-ver-3-1.png","width":350,"height":95,"caption":"TuzlaInfo.ba"},"image":{"@id":"https:\/\/tuzlainfo.ba\/#\/schema\/logo\/image\/"},"sameAs":["https:\/\/www.facebook.com\/tuzlainfo.ba\/"]},{"@type":"Person","@id":"https:\/\/tuzlainfo.ba\/#\/schema\/person\/f434e20dc27ea133923aab08451b7f7f","name":"nedim","image":{"@type":"ImageObject","inLanguage":"bs-BA","@id":"https:\/\/tuzlainfo.ba\/#\/schema\/person\/image\/","url":"https:\/\/tuzlainfo.ba\/wp-content\/litespeed\/avatar\/aabad687af24844af817603ac1cbdc4f.jpg?ver=1776702173","contentUrl":"https:\/\/tuzlainfo.ba\/wp-content\/litespeed\/avatar\/aabad687af24844af817603ac1cbdc4f.jpg?ver=1776702173","caption":"nedim"},"description":"Tuzlainfo.ba pratite na dru\u0161tvenim mre\u017eama: Facebook, Instagram i Youtube. Svoje pri\u010de, upite i fotografije \u0161aljite na na\u0161u e-mail adresu."}]}},"_links":{"self":[{"href":"https:\/\/tuzlainfo.ba\/index.php\/wp-json\/wp\/v2\/posts\/190107"}],"collection":[{"href":"https:\/\/tuzlainfo.ba\/index.php\/wp-json\/wp\/v2\/posts"}],"about":[{"href":"https:\/\/tuzlainfo.ba\/index.php\/wp-json\/wp\/v2\/types\/post"}],"author":[{"embeddable":true,"href":"https:\/\/tuzlainfo.ba\/index.php\/wp-json\/wp\/v2\/users\/2"}],"replies":[{"embeddable":true,"href":"https:\/\/tuzlainfo.ba\/index.php\/wp-json\/wp\/v2\/comments?post=190107"}],"version-history":[{"count":0,"href":"https:\/\/tuzlainfo.ba\/index.php\/wp-json\/wp\/v2\/posts\/190107\/revisions"}],"wp:featuredmedia":[{"embeddable":true,"href":"https:\/\/tuzlainfo.ba\/index.php\/wp-json\/wp\/v2\/media\/61242"}],"wp:attachment":[{"href":"https:\/\/tuzlainfo.ba\/index.php\/wp-json\/wp\/v2\/media?parent=190107"}],"wp:term":[{"taxonomy":"category","embeddable":true,"href":"https:\/\/tuzlainfo.ba\/index.php\/wp-json\/wp\/v2\/categories?post=190107"},{"taxonomy":"post_tag","embeddable":true,"href":"https:\/\/tuzlainfo.ba\/index.php\/wp-json\/wp\/v2\/tags?post=190107"}],"curies":[{"name":"wp","href":"https:\/\/api.w.org\/{rel}","templated":true}]}}