{"id":189834,"date":"2022-11-19T17:19:23","date_gmt":"2022-11-19T16:19:23","guid":{"rendered":"https:\/\/tuzlainfo.ba\/?p=189834"},"modified":"2022-11-19T14:50:18","modified_gmt":"2022-11-19T13:50:18","slug":"knjiga-ovo-zelim-da-znas-promovirana-u-nub-dervis-susic-tuzla","status":"publish","type":"post","link":"https:\/\/tuzlainfo.ba\/index.php\/novosti\/item\/189834-knjiga-ovo-zelim-da-znas-promovirana-u-nub-dervis-susic-tuzla\/","title":{"rendered":"Knjiga \u201eOvo \u017eelim da zna\u0161\u201c promovirana u NUB \u201eDervi\u0161 Su\u0161i\u0107\u201c Tuzla"},"content":{"rendered":"<p>Knjiga \u201eOvo \u017eelim da zna\u0161\u201c autorica Emine Pr\u0161i\u0107 i Ivane \u0160e\u0161o promovirana je sino\u0107 u okviru \u201eMjeseca knjige\u201c Narodne i univerzitetske biblioteke \u201eDervi\u0161 Su\u0161i\u0107\u201c Tuzla. Rije\u010d je o \u010detvrtoj zajedni\u010dkoj knjizi autorica iz Zagreba.<\/p>\n<p>Knjiga \u201eOvo \u017eelim da zna\u0161\u201c namijenjena je djeci, mladima, ali i roditeljima, jer svojim sadr\u017eajem poga\u0111a jednu veoma izazovnu temu: temu odrastanja i roditeljstva. Nastala je za vrijeme pandemije. Svijet se promijenio preko no\u0107i, sve ono \u0161to smo planirali naglo je stalo. Svjesne da su jedno \u017eelje i planovi, a drugo mogu\u0107nosti, autorice su po\u017eeljele ostaviti ovaj rukopis svojoj djeci.<\/p>\n<p>&nbsp;<\/p>\n<p>\u201cIdeja knjige jest da iza sebe ostavimo pisani trag \u017eivotnih mudrosti, iskustava koje smo same pro\u0161le, kao jedna mala zbirka podsjetnika i putokaza.<\/p>\n<p>Premda nema sigurne formule za uspje\u0161an i sretan \u017eivot postoje neki indikatori za usmjerenje koji nam mogu olak\u0161ati neke \u017eivotne izazove. Djecu ne posjedujemo, jedina prednost koju imamo od njih jest da smo ranije do\u0161li na ovaj svijet. I tu prednost voljele bismo prenijeti na svoju djecu, kao mali od\u0161krinuti prozor u svijet.\u201d, poru\u010duju autorice.<\/p>\n<p>&nbsp;<\/p>\n<p>Emina Pr\u0161i\u0107, jedna od autorica knjige \u201eOvo \u017eelim da zna\u0161\u201c pojasnila je sino\u0107 kako je knjiga zapravo nastala.<\/p>\n<p>&nbsp;<\/p>\n<p>\u201eMene je moja k\u0107erka u vremenu pandemije pitala: \u201eMama, je li tako da ti nikada ne\u0107e\u0161 umrijeti? To je jedno pitanje koje se mo\u017ee o\u010dekivati izme\u0111u 4. i 5. godine \u017eivota djeteta. Pitala sam se \u0161to odgovoriti, jer je ne \u017eelim lagati. Od po\u010detka imamo jedan odnos u kojem razgovaramo o svemu. Ne postoje teme koje izbjegavam da bih je za\u0161titila, nego se trudim pripremiti je za \u017eivot. Onda sam joj odgovorila: \u201eJa \u0107u, ljubavi, oti\u0107i onda kada \u0107e\u0161 ti biti spremna.\u201c Zapravo, ja sam krenula knjigu pisati od kraja. Tema smrti je od onih o kojima niko ne \u017eeli razgovarati, ali osvijestiti smrt zna\u010di osvijestiti \u017eivot. Kada osvijestimo smrt, onda jo\u0161 vi\u0161e prigrlimo \u017eivot, jer znamo da niko od nas ne\u0107e ostati vje\u010dno.\u201c<\/p>\n<p>Knjiga prati odrastanje i izazove, zavr\u0161ava otpu\u0161tanjem, jednom kada nas ne bude. Na kraju knjige se nalaze prazne stranice za roditelje koji \u0107e mo\u0107i ispisati svoje misli, a jednako tako i za djecu koja \u0107e mo\u017eda imati potrebe ispisati uvjerenja koja im nisu slu\u017eila u odrastanju, koja ih danas ko\u010de ka nekim ostvarenjima, a prenesene su transgeneracijski. O transgeneracijskom prijenosu je na promociji knjige govorila Ivana \u0160e\u0161o, ina\u010de realitetni terapeut. Pojasnila je \u0161ta to u praksi zna\u010di, kako pravilno odgojiti i usmjeriti dijete da roditeljske traume i pogre\u0161na uvjerenja ne bi prenosilo na sljede\u0107e generacije. Na promociji je odr\u017eana i radionica na ovu temu.<\/p>\n<p>&nbsp;<\/p>\n<p>&#8220;Ovo \u017eelim da zna\u0161&#8221; je obostrana knjiga odnosa, roditelja i djece. Smjernica je svim mladim ljudima i njihovim roditeljima. Autorice su ga ispisale za svoje djevoj\u010dice, ali i za neke nove djevoj\u010dice i dje\u010dake, za neki novi, bolji svijet, a knjigu prati i soundtrack s kojim se jednostavno uranja u bit ove pri\u010de. Emina Pr\u0161i\u0107 i Ivana \u0160e\u0161o zajedno su jo\u0161 autorice knjiga \u201eNedostaje? Ne. Dosta je\u201c, \u201eKad te bajka sastavi, a \u017eivot rastavi\u201c i \u201eLjubav, beba, blagostanje i sranje\u201c.<\/p>\n<p>&nbsp;<\/p>\n<p>&nbsp;<\/p>\n","protected":false},"excerpt":{"rendered":"<p>Knjiga \u201eOvo \u017eelim da zna\u0161\u201c autorica Emine Pr\u0161i\u0107 i Ivane \u0160e\u0161o promovirana je sino\u0107 u&hellip;<\/p>\n","protected":false},"author":4,"featured_media":189835,"comment_status":"open","ping_status":"closed","sticky":false,"template":"","format":"standard","meta":{"_acf_changed":false,"footnotes":""},"categories":[12],"tags":[1705,1486],"acf":[],"yoast_head":"<!-- This site is optimized with the Yoast SEO plugin v23.5 - https:\/\/yoast.com\/wordpress\/plugins\/seo\/ -->\n<title>Knjiga \u201eOvo \u017eelim da zna\u0161\u201c promovirana u NUB \u201eDervi\u0161 Su\u0161i\u0107\u201c Tuzla - TuzlaInfo.ba<\/title>\n<meta name=\"robots\" content=\"index, follow, max-snippet:-1, max-image-preview:large, max-video-preview:-1\" \/>\n<link rel=\"canonical\" href=\"https:\/\/tuzlainfo.ba\/index.php\/novosti\/item\/189834-knjiga-ovo-zelim-da-znas-promovirana-u-nub-dervis-susic-tuzla\/\" \/>\n<meta property=\"og:locale\" content=\"bs_BA\" \/>\n<meta property=\"og:type\" content=\"article\" \/>\n<meta property=\"og:title\" content=\"Knjiga \u201eOvo \u017eelim da zna\u0161\u201c promovirana u NUB \u201eDervi\u0161 Su\u0161i\u0107\u201c Tuzla - TuzlaInfo.ba\" \/>\n<meta property=\"og:description\" content=\"Knjiga \u201eOvo \u017eelim da zna\u0161\u201c autorica Emine Pr\u0161i\u0107 i Ivane \u0160e\u0161o promovirana je sino\u0107 u&hellip;\" \/>\n<meta property=\"og:url\" content=\"https:\/\/tuzlainfo.ba\/index.php\/novosti\/item\/189834-knjiga-ovo-zelim-da-znas-promovirana-u-nub-dervis-susic-tuzla\/\" \/>\n<meta property=\"og:site_name\" content=\"TuzlaInfo.ba\" \/>\n<meta property=\"article:publisher\" content=\"https:\/\/www.facebook.com\/tuzlainfo.ba\/\" \/>\n<meta property=\"article:published_time\" content=\"2022-11-19T16:19:23+00:00\" \/>\n<meta property=\"article:modified_time\" content=\"2022-11-19T13:50:18+00:00\" \/>\n<meta property=\"og:image\" content=\"https:\/\/tuzlainfo.ba\/wp-content\/uploads\/2022\/11\/inbound1822414848261621451.jpg\" \/>\n\t<meta property=\"og:image:width\" content=\"1504\" \/>\n\t<meta property=\"og:image:height\" content=\"1000\" \/>\n\t<meta property=\"og:image:type\" content=\"image\/jpeg\" \/>\n<meta name=\"author\" content=\"Tuzla Info\" \/>\n<meta name=\"twitter:card\" content=\"summary_large_image\" \/>\n<meta name=\"twitter:label1\" content=\"Written by\" \/>\n\t<meta name=\"twitter:data1\" content=\"Tuzla Info\" \/>\n\t<meta name=\"twitter:label2\" content=\"Est. reading time\" \/>\n\t<meta name=\"twitter:data2\" content=\"3 minute\" \/>\n<script type=\"application\/ld+json\" class=\"yoast-schema-graph\">{\"@context\":\"https:\/\/schema.org\",\"@graph\":[{\"@type\":\"Article\",\"@id\":\"https:\/\/tuzlainfo.ba\/index.php\/novosti\/item\/189834-knjiga-ovo-zelim-da-znas-promovirana-u-nub-dervis-susic-tuzla\/#article\",\"isPartOf\":{\"@id\":\"https:\/\/tuzlainfo.ba\/index.php\/novosti\/item\/189834-knjiga-ovo-zelim-da-znas-promovirana-u-nub-dervis-susic-tuzla\/\"},\"author\":{\"name\":\"Tuzla Info\",\"@id\":\"https:\/\/tuzlainfo.ba\/#\/schema\/person\/46cad4c57790cbc50781edd14870825a\"},\"headline\":\"Knjiga \u201eOvo \u017eelim da zna\u0161\u201c promovirana u NUB \u201eDervi\u0161 Su\u0161i\u0107\u201c Tuzla\",\"datePublished\":\"2022-11-19T16:19:23+00:00\",\"dateModified\":\"2022-11-19T13:50:18+00:00\",\"mainEntityOfPage\":{\"@id\":\"https:\/\/tuzlainfo.ba\/index.php\/novosti\/item\/189834-knjiga-ovo-zelim-da-znas-promovirana-u-nub-dervis-susic-tuzla\/\"},\"wordCount\":560,\"commentCount\":0,\"publisher\":{\"@id\":\"https:\/\/tuzlainfo.ba\/#organization\"},\"image\":{\"@id\":\"https:\/\/tuzlainfo.ba\/index.php\/novosti\/item\/189834-knjiga-ovo-zelim-da-znas-promovirana-u-nub-dervis-susic-tuzla\/#primaryimage\"},\"thumbnailUrl\":\"https:\/\/tuzlainfo.ba\/wp-content\/uploads\/2022\/11\/inbound1822414848261621451.jpg\",\"keywords\":[\"nub dervi\u0161 su\u0161i\u0107\",\"promocija knjige\"],\"articleSection\":[\"Novosti\"],\"inLanguage\":\"bs-BA\"},{\"@type\":\"WebPage\",\"@id\":\"https:\/\/tuzlainfo.ba\/index.php\/novosti\/item\/189834-knjiga-ovo-zelim-da-znas-promovirana-u-nub-dervis-susic-tuzla\/\",\"url\":\"https:\/\/tuzlainfo.ba\/index.php\/novosti\/item\/189834-knjiga-ovo-zelim-da-znas-promovirana-u-nub-dervis-susic-tuzla\/\",\"name\":\"Knjiga \u201eOvo \u017eelim da zna\u0161\u201c promovirana u NUB \u201eDervi\u0161 Su\u0161i\u0107\u201c Tuzla - TuzlaInfo.ba\",\"isPartOf\":{\"@id\":\"https:\/\/tuzlainfo.ba\/#website\"},\"primaryImageOfPage\":{\"@id\":\"https:\/\/tuzlainfo.ba\/index.php\/novosti\/item\/189834-knjiga-ovo-zelim-da-znas-promovirana-u-nub-dervis-susic-tuzla\/#primaryimage\"},\"image\":{\"@id\":\"https:\/\/tuzlainfo.ba\/index.php\/novosti\/item\/189834-knjiga-ovo-zelim-da-znas-promovirana-u-nub-dervis-susic-tuzla\/#primaryimage\"},\"thumbnailUrl\":\"https:\/\/tuzlainfo.ba\/wp-content\/uploads\/2022\/11\/inbound1822414848261621451.jpg\",\"datePublished\":\"2022-11-19T16:19:23+00:00\",\"dateModified\":\"2022-11-19T13:50:18+00:00\",\"breadcrumb\":{\"@id\":\"https:\/\/tuzlainfo.ba\/index.php\/novosti\/item\/189834-knjiga-ovo-zelim-da-znas-promovirana-u-nub-dervis-susic-tuzla\/#breadcrumb\"},\"inLanguage\":\"bs-BA\",\"potentialAction\":[{\"@type\":\"ReadAction\",\"target\":[\"https:\/\/tuzlainfo.ba\/index.php\/novosti\/item\/189834-knjiga-ovo-zelim-da-znas-promovirana-u-nub-dervis-susic-tuzla\/\"]}]},{\"@type\":\"ImageObject\",\"inLanguage\":\"bs-BA\",\"@id\":\"https:\/\/tuzlainfo.ba\/index.php\/novosti\/item\/189834-knjiga-ovo-zelim-da-znas-promovirana-u-nub-dervis-susic-tuzla\/#primaryimage\",\"url\":\"https:\/\/tuzlainfo.ba\/wp-content\/uploads\/2022\/11\/inbound1822414848261621451.jpg\",\"contentUrl\":\"https:\/\/tuzlainfo.ba\/wp-content\/uploads\/2022\/11\/inbound1822414848261621451.jpg\",\"width\":1504,\"height\":1000},{\"@type\":\"BreadcrumbList\",\"@id\":\"https:\/\/tuzlainfo.ba\/index.php\/novosti\/item\/189834-knjiga-ovo-zelim-da-znas-promovirana-u-nub-dervis-susic-tuzla\/#breadcrumb\",\"itemListElement\":[{\"@type\":\"ListItem\",\"position\":1,\"name\":\"Home\",\"item\":\"https:\/\/tuzlainfo.ba\/\"},{\"@type\":\"ListItem\",\"position\":2,\"name\":\"Knjiga \u201eOvo \u017eelim da zna\u0161\u201c promovirana u NUB \u201eDervi\u0161 Su\u0161i\u0107\u201c Tuzla\"}]},{\"@type\":\"WebSite\",\"@id\":\"https:\/\/tuzlainfo.ba\/#website\",\"url\":\"https:\/\/tuzlainfo.ba\/\",\"name\":\"TuzlaInfo.ba\",\"description\":\"Tuzla info, gradski informator - Tuzla na dlanu\",\"publisher\":{\"@id\":\"https:\/\/tuzlainfo.ba\/#organization\"},\"potentialAction\":[{\"@type\":\"SearchAction\",\"target\":{\"@type\":\"EntryPoint\",\"urlTemplate\":\"https:\/\/tuzlainfo.ba\/?s={search_term_string}\"},\"query-input\":{\"@type\":\"PropertyValueSpecification\",\"valueRequired\":true,\"valueName\":\"search_term_string\"}}],\"inLanguage\":\"bs-BA\"},{\"@type\":\"Organization\",\"@id\":\"https:\/\/tuzlainfo.ba\/#organization\",\"name\":\"TuzlaInfo.ba\",\"url\":\"https:\/\/tuzlainfo.ba\/\",\"logo\":{\"@type\":\"ImageObject\",\"inLanguage\":\"bs-BA\",\"@id\":\"https:\/\/tuzlainfo.ba\/#\/schema\/logo\/image\/\",\"url\":\"https:\/\/tuzlainfo.ba\/wp-content\/uploads\/2021\/03\/logo-ver-3-1.png\",\"contentUrl\":\"https:\/\/tuzlainfo.ba\/wp-content\/uploads\/2021\/03\/logo-ver-3-1.png\",\"width\":350,\"height\":95,\"caption\":\"TuzlaInfo.ba\"},\"image\":{\"@id\":\"https:\/\/tuzlainfo.ba\/#\/schema\/logo\/image\/\"},\"sameAs\":[\"https:\/\/www.facebook.com\/tuzlainfo.ba\/\"]},{\"@type\":\"Person\",\"@id\":\"https:\/\/tuzlainfo.ba\/#\/schema\/person\/46cad4c57790cbc50781edd14870825a\",\"name\":\"Tuzla Info\",\"image\":{\"@type\":\"ImageObject\",\"inLanguage\":\"bs-BA\",\"@id\":\"https:\/\/tuzlainfo.ba\/#\/schema\/person\/image\/\",\"url\":\"https:\/\/tuzlainfo.ba\/wp-content\/litespeed\/avatar\/b6c453a6c38e3654f2e4416c643fc25c.jpg?ver=1777051911\",\"contentUrl\":\"https:\/\/tuzlainfo.ba\/wp-content\/litespeed\/avatar\/b6c453a6c38e3654f2e4416c643fc25c.jpg?ver=1777051911\",\"caption\":\"Tuzla Info\"}}]}<\/script>\n<!-- \/ Yoast SEO plugin. -->","yoast_head_json":{"title":"Knjiga \u201eOvo \u017eelim da zna\u0161\u201c promovirana u NUB \u201eDervi\u0161 Su\u0161i\u0107\u201c Tuzla - TuzlaInfo.ba","robots":{"index":"index","follow":"follow","max-snippet":"max-snippet:-1","max-image-preview":"max-image-preview:large","max-video-preview":"max-video-preview:-1"},"canonical":"https:\/\/tuzlainfo.ba\/index.php\/novosti\/item\/189834-knjiga-ovo-zelim-da-znas-promovirana-u-nub-dervis-susic-tuzla\/","og_locale":"bs_BA","og_type":"article","og_title":"Knjiga \u201eOvo \u017eelim da zna\u0161\u201c promovirana u NUB \u201eDervi\u0161 Su\u0161i\u0107\u201c Tuzla - TuzlaInfo.ba","og_description":"Knjiga \u201eOvo \u017eelim da zna\u0161\u201c autorica Emine Pr\u0161i\u0107 i Ivane \u0160e\u0161o promovirana je sino\u0107 u&hellip;","og_url":"https:\/\/tuzlainfo.ba\/index.php\/novosti\/item\/189834-knjiga-ovo-zelim-da-znas-promovirana-u-nub-dervis-susic-tuzla\/","og_site_name":"TuzlaInfo.ba","article_publisher":"https:\/\/www.facebook.com\/tuzlainfo.ba\/","article_published_time":"2022-11-19T16:19:23+00:00","article_modified_time":"2022-11-19T13:50:18+00:00","og_image":[{"width":1504,"height":1000,"url":"https:\/\/tuzlainfo.ba\/wp-content\/uploads\/2022\/11\/inbound1822414848261621451.jpg","type":"image\/jpeg"}],"author":"Tuzla Info","twitter_card":"summary_large_image","twitter_misc":{"Written by":"Tuzla Info","Est. reading time":"3 minute"},"schema":{"@context":"https:\/\/schema.org","@graph":[{"@type":"Article","@id":"https:\/\/tuzlainfo.ba\/index.php\/novosti\/item\/189834-knjiga-ovo-zelim-da-znas-promovirana-u-nub-dervis-susic-tuzla\/#article","isPartOf":{"@id":"https:\/\/tuzlainfo.ba\/index.php\/novosti\/item\/189834-knjiga-ovo-zelim-da-znas-promovirana-u-nub-dervis-susic-tuzla\/"},"author":{"name":"Tuzla Info","@id":"https:\/\/tuzlainfo.ba\/#\/schema\/person\/46cad4c57790cbc50781edd14870825a"},"headline":"Knjiga \u201eOvo \u017eelim da zna\u0161\u201c promovirana u NUB \u201eDervi\u0161 Su\u0161i\u0107\u201c Tuzla","datePublished":"2022-11-19T16:19:23+00:00","dateModified":"2022-11-19T13:50:18+00:00","mainEntityOfPage":{"@id":"https:\/\/tuzlainfo.ba\/index.php\/novosti\/item\/189834-knjiga-ovo-zelim-da-znas-promovirana-u-nub-dervis-susic-tuzla\/"},"wordCount":560,"commentCount":0,"publisher":{"@id":"https:\/\/tuzlainfo.ba\/#organization"},"image":{"@id":"https:\/\/tuzlainfo.ba\/index.php\/novosti\/item\/189834-knjiga-ovo-zelim-da-znas-promovirana-u-nub-dervis-susic-tuzla\/#primaryimage"},"thumbnailUrl":"https:\/\/tuzlainfo.ba\/wp-content\/uploads\/2022\/11\/inbound1822414848261621451.jpg","keywords":["nub dervi\u0161 su\u0161i\u0107","promocija knjige"],"articleSection":["Novosti"],"inLanguage":"bs-BA"},{"@type":"WebPage","@id":"https:\/\/tuzlainfo.ba\/index.php\/novosti\/item\/189834-knjiga-ovo-zelim-da-znas-promovirana-u-nub-dervis-susic-tuzla\/","url":"https:\/\/tuzlainfo.ba\/index.php\/novosti\/item\/189834-knjiga-ovo-zelim-da-znas-promovirana-u-nub-dervis-susic-tuzla\/","name":"Knjiga \u201eOvo \u017eelim da zna\u0161\u201c promovirana u NUB \u201eDervi\u0161 Su\u0161i\u0107\u201c Tuzla - TuzlaInfo.ba","isPartOf":{"@id":"https:\/\/tuzlainfo.ba\/#website"},"primaryImageOfPage":{"@id":"https:\/\/tuzlainfo.ba\/index.php\/novosti\/item\/189834-knjiga-ovo-zelim-da-znas-promovirana-u-nub-dervis-susic-tuzla\/#primaryimage"},"image":{"@id":"https:\/\/tuzlainfo.ba\/index.php\/novosti\/item\/189834-knjiga-ovo-zelim-da-znas-promovirana-u-nub-dervis-susic-tuzla\/#primaryimage"},"thumbnailUrl":"https:\/\/tuzlainfo.ba\/wp-content\/uploads\/2022\/11\/inbound1822414848261621451.jpg","datePublished":"2022-11-19T16:19:23+00:00","dateModified":"2022-11-19T13:50:18+00:00","breadcrumb":{"@id":"https:\/\/tuzlainfo.ba\/index.php\/novosti\/item\/189834-knjiga-ovo-zelim-da-znas-promovirana-u-nub-dervis-susic-tuzla\/#breadcrumb"},"inLanguage":"bs-BA","potentialAction":[{"@type":"ReadAction","target":["https:\/\/tuzlainfo.ba\/index.php\/novosti\/item\/189834-knjiga-ovo-zelim-da-znas-promovirana-u-nub-dervis-susic-tuzla\/"]}]},{"@type":"ImageObject","inLanguage":"bs-BA","@id":"https:\/\/tuzlainfo.ba\/index.php\/novosti\/item\/189834-knjiga-ovo-zelim-da-znas-promovirana-u-nub-dervis-susic-tuzla\/#primaryimage","url":"https:\/\/tuzlainfo.ba\/wp-content\/uploads\/2022\/11\/inbound1822414848261621451.jpg","contentUrl":"https:\/\/tuzlainfo.ba\/wp-content\/uploads\/2022\/11\/inbound1822414848261621451.jpg","width":1504,"height":1000},{"@type":"BreadcrumbList","@id":"https:\/\/tuzlainfo.ba\/index.php\/novosti\/item\/189834-knjiga-ovo-zelim-da-znas-promovirana-u-nub-dervis-susic-tuzla\/#breadcrumb","itemListElement":[{"@type":"ListItem","position":1,"name":"Home","item":"https:\/\/tuzlainfo.ba\/"},{"@type":"ListItem","position":2,"name":"Knjiga \u201eOvo \u017eelim da zna\u0161\u201c promovirana u NUB \u201eDervi\u0161 Su\u0161i\u0107\u201c Tuzla"}]},{"@type":"WebSite","@id":"https:\/\/tuzlainfo.ba\/#website","url":"https:\/\/tuzlainfo.ba\/","name":"TuzlaInfo.ba","description":"Tuzla info, gradski informator - Tuzla na dlanu","publisher":{"@id":"https:\/\/tuzlainfo.ba\/#organization"},"potentialAction":[{"@type":"SearchAction","target":{"@type":"EntryPoint","urlTemplate":"https:\/\/tuzlainfo.ba\/?s={search_term_string}"},"query-input":{"@type":"PropertyValueSpecification","valueRequired":true,"valueName":"search_term_string"}}],"inLanguage":"bs-BA"},{"@type":"Organization","@id":"https:\/\/tuzlainfo.ba\/#organization","name":"TuzlaInfo.ba","url":"https:\/\/tuzlainfo.ba\/","logo":{"@type":"ImageObject","inLanguage":"bs-BA","@id":"https:\/\/tuzlainfo.ba\/#\/schema\/logo\/image\/","url":"https:\/\/tuzlainfo.ba\/wp-content\/uploads\/2021\/03\/logo-ver-3-1.png","contentUrl":"https:\/\/tuzlainfo.ba\/wp-content\/uploads\/2021\/03\/logo-ver-3-1.png","width":350,"height":95,"caption":"TuzlaInfo.ba"},"image":{"@id":"https:\/\/tuzlainfo.ba\/#\/schema\/logo\/image\/"},"sameAs":["https:\/\/www.facebook.com\/tuzlainfo.ba\/"]},{"@type":"Person","@id":"https:\/\/tuzlainfo.ba\/#\/schema\/person\/46cad4c57790cbc50781edd14870825a","name":"Tuzla Info","image":{"@type":"ImageObject","inLanguage":"bs-BA","@id":"https:\/\/tuzlainfo.ba\/#\/schema\/person\/image\/","url":"https:\/\/tuzlainfo.ba\/wp-content\/litespeed\/avatar\/b6c453a6c38e3654f2e4416c643fc25c.jpg?ver=1777051911","contentUrl":"https:\/\/tuzlainfo.ba\/wp-content\/litespeed\/avatar\/b6c453a6c38e3654f2e4416c643fc25c.jpg?ver=1777051911","caption":"Tuzla Info"}}]}},"_links":{"self":[{"href":"https:\/\/tuzlainfo.ba\/index.php\/wp-json\/wp\/v2\/posts\/189834"}],"collection":[{"href":"https:\/\/tuzlainfo.ba\/index.php\/wp-json\/wp\/v2\/posts"}],"about":[{"href":"https:\/\/tuzlainfo.ba\/index.php\/wp-json\/wp\/v2\/types\/post"}],"author":[{"embeddable":true,"href":"https:\/\/tuzlainfo.ba\/index.php\/wp-json\/wp\/v2\/users\/4"}],"replies":[{"embeddable":true,"href":"https:\/\/tuzlainfo.ba\/index.php\/wp-json\/wp\/v2\/comments?post=189834"}],"version-history":[{"count":0,"href":"https:\/\/tuzlainfo.ba\/index.php\/wp-json\/wp\/v2\/posts\/189834\/revisions"}],"wp:featuredmedia":[{"embeddable":true,"href":"https:\/\/tuzlainfo.ba\/index.php\/wp-json\/wp\/v2\/media\/189835"}],"wp:attachment":[{"href":"https:\/\/tuzlainfo.ba\/index.php\/wp-json\/wp\/v2\/media?parent=189834"}],"wp:term":[{"taxonomy":"category","embeddable":true,"href":"https:\/\/tuzlainfo.ba\/index.php\/wp-json\/wp\/v2\/categories?post=189834"},{"taxonomy":"post_tag","embeddable":true,"href":"https:\/\/tuzlainfo.ba\/index.php\/wp-json\/wp\/v2\/tags?post=189834"}],"curies":[{"name":"wp","href":"https:\/\/api.w.org\/{rel}","templated":true}]}}