{"id":189709,"date":"2022-11-18T10:38:38","date_gmt":"2022-11-18T09:38:38","guid":{"rendered":"https:\/\/tuzlainfo.ba\/?p=189709"},"modified":"2022-11-18T11:08:25","modified_gmt":"2022-11-18T10:08:25","slug":"azem-vlasi-na-tribini-u-tuzli-za-ocuvanje-bih-potrebna-je-politicka-konsolidacija-onih-koje-se-bore-za-drzavu","status":"publish","type":"post","link":"https:\/\/tuzlainfo.ba\/index.php\/novosti\/item\/189709-azem-vlasi-na-tribini-u-tuzli-za-ocuvanje-bih-potrebna-je-politicka-konsolidacija-onih-koje-se-bore-za-drzavu\/","title":{"rendered":"Azem Vlasi na tribini u Tuzli: Za o\u010duvanje BiH potrebna je politi\u010dka konsolidacija onih koji se bore za dr\u017eavu"},"content":{"rendered":"<p>Sino\u0107 odr\u017eanom javnom tribinom na kojoj je gost bio Azem Vlasi, Bosanski kulturni centar Tuzlanskog kantona pokrenuo je seriju javnih dijaloga poznatih li\u010dnosti iz regije sa gra\u0111anima, pod nazivom \u201e\u010cetvrtkom u 18 sati\u201c.<\/p>\n<p>Razgovor sa Azemom Vlasijem, advokatom i kosovskim politi\u010darem, nekada\u0161njim visokim dr\u017eavnim i partijskim du\u017enosnikom u biv\u0161oj SFRJ, koji je vodio Ekrem Avdi\u0107 novinar i politolog iz Tuzle, privukao je zna\u010dajnu pa\u017enju javnih li\u010dnosti iz politi\u010dkog i akademskog \u017eivota ovog dijela Bosne i Hercegovine, koji su i bili aktivni sudionici sino\u0107njeg doga\u0111aja.<\/p>\n<p>Avdi\u0107 i Vlasi su govorili o aktuelnim dru\u0161tveno-politi\u010dkim temama, uz neizbje\u017ena pitanja vezana za de\u0161avanja na Kosovu 80-tih i 90-tih godina pro\u0161log vijeka, ulogu Slobodana Milo\u0161evi\u0107a i spiralu nasilja koju je pokrenuo na prostoru biv\u0161e Jugoslavije, do aktuelnih tema vezanih za to koliko je Kosovo blizu \u010dlanstva u UN i Savjetu Evrope, te \u0161ta su \u201eSrpski svet\u201c i \u201eOtvoreni balkan\u201c.<\/p>\n<p>Posebno je u fokusu bila dugogodi\u0161nja ote\u017eavaju\u0107a okolnost za gra\u0111ane i Bosne i Hercegovine i Kosova, \u0161to ove dvije zemlje nemaju uspostavljenu diplomatsku saradnju.<\/p>\n<p>-Postoji volja na obje strane za boljom saradnjom, u Bosni posebno kod onih koji dr\u017ee do dr\u017eave. Jedino ove dvije dr\u017eave u regiji imaju vizni re\u017eim. Na \u017ealost, da bi se ne\u0161to promijenilo treba i saglasnot ovih koji rade protiv Bosne i Hercegovine. Berlinskim sporazumom, kojim se omogu\u0107ava prelazak granica svih \u0161est dr\u017eava sa li\u010dnim kartama, to \u0107e se napokon promijeniti. To \u0107e pokrenuti i privrednu saradnju, a \u0161to dodatno ja\u010da veze dvije dr\u017eave \u2013 istakao je Azem Vlasi.<\/p>\n<div id=\"penci-post-gallery__69731\" class=\"penci-post-gallery-container masonry grid column-3\" data-height=\"150\" data-margin=\"3\"><div class=\"inner-gallery-masonry-container\"><div class=\"item-gallery-masonry grid\"><a class=\"\" href=\"https:\/\/tuzlainfo.ba\/wp-content\/uploads\/2022\/11\/1811_Tribina_BKCTK-azem_vlasi-8.jpg\"><div class=\"inner-item-masonry-gallery\"><img decoding=\"async\" src=\"https:\/\/tuzlainfo.ba\/wp-content\/uploads\/2022\/11\/1811_Tribina_BKCTK-azem_vlasi-8-585x390.jpg\" alt=\"\" title=\"1811_Tribina_BKCTK azem_vlasi (8)\"><\/div><\/a><\/div><div class=\"item-gallery-masonry grid\"><a class=\"\" href=\"https:\/\/tuzlainfo.ba\/wp-content\/uploads\/2022\/11\/1811_Tribina_BKCTK-azem_vlasi-7.jpg\"><div class=\"inner-item-masonry-gallery\"><img decoding=\"async\" src=\"https:\/\/tuzlainfo.ba\/wp-content\/uploads\/2022\/11\/1811_Tribina_BKCTK-azem_vlasi-7-585x390.jpg\" alt=\"\" title=\"1811_Tribina_BKCTK azem_vlasi (7)\"><\/div><\/a><\/div><div class=\"item-gallery-masonry grid\"><a class=\"\" href=\"https:\/\/tuzlainfo.ba\/wp-content\/uploads\/2022\/11\/1811_Tribina_BKCTK-azem_vlasi-5.jpg\"><div class=\"inner-item-masonry-gallery\"><img decoding=\"async\" src=\"https:\/\/tuzlainfo.ba\/wp-content\/uploads\/2022\/11\/1811_Tribina_BKCTK-azem_vlasi-5-585x390.jpg\" alt=\"\" title=\"1811_Tribina_BKCTK azem_vlasi (5)\"><\/div><\/a><\/div><div class=\"item-gallery-masonry grid\"><a class=\"\" href=\"https:\/\/tuzlainfo.ba\/wp-content\/uploads\/2022\/11\/1811_Tribina_BKCTK-azem_vlasi-4.jpg\"><div class=\"inner-item-masonry-gallery\"><img decoding=\"async\" src=\"https:\/\/tuzlainfo.ba\/wp-content\/uploads\/2022\/11\/1811_Tribina_BKCTK-azem_vlasi-4-585x390.jpg\" alt=\"\" title=\"1811_Tribina_BKCTK azem_vlasi (4)\"><\/div><\/a><\/div><div class=\"item-gallery-masonry grid\"><a class=\"\" href=\"https:\/\/tuzlainfo.ba\/wp-content\/uploads\/2022\/11\/1811_Tribina_BKCTK-azem_vlasi-2.jpg\"><div class=\"inner-item-masonry-gallery\"><img decoding=\"async\" src=\"https:\/\/tuzlainfo.ba\/wp-content\/uploads\/2022\/11\/1811_Tribina_BKCTK-azem_vlasi-2-585x390.jpg\" alt=\"\" title=\"1811_Tribina_BKCTK azem_vlasi (2)\"><\/div><\/a><\/div><div class=\"item-gallery-masonry grid\"><a class=\"\" href=\"https:\/\/tuzlainfo.ba\/wp-content\/uploads\/2022\/11\/1811_Tribina_BKCTK-azem_vlasi-1.jpg\"><div class=\"inner-item-masonry-gallery\"><img decoding=\"async\" src=\"https:\/\/tuzlainfo.ba\/wp-content\/uploads\/2022\/11\/1811_Tribina_BKCTK-azem_vlasi-1-585x390.jpg\" alt=\"\" title=\"1811_Tribina_BKCTK azem_vlasi (1)\"><\/div><\/a><\/div><\/div><\/div>\n<p>Osvrnuo se i na trenutnu situaciju u Bosni i Hercegovini i postizborni period u na\u0161oj dr\u017eavi.<\/p>\n<p>-Na \u017ealost Bosna i Hercegovina je u te\u0161koj situaciji, zbog djelovanja onih snaga koji \u017eele njen raspad, prije svega onih iz Banja Luke. Bosna i Hercegovina nema snage da iza\u0111e iz ove situacije bez vrlo aktivne me\u0111unarodne podr\u0161ke, prije svega SAD, jer je Bosna nakon Dejtonskog sporazuma njihov proizvod. Jedini na\u010din da BiH postane funkcionalna dr\u017eava je da SAD i Zapadna Evropa obuzdaju destruktivne snage koje ucjenjuju i stalno prijete kako \u0107e odcijepiti jedan entitet. Bosnu i Hercegovinu mo\u017ee o\u010duvati volja ve\u0107ine koja tu dr\u017eavu do\u017eivljavaju jedinom domovinom. Za to je potrebna unutra\u0161nja politi\u010dka konsolidacija partija i stranaka koje se bore za Bosnu i Hercegovinu. Koliko sada vidim u ovim kombinatorikama nakon izbora vi\u0161e je na sceni borba za poziciju u vlasti nego li interes Bosne i Hercegovine kao dr\u017eave \u2013 rekao je Vlasi.<\/p>\n<p>Neizbje\u017ena tema bila je odnos susjednih dr\u017eava prema Bosni i Hercegovini.<\/p>\n<p>-Srbija pri\u017eeljkuje i podsti\u010de, otvoreno i prikriveno Milorada Dodika u njegovim aktivnostima koje vode ka nestanku Bosne i Hedrcegovine. Za Hrvatsku na drugoj strani, vitalni nacionalni interes je fukcionalna Bosna i Hercegovina, zbog Hrvata koji tu \u017eive, ali i zbog \u010dinjenice da Hrvatska ima najdu\u017eu granicu upravo sa Bosnom i Hercegovinom koja strate\u0161ki predstavlja za\u0161titni pojas od velikosrpskih pretenzija. Te pretenzije su otvorene prema dijelovima Bosne i Hercegovine i Kosova i prema Crnoj Gori. Ostvare li se ono \u0161to Srbija \u017eeli u Bosni i Hercegovini, Hrvatska bi prva bila suo\u010dena sa apetitima velikosrpskog kleronacionalizma. Srbija vi\u0161e nema potencijala da izazive nove ratove, ali ne\u0107e stati sa svojim pretenzijama, kako sada ka\u017eu za \u201eSrpskim svetom\u201c \u2013 istakao je Vlasi na tribini koja je zbog velikog broja postavljenih pitanja gra\u0111ana, trajala mnogo du\u017ee od planiranih sat vremena.<\/p>\n<p>Kako je napomenuto prilikom prve tribine cilj ovakvih susreta je otvaranje dijaloga u pravcu boljeg razumijevanja naroda, kultura, historije i ostalih dru\u0161tvenih pitanja stanovnika nekada zajedni\u010dke dr\u017eave.<\/p>\n<p>Bosanski kulturni centar TK\u00a0 ve\u0107 u decembru organizuje slijede\u0107u tribinu, a o u\u010desniku javnost \u0107e biti blagovremeno obavije\u0161tena, saop\u0161teno je iz <strong>JU BKC TK.<\/strong><\/p>\n","protected":false},"excerpt":{"rendered":"<p>Sino\u0107 odr\u017eanom javnom tribinom na kojoj je gost bio Azem Vlasi, Bosanski kulturni centar Tuzlanskog&hellip;<\/p>\n","protected":false},"author":2,"featured_media":189714,"comment_status":"open","ping_status":"closed","sticky":false,"template":"","format":"standard","meta":{"_acf_changed":false,"footnotes":""},"categories":[304,12],"tags":[821,742,3003],"acf":[],"yoast_head":"<!-- This site is optimized with the Yoast SEO plugin v23.5 - https:\/\/yoast.com\/wordpress\/plugins\/seo\/ -->\n<title>Azem Vlasi na tribini u Tuzli: Za o\u010duvanje BiH potrebna je politi\u010dka konsolidacija onih koji se bore za dr\u017eavu - TuzlaInfo.ba<\/title>\n<meta name=\"robots\" content=\"index, follow, max-snippet:-1, max-image-preview:large, max-video-preview:-1\" \/>\n<link rel=\"canonical\" href=\"https:\/\/tuzlainfo.ba\/index.php\/novosti\/item\/189709-azem-vlasi-na-tribini-u-tuzli-za-ocuvanje-bih-potrebna-je-politicka-konsolidacija-onih-koje-se-bore-za-drzavu\/\" \/>\n<meta property=\"og:locale\" content=\"bs_BA\" \/>\n<meta property=\"og:type\" content=\"article\" \/>\n<meta property=\"og:title\" content=\"Azem Vlasi na tribini u Tuzli: Za o\u010duvanje BiH potrebna je politi\u010dka konsolidacija onih koji se bore za dr\u017eavu - TuzlaInfo.ba\" \/>\n<meta property=\"og:description\" content=\"Sino\u0107 odr\u017eanom javnom tribinom na kojoj je gost bio Azem Vlasi, Bosanski kulturni centar Tuzlanskog&hellip;\" \/>\n<meta property=\"og:url\" content=\"https:\/\/tuzlainfo.ba\/index.php\/novosti\/item\/189709-azem-vlasi-na-tribini-u-tuzli-za-ocuvanje-bih-potrebna-je-politicka-konsolidacija-onih-koje-se-bore-za-drzavu\/\" \/>\n<meta property=\"og:site_name\" content=\"TuzlaInfo.ba\" \/>\n<meta property=\"article:publisher\" content=\"https:\/\/www.facebook.com\/tuzlainfo.ba\/\" \/>\n<meta property=\"article:published_time\" content=\"2022-11-18T09:38:38+00:00\" \/>\n<meta property=\"article:modified_time\" content=\"2022-11-18T10:08:25+00:00\" \/>\n<meta property=\"og:image\" content=\"https:\/\/tuzlainfo.ba\/wp-content\/uploads\/2022\/11\/1811_Tribina_BKCTK-azem_vlasi-6.jpg\" \/>\n\t<meta property=\"og:image:width\" content=\"2048\" \/>\n\t<meta property=\"og:image:height\" content=\"1152\" \/>\n\t<meta property=\"og:image:type\" content=\"image\/jpeg\" \/>\n<meta name=\"author\" content=\"nedim\" \/>\n<meta name=\"twitter:card\" content=\"summary_large_image\" \/>\n<meta name=\"twitter:label1\" content=\"Written by\" \/>\n\t<meta name=\"twitter:data1\" content=\"nedim\" \/>\n\t<meta name=\"twitter:label2\" content=\"Est. reading time\" \/>\n\t<meta name=\"twitter:data2\" content=\"3 minute\" \/>\n<script type=\"application\/ld+json\" class=\"yoast-schema-graph\">{\"@context\":\"https:\/\/schema.org\",\"@graph\":[{\"@type\":\"Article\",\"@id\":\"https:\/\/tuzlainfo.ba\/index.php\/novosti\/item\/189709-azem-vlasi-na-tribini-u-tuzli-za-ocuvanje-bih-potrebna-je-politicka-konsolidacija-onih-koje-se-bore-za-drzavu\/#article\",\"isPartOf\":{\"@id\":\"https:\/\/tuzlainfo.ba\/index.php\/novosti\/item\/189709-azem-vlasi-na-tribini-u-tuzli-za-ocuvanje-bih-potrebna-je-politicka-konsolidacija-onih-koje-se-bore-za-drzavu\/\"},\"author\":{\"name\":\"nedim\",\"@id\":\"https:\/\/tuzlainfo.ba\/#\/schema\/person\/f434e20dc27ea133923aab08451b7f7f\"},\"headline\":\"Azem Vlasi na tribini u Tuzli: Za o\u010duvanje BiH potrebna je politi\u010dka konsolidacija onih koji se bore za dr\u017eavu\",\"datePublished\":\"2022-11-18T09:38:38+00:00\",\"dateModified\":\"2022-11-18T10:08:25+00:00\",\"mainEntityOfPage\":{\"@id\":\"https:\/\/tuzlainfo.ba\/index.php\/novosti\/item\/189709-azem-vlasi-na-tribini-u-tuzli-za-ocuvanje-bih-potrebna-je-politicka-konsolidacija-onih-koje-se-bore-za-drzavu\/\"},\"wordCount\":690,\"commentCount\":0,\"publisher\":{\"@id\":\"https:\/\/tuzlainfo.ba\/#organization\"},\"image\":{\"@id\":\"https:\/\/tuzlainfo.ba\/index.php\/novosti\/item\/189709-azem-vlasi-na-tribini-u-tuzli-za-ocuvanje-bih-potrebna-je-politicka-konsolidacija-onih-koje-se-bore-za-drzavu\/#primaryimage\"},\"thumbnailUrl\":\"https:\/\/tuzlainfo.ba\/wp-content\/uploads\/2022\/11\/1811_Tribina_BKCTK-azem_vlasi-6.jpg\",\"keywords\":[\"azem vlasi\",\"bkc tuzla\",\"javna tribina\"],\"articleSection\":[\"Istaknuto\",\"Novosti\"],\"inLanguage\":\"bs-BA\"},{\"@type\":\"WebPage\",\"@id\":\"https:\/\/tuzlainfo.ba\/index.php\/novosti\/item\/189709-azem-vlasi-na-tribini-u-tuzli-za-ocuvanje-bih-potrebna-je-politicka-konsolidacija-onih-koje-se-bore-za-drzavu\/\",\"url\":\"https:\/\/tuzlainfo.ba\/index.php\/novosti\/item\/189709-azem-vlasi-na-tribini-u-tuzli-za-ocuvanje-bih-potrebna-je-politicka-konsolidacija-onih-koje-se-bore-za-drzavu\/\",\"name\":\"Azem Vlasi na tribini u Tuzli: Za o\u010duvanje BiH potrebna je politi\u010dka konsolidacija onih koji se bore za dr\u017eavu - TuzlaInfo.ba\",\"isPartOf\":{\"@id\":\"https:\/\/tuzlainfo.ba\/#website\"},\"primaryImageOfPage\":{\"@id\":\"https:\/\/tuzlainfo.ba\/index.php\/novosti\/item\/189709-azem-vlasi-na-tribini-u-tuzli-za-ocuvanje-bih-potrebna-je-politicka-konsolidacija-onih-koje-se-bore-za-drzavu\/#primaryimage\"},\"image\":{\"@id\":\"https:\/\/tuzlainfo.ba\/index.php\/novosti\/item\/189709-azem-vlasi-na-tribini-u-tuzli-za-ocuvanje-bih-potrebna-je-politicka-konsolidacija-onih-koje-se-bore-za-drzavu\/#primaryimage\"},\"thumbnailUrl\":\"https:\/\/tuzlainfo.ba\/wp-content\/uploads\/2022\/11\/1811_Tribina_BKCTK-azem_vlasi-6.jpg\",\"datePublished\":\"2022-11-18T09:38:38+00:00\",\"dateModified\":\"2022-11-18T10:08:25+00:00\",\"breadcrumb\":{\"@id\":\"https:\/\/tuzlainfo.ba\/index.php\/novosti\/item\/189709-azem-vlasi-na-tribini-u-tuzli-za-ocuvanje-bih-potrebna-je-politicka-konsolidacija-onih-koje-se-bore-za-drzavu\/#breadcrumb\"},\"inLanguage\":\"bs-BA\",\"potentialAction\":[{\"@type\":\"ReadAction\",\"target\":[\"https:\/\/tuzlainfo.ba\/index.php\/novosti\/item\/189709-azem-vlasi-na-tribini-u-tuzli-za-ocuvanje-bih-potrebna-je-politicka-konsolidacija-onih-koje-se-bore-za-drzavu\/\"]}]},{\"@type\":\"ImageObject\",\"inLanguage\":\"bs-BA\",\"@id\":\"https:\/\/tuzlainfo.ba\/index.php\/novosti\/item\/189709-azem-vlasi-na-tribini-u-tuzli-za-ocuvanje-bih-potrebna-je-politicka-konsolidacija-onih-koje-se-bore-za-drzavu\/#primaryimage\",\"url\":\"https:\/\/tuzlainfo.ba\/wp-content\/uploads\/2022\/11\/1811_Tribina_BKCTK-azem_vlasi-6.jpg\",\"contentUrl\":\"https:\/\/tuzlainfo.ba\/wp-content\/uploads\/2022\/11\/1811_Tribina_BKCTK-azem_vlasi-6.jpg\",\"width\":2048,\"height\":1152},{\"@type\":\"BreadcrumbList\",\"@id\":\"https:\/\/tuzlainfo.ba\/index.php\/novosti\/item\/189709-azem-vlasi-na-tribini-u-tuzli-za-ocuvanje-bih-potrebna-je-politicka-konsolidacija-onih-koje-se-bore-za-drzavu\/#breadcrumb\",\"itemListElement\":[{\"@type\":\"ListItem\",\"position\":1,\"name\":\"Home\",\"item\":\"https:\/\/tuzlainfo.ba\/\"},{\"@type\":\"ListItem\",\"position\":2,\"name\":\"Azem Vlasi na tribini u Tuzli: Za o\u010duvanje BiH potrebna je politi\u010dka konsolidacija onih koji se bore za dr\u017eavu\"}]},{\"@type\":\"WebSite\",\"@id\":\"https:\/\/tuzlainfo.ba\/#website\",\"url\":\"https:\/\/tuzlainfo.ba\/\",\"name\":\"TuzlaInfo.ba\",\"description\":\"Tuzla info, gradski informator - Tuzla na dlanu\",\"publisher\":{\"@id\":\"https:\/\/tuzlainfo.ba\/#organization\"},\"potentialAction\":[{\"@type\":\"SearchAction\",\"target\":{\"@type\":\"EntryPoint\",\"urlTemplate\":\"https:\/\/tuzlainfo.ba\/?s={search_term_string}\"},\"query-input\":{\"@type\":\"PropertyValueSpecification\",\"valueRequired\":true,\"valueName\":\"search_term_string\"}}],\"inLanguage\":\"bs-BA\"},{\"@type\":\"Organization\",\"@id\":\"https:\/\/tuzlainfo.ba\/#organization\",\"name\":\"TuzlaInfo.ba\",\"url\":\"https:\/\/tuzlainfo.ba\/\",\"logo\":{\"@type\":\"ImageObject\",\"inLanguage\":\"bs-BA\",\"@id\":\"https:\/\/tuzlainfo.ba\/#\/schema\/logo\/image\/\",\"url\":\"https:\/\/tuzlainfo.ba\/wp-content\/uploads\/2021\/03\/logo-ver-3-1.png\",\"contentUrl\":\"https:\/\/tuzlainfo.ba\/wp-content\/uploads\/2021\/03\/logo-ver-3-1.png\",\"width\":350,\"height\":95,\"caption\":\"TuzlaInfo.ba\"},\"image\":{\"@id\":\"https:\/\/tuzlainfo.ba\/#\/schema\/logo\/image\/\"},\"sameAs\":[\"https:\/\/www.facebook.com\/tuzlainfo.ba\/\"]},{\"@type\":\"Person\",\"@id\":\"https:\/\/tuzlainfo.ba\/#\/schema\/person\/f434e20dc27ea133923aab08451b7f7f\",\"name\":\"nedim\",\"image\":{\"@type\":\"ImageObject\",\"inLanguage\":\"bs-BA\",\"@id\":\"https:\/\/tuzlainfo.ba\/#\/schema\/person\/image\/\",\"url\":\"https:\/\/tuzlainfo.ba\/wp-content\/litespeed\/avatar\/aabad687af24844af817603ac1cbdc4f.jpg?ver=1777306975\",\"contentUrl\":\"https:\/\/tuzlainfo.ba\/wp-content\/litespeed\/avatar\/aabad687af24844af817603ac1cbdc4f.jpg?ver=1777306975\",\"caption\":\"nedim\"},\"description\":\"Tuzlainfo.ba pratite na dru\u0161tvenim mre\u017eama: Facebook, Instagram i Youtube. Svoje pri\u010de, upite i fotografije \u0161aljite na na\u0161u e-mail adresu.\"}]}<\/script>\n<!-- \/ Yoast SEO plugin. -->","yoast_head_json":{"title":"Azem Vlasi na tribini u Tuzli: Za o\u010duvanje BiH potrebna je politi\u010dka konsolidacija onih koji se bore za dr\u017eavu - TuzlaInfo.ba","robots":{"index":"index","follow":"follow","max-snippet":"max-snippet:-1","max-image-preview":"max-image-preview:large","max-video-preview":"max-video-preview:-1"},"canonical":"https:\/\/tuzlainfo.ba\/index.php\/novosti\/item\/189709-azem-vlasi-na-tribini-u-tuzli-za-ocuvanje-bih-potrebna-je-politicka-konsolidacija-onih-koje-se-bore-za-drzavu\/","og_locale":"bs_BA","og_type":"article","og_title":"Azem Vlasi na tribini u Tuzli: Za o\u010duvanje BiH potrebna je politi\u010dka konsolidacija onih koji se bore za dr\u017eavu - TuzlaInfo.ba","og_description":"Sino\u0107 odr\u017eanom javnom tribinom na kojoj je gost bio Azem Vlasi, Bosanski kulturni centar Tuzlanskog&hellip;","og_url":"https:\/\/tuzlainfo.ba\/index.php\/novosti\/item\/189709-azem-vlasi-na-tribini-u-tuzli-za-ocuvanje-bih-potrebna-je-politicka-konsolidacija-onih-koje-se-bore-za-drzavu\/","og_site_name":"TuzlaInfo.ba","article_publisher":"https:\/\/www.facebook.com\/tuzlainfo.ba\/","article_published_time":"2022-11-18T09:38:38+00:00","article_modified_time":"2022-11-18T10:08:25+00:00","og_image":[{"width":2048,"height":1152,"url":"https:\/\/tuzlainfo.ba\/wp-content\/uploads\/2022\/11\/1811_Tribina_BKCTK-azem_vlasi-6.jpg","type":"image\/jpeg"}],"author":"nedim","twitter_card":"summary_large_image","twitter_misc":{"Written by":"nedim","Est. reading time":"3 minute"},"schema":{"@context":"https:\/\/schema.org","@graph":[{"@type":"Article","@id":"https:\/\/tuzlainfo.ba\/index.php\/novosti\/item\/189709-azem-vlasi-na-tribini-u-tuzli-za-ocuvanje-bih-potrebna-je-politicka-konsolidacija-onih-koje-se-bore-za-drzavu\/#article","isPartOf":{"@id":"https:\/\/tuzlainfo.ba\/index.php\/novosti\/item\/189709-azem-vlasi-na-tribini-u-tuzli-za-ocuvanje-bih-potrebna-je-politicka-konsolidacija-onih-koje-se-bore-za-drzavu\/"},"author":{"name":"nedim","@id":"https:\/\/tuzlainfo.ba\/#\/schema\/person\/f434e20dc27ea133923aab08451b7f7f"},"headline":"Azem Vlasi na tribini u Tuzli: Za o\u010duvanje BiH potrebna je politi\u010dka konsolidacija onih koji se bore za dr\u017eavu","datePublished":"2022-11-18T09:38:38+00:00","dateModified":"2022-11-18T10:08:25+00:00","mainEntityOfPage":{"@id":"https:\/\/tuzlainfo.ba\/index.php\/novosti\/item\/189709-azem-vlasi-na-tribini-u-tuzli-za-ocuvanje-bih-potrebna-je-politicka-konsolidacija-onih-koje-se-bore-za-drzavu\/"},"wordCount":690,"commentCount":0,"publisher":{"@id":"https:\/\/tuzlainfo.ba\/#organization"},"image":{"@id":"https:\/\/tuzlainfo.ba\/index.php\/novosti\/item\/189709-azem-vlasi-na-tribini-u-tuzli-za-ocuvanje-bih-potrebna-je-politicka-konsolidacija-onih-koje-se-bore-za-drzavu\/#primaryimage"},"thumbnailUrl":"https:\/\/tuzlainfo.ba\/wp-content\/uploads\/2022\/11\/1811_Tribina_BKCTK-azem_vlasi-6.jpg","keywords":["azem vlasi","bkc tuzla","javna tribina"],"articleSection":["Istaknuto","Novosti"],"inLanguage":"bs-BA"},{"@type":"WebPage","@id":"https:\/\/tuzlainfo.ba\/index.php\/novosti\/item\/189709-azem-vlasi-na-tribini-u-tuzli-za-ocuvanje-bih-potrebna-je-politicka-konsolidacija-onih-koje-se-bore-za-drzavu\/","url":"https:\/\/tuzlainfo.ba\/index.php\/novosti\/item\/189709-azem-vlasi-na-tribini-u-tuzli-za-ocuvanje-bih-potrebna-je-politicka-konsolidacija-onih-koje-se-bore-za-drzavu\/","name":"Azem Vlasi na tribini u Tuzli: Za o\u010duvanje BiH potrebna je politi\u010dka konsolidacija onih koji se bore za dr\u017eavu - TuzlaInfo.ba","isPartOf":{"@id":"https:\/\/tuzlainfo.ba\/#website"},"primaryImageOfPage":{"@id":"https:\/\/tuzlainfo.ba\/index.php\/novosti\/item\/189709-azem-vlasi-na-tribini-u-tuzli-za-ocuvanje-bih-potrebna-je-politicka-konsolidacija-onih-koje-se-bore-za-drzavu\/#primaryimage"},"image":{"@id":"https:\/\/tuzlainfo.ba\/index.php\/novosti\/item\/189709-azem-vlasi-na-tribini-u-tuzli-za-ocuvanje-bih-potrebna-je-politicka-konsolidacija-onih-koje-se-bore-za-drzavu\/#primaryimage"},"thumbnailUrl":"https:\/\/tuzlainfo.ba\/wp-content\/uploads\/2022\/11\/1811_Tribina_BKCTK-azem_vlasi-6.jpg","datePublished":"2022-11-18T09:38:38+00:00","dateModified":"2022-11-18T10:08:25+00:00","breadcrumb":{"@id":"https:\/\/tuzlainfo.ba\/index.php\/novosti\/item\/189709-azem-vlasi-na-tribini-u-tuzli-za-ocuvanje-bih-potrebna-je-politicka-konsolidacija-onih-koje-se-bore-za-drzavu\/#breadcrumb"},"inLanguage":"bs-BA","potentialAction":[{"@type":"ReadAction","target":["https:\/\/tuzlainfo.ba\/index.php\/novosti\/item\/189709-azem-vlasi-na-tribini-u-tuzli-za-ocuvanje-bih-potrebna-je-politicka-konsolidacija-onih-koje-se-bore-za-drzavu\/"]}]},{"@type":"ImageObject","inLanguage":"bs-BA","@id":"https:\/\/tuzlainfo.ba\/index.php\/novosti\/item\/189709-azem-vlasi-na-tribini-u-tuzli-za-ocuvanje-bih-potrebna-je-politicka-konsolidacija-onih-koje-se-bore-za-drzavu\/#primaryimage","url":"https:\/\/tuzlainfo.ba\/wp-content\/uploads\/2022\/11\/1811_Tribina_BKCTK-azem_vlasi-6.jpg","contentUrl":"https:\/\/tuzlainfo.ba\/wp-content\/uploads\/2022\/11\/1811_Tribina_BKCTK-azem_vlasi-6.jpg","width":2048,"height":1152},{"@type":"BreadcrumbList","@id":"https:\/\/tuzlainfo.ba\/index.php\/novosti\/item\/189709-azem-vlasi-na-tribini-u-tuzli-za-ocuvanje-bih-potrebna-je-politicka-konsolidacija-onih-koje-se-bore-za-drzavu\/#breadcrumb","itemListElement":[{"@type":"ListItem","position":1,"name":"Home","item":"https:\/\/tuzlainfo.ba\/"},{"@type":"ListItem","position":2,"name":"Azem Vlasi na tribini u Tuzli: Za o\u010duvanje BiH potrebna je politi\u010dka konsolidacija onih koji se bore za dr\u017eavu"}]},{"@type":"WebSite","@id":"https:\/\/tuzlainfo.ba\/#website","url":"https:\/\/tuzlainfo.ba\/","name":"TuzlaInfo.ba","description":"Tuzla info, gradski informator - Tuzla na dlanu","publisher":{"@id":"https:\/\/tuzlainfo.ba\/#organization"},"potentialAction":[{"@type":"SearchAction","target":{"@type":"EntryPoint","urlTemplate":"https:\/\/tuzlainfo.ba\/?s={search_term_string}"},"query-input":{"@type":"PropertyValueSpecification","valueRequired":true,"valueName":"search_term_string"}}],"inLanguage":"bs-BA"},{"@type":"Organization","@id":"https:\/\/tuzlainfo.ba\/#organization","name":"TuzlaInfo.ba","url":"https:\/\/tuzlainfo.ba\/","logo":{"@type":"ImageObject","inLanguage":"bs-BA","@id":"https:\/\/tuzlainfo.ba\/#\/schema\/logo\/image\/","url":"https:\/\/tuzlainfo.ba\/wp-content\/uploads\/2021\/03\/logo-ver-3-1.png","contentUrl":"https:\/\/tuzlainfo.ba\/wp-content\/uploads\/2021\/03\/logo-ver-3-1.png","width":350,"height":95,"caption":"TuzlaInfo.ba"},"image":{"@id":"https:\/\/tuzlainfo.ba\/#\/schema\/logo\/image\/"},"sameAs":["https:\/\/www.facebook.com\/tuzlainfo.ba\/"]},{"@type":"Person","@id":"https:\/\/tuzlainfo.ba\/#\/schema\/person\/f434e20dc27ea133923aab08451b7f7f","name":"nedim","image":{"@type":"ImageObject","inLanguage":"bs-BA","@id":"https:\/\/tuzlainfo.ba\/#\/schema\/person\/image\/","url":"https:\/\/tuzlainfo.ba\/wp-content\/litespeed\/avatar\/aabad687af24844af817603ac1cbdc4f.jpg?ver=1777306975","contentUrl":"https:\/\/tuzlainfo.ba\/wp-content\/litespeed\/avatar\/aabad687af24844af817603ac1cbdc4f.jpg?ver=1777306975","caption":"nedim"},"description":"Tuzlainfo.ba pratite na dru\u0161tvenim mre\u017eama: Facebook, Instagram i Youtube. Svoje pri\u010de, upite i fotografije \u0161aljite na na\u0161u e-mail adresu."}]}},"_links":{"self":[{"href":"https:\/\/tuzlainfo.ba\/index.php\/wp-json\/wp\/v2\/posts\/189709"}],"collection":[{"href":"https:\/\/tuzlainfo.ba\/index.php\/wp-json\/wp\/v2\/posts"}],"about":[{"href":"https:\/\/tuzlainfo.ba\/index.php\/wp-json\/wp\/v2\/types\/post"}],"author":[{"embeddable":true,"href":"https:\/\/tuzlainfo.ba\/index.php\/wp-json\/wp\/v2\/users\/2"}],"replies":[{"embeddable":true,"href":"https:\/\/tuzlainfo.ba\/index.php\/wp-json\/wp\/v2\/comments?post=189709"}],"version-history":[{"count":0,"href":"https:\/\/tuzlainfo.ba\/index.php\/wp-json\/wp\/v2\/posts\/189709\/revisions"}],"wp:featuredmedia":[{"embeddable":true,"href":"https:\/\/tuzlainfo.ba\/index.php\/wp-json\/wp\/v2\/media\/189714"}],"wp:attachment":[{"href":"https:\/\/tuzlainfo.ba\/index.php\/wp-json\/wp\/v2\/media?parent=189709"}],"wp:term":[{"taxonomy":"category","embeddable":true,"href":"https:\/\/tuzlainfo.ba\/index.php\/wp-json\/wp\/v2\/categories?post=189709"},{"taxonomy":"post_tag","embeddable":true,"href":"https:\/\/tuzlainfo.ba\/index.php\/wp-json\/wp\/v2\/tags?post=189709"}],"curies":[{"name":"wp","href":"https:\/\/api.w.org\/{rel}","templated":true}]}}