{"id":189660,"date":"2022-11-17T17:00:09","date_gmt":"2022-11-17T16:00:09","guid":{"rendered":"https:\/\/tuzlainfo.ba\/?p=189660"},"modified":"2022-11-17T16:39:50","modified_gmt":"2022-11-17T15:39:50","slug":"azem-vlasi-u-posjeti-kod-premijera-tk-tuzlu-dozivljavam-svojom","status":"publish","type":"post","link":"https:\/\/tuzlainfo.ba\/index.php\/novosti\/item\/189660-azem-vlasi-u-posjeti-kod-premijera-tk-tuzlu-dozivljavam-svojom\/","title":{"rendered":"Azem Vlasi u posjeti kod premijera TK: &#8220;Tuzlu do\u017eivljavam svojom&#8221;"},"content":{"rendered":"<p>Azem Vlasi, Titov prvi omladinac i zadnji politi\u010dki zatvorenik u Jugoslaviji \u0107e danas u 18 sati, u Bosanskom kulturnom centru u Tuzli biti prvi sudionik serije javnih tribina po nazivom \u201e\u010cetvrtkom u 18 sati&#8221;, koncipiranih kao javni dijalog poznatih li\u010dnosti iz regije sa gra\u0111anima. Tim povodom prijem za gospodina Vlasija uprili\u010dio je premijer Tuzlanskog kantona Irfan Halilagi\u0107.<\/p>\n<p>Uz izraze dobrodo\u0161lice, premijer Halilagi\u0107 je predstavio Tuzlanski kanton, te koncept rada i aktivnosti koje je Vlada u ovom sazivu realizirala tokom posljednjih 10 mjeseci.<\/p>\n<p>Vlasi je istaknuo da Bosnu i Hercegovinu, ali posebno Tuzlu do\u017eivljava \u201esvojom&#8221;, jer je u Tuzli prije 49 godina slu\u017eio obavezni vojni rok.<\/p>\n<p>\u201eDobro poznajem Bosnu i Hercegovinu i prilike, a percepcija Tuzlanskog kantona je izuzetno pozitivna. Na\u017ealost ovakva Bosna i Hercegovina, u \u201elu\u0111a\u010dkoj ko\u0161ulji&#8221; je proizvod me\u0111unarodne zajednice i Sjedinjenih Ameri\u010dkih Dr\u017eava i kao takve, Sjedinjene Ameri\u010dke Dr\u017eave treba da je \u0161tite dok se ne transformira u funkcionalnu dr\u017eavu&#8221;, iznio je Vladi sublimaciju ideje ve\u010dera\u0161nje posebno akcentiraju\u0107i svoj prijateljski odnos prema Bosni i Hercegovini. \u201eOni gra\u0111ani Bosne i Hercegovine, koji Bosnu i Hercegovinu do\u017eivljavaju svojom jedinom domovinom su na vi\u0161em civilizacijskom nivou, a pre\u017eivjet \u0107e Bosna i ove druge&#8221; zaklju\u010dio je Vlasi.<\/p>\n<p>Premijer Halilagi\u0107 se zahvalio Vlasiju na dolasku u Tuzlu i Tuzlanski kantonu, te na iskrenom prijateljskom odnosu kojeg gaji i kojeg javno isti\u010de. Tako\u0111er, premijer je pohvalio aktivnosti Bosanskog kulturnog centra u Tuzli, koji je u prethodnom periodu intenzivirao svoj rad i funkciju, a kao rezultat \u010dega je pokrenut i ovaj serijal javnih tribina.<\/p>\n<p>Tokom dana\u0161njeg sastanka izra\u017eena je obostrana spremnost, te je ukazano i na neophodnost uspostave sna\u017enije privredne saradnje Tuzlanskog kantona i Kosova.<\/p>\n<p>Dana\u0161nji susret premijer je iskoristio da gospodinu Vlasiju uru\u010di simboli\u010dan poklon, bakrorez kipa, kandelabera Franje Ledera, koji, prema odre\u0111enim tuma\u010denjima simbolizira rudara koji nosi kristal soli.<\/p>\n","protected":false},"excerpt":{"rendered":"<p>Azem Vlasi, Titov prvi omladinac i zadnji politi\u010dki zatvorenik u Jugoslaviji \u0107e danas u 18&hellip;<\/p>\n","protected":false},"author":4,"featured_media":189661,"comment_status":"open","ping_status":"closed","sticky":false,"template":"","format":"standard","meta":{"_acf_changed":false,"footnotes":""},"categories":[304,12],"tags":[821,336],"acf":[],"yoast_head":"<!-- This site is optimized with the Yoast SEO plugin v23.5 - https:\/\/yoast.com\/wordpress\/plugins\/seo\/ -->\n<title>Azem Vlasi u posjeti kod premijera TK: &quot;Tuzlu do\u017eivljavam svojom&quot; - TuzlaInfo.ba<\/title>\n<meta name=\"robots\" content=\"index, follow, max-snippet:-1, max-image-preview:large, max-video-preview:-1\" \/>\n<link rel=\"canonical\" href=\"https:\/\/tuzlainfo.ba\/index.php\/novosti\/item\/189660-azem-vlasi-u-posjeti-kod-premijera-tk-tuzlu-dozivljavam-svojom\/\" \/>\n<meta property=\"og:locale\" content=\"bs_BA\" \/>\n<meta property=\"og:type\" content=\"article\" \/>\n<meta property=\"og:title\" content=\"Azem Vlasi u posjeti kod premijera TK: &quot;Tuzlu do\u017eivljavam svojom&quot; - TuzlaInfo.ba\" \/>\n<meta property=\"og:description\" content=\"Azem Vlasi, Titov prvi omladinac i zadnji politi\u010dki zatvorenik u Jugoslaviji \u0107e danas u 18&hellip;\" \/>\n<meta property=\"og:url\" content=\"https:\/\/tuzlainfo.ba\/index.php\/novosti\/item\/189660-azem-vlasi-u-posjeti-kod-premijera-tk-tuzlu-dozivljavam-svojom\/\" \/>\n<meta property=\"og:site_name\" content=\"TuzlaInfo.ba\" \/>\n<meta property=\"article:publisher\" content=\"https:\/\/www.facebook.com\/tuzlainfo.ba\/\" \/>\n<meta property=\"article:published_time\" content=\"2022-11-17T16:00:09+00:00\" \/>\n<meta property=\"article:modified_time\" content=\"2022-11-17T15:39:50+00:00\" \/>\n<meta property=\"og:image\" content=\"https:\/\/tuzlainfo.ba\/wp-content\/uploads\/2022\/11\/inbound5500089963848593923.jpg\" \/>\n\t<meta property=\"og:image:width\" content=\"1800\" \/>\n\t<meta property=\"og:image:height\" content=\"1013\" \/>\n\t<meta property=\"og:image:type\" content=\"image\/jpeg\" \/>\n<meta name=\"author\" content=\"Tuzla Info\" \/>\n<meta name=\"twitter:card\" content=\"summary_large_image\" \/>\n<meta name=\"twitter:label1\" content=\"Written by\" \/>\n\t<meta name=\"twitter:data1\" content=\"Tuzla Info\" \/>\n\t<meta name=\"twitter:label2\" content=\"Est. reading time\" \/>\n\t<meta name=\"twitter:data2\" content=\"2 minute\" \/>\n<script type=\"application\/ld+json\" class=\"yoast-schema-graph\">{\"@context\":\"https:\/\/schema.org\",\"@graph\":[{\"@type\":\"Article\",\"@id\":\"https:\/\/tuzlainfo.ba\/index.php\/novosti\/item\/189660-azem-vlasi-u-posjeti-kod-premijera-tk-tuzlu-dozivljavam-svojom\/#article\",\"isPartOf\":{\"@id\":\"https:\/\/tuzlainfo.ba\/index.php\/novosti\/item\/189660-azem-vlasi-u-posjeti-kod-premijera-tk-tuzlu-dozivljavam-svojom\/\"},\"author\":{\"name\":\"Tuzla Info\",\"@id\":\"https:\/\/tuzlainfo.ba\/#\/schema\/person\/46cad4c57790cbc50781edd14870825a\"},\"headline\":\"Azem Vlasi u posjeti kod premijera TK: &#8220;Tuzlu do\u017eivljavam svojom&#8221;\",\"datePublished\":\"2022-11-17T16:00:09+00:00\",\"dateModified\":\"2022-11-17T15:39:50+00:00\",\"mainEntityOfPage\":{\"@id\":\"https:\/\/tuzlainfo.ba\/index.php\/novosti\/item\/189660-azem-vlasi-u-posjeti-kod-premijera-tk-tuzlu-dozivljavam-svojom\/\"},\"wordCount\":338,\"commentCount\":0,\"publisher\":{\"@id\":\"https:\/\/tuzlainfo.ba\/#organization\"},\"image\":{\"@id\":\"https:\/\/tuzlainfo.ba\/index.php\/novosti\/item\/189660-azem-vlasi-u-posjeti-kod-premijera-tk-tuzlu-dozivljavam-svojom\/#primaryimage\"},\"thumbnailUrl\":\"https:\/\/tuzlainfo.ba\/wp-content\/uploads\/2022\/11\/inbound5500089963848593923.jpg\",\"keywords\":[\"azem vlasi\",\"vlada tk\"],\"articleSection\":[\"Istaknuto\",\"Novosti\"],\"inLanguage\":\"bs-BA\"},{\"@type\":\"WebPage\",\"@id\":\"https:\/\/tuzlainfo.ba\/index.php\/novosti\/item\/189660-azem-vlasi-u-posjeti-kod-premijera-tk-tuzlu-dozivljavam-svojom\/\",\"url\":\"https:\/\/tuzlainfo.ba\/index.php\/novosti\/item\/189660-azem-vlasi-u-posjeti-kod-premijera-tk-tuzlu-dozivljavam-svojom\/\",\"name\":\"Azem Vlasi u posjeti kod premijera TK: \\\"Tuzlu do\u017eivljavam svojom\\\" - TuzlaInfo.ba\",\"isPartOf\":{\"@id\":\"https:\/\/tuzlainfo.ba\/#website\"},\"primaryImageOfPage\":{\"@id\":\"https:\/\/tuzlainfo.ba\/index.php\/novosti\/item\/189660-azem-vlasi-u-posjeti-kod-premijera-tk-tuzlu-dozivljavam-svojom\/#primaryimage\"},\"image\":{\"@id\":\"https:\/\/tuzlainfo.ba\/index.php\/novosti\/item\/189660-azem-vlasi-u-posjeti-kod-premijera-tk-tuzlu-dozivljavam-svojom\/#primaryimage\"},\"thumbnailUrl\":\"https:\/\/tuzlainfo.ba\/wp-content\/uploads\/2022\/11\/inbound5500089963848593923.jpg\",\"datePublished\":\"2022-11-17T16:00:09+00:00\",\"dateModified\":\"2022-11-17T15:39:50+00:00\",\"breadcrumb\":{\"@id\":\"https:\/\/tuzlainfo.ba\/index.php\/novosti\/item\/189660-azem-vlasi-u-posjeti-kod-premijera-tk-tuzlu-dozivljavam-svojom\/#breadcrumb\"},\"inLanguage\":\"bs-BA\",\"potentialAction\":[{\"@type\":\"ReadAction\",\"target\":[\"https:\/\/tuzlainfo.ba\/index.php\/novosti\/item\/189660-azem-vlasi-u-posjeti-kod-premijera-tk-tuzlu-dozivljavam-svojom\/\"]}]},{\"@type\":\"ImageObject\",\"inLanguage\":\"bs-BA\",\"@id\":\"https:\/\/tuzlainfo.ba\/index.php\/novosti\/item\/189660-azem-vlasi-u-posjeti-kod-premijera-tk-tuzlu-dozivljavam-svojom\/#primaryimage\",\"url\":\"https:\/\/tuzlainfo.ba\/wp-content\/uploads\/2022\/11\/inbound5500089963848593923.jpg\",\"contentUrl\":\"https:\/\/tuzlainfo.ba\/wp-content\/uploads\/2022\/11\/inbound5500089963848593923.jpg\",\"width\":1800,\"height\":1013},{\"@type\":\"BreadcrumbList\",\"@id\":\"https:\/\/tuzlainfo.ba\/index.php\/novosti\/item\/189660-azem-vlasi-u-posjeti-kod-premijera-tk-tuzlu-dozivljavam-svojom\/#breadcrumb\",\"itemListElement\":[{\"@type\":\"ListItem\",\"position\":1,\"name\":\"Home\",\"item\":\"https:\/\/tuzlainfo.ba\/\"},{\"@type\":\"ListItem\",\"position\":2,\"name\":\"Azem Vlasi u posjeti kod premijera TK: &#8220;Tuzlu do\u017eivljavam svojom&#8221;\"}]},{\"@type\":\"WebSite\",\"@id\":\"https:\/\/tuzlainfo.ba\/#website\",\"url\":\"https:\/\/tuzlainfo.ba\/\",\"name\":\"TuzlaInfo.ba\",\"description\":\"Tuzla info, gradski informator - Tuzla na dlanu\",\"publisher\":{\"@id\":\"https:\/\/tuzlainfo.ba\/#organization\"},\"potentialAction\":[{\"@type\":\"SearchAction\",\"target\":{\"@type\":\"EntryPoint\",\"urlTemplate\":\"https:\/\/tuzlainfo.ba\/?s={search_term_string}\"},\"query-input\":{\"@type\":\"PropertyValueSpecification\",\"valueRequired\":true,\"valueName\":\"search_term_string\"}}],\"inLanguage\":\"bs-BA\"},{\"@type\":\"Organization\",\"@id\":\"https:\/\/tuzlainfo.ba\/#organization\",\"name\":\"TuzlaInfo.ba\",\"url\":\"https:\/\/tuzlainfo.ba\/\",\"logo\":{\"@type\":\"ImageObject\",\"inLanguage\":\"bs-BA\",\"@id\":\"https:\/\/tuzlainfo.ba\/#\/schema\/logo\/image\/\",\"url\":\"https:\/\/tuzlainfo.ba\/wp-content\/uploads\/2021\/03\/logo-ver-3-1.png\",\"contentUrl\":\"https:\/\/tuzlainfo.ba\/wp-content\/uploads\/2021\/03\/logo-ver-3-1.png\",\"width\":350,\"height\":95,\"caption\":\"TuzlaInfo.ba\"},\"image\":{\"@id\":\"https:\/\/tuzlainfo.ba\/#\/schema\/logo\/image\/\"},\"sameAs\":[\"https:\/\/www.facebook.com\/tuzlainfo.ba\/\"]},{\"@type\":\"Person\",\"@id\":\"https:\/\/tuzlainfo.ba\/#\/schema\/person\/46cad4c57790cbc50781edd14870825a\",\"name\":\"Tuzla Info\",\"image\":{\"@type\":\"ImageObject\",\"inLanguage\":\"bs-BA\",\"@id\":\"https:\/\/tuzlainfo.ba\/#\/schema\/person\/image\/\",\"url\":\"https:\/\/tuzlainfo.ba\/wp-content\/litespeed\/avatar\/b6c453a6c38e3654f2e4416c643fc25c.jpg?ver=1777051911\",\"contentUrl\":\"https:\/\/tuzlainfo.ba\/wp-content\/litespeed\/avatar\/b6c453a6c38e3654f2e4416c643fc25c.jpg?ver=1777051911\",\"caption\":\"Tuzla Info\"}}]}<\/script>\n<!-- \/ Yoast SEO plugin. -->","yoast_head_json":{"title":"Azem Vlasi u posjeti kod premijera TK: \"Tuzlu do\u017eivljavam svojom\" - TuzlaInfo.ba","robots":{"index":"index","follow":"follow","max-snippet":"max-snippet:-1","max-image-preview":"max-image-preview:large","max-video-preview":"max-video-preview:-1"},"canonical":"https:\/\/tuzlainfo.ba\/index.php\/novosti\/item\/189660-azem-vlasi-u-posjeti-kod-premijera-tk-tuzlu-dozivljavam-svojom\/","og_locale":"bs_BA","og_type":"article","og_title":"Azem Vlasi u posjeti kod premijera TK: \"Tuzlu do\u017eivljavam svojom\" - TuzlaInfo.ba","og_description":"Azem Vlasi, Titov prvi omladinac i zadnji politi\u010dki zatvorenik u Jugoslaviji \u0107e danas u 18&hellip;","og_url":"https:\/\/tuzlainfo.ba\/index.php\/novosti\/item\/189660-azem-vlasi-u-posjeti-kod-premijera-tk-tuzlu-dozivljavam-svojom\/","og_site_name":"TuzlaInfo.ba","article_publisher":"https:\/\/www.facebook.com\/tuzlainfo.ba\/","article_published_time":"2022-11-17T16:00:09+00:00","article_modified_time":"2022-11-17T15:39:50+00:00","og_image":[{"width":1800,"height":1013,"url":"https:\/\/tuzlainfo.ba\/wp-content\/uploads\/2022\/11\/inbound5500089963848593923.jpg","type":"image\/jpeg"}],"author":"Tuzla Info","twitter_card":"summary_large_image","twitter_misc":{"Written by":"Tuzla Info","Est. reading time":"2 minute"},"schema":{"@context":"https:\/\/schema.org","@graph":[{"@type":"Article","@id":"https:\/\/tuzlainfo.ba\/index.php\/novosti\/item\/189660-azem-vlasi-u-posjeti-kod-premijera-tk-tuzlu-dozivljavam-svojom\/#article","isPartOf":{"@id":"https:\/\/tuzlainfo.ba\/index.php\/novosti\/item\/189660-azem-vlasi-u-posjeti-kod-premijera-tk-tuzlu-dozivljavam-svojom\/"},"author":{"name":"Tuzla Info","@id":"https:\/\/tuzlainfo.ba\/#\/schema\/person\/46cad4c57790cbc50781edd14870825a"},"headline":"Azem Vlasi u posjeti kod premijera TK: &#8220;Tuzlu do\u017eivljavam svojom&#8221;","datePublished":"2022-11-17T16:00:09+00:00","dateModified":"2022-11-17T15:39:50+00:00","mainEntityOfPage":{"@id":"https:\/\/tuzlainfo.ba\/index.php\/novosti\/item\/189660-azem-vlasi-u-posjeti-kod-premijera-tk-tuzlu-dozivljavam-svojom\/"},"wordCount":338,"commentCount":0,"publisher":{"@id":"https:\/\/tuzlainfo.ba\/#organization"},"image":{"@id":"https:\/\/tuzlainfo.ba\/index.php\/novosti\/item\/189660-azem-vlasi-u-posjeti-kod-premijera-tk-tuzlu-dozivljavam-svojom\/#primaryimage"},"thumbnailUrl":"https:\/\/tuzlainfo.ba\/wp-content\/uploads\/2022\/11\/inbound5500089963848593923.jpg","keywords":["azem vlasi","vlada tk"],"articleSection":["Istaknuto","Novosti"],"inLanguage":"bs-BA"},{"@type":"WebPage","@id":"https:\/\/tuzlainfo.ba\/index.php\/novosti\/item\/189660-azem-vlasi-u-posjeti-kod-premijera-tk-tuzlu-dozivljavam-svojom\/","url":"https:\/\/tuzlainfo.ba\/index.php\/novosti\/item\/189660-azem-vlasi-u-posjeti-kod-premijera-tk-tuzlu-dozivljavam-svojom\/","name":"Azem Vlasi u posjeti kod premijera TK: \"Tuzlu do\u017eivljavam svojom\" - TuzlaInfo.ba","isPartOf":{"@id":"https:\/\/tuzlainfo.ba\/#website"},"primaryImageOfPage":{"@id":"https:\/\/tuzlainfo.ba\/index.php\/novosti\/item\/189660-azem-vlasi-u-posjeti-kod-premijera-tk-tuzlu-dozivljavam-svojom\/#primaryimage"},"image":{"@id":"https:\/\/tuzlainfo.ba\/index.php\/novosti\/item\/189660-azem-vlasi-u-posjeti-kod-premijera-tk-tuzlu-dozivljavam-svojom\/#primaryimage"},"thumbnailUrl":"https:\/\/tuzlainfo.ba\/wp-content\/uploads\/2022\/11\/inbound5500089963848593923.jpg","datePublished":"2022-11-17T16:00:09+00:00","dateModified":"2022-11-17T15:39:50+00:00","breadcrumb":{"@id":"https:\/\/tuzlainfo.ba\/index.php\/novosti\/item\/189660-azem-vlasi-u-posjeti-kod-premijera-tk-tuzlu-dozivljavam-svojom\/#breadcrumb"},"inLanguage":"bs-BA","potentialAction":[{"@type":"ReadAction","target":["https:\/\/tuzlainfo.ba\/index.php\/novosti\/item\/189660-azem-vlasi-u-posjeti-kod-premijera-tk-tuzlu-dozivljavam-svojom\/"]}]},{"@type":"ImageObject","inLanguage":"bs-BA","@id":"https:\/\/tuzlainfo.ba\/index.php\/novosti\/item\/189660-azem-vlasi-u-posjeti-kod-premijera-tk-tuzlu-dozivljavam-svojom\/#primaryimage","url":"https:\/\/tuzlainfo.ba\/wp-content\/uploads\/2022\/11\/inbound5500089963848593923.jpg","contentUrl":"https:\/\/tuzlainfo.ba\/wp-content\/uploads\/2022\/11\/inbound5500089963848593923.jpg","width":1800,"height":1013},{"@type":"BreadcrumbList","@id":"https:\/\/tuzlainfo.ba\/index.php\/novosti\/item\/189660-azem-vlasi-u-posjeti-kod-premijera-tk-tuzlu-dozivljavam-svojom\/#breadcrumb","itemListElement":[{"@type":"ListItem","position":1,"name":"Home","item":"https:\/\/tuzlainfo.ba\/"},{"@type":"ListItem","position":2,"name":"Azem Vlasi u posjeti kod premijera TK: &#8220;Tuzlu do\u017eivljavam svojom&#8221;"}]},{"@type":"WebSite","@id":"https:\/\/tuzlainfo.ba\/#website","url":"https:\/\/tuzlainfo.ba\/","name":"TuzlaInfo.ba","description":"Tuzla info, gradski informator - Tuzla na dlanu","publisher":{"@id":"https:\/\/tuzlainfo.ba\/#organization"},"potentialAction":[{"@type":"SearchAction","target":{"@type":"EntryPoint","urlTemplate":"https:\/\/tuzlainfo.ba\/?s={search_term_string}"},"query-input":{"@type":"PropertyValueSpecification","valueRequired":true,"valueName":"search_term_string"}}],"inLanguage":"bs-BA"},{"@type":"Organization","@id":"https:\/\/tuzlainfo.ba\/#organization","name":"TuzlaInfo.ba","url":"https:\/\/tuzlainfo.ba\/","logo":{"@type":"ImageObject","inLanguage":"bs-BA","@id":"https:\/\/tuzlainfo.ba\/#\/schema\/logo\/image\/","url":"https:\/\/tuzlainfo.ba\/wp-content\/uploads\/2021\/03\/logo-ver-3-1.png","contentUrl":"https:\/\/tuzlainfo.ba\/wp-content\/uploads\/2021\/03\/logo-ver-3-1.png","width":350,"height":95,"caption":"TuzlaInfo.ba"},"image":{"@id":"https:\/\/tuzlainfo.ba\/#\/schema\/logo\/image\/"},"sameAs":["https:\/\/www.facebook.com\/tuzlainfo.ba\/"]},{"@type":"Person","@id":"https:\/\/tuzlainfo.ba\/#\/schema\/person\/46cad4c57790cbc50781edd14870825a","name":"Tuzla Info","image":{"@type":"ImageObject","inLanguage":"bs-BA","@id":"https:\/\/tuzlainfo.ba\/#\/schema\/person\/image\/","url":"https:\/\/tuzlainfo.ba\/wp-content\/litespeed\/avatar\/b6c453a6c38e3654f2e4416c643fc25c.jpg?ver=1777051911","contentUrl":"https:\/\/tuzlainfo.ba\/wp-content\/litespeed\/avatar\/b6c453a6c38e3654f2e4416c643fc25c.jpg?ver=1777051911","caption":"Tuzla Info"}}]}},"_links":{"self":[{"href":"https:\/\/tuzlainfo.ba\/index.php\/wp-json\/wp\/v2\/posts\/189660"}],"collection":[{"href":"https:\/\/tuzlainfo.ba\/index.php\/wp-json\/wp\/v2\/posts"}],"about":[{"href":"https:\/\/tuzlainfo.ba\/index.php\/wp-json\/wp\/v2\/types\/post"}],"author":[{"embeddable":true,"href":"https:\/\/tuzlainfo.ba\/index.php\/wp-json\/wp\/v2\/users\/4"}],"replies":[{"embeddable":true,"href":"https:\/\/tuzlainfo.ba\/index.php\/wp-json\/wp\/v2\/comments?post=189660"}],"version-history":[{"count":0,"href":"https:\/\/tuzlainfo.ba\/index.php\/wp-json\/wp\/v2\/posts\/189660\/revisions"}],"wp:featuredmedia":[{"embeddable":true,"href":"https:\/\/tuzlainfo.ba\/index.php\/wp-json\/wp\/v2\/media\/189661"}],"wp:attachment":[{"href":"https:\/\/tuzlainfo.ba\/index.php\/wp-json\/wp\/v2\/media?parent=189660"}],"wp:term":[{"taxonomy":"category","embeddable":true,"href":"https:\/\/tuzlainfo.ba\/index.php\/wp-json\/wp\/v2\/categories?post=189660"},{"taxonomy":"post_tag","embeddable":true,"href":"https:\/\/tuzlainfo.ba\/index.php\/wp-json\/wp\/v2\/tags?post=189660"}],"curies":[{"name":"wp","href":"https:\/\/api.w.org\/{rel}","templated":true}]}}