{"id":189346,"date":"2022-11-14T14:07:47","date_gmt":"2022-11-14T13:07:47","guid":{"rendered":"https:\/\/tuzlainfo.ba\/?p=189346"},"modified":"2022-11-14T14:07:47","modified_gmt":"2022-11-14T13:07:47","slug":"bkc-tuzla-azem-vlasi-gost-prve-javne-tribine-cetvrtkom-u-18","status":"publish","type":"post","link":"https:\/\/tuzlainfo.ba\/index.php\/najava-dogadaja-2\/item\/189346-bkc-tuzla-azem-vlasi-gost-prve-javne-tribine-cetvrtkom-u-18\/","title":{"rendered":"BKC Tuzla: Azem Vlasi gost prve javne tribine &#8220;\u010cetvrtkom u 18&#8221;"},"content":{"rendered":"<p>Bosanski kulturni centar Tuzlanskog kantona pokre\u0107e seriju javnih tribina po nazivom \u201e\u010cetvrtkom u 18 sati\u201c, koncipiranih\u00a0 kao javni dijalog poznatih li\u010dnosti iz regije sa gra\u0111anima.<\/p>\n<p>Konceptom ovog programa zami\u0161ljeno je da se u razgovoru sa gra\u0111anima pojavljuju \u00a0javne li\u010dnosti iz politike, nauke, umjetnosti, publicistike, novinarstva&#8230; iz na\u0161eg okru\u017eenja.<\/p>\n<p>Cilj susreta je otvaranje dijaloga koji u ide u pravcu boljeg razumijevanja naroda, kultura, historije i ostalih dru\u0161tvenih pitanja stanovnika nekada zajedni\u010dke dr\u017eave.<\/p>\n<p>Gost prve tribine, u<strong>\u00a0\u010detvrtak 17. novembra 2022. godine<\/strong> je\u00a0<strong>Azem Vlasi<\/strong>, Titov prvi omladinac i zadnji politi\u010dki zatvorenik u Jugoslaviji!<\/p>\n<p>Za\u0161to je Slobodan Milo\u0161evi\u0107 uhapsio Azema Vlasija? Da li je hap\u0161enje Vlasija pokrenulo kosovske Albance na masovni otpor diktatoru iz Srbije? Da li je Milo\u0161evi\u0107 na Kosovu pokrenuo spiralu nasilja nad drugim i druga\u010dijim narodima i republikama i da li se na Kosovo vratila spirala nasilja? Koliko je Kosovo blizu \u010dlanstva u UN i Savjetu Evrope? Za\u0161to Bosna i Hercegovina i Kosovo nemaju diplomatsku saradnju? \u0160ta je \u201eSrpski svet\u201c ? \u0160ta je \u201eOtvoreni balkan\u201c? Da li Kurti slu\u0161a \u0161ta Vlasi govori?<\/p>\n<p>Na ova i druga pitanja svih onih koji \u0107e biti dio doga\u0111aja <strong>u Plavoj Sali BKC-a u Tuzli u \u010detvrtak 17. novembra od 18.00 sati<\/strong>\u00a0odgovara Azem Vlasi.<\/p>\n<p>Razgovor sa Azemom Vlasijem vodit \u0107e novinar i politolog, njegov dugogodi\u0161nji prijatelj,\u00a0<strong>Ekrem Avdi\u0107<\/strong>. Ulaz na javnu tribinu je slobodan za sve zainteresovane.<\/p>\n","protected":false},"excerpt":{"rendered":"<p>Bosanski kulturni centar Tuzlanskog kantona pokre\u0107e seriju javnih tribina po nazivom \u201e\u010cetvrtkom u 18 sati\u201c,&hellip;<\/p>\n","protected":false},"author":2,"featured_media":189347,"comment_status":"open","ping_status":"closed","sticky":false,"template":"","format":"standard","meta":{"_acf_changed":false,"footnotes":""},"categories":[304,11],"tags":[821,524,742,5696],"acf":[],"yoast_head":"<!-- This site is optimized with the Yoast SEO plugin v23.5 - https:\/\/yoast.com\/wordpress\/plugins\/seo\/ -->\n<title>BKC Tuzla: Azem Vlasi gost prve javne tribine &quot;\u010cetvrtkom u 18&quot; - TuzlaInfo.ba<\/title>\n<meta name=\"robots\" content=\"index, follow, max-snippet:-1, max-image-preview:large, max-video-preview:-1\" \/>\n<link rel=\"canonical\" href=\"https:\/\/tuzlainfo.ba\/index.php\/najava-dogadaja-2\/item\/189346-bkc-tuzla-azem-vlasi-gost-prve-javne-tribine-cetvrtkom-u-18\/\" \/>\n<meta property=\"og:locale\" content=\"bs_BA\" \/>\n<meta property=\"og:type\" content=\"article\" \/>\n<meta property=\"og:title\" content=\"BKC Tuzla: Azem Vlasi gost prve javne tribine &quot;\u010cetvrtkom u 18&quot; - TuzlaInfo.ba\" \/>\n<meta property=\"og:description\" content=\"Bosanski kulturni centar Tuzlanskog kantona pokre\u0107e seriju javnih tribina po nazivom \u201e\u010cetvrtkom u 18 sati\u201c,&hellip;\" \/>\n<meta property=\"og:url\" content=\"https:\/\/tuzlainfo.ba\/index.php\/najava-dogadaja-2\/item\/189346-bkc-tuzla-azem-vlasi-gost-prve-javne-tribine-cetvrtkom-u-18\/\" \/>\n<meta property=\"og:site_name\" content=\"TuzlaInfo.ba\" \/>\n<meta property=\"article:publisher\" content=\"https:\/\/www.facebook.com\/tuzlainfo.ba\/\" \/>\n<meta property=\"article:published_time\" content=\"2022-11-14T13:07:47+00:00\" \/>\n<meta property=\"og:image\" content=\"https:\/\/tuzlainfo.ba\/wp-content\/uploads\/2022\/11\/cetvrtkom-u-18-Azem-Vlasi-1-1024x577-1.jpg\" \/>\n\t<meta property=\"og:image:width\" content=\"1024\" \/>\n\t<meta property=\"og:image:height\" content=\"577\" \/>\n\t<meta property=\"og:image:type\" content=\"image\/jpeg\" \/>\n<meta name=\"author\" content=\"nedim\" \/>\n<meta name=\"twitter:card\" content=\"summary_large_image\" \/>\n<meta name=\"twitter:label1\" content=\"Written by\" \/>\n\t<meta name=\"twitter:data1\" content=\"nedim\" \/>\n\t<meta name=\"twitter:label2\" content=\"Est. reading time\" \/>\n\t<meta name=\"twitter:data2\" content=\"1 minuta\" \/>\n<script type=\"application\/ld+json\" class=\"yoast-schema-graph\">{\"@context\":\"https:\/\/schema.org\",\"@graph\":[{\"@type\":\"Article\",\"@id\":\"https:\/\/tuzlainfo.ba\/index.php\/najava-dogadaja-2\/item\/189346-bkc-tuzla-azem-vlasi-gost-prve-javne-tribine-cetvrtkom-u-18\/#article\",\"isPartOf\":{\"@id\":\"https:\/\/tuzlainfo.ba\/index.php\/najava-dogadaja-2\/item\/189346-bkc-tuzla-azem-vlasi-gost-prve-javne-tribine-cetvrtkom-u-18\/\"},\"author\":{\"name\":\"nedim\",\"@id\":\"https:\/\/tuzlainfo.ba\/#\/schema\/person\/f434e20dc27ea133923aab08451b7f7f\"},\"headline\":\"BKC Tuzla: Azem Vlasi gost prve javne tribine &#8220;\u010cetvrtkom u 18&#8221;\",\"datePublished\":\"2022-11-14T13:07:47+00:00\",\"dateModified\":\"2022-11-14T13:07:47+00:00\",\"mainEntityOfPage\":{\"@id\":\"https:\/\/tuzlainfo.ba\/index.php\/najava-dogadaja-2\/item\/189346-bkc-tuzla-azem-vlasi-gost-prve-javne-tribine-cetvrtkom-u-18\/\"},\"wordCount\":249,\"commentCount\":0,\"publisher\":{\"@id\":\"https:\/\/tuzlainfo.ba\/#organization\"},\"image\":{\"@id\":\"https:\/\/tuzlainfo.ba\/index.php\/najava-dogadaja-2\/item\/189346-bkc-tuzla-azem-vlasi-gost-prve-javne-tribine-cetvrtkom-u-18\/#primaryimage\"},\"thumbnailUrl\":\"https:\/\/tuzlainfo.ba\/wp-content\/uploads\/2022\/11\/cetvrtkom-u-18-Azem-Vlasi-1-1024x577-1.jpg\",\"keywords\":[\"azem vlasi\",\"bkc tk\",\"bkc tuzla\",\"javna tribina \\\"\u010cetvrtkom u 18\\\"\"],\"articleSection\":[\"Istaknuto\",\"Najave i doga\u0111aji\"],\"inLanguage\":\"bs-BA\"},{\"@type\":\"WebPage\",\"@id\":\"https:\/\/tuzlainfo.ba\/index.php\/najava-dogadaja-2\/item\/189346-bkc-tuzla-azem-vlasi-gost-prve-javne-tribine-cetvrtkom-u-18\/\",\"url\":\"https:\/\/tuzlainfo.ba\/index.php\/najava-dogadaja-2\/item\/189346-bkc-tuzla-azem-vlasi-gost-prve-javne-tribine-cetvrtkom-u-18\/\",\"name\":\"BKC Tuzla: Azem Vlasi gost prve javne tribine \\\"\u010cetvrtkom u 18\\\" - TuzlaInfo.ba\",\"isPartOf\":{\"@id\":\"https:\/\/tuzlainfo.ba\/#website\"},\"primaryImageOfPage\":{\"@id\":\"https:\/\/tuzlainfo.ba\/index.php\/najava-dogadaja-2\/item\/189346-bkc-tuzla-azem-vlasi-gost-prve-javne-tribine-cetvrtkom-u-18\/#primaryimage\"},\"image\":{\"@id\":\"https:\/\/tuzlainfo.ba\/index.php\/najava-dogadaja-2\/item\/189346-bkc-tuzla-azem-vlasi-gost-prve-javne-tribine-cetvrtkom-u-18\/#primaryimage\"},\"thumbnailUrl\":\"https:\/\/tuzlainfo.ba\/wp-content\/uploads\/2022\/11\/cetvrtkom-u-18-Azem-Vlasi-1-1024x577-1.jpg\",\"datePublished\":\"2022-11-14T13:07:47+00:00\",\"dateModified\":\"2022-11-14T13:07:47+00:00\",\"breadcrumb\":{\"@id\":\"https:\/\/tuzlainfo.ba\/index.php\/najava-dogadaja-2\/item\/189346-bkc-tuzla-azem-vlasi-gost-prve-javne-tribine-cetvrtkom-u-18\/#breadcrumb\"},\"inLanguage\":\"bs-BA\",\"potentialAction\":[{\"@type\":\"ReadAction\",\"target\":[\"https:\/\/tuzlainfo.ba\/index.php\/najava-dogadaja-2\/item\/189346-bkc-tuzla-azem-vlasi-gost-prve-javne-tribine-cetvrtkom-u-18\/\"]}]},{\"@type\":\"ImageObject\",\"inLanguage\":\"bs-BA\",\"@id\":\"https:\/\/tuzlainfo.ba\/index.php\/najava-dogadaja-2\/item\/189346-bkc-tuzla-azem-vlasi-gost-prve-javne-tribine-cetvrtkom-u-18\/#primaryimage\",\"url\":\"https:\/\/tuzlainfo.ba\/wp-content\/uploads\/2022\/11\/cetvrtkom-u-18-Azem-Vlasi-1-1024x577-1.jpg\",\"contentUrl\":\"https:\/\/tuzlainfo.ba\/wp-content\/uploads\/2022\/11\/cetvrtkom-u-18-Azem-Vlasi-1-1024x577-1.jpg\",\"width\":1024,\"height\":577},{\"@type\":\"BreadcrumbList\",\"@id\":\"https:\/\/tuzlainfo.ba\/index.php\/najava-dogadaja-2\/item\/189346-bkc-tuzla-azem-vlasi-gost-prve-javne-tribine-cetvrtkom-u-18\/#breadcrumb\",\"itemListElement\":[{\"@type\":\"ListItem\",\"position\":1,\"name\":\"Home\",\"item\":\"https:\/\/tuzlainfo.ba\/\"},{\"@type\":\"ListItem\",\"position\":2,\"name\":\"BKC Tuzla: Azem Vlasi gost prve javne tribine &#8220;\u010cetvrtkom u 18&#8221;\"}]},{\"@type\":\"WebSite\",\"@id\":\"https:\/\/tuzlainfo.ba\/#website\",\"url\":\"https:\/\/tuzlainfo.ba\/\",\"name\":\"TuzlaInfo.ba\",\"description\":\"Tuzla info, gradski informator - Tuzla na dlanu\",\"publisher\":{\"@id\":\"https:\/\/tuzlainfo.ba\/#organization\"},\"potentialAction\":[{\"@type\":\"SearchAction\",\"target\":{\"@type\":\"EntryPoint\",\"urlTemplate\":\"https:\/\/tuzlainfo.ba\/?s={search_term_string}\"},\"query-input\":{\"@type\":\"PropertyValueSpecification\",\"valueRequired\":true,\"valueName\":\"search_term_string\"}}],\"inLanguage\":\"bs-BA\"},{\"@type\":\"Organization\",\"@id\":\"https:\/\/tuzlainfo.ba\/#organization\",\"name\":\"TuzlaInfo.ba\",\"url\":\"https:\/\/tuzlainfo.ba\/\",\"logo\":{\"@type\":\"ImageObject\",\"inLanguage\":\"bs-BA\",\"@id\":\"https:\/\/tuzlainfo.ba\/#\/schema\/logo\/image\/\",\"url\":\"https:\/\/tuzlainfo.ba\/wp-content\/uploads\/2021\/03\/logo-ver-3-1.png\",\"contentUrl\":\"https:\/\/tuzlainfo.ba\/wp-content\/uploads\/2021\/03\/logo-ver-3-1.png\",\"width\":350,\"height\":95,\"caption\":\"TuzlaInfo.ba\"},\"image\":{\"@id\":\"https:\/\/tuzlainfo.ba\/#\/schema\/logo\/image\/\"},\"sameAs\":[\"https:\/\/www.facebook.com\/tuzlainfo.ba\/\"]},{\"@type\":\"Person\",\"@id\":\"https:\/\/tuzlainfo.ba\/#\/schema\/person\/f434e20dc27ea133923aab08451b7f7f\",\"name\":\"nedim\",\"image\":{\"@type\":\"ImageObject\",\"inLanguage\":\"bs-BA\",\"@id\":\"https:\/\/tuzlainfo.ba\/#\/schema\/person\/image\/\",\"url\":\"https:\/\/tuzlainfo.ba\/wp-content\/litespeed\/avatar\/aabad687af24844af817603ac1cbdc4f.jpg?ver=1777306975\",\"contentUrl\":\"https:\/\/tuzlainfo.ba\/wp-content\/litespeed\/avatar\/aabad687af24844af817603ac1cbdc4f.jpg?ver=1777306975\",\"caption\":\"nedim\"},\"description\":\"Tuzlainfo.ba pratite na dru\u0161tvenim mre\u017eama: Facebook, Instagram i Youtube. Svoje pri\u010de, upite i fotografije \u0161aljite na na\u0161u e-mail adresu.\"}]}<\/script>\n<!-- \/ Yoast SEO plugin. -->","yoast_head_json":{"title":"BKC Tuzla: Azem Vlasi gost prve javne tribine \"\u010cetvrtkom u 18\" - TuzlaInfo.ba","robots":{"index":"index","follow":"follow","max-snippet":"max-snippet:-1","max-image-preview":"max-image-preview:large","max-video-preview":"max-video-preview:-1"},"canonical":"https:\/\/tuzlainfo.ba\/index.php\/najava-dogadaja-2\/item\/189346-bkc-tuzla-azem-vlasi-gost-prve-javne-tribine-cetvrtkom-u-18\/","og_locale":"bs_BA","og_type":"article","og_title":"BKC Tuzla: Azem Vlasi gost prve javne tribine \"\u010cetvrtkom u 18\" - TuzlaInfo.ba","og_description":"Bosanski kulturni centar Tuzlanskog kantona pokre\u0107e seriju javnih tribina po nazivom \u201e\u010cetvrtkom u 18 sati\u201c,&hellip;","og_url":"https:\/\/tuzlainfo.ba\/index.php\/najava-dogadaja-2\/item\/189346-bkc-tuzla-azem-vlasi-gost-prve-javne-tribine-cetvrtkom-u-18\/","og_site_name":"TuzlaInfo.ba","article_publisher":"https:\/\/www.facebook.com\/tuzlainfo.ba\/","article_published_time":"2022-11-14T13:07:47+00:00","og_image":[{"width":1024,"height":577,"url":"https:\/\/tuzlainfo.ba\/wp-content\/uploads\/2022\/11\/cetvrtkom-u-18-Azem-Vlasi-1-1024x577-1.jpg","type":"image\/jpeg"}],"author":"nedim","twitter_card":"summary_large_image","twitter_misc":{"Written by":"nedim","Est. reading time":"1 minuta"},"schema":{"@context":"https:\/\/schema.org","@graph":[{"@type":"Article","@id":"https:\/\/tuzlainfo.ba\/index.php\/najava-dogadaja-2\/item\/189346-bkc-tuzla-azem-vlasi-gost-prve-javne-tribine-cetvrtkom-u-18\/#article","isPartOf":{"@id":"https:\/\/tuzlainfo.ba\/index.php\/najava-dogadaja-2\/item\/189346-bkc-tuzla-azem-vlasi-gost-prve-javne-tribine-cetvrtkom-u-18\/"},"author":{"name":"nedim","@id":"https:\/\/tuzlainfo.ba\/#\/schema\/person\/f434e20dc27ea133923aab08451b7f7f"},"headline":"BKC Tuzla: Azem Vlasi gost prve javne tribine &#8220;\u010cetvrtkom u 18&#8221;","datePublished":"2022-11-14T13:07:47+00:00","dateModified":"2022-11-14T13:07:47+00:00","mainEntityOfPage":{"@id":"https:\/\/tuzlainfo.ba\/index.php\/najava-dogadaja-2\/item\/189346-bkc-tuzla-azem-vlasi-gost-prve-javne-tribine-cetvrtkom-u-18\/"},"wordCount":249,"commentCount":0,"publisher":{"@id":"https:\/\/tuzlainfo.ba\/#organization"},"image":{"@id":"https:\/\/tuzlainfo.ba\/index.php\/najava-dogadaja-2\/item\/189346-bkc-tuzla-azem-vlasi-gost-prve-javne-tribine-cetvrtkom-u-18\/#primaryimage"},"thumbnailUrl":"https:\/\/tuzlainfo.ba\/wp-content\/uploads\/2022\/11\/cetvrtkom-u-18-Azem-Vlasi-1-1024x577-1.jpg","keywords":["azem vlasi","bkc tk","bkc tuzla","javna tribina \"\u010cetvrtkom u 18\""],"articleSection":["Istaknuto","Najave i doga\u0111aji"],"inLanguage":"bs-BA"},{"@type":"WebPage","@id":"https:\/\/tuzlainfo.ba\/index.php\/najava-dogadaja-2\/item\/189346-bkc-tuzla-azem-vlasi-gost-prve-javne-tribine-cetvrtkom-u-18\/","url":"https:\/\/tuzlainfo.ba\/index.php\/najava-dogadaja-2\/item\/189346-bkc-tuzla-azem-vlasi-gost-prve-javne-tribine-cetvrtkom-u-18\/","name":"BKC Tuzla: Azem Vlasi gost prve javne tribine \"\u010cetvrtkom u 18\" - TuzlaInfo.ba","isPartOf":{"@id":"https:\/\/tuzlainfo.ba\/#website"},"primaryImageOfPage":{"@id":"https:\/\/tuzlainfo.ba\/index.php\/najava-dogadaja-2\/item\/189346-bkc-tuzla-azem-vlasi-gost-prve-javne-tribine-cetvrtkom-u-18\/#primaryimage"},"image":{"@id":"https:\/\/tuzlainfo.ba\/index.php\/najava-dogadaja-2\/item\/189346-bkc-tuzla-azem-vlasi-gost-prve-javne-tribine-cetvrtkom-u-18\/#primaryimage"},"thumbnailUrl":"https:\/\/tuzlainfo.ba\/wp-content\/uploads\/2022\/11\/cetvrtkom-u-18-Azem-Vlasi-1-1024x577-1.jpg","datePublished":"2022-11-14T13:07:47+00:00","dateModified":"2022-11-14T13:07:47+00:00","breadcrumb":{"@id":"https:\/\/tuzlainfo.ba\/index.php\/najava-dogadaja-2\/item\/189346-bkc-tuzla-azem-vlasi-gost-prve-javne-tribine-cetvrtkom-u-18\/#breadcrumb"},"inLanguage":"bs-BA","potentialAction":[{"@type":"ReadAction","target":["https:\/\/tuzlainfo.ba\/index.php\/najava-dogadaja-2\/item\/189346-bkc-tuzla-azem-vlasi-gost-prve-javne-tribine-cetvrtkom-u-18\/"]}]},{"@type":"ImageObject","inLanguage":"bs-BA","@id":"https:\/\/tuzlainfo.ba\/index.php\/najava-dogadaja-2\/item\/189346-bkc-tuzla-azem-vlasi-gost-prve-javne-tribine-cetvrtkom-u-18\/#primaryimage","url":"https:\/\/tuzlainfo.ba\/wp-content\/uploads\/2022\/11\/cetvrtkom-u-18-Azem-Vlasi-1-1024x577-1.jpg","contentUrl":"https:\/\/tuzlainfo.ba\/wp-content\/uploads\/2022\/11\/cetvrtkom-u-18-Azem-Vlasi-1-1024x577-1.jpg","width":1024,"height":577},{"@type":"BreadcrumbList","@id":"https:\/\/tuzlainfo.ba\/index.php\/najava-dogadaja-2\/item\/189346-bkc-tuzla-azem-vlasi-gost-prve-javne-tribine-cetvrtkom-u-18\/#breadcrumb","itemListElement":[{"@type":"ListItem","position":1,"name":"Home","item":"https:\/\/tuzlainfo.ba\/"},{"@type":"ListItem","position":2,"name":"BKC Tuzla: Azem Vlasi gost prve javne tribine &#8220;\u010cetvrtkom u 18&#8221;"}]},{"@type":"WebSite","@id":"https:\/\/tuzlainfo.ba\/#website","url":"https:\/\/tuzlainfo.ba\/","name":"TuzlaInfo.ba","description":"Tuzla info, gradski informator - Tuzla na dlanu","publisher":{"@id":"https:\/\/tuzlainfo.ba\/#organization"},"potentialAction":[{"@type":"SearchAction","target":{"@type":"EntryPoint","urlTemplate":"https:\/\/tuzlainfo.ba\/?s={search_term_string}"},"query-input":{"@type":"PropertyValueSpecification","valueRequired":true,"valueName":"search_term_string"}}],"inLanguage":"bs-BA"},{"@type":"Organization","@id":"https:\/\/tuzlainfo.ba\/#organization","name":"TuzlaInfo.ba","url":"https:\/\/tuzlainfo.ba\/","logo":{"@type":"ImageObject","inLanguage":"bs-BA","@id":"https:\/\/tuzlainfo.ba\/#\/schema\/logo\/image\/","url":"https:\/\/tuzlainfo.ba\/wp-content\/uploads\/2021\/03\/logo-ver-3-1.png","contentUrl":"https:\/\/tuzlainfo.ba\/wp-content\/uploads\/2021\/03\/logo-ver-3-1.png","width":350,"height":95,"caption":"TuzlaInfo.ba"},"image":{"@id":"https:\/\/tuzlainfo.ba\/#\/schema\/logo\/image\/"},"sameAs":["https:\/\/www.facebook.com\/tuzlainfo.ba\/"]},{"@type":"Person","@id":"https:\/\/tuzlainfo.ba\/#\/schema\/person\/f434e20dc27ea133923aab08451b7f7f","name":"nedim","image":{"@type":"ImageObject","inLanguage":"bs-BA","@id":"https:\/\/tuzlainfo.ba\/#\/schema\/person\/image\/","url":"https:\/\/tuzlainfo.ba\/wp-content\/litespeed\/avatar\/aabad687af24844af817603ac1cbdc4f.jpg?ver=1777306975","contentUrl":"https:\/\/tuzlainfo.ba\/wp-content\/litespeed\/avatar\/aabad687af24844af817603ac1cbdc4f.jpg?ver=1777306975","caption":"nedim"},"description":"Tuzlainfo.ba pratite na dru\u0161tvenim mre\u017eama: Facebook, Instagram i Youtube. Svoje pri\u010de, upite i fotografije \u0161aljite na na\u0161u e-mail adresu."}]}},"_links":{"self":[{"href":"https:\/\/tuzlainfo.ba\/index.php\/wp-json\/wp\/v2\/posts\/189346"}],"collection":[{"href":"https:\/\/tuzlainfo.ba\/index.php\/wp-json\/wp\/v2\/posts"}],"about":[{"href":"https:\/\/tuzlainfo.ba\/index.php\/wp-json\/wp\/v2\/types\/post"}],"author":[{"embeddable":true,"href":"https:\/\/tuzlainfo.ba\/index.php\/wp-json\/wp\/v2\/users\/2"}],"replies":[{"embeddable":true,"href":"https:\/\/tuzlainfo.ba\/index.php\/wp-json\/wp\/v2\/comments?post=189346"}],"version-history":[{"count":0,"href":"https:\/\/tuzlainfo.ba\/index.php\/wp-json\/wp\/v2\/posts\/189346\/revisions"}],"wp:featuredmedia":[{"embeddable":true,"href":"https:\/\/tuzlainfo.ba\/index.php\/wp-json\/wp\/v2\/media\/189347"}],"wp:attachment":[{"href":"https:\/\/tuzlainfo.ba\/index.php\/wp-json\/wp\/v2\/media?parent=189346"}],"wp:term":[{"taxonomy":"category","embeddable":true,"href":"https:\/\/tuzlainfo.ba\/index.php\/wp-json\/wp\/v2\/categories?post=189346"},{"taxonomy":"post_tag","embeddable":true,"href":"https:\/\/tuzlainfo.ba\/index.php\/wp-json\/wp\/v2\/tags?post=189346"}],"curies":[{"name":"wp","href":"https:\/\/api.w.org\/{rel}","templated":true}]}}