{"id":189247,"date":"2022-11-13T13:00:48","date_gmt":"2022-11-13T12:00:48","guid":{"rendered":"https:\/\/tuzlainfo.ba\/?p=189247"},"modified":"2022-11-12T22:54:04","modified_gmt":"2022-11-12T21:54:04","slug":"tk-poziv-naucnim-istrazivacima-za-upis-u-registar-istrazivaca","status":"publish","type":"post","link":"https:\/\/tuzlainfo.ba\/index.php\/novosti\/item\/189247-tk-poziv-naucnim-istrazivacima-za-upis-u-registar-istrazivaca\/","title":{"rendered":"TK: Poziv nau\u010dnim istra\u017eiva\u010dima za upis u Registar istra\u017eiva\u010da"},"content":{"rendered":"<p>Ministar obrazovanja i nauke Tuzlanskog kantona Ahmed Omerovi\u0107 donio je Pravilnik o uslovima i postupku upisa lica u Registar istra\u017eiva\u010da, brisanju iz Registra, obimu, sadr\u017eaju i na\u010dinu vo\u0111enja Registra, te sadr\u017eaju obrazaca za podno\u0161enje zahtjeva za upis i obrazaca za izvod iz Registra.<\/p>\n<p>Izmjenama i dopunama Pravilnika su otklonjene pravne praznine u vezi upisa istra\u017eiva\u010da u Registar istra\u017eiva\u010da, \u010dime se omogu\u0107uje nau\u010dnim istra\u017eiva\u010dima da, u skladu sa Zakonom o nau\u010dnoistra\u017eiva\u010dkom radu i podzakonskim propisima, podnesu zahtjev za upis u Registar.<\/p>\n<p>Ministarstvo obrazovanja i nauke Tuzlanskog kantona poziva istra\u017eiva\u010de, koji u skladu sa Zakonom o nau\u010dnoistra\u017eiva\u010dkom radu i podzakonskim propisima ispunjavaju uslov za upis u Registar istra\u017eiva\u010da, da podnesu zahtjev za upis kako bi ostvarili mogu\u0107nost u\u010de\u0161\u0107a na javne pozive za odobravanje programa od op\u0107eg interesa iz oblasti nau\u010dnoistra\u017eiva\u010dkog rada.<\/p>\n<p>Pravilnik o uslovima i postupku upisa nau\u010dnoistra\u017eiva\u010dkih organizacija u Registar nau\u010dnoistra\u017eiva\u010dkih organizacija sa navadenim izmjenama i dopunama mo\u017ee preuzeti sa ovog <a href=\"https:\/\/montk.gov.ba\/wp-content\/uploads\/2022\/11\/pravilnik-upis-istrazivaca-i-zahtjev.pdf\"><strong>link-a<\/strong><\/a>.<\/p>\n","protected":false},"excerpt":{"rendered":"<p>Ministar obrazovanja i nauke Tuzlanskog kantona Ahmed Omerovi\u0107 donio je Pravilnik o uslovima i postupku&hellip;<\/p>\n","protected":false},"author":2,"featured_media":85441,"comment_status":"open","ping_status":"closed","sticky":false,"template":"","format":"standard","meta":{"_acf_changed":false,"footnotes":""},"categories":[12],"tags":[5687,360],"acf":[],"yoast_head":"<!-- This site is optimized with the Yoast SEO plugin v23.5 - https:\/\/yoast.com\/wordpress\/plugins\/seo\/ -->\n<title>TK: Poziv nau\u010dnim istra\u017eiva\u010dima za upis u Registar istra\u017eiva\u010da - TuzlaInfo.ba<\/title>\n<meta name=\"robots\" content=\"index, follow, max-snippet:-1, max-image-preview:large, max-video-preview:-1\" \/>\n<link rel=\"canonical\" href=\"https:\/\/tuzlainfo.ba\/index.php\/novosti\/item\/189247-tk-poziv-naucnim-istrazivacima-za-upis-u-registar-istrazivaca\/\" \/>\n<meta property=\"og:locale\" content=\"bs_BA\" \/>\n<meta property=\"og:type\" content=\"article\" \/>\n<meta property=\"og:title\" content=\"TK: Poziv nau\u010dnim istra\u017eiva\u010dima za upis u Registar istra\u017eiva\u010da - TuzlaInfo.ba\" \/>\n<meta property=\"og:description\" content=\"Ministar obrazovanja i nauke Tuzlanskog kantona Ahmed Omerovi\u0107 donio je Pravilnik o uslovima i postupku&hellip;\" \/>\n<meta property=\"og:url\" content=\"https:\/\/tuzlainfo.ba\/index.php\/novosti\/item\/189247-tk-poziv-naucnim-istrazivacima-za-upis-u-registar-istrazivaca\/\" \/>\n<meta property=\"og:site_name\" content=\"TuzlaInfo.ba\" \/>\n<meta property=\"article:publisher\" content=\"https:\/\/www.facebook.com\/tuzlainfo.ba\/\" \/>\n<meta property=\"article:published_time\" content=\"2022-11-13T12:00:48+00:00\" \/>\n<meta property=\"article:modified_time\" content=\"2022-11-12T21:54:04+00:00\" \/>\n<meta property=\"og:image\" content=\"https:\/\/tuzlainfo.ba\/wp-content\/uploads\/2021\/01\/sadrzaj_2021_20210101_0101_2020_tuzlanski_kanton.jpg\" \/>\n\t<meta property=\"og:image:width\" content=\"770\" \/>\n\t<meta property=\"og:image:height\" content=\"470\" \/>\n\t<meta property=\"og:image:type\" content=\"image\/jpeg\" \/>\n<meta name=\"author\" content=\"nedim\" \/>\n<meta name=\"twitter:card\" content=\"summary_large_image\" \/>\n<meta name=\"twitter:label1\" content=\"Written by\" \/>\n\t<meta name=\"twitter:data1\" content=\"nedim\" \/>\n\t<meta name=\"twitter:label2\" content=\"Est. reading time\" \/>\n\t<meta name=\"twitter:data2\" content=\"1 minuta\" \/>\n<script type=\"application\/ld+json\" class=\"yoast-schema-graph\">{\"@context\":\"https:\/\/schema.org\",\"@graph\":[{\"@type\":\"Article\",\"@id\":\"https:\/\/tuzlainfo.ba\/index.php\/novosti\/item\/189247-tk-poziv-naucnim-istrazivacima-za-upis-u-registar-istrazivaca\/#article\",\"isPartOf\":{\"@id\":\"https:\/\/tuzlainfo.ba\/index.php\/novosti\/item\/189247-tk-poziv-naucnim-istrazivacima-za-upis-u-registar-istrazivaca\/\"},\"author\":{\"name\":\"nedim\",\"@id\":\"https:\/\/tuzlainfo.ba\/#\/schema\/person\/f434e20dc27ea133923aab08451b7f7f\"},\"headline\":\"TK: Poziv nau\u010dnim istra\u017eiva\u010dima za upis u Registar istra\u017eiva\u010da\",\"datePublished\":\"2022-11-13T12:00:48+00:00\",\"dateModified\":\"2022-11-12T21:54:04+00:00\",\"mainEntityOfPage\":{\"@id\":\"https:\/\/tuzlainfo.ba\/index.php\/novosti\/item\/189247-tk-poziv-naucnim-istrazivacima-za-upis-u-registar-istrazivaca\/\"},\"wordCount\":204,\"commentCount\":0,\"publisher\":{\"@id\":\"https:\/\/tuzlainfo.ba\/#organization\"},\"image\":{\"@id\":\"https:\/\/tuzlainfo.ba\/index.php\/novosti\/item\/189247-tk-poziv-naucnim-istrazivacima-za-upis-u-registar-istrazivaca\/#primaryimage\"},\"thumbnailUrl\":\"https:\/\/tuzlainfo.ba\/wp-content\/uploads\/2021\/01\/sadrzaj_2021_20210101_0101_2020_tuzlanski_kanton.jpg\",\"keywords\":[\"registar istra\u017eiva\u010da\",\"tuzlanski kanton\"],\"articleSection\":[\"Novosti\"],\"inLanguage\":\"bs-BA\"},{\"@type\":\"WebPage\",\"@id\":\"https:\/\/tuzlainfo.ba\/index.php\/novosti\/item\/189247-tk-poziv-naucnim-istrazivacima-za-upis-u-registar-istrazivaca\/\",\"url\":\"https:\/\/tuzlainfo.ba\/index.php\/novosti\/item\/189247-tk-poziv-naucnim-istrazivacima-za-upis-u-registar-istrazivaca\/\",\"name\":\"TK: Poziv nau\u010dnim istra\u017eiva\u010dima za upis u Registar istra\u017eiva\u010da - TuzlaInfo.ba\",\"isPartOf\":{\"@id\":\"https:\/\/tuzlainfo.ba\/#website\"},\"primaryImageOfPage\":{\"@id\":\"https:\/\/tuzlainfo.ba\/index.php\/novosti\/item\/189247-tk-poziv-naucnim-istrazivacima-za-upis-u-registar-istrazivaca\/#primaryimage\"},\"image\":{\"@id\":\"https:\/\/tuzlainfo.ba\/index.php\/novosti\/item\/189247-tk-poziv-naucnim-istrazivacima-za-upis-u-registar-istrazivaca\/#primaryimage\"},\"thumbnailUrl\":\"https:\/\/tuzlainfo.ba\/wp-content\/uploads\/2021\/01\/sadrzaj_2021_20210101_0101_2020_tuzlanski_kanton.jpg\",\"datePublished\":\"2022-11-13T12:00:48+00:00\",\"dateModified\":\"2022-11-12T21:54:04+00:00\",\"breadcrumb\":{\"@id\":\"https:\/\/tuzlainfo.ba\/index.php\/novosti\/item\/189247-tk-poziv-naucnim-istrazivacima-za-upis-u-registar-istrazivaca\/#breadcrumb\"},\"inLanguage\":\"bs-BA\",\"potentialAction\":[{\"@type\":\"ReadAction\",\"target\":[\"https:\/\/tuzlainfo.ba\/index.php\/novosti\/item\/189247-tk-poziv-naucnim-istrazivacima-za-upis-u-registar-istrazivaca\/\"]}]},{\"@type\":\"ImageObject\",\"inLanguage\":\"bs-BA\",\"@id\":\"https:\/\/tuzlainfo.ba\/index.php\/novosti\/item\/189247-tk-poziv-naucnim-istrazivacima-za-upis-u-registar-istrazivaca\/#primaryimage\",\"url\":\"https:\/\/tuzlainfo.ba\/wp-content\/uploads\/2021\/01\/sadrzaj_2021_20210101_0101_2020_tuzlanski_kanton.jpg\",\"contentUrl\":\"https:\/\/tuzlainfo.ba\/wp-content\/uploads\/2021\/01\/sadrzaj_2021_20210101_0101_2020_tuzlanski_kanton.jpg\",\"width\":770,\"height\":470,\"caption\":\"0101 2020 tuzlanski kanton\"},{\"@type\":\"BreadcrumbList\",\"@id\":\"https:\/\/tuzlainfo.ba\/index.php\/novosti\/item\/189247-tk-poziv-naucnim-istrazivacima-za-upis-u-registar-istrazivaca\/#breadcrumb\",\"itemListElement\":[{\"@type\":\"ListItem\",\"position\":1,\"name\":\"Home\",\"item\":\"https:\/\/tuzlainfo.ba\/\"},{\"@type\":\"ListItem\",\"position\":2,\"name\":\"TK: Poziv nau\u010dnim istra\u017eiva\u010dima za upis u Registar istra\u017eiva\u010da\"}]},{\"@type\":\"WebSite\",\"@id\":\"https:\/\/tuzlainfo.ba\/#website\",\"url\":\"https:\/\/tuzlainfo.ba\/\",\"name\":\"TuzlaInfo.ba\",\"description\":\"Tuzla info, gradski informator - Tuzla na dlanu\",\"publisher\":{\"@id\":\"https:\/\/tuzlainfo.ba\/#organization\"},\"potentialAction\":[{\"@type\":\"SearchAction\",\"target\":{\"@type\":\"EntryPoint\",\"urlTemplate\":\"https:\/\/tuzlainfo.ba\/?s={search_term_string}\"},\"query-input\":{\"@type\":\"PropertyValueSpecification\",\"valueRequired\":true,\"valueName\":\"search_term_string\"}}],\"inLanguage\":\"bs-BA\"},{\"@type\":\"Organization\",\"@id\":\"https:\/\/tuzlainfo.ba\/#organization\",\"name\":\"TuzlaInfo.ba\",\"url\":\"https:\/\/tuzlainfo.ba\/\",\"logo\":{\"@type\":\"ImageObject\",\"inLanguage\":\"bs-BA\",\"@id\":\"https:\/\/tuzlainfo.ba\/#\/schema\/logo\/image\/\",\"url\":\"https:\/\/tuzlainfo.ba\/wp-content\/uploads\/2021\/03\/logo-ver-3-1.png\",\"contentUrl\":\"https:\/\/tuzlainfo.ba\/wp-content\/uploads\/2021\/03\/logo-ver-3-1.png\",\"width\":350,\"height\":95,\"caption\":\"TuzlaInfo.ba\"},\"image\":{\"@id\":\"https:\/\/tuzlainfo.ba\/#\/schema\/logo\/image\/\"},\"sameAs\":[\"https:\/\/www.facebook.com\/tuzlainfo.ba\/\"]},{\"@type\":\"Person\",\"@id\":\"https:\/\/tuzlainfo.ba\/#\/schema\/person\/f434e20dc27ea133923aab08451b7f7f\",\"name\":\"nedim\",\"image\":{\"@type\":\"ImageObject\",\"inLanguage\":\"bs-BA\",\"@id\":\"https:\/\/tuzlainfo.ba\/#\/schema\/person\/image\/\",\"url\":\"https:\/\/tuzlainfo.ba\/wp-content\/litespeed\/avatar\/aabad687af24844af817603ac1cbdc4f.jpg?ver=1776702173\",\"contentUrl\":\"https:\/\/tuzlainfo.ba\/wp-content\/litespeed\/avatar\/aabad687af24844af817603ac1cbdc4f.jpg?ver=1776702173\",\"caption\":\"nedim\"},\"description\":\"Tuzlainfo.ba pratite na dru\u0161tvenim mre\u017eama: Facebook, Instagram i Youtube. Svoje pri\u010de, upite i fotografije \u0161aljite na na\u0161u e-mail adresu.\"}]}<\/script>\n<!-- \/ Yoast SEO plugin. -->","yoast_head_json":{"title":"TK: Poziv nau\u010dnim istra\u017eiva\u010dima za upis u Registar istra\u017eiva\u010da - TuzlaInfo.ba","robots":{"index":"index","follow":"follow","max-snippet":"max-snippet:-1","max-image-preview":"max-image-preview:large","max-video-preview":"max-video-preview:-1"},"canonical":"https:\/\/tuzlainfo.ba\/index.php\/novosti\/item\/189247-tk-poziv-naucnim-istrazivacima-za-upis-u-registar-istrazivaca\/","og_locale":"bs_BA","og_type":"article","og_title":"TK: Poziv nau\u010dnim istra\u017eiva\u010dima za upis u Registar istra\u017eiva\u010da - TuzlaInfo.ba","og_description":"Ministar obrazovanja i nauke Tuzlanskog kantona Ahmed Omerovi\u0107 donio je Pravilnik o uslovima i postupku&hellip;","og_url":"https:\/\/tuzlainfo.ba\/index.php\/novosti\/item\/189247-tk-poziv-naucnim-istrazivacima-za-upis-u-registar-istrazivaca\/","og_site_name":"TuzlaInfo.ba","article_publisher":"https:\/\/www.facebook.com\/tuzlainfo.ba\/","article_published_time":"2022-11-13T12:00:48+00:00","article_modified_time":"2022-11-12T21:54:04+00:00","og_image":[{"width":770,"height":470,"url":"https:\/\/tuzlainfo.ba\/wp-content\/uploads\/2021\/01\/sadrzaj_2021_20210101_0101_2020_tuzlanski_kanton.jpg","type":"image\/jpeg"}],"author":"nedim","twitter_card":"summary_large_image","twitter_misc":{"Written by":"nedim","Est. reading time":"1 minuta"},"schema":{"@context":"https:\/\/schema.org","@graph":[{"@type":"Article","@id":"https:\/\/tuzlainfo.ba\/index.php\/novosti\/item\/189247-tk-poziv-naucnim-istrazivacima-za-upis-u-registar-istrazivaca\/#article","isPartOf":{"@id":"https:\/\/tuzlainfo.ba\/index.php\/novosti\/item\/189247-tk-poziv-naucnim-istrazivacima-za-upis-u-registar-istrazivaca\/"},"author":{"name":"nedim","@id":"https:\/\/tuzlainfo.ba\/#\/schema\/person\/f434e20dc27ea133923aab08451b7f7f"},"headline":"TK: Poziv nau\u010dnim istra\u017eiva\u010dima za upis u Registar istra\u017eiva\u010da","datePublished":"2022-11-13T12:00:48+00:00","dateModified":"2022-11-12T21:54:04+00:00","mainEntityOfPage":{"@id":"https:\/\/tuzlainfo.ba\/index.php\/novosti\/item\/189247-tk-poziv-naucnim-istrazivacima-za-upis-u-registar-istrazivaca\/"},"wordCount":204,"commentCount":0,"publisher":{"@id":"https:\/\/tuzlainfo.ba\/#organization"},"image":{"@id":"https:\/\/tuzlainfo.ba\/index.php\/novosti\/item\/189247-tk-poziv-naucnim-istrazivacima-za-upis-u-registar-istrazivaca\/#primaryimage"},"thumbnailUrl":"https:\/\/tuzlainfo.ba\/wp-content\/uploads\/2021\/01\/sadrzaj_2021_20210101_0101_2020_tuzlanski_kanton.jpg","keywords":["registar istra\u017eiva\u010da","tuzlanski kanton"],"articleSection":["Novosti"],"inLanguage":"bs-BA"},{"@type":"WebPage","@id":"https:\/\/tuzlainfo.ba\/index.php\/novosti\/item\/189247-tk-poziv-naucnim-istrazivacima-za-upis-u-registar-istrazivaca\/","url":"https:\/\/tuzlainfo.ba\/index.php\/novosti\/item\/189247-tk-poziv-naucnim-istrazivacima-za-upis-u-registar-istrazivaca\/","name":"TK: Poziv nau\u010dnim istra\u017eiva\u010dima za upis u Registar istra\u017eiva\u010da - TuzlaInfo.ba","isPartOf":{"@id":"https:\/\/tuzlainfo.ba\/#website"},"primaryImageOfPage":{"@id":"https:\/\/tuzlainfo.ba\/index.php\/novosti\/item\/189247-tk-poziv-naucnim-istrazivacima-za-upis-u-registar-istrazivaca\/#primaryimage"},"image":{"@id":"https:\/\/tuzlainfo.ba\/index.php\/novosti\/item\/189247-tk-poziv-naucnim-istrazivacima-za-upis-u-registar-istrazivaca\/#primaryimage"},"thumbnailUrl":"https:\/\/tuzlainfo.ba\/wp-content\/uploads\/2021\/01\/sadrzaj_2021_20210101_0101_2020_tuzlanski_kanton.jpg","datePublished":"2022-11-13T12:00:48+00:00","dateModified":"2022-11-12T21:54:04+00:00","breadcrumb":{"@id":"https:\/\/tuzlainfo.ba\/index.php\/novosti\/item\/189247-tk-poziv-naucnim-istrazivacima-za-upis-u-registar-istrazivaca\/#breadcrumb"},"inLanguage":"bs-BA","potentialAction":[{"@type":"ReadAction","target":["https:\/\/tuzlainfo.ba\/index.php\/novosti\/item\/189247-tk-poziv-naucnim-istrazivacima-za-upis-u-registar-istrazivaca\/"]}]},{"@type":"ImageObject","inLanguage":"bs-BA","@id":"https:\/\/tuzlainfo.ba\/index.php\/novosti\/item\/189247-tk-poziv-naucnim-istrazivacima-za-upis-u-registar-istrazivaca\/#primaryimage","url":"https:\/\/tuzlainfo.ba\/wp-content\/uploads\/2021\/01\/sadrzaj_2021_20210101_0101_2020_tuzlanski_kanton.jpg","contentUrl":"https:\/\/tuzlainfo.ba\/wp-content\/uploads\/2021\/01\/sadrzaj_2021_20210101_0101_2020_tuzlanski_kanton.jpg","width":770,"height":470,"caption":"0101 2020 tuzlanski kanton"},{"@type":"BreadcrumbList","@id":"https:\/\/tuzlainfo.ba\/index.php\/novosti\/item\/189247-tk-poziv-naucnim-istrazivacima-za-upis-u-registar-istrazivaca\/#breadcrumb","itemListElement":[{"@type":"ListItem","position":1,"name":"Home","item":"https:\/\/tuzlainfo.ba\/"},{"@type":"ListItem","position":2,"name":"TK: Poziv nau\u010dnim istra\u017eiva\u010dima za upis u Registar istra\u017eiva\u010da"}]},{"@type":"WebSite","@id":"https:\/\/tuzlainfo.ba\/#website","url":"https:\/\/tuzlainfo.ba\/","name":"TuzlaInfo.ba","description":"Tuzla info, gradski informator - Tuzla na dlanu","publisher":{"@id":"https:\/\/tuzlainfo.ba\/#organization"},"potentialAction":[{"@type":"SearchAction","target":{"@type":"EntryPoint","urlTemplate":"https:\/\/tuzlainfo.ba\/?s={search_term_string}"},"query-input":{"@type":"PropertyValueSpecification","valueRequired":true,"valueName":"search_term_string"}}],"inLanguage":"bs-BA"},{"@type":"Organization","@id":"https:\/\/tuzlainfo.ba\/#organization","name":"TuzlaInfo.ba","url":"https:\/\/tuzlainfo.ba\/","logo":{"@type":"ImageObject","inLanguage":"bs-BA","@id":"https:\/\/tuzlainfo.ba\/#\/schema\/logo\/image\/","url":"https:\/\/tuzlainfo.ba\/wp-content\/uploads\/2021\/03\/logo-ver-3-1.png","contentUrl":"https:\/\/tuzlainfo.ba\/wp-content\/uploads\/2021\/03\/logo-ver-3-1.png","width":350,"height":95,"caption":"TuzlaInfo.ba"},"image":{"@id":"https:\/\/tuzlainfo.ba\/#\/schema\/logo\/image\/"},"sameAs":["https:\/\/www.facebook.com\/tuzlainfo.ba\/"]},{"@type":"Person","@id":"https:\/\/tuzlainfo.ba\/#\/schema\/person\/f434e20dc27ea133923aab08451b7f7f","name":"nedim","image":{"@type":"ImageObject","inLanguage":"bs-BA","@id":"https:\/\/tuzlainfo.ba\/#\/schema\/person\/image\/","url":"https:\/\/tuzlainfo.ba\/wp-content\/litespeed\/avatar\/aabad687af24844af817603ac1cbdc4f.jpg?ver=1776702173","contentUrl":"https:\/\/tuzlainfo.ba\/wp-content\/litespeed\/avatar\/aabad687af24844af817603ac1cbdc4f.jpg?ver=1776702173","caption":"nedim"},"description":"Tuzlainfo.ba pratite na dru\u0161tvenim mre\u017eama: Facebook, Instagram i Youtube. Svoje pri\u010de, upite i fotografije \u0161aljite na na\u0161u e-mail adresu."}]}},"_links":{"self":[{"href":"https:\/\/tuzlainfo.ba\/index.php\/wp-json\/wp\/v2\/posts\/189247"}],"collection":[{"href":"https:\/\/tuzlainfo.ba\/index.php\/wp-json\/wp\/v2\/posts"}],"about":[{"href":"https:\/\/tuzlainfo.ba\/index.php\/wp-json\/wp\/v2\/types\/post"}],"author":[{"embeddable":true,"href":"https:\/\/tuzlainfo.ba\/index.php\/wp-json\/wp\/v2\/users\/2"}],"replies":[{"embeddable":true,"href":"https:\/\/tuzlainfo.ba\/index.php\/wp-json\/wp\/v2\/comments?post=189247"}],"version-history":[{"count":0,"href":"https:\/\/tuzlainfo.ba\/index.php\/wp-json\/wp\/v2\/posts\/189247\/revisions"}],"wp:featuredmedia":[{"embeddable":true,"href":"https:\/\/tuzlainfo.ba\/index.php\/wp-json\/wp\/v2\/media\/85441"}],"wp:attachment":[{"href":"https:\/\/tuzlainfo.ba\/index.php\/wp-json\/wp\/v2\/media?parent=189247"}],"wp:term":[{"taxonomy":"category","embeddable":true,"href":"https:\/\/tuzlainfo.ba\/index.php\/wp-json\/wp\/v2\/categories?post=189247"},{"taxonomy":"post_tag","embeddable":true,"href":"https:\/\/tuzlainfo.ba\/index.php\/wp-json\/wp\/v2\/tags?post=189247"}],"curies":[{"name":"wp","href":"https:\/\/api.w.org\/{rel}","templated":true}]}}