{"id":189233,"date":"2022-11-12T21:49:23","date_gmt":"2022-11-12T20:49:23","guid":{"rendered":"https:\/\/tuzlainfo.ba\/?p=189233"},"modified":"2022-11-12T21:50:07","modified_gmt":"2022-11-12T20:50:07","slug":"milicevic-naslijedio-sarovica-i-porucio-nema-vlasti-bez-podrske-beograda","status":"publish","type":"post","link":"https:\/\/tuzlainfo.ba\/index.php\/bosna-i-hercegovina\/item\/189233-milicevic-naslijedio-sarovica-i-porucio-nema-vlasti-bez-podrske-beograda\/","title":{"rendered":"Mili\u010devi\u0107 naslijedio \u0160arovi\u0107a i poru\u010dio: \u201cNema vlasti bez podr\u0161ke Beograda\u201d"},"content":{"rendered":"<p>Na sjednici Glavnog odbora SDS-a, koja se odr\u017eava u Bijeljini, predsjednik te stranke Mirko \u0160arovi\u0107 je potvrdio ostavku i sva ovla\u0161tenja prenio na Milana Mili\u010devi\u0107a, objavila je BN TV pozivaju\u0107u se na svoje izvore iz stranke.<\/p>\n<p>Prije toga, kako tvrde izvori BN-a, od svih govornika Mom\u010dilo Mandi\u0107 je imao najdirektnije izlaganje.<\/p>\n<p>On je, kako ka\u017eu, poru\u010dio da \u201cnema vlasti bez podr\u0161ke Beograda\u201d, te da \u201cBeograd ne\u0107e podr\u017eati SDS dok je na \u010delu Mirko \u0160arovi\u0107\u201d, nakon \u010dega je dobio aplauz.<\/p>\n<p>Razgovarano je i o zajedni\u010dkom u\u010de\u0161\u0107u u vlasti na nivou Bosne i Hercegovine. Donesen je zaklju\u010dak da se ti razgovori nastave i da SDS mo\u017ee da pregovara sa svim politi\u010dkim subjektima u Republici Srpskoj i BiH.<\/p>\n<p class=\"strong\">Kad su u pitanju lo\u0161i izborni rezultati, Mili\u010devi\u0107 ka\u017ee kako je mnogo puta ukazivao na ono za \u0161ta je smatrao da nije dobro u stranci, poput politi\u010dkih pozicioniranja, stavova, infrastrukture, konsolidacije stranke te analize ranijih lo\u0161ih rezultata koja nikada, isti\u010de, nije napravljena na pravi na\u010din<\/p>\n<p>Lo\u0161 izborni rezultat natjerao je SDS da mijenja tim. Tako je Glavni odbor najve\u0107e opozijske stranke u Republici Srpskoj prihvatio ostavku Mirka \u0160arovi\u0107a, dosada\u0161njeg predsjednika, kao i Predsjedni\u0161tva ove stranke. Epilog vi\u0161esatnog zasjedanja donio je i novog vr\u0161itelja du\u017enosti predsjednika SDS-a. \u0160arovi\u0107a \u0107e, bar do unutarstra\u010dkih izbora, zamjeniti Milan Mili\u010devi\u0107, ina\u010de predsjednik Glavnog odbora stranke.<\/p>\n<p>Mili\u010devi\u0107 je bio i gost Dnevnika 2 Federalne televizije.<\/p>\n<p>Na pitanje da li pretenduje da bude novi predsjednik SDS-a, Mili\u010devi\u0107 odgovara kako o tome u ovom trenutku uop\u0161te ne razmi\u0161lja i da mu je cilj da na sljede\u0107oj sjednici Glavnog odbora SDS-a predlo\u017ei vr\u0161ioce du\u017enosti Predsjedni\u0161tva stranke te da \u0107e ta ekipa voditi stranku do zavr\u0161etka unutarstrana\u010dkih izbora.<\/p>\n<p>U isto vrijeme taj \u0107e tim voditi ra\u010duna i o svim politi\u010dki procesima koji su pred nama \u2013 o konstruisanju vlasti na oba nivoa i politi\u010dkim stavovima SDS-a, napominje on.<\/p>\n<p>\u201cUnutarstrana\u010dki izbori \u0107e biti demokratski proces koji \u0107e i\u0107i od nivoa mjesnih, op\u0161tinskih, gradskih odbora prema vrhu i birat \u0107e se svi \u2013 od predsjednika mjesnih odbora do predsjednika SDS-a. Kroz tu demokratsku proceduru \u0107e biti izabrani najbolji. Moje ambicije su samo da se SDS konsoliduje i da stranku nakon ovako lo\u0161eg izbornog rezultata postavimo na neke bolje temelje da bi bila spremna za naredne izazove\u201d, rekao je Mili\u010devi\u0107.<\/p>\n<p>Kad su u pitanju lo\u0161i izborni rezultati, Mili\u010devi\u0107 ka\u017ee kako je mnogo puta ukazivao na ono za \u0161ta je smatrao da nije dobro u stranci, poput politi\u010dkih pozicioniranja, stavova, infrastrukture, konsolidacije stranke te analize ranijih lo\u0161ih rezultata koja nikada, isti\u010de, nije napravljena na pravi na\u010din.<\/p>\n<p>\u201cTo je sve rezultiralo lo\u0161im izbornim rezultatima za koje, tako\u0111er, zajedno s Predsjedni\u0161tvo stranke snosim i ja odgovornost. U svom okru\u017eenju, mati\u010dnom op\u0161tinskom odboru u isto vrijeme sam, kao i neki drugi, imao jako dobre rezultate i mislim da pobjednici trebaju taj recept pobjede nad re\u017eimom prenijeti i na stranku. SDS je kao najve\u0107a opoziciona partija u RS-u vodio poprili\u010dno neprepoznatljivu i blijedu politiku u odnosu na neka ranija vremena\u201d, istakao je Mili\u010devi\u0107.<\/p>\n<p>Upitan da prokomentira odnose unutra opozicije u RS-u i varnice koje se doga\u0111aju u PDP-u izme\u0111u Jelene Trivi\u0107 i Dra\u0161ka Stanivukovi\u0107a, Mili\u010devi\u0107 ka\u017ee kako varnice tog tipa uglavnom nisu dobre ni u jednoj stranci. Me\u0111utim, dodaje, znaju nekad donijeti i pozitivan rezultat.<\/p>\n<p>\u201cVarnice koje se de\u0161avaju unutar SDS-a su s ciljem da se napravi i bolja situacija. Mo\u017ee biti i obrnuto \u2013 mo\u017eete napraviti sukob koji \u0107e podijeliti stranku. Nadam se da \u0107e ti sukobi i ta razli\u010dita mi\u0161ljenja unutar PDP-a, ali i SDS-a dati bolju i sna\u017eniju opoziciju\u201d, zaklju\u010dio je Mili\u0107evi\u0107.<\/p>\n","protected":false},"excerpt":{"rendered":"<p>Na sjednici Glavnog odbora SDS-a, koja se odr\u017eava u Bijeljini, predsjednik te stranke Mirko \u0160arovi\u0107&hellip;<\/p>\n","protected":false},"author":2,"featured_media":189234,"comment_status":"open","ping_status":"closed","sticky":false,"template":"","format":"standard","meta":{"_acf_changed":false,"footnotes":""},"categories":[291],"tags":[5685,3007],"acf":[],"yoast_head":"<!-- This site is optimized with the Yoast SEO plugin v23.5 - https:\/\/yoast.com\/wordpress\/plugins\/seo\/ -->\n<title>Mili\u010devi\u0107 naslijedio \u0160arovi\u0107a i poru\u010dio: \u201cNema vlasti bez podr\u0161ke Beograda\u201d - TuzlaInfo.ba<\/title>\n<meta name=\"robots\" content=\"index, follow, max-snippet:-1, max-image-preview:large, max-video-preview:-1\" \/>\n<link rel=\"canonical\" href=\"https:\/\/tuzlainfo.ba\/index.php\/bosna-i-hercegovina\/item\/189233-milicevic-naslijedio-sarovica-i-porucio-nema-vlasti-bez-podrske-beograda\/\" \/>\n<meta property=\"og:locale\" content=\"bs_BA\" \/>\n<meta property=\"og:type\" content=\"article\" \/>\n<meta property=\"og:title\" content=\"Mili\u010devi\u0107 naslijedio \u0160arovi\u0107a i poru\u010dio: \u201cNema vlasti bez podr\u0161ke Beograda\u201d - TuzlaInfo.ba\" \/>\n<meta property=\"og:description\" content=\"Na sjednici Glavnog odbora SDS-a, koja se odr\u017eava u Bijeljini, predsjednik te stranke Mirko \u0160arovi\u0107&hellip;\" \/>\n<meta property=\"og:url\" content=\"https:\/\/tuzlainfo.ba\/index.php\/bosna-i-hercegovina\/item\/189233-milicevic-naslijedio-sarovica-i-porucio-nema-vlasti-bez-podrske-beograda\/\" \/>\n<meta property=\"og:site_name\" content=\"TuzlaInfo.ba\" \/>\n<meta property=\"article:publisher\" content=\"https:\/\/www.facebook.com\/tuzlainfo.ba\/\" \/>\n<meta property=\"article:published_time\" content=\"2022-11-12T20:49:23+00:00\" \/>\n<meta property=\"article:modified_time\" content=\"2022-11-12T20:50:07+00:00\" \/>\n<meta property=\"og:image\" content=\"https:\/\/tuzlainfo.ba\/wp-content\/uploads\/2022\/11\/1211_milan_milicevic.jpg\" \/>\n\t<meta property=\"og:image:width\" content=\"800\" \/>\n\t<meta property=\"og:image:height\" content=\"428\" \/>\n\t<meta property=\"og:image:type\" content=\"image\/jpeg\" \/>\n<meta name=\"author\" content=\"nedim\" \/>\n<meta name=\"twitter:card\" content=\"summary_large_image\" \/>\n<meta name=\"twitter:label1\" content=\"Written by\" \/>\n\t<meta name=\"twitter:data1\" content=\"nedim\" \/>\n\t<meta name=\"twitter:label2\" content=\"Est. reading time\" \/>\n\t<meta name=\"twitter:data2\" content=\"3 minute\" \/>\n<script type=\"application\/ld+json\" class=\"yoast-schema-graph\">{\"@context\":\"https:\/\/schema.org\",\"@graph\":[{\"@type\":\"Article\",\"@id\":\"https:\/\/tuzlainfo.ba\/index.php\/bosna-i-hercegovina\/item\/189233-milicevic-naslijedio-sarovica-i-porucio-nema-vlasti-bez-podrske-beograda\/#article\",\"isPartOf\":{\"@id\":\"https:\/\/tuzlainfo.ba\/index.php\/bosna-i-hercegovina\/item\/189233-milicevic-naslijedio-sarovica-i-porucio-nema-vlasti-bez-podrske-beograda\/\"},\"author\":{\"name\":\"nedim\",\"@id\":\"https:\/\/tuzlainfo.ba\/#\/schema\/person\/f434e20dc27ea133923aab08451b7f7f\"},\"headline\":\"Mili\u010devi\u0107 naslijedio \u0160arovi\u0107a i poru\u010dio: \u201cNema vlasti bez podr\u0161ke Beograda\u201d\",\"datePublished\":\"2022-11-12T20:49:23+00:00\",\"dateModified\":\"2022-11-12T20:50:07+00:00\",\"mainEntityOfPage\":{\"@id\":\"https:\/\/tuzlainfo.ba\/index.php\/bosna-i-hercegovina\/item\/189233-milicevic-naslijedio-sarovica-i-porucio-nema-vlasti-bez-podrske-beograda\/\"},\"wordCount\":678,\"commentCount\":0,\"publisher\":{\"@id\":\"https:\/\/tuzlainfo.ba\/#organization\"},\"image\":{\"@id\":\"https:\/\/tuzlainfo.ba\/index.php\/bosna-i-hercegovina\/item\/189233-milicevic-naslijedio-sarovica-i-porucio-nema-vlasti-bez-podrske-beograda\/#primaryimage\"},\"thumbnailUrl\":\"https:\/\/tuzlainfo.ba\/wp-content\/uploads\/2022\/11\/1211_milan_milicevic.jpg\",\"keywords\":[\"milan mili\u010devi\u0107\",\"SDS\"],\"articleSection\":[\"Bosna i Hercegovina\"],\"inLanguage\":\"bs-BA\"},{\"@type\":\"WebPage\",\"@id\":\"https:\/\/tuzlainfo.ba\/index.php\/bosna-i-hercegovina\/item\/189233-milicevic-naslijedio-sarovica-i-porucio-nema-vlasti-bez-podrske-beograda\/\",\"url\":\"https:\/\/tuzlainfo.ba\/index.php\/bosna-i-hercegovina\/item\/189233-milicevic-naslijedio-sarovica-i-porucio-nema-vlasti-bez-podrske-beograda\/\",\"name\":\"Mili\u010devi\u0107 naslijedio \u0160arovi\u0107a i poru\u010dio: \u201cNema vlasti bez podr\u0161ke Beograda\u201d - TuzlaInfo.ba\",\"isPartOf\":{\"@id\":\"https:\/\/tuzlainfo.ba\/#website\"},\"primaryImageOfPage\":{\"@id\":\"https:\/\/tuzlainfo.ba\/index.php\/bosna-i-hercegovina\/item\/189233-milicevic-naslijedio-sarovica-i-porucio-nema-vlasti-bez-podrske-beograda\/#primaryimage\"},\"image\":{\"@id\":\"https:\/\/tuzlainfo.ba\/index.php\/bosna-i-hercegovina\/item\/189233-milicevic-naslijedio-sarovica-i-porucio-nema-vlasti-bez-podrske-beograda\/#primaryimage\"},\"thumbnailUrl\":\"https:\/\/tuzlainfo.ba\/wp-content\/uploads\/2022\/11\/1211_milan_milicevic.jpg\",\"datePublished\":\"2022-11-12T20:49:23+00:00\",\"dateModified\":\"2022-11-12T20:50:07+00:00\",\"breadcrumb\":{\"@id\":\"https:\/\/tuzlainfo.ba\/index.php\/bosna-i-hercegovina\/item\/189233-milicevic-naslijedio-sarovica-i-porucio-nema-vlasti-bez-podrske-beograda\/#breadcrumb\"},\"inLanguage\":\"bs-BA\",\"potentialAction\":[{\"@type\":\"ReadAction\",\"target\":[\"https:\/\/tuzlainfo.ba\/index.php\/bosna-i-hercegovina\/item\/189233-milicevic-naslijedio-sarovica-i-porucio-nema-vlasti-bez-podrske-beograda\/\"]}]},{\"@type\":\"ImageObject\",\"inLanguage\":\"bs-BA\",\"@id\":\"https:\/\/tuzlainfo.ba\/index.php\/bosna-i-hercegovina\/item\/189233-milicevic-naslijedio-sarovica-i-porucio-nema-vlasti-bez-podrske-beograda\/#primaryimage\",\"url\":\"https:\/\/tuzlainfo.ba\/wp-content\/uploads\/2022\/11\/1211_milan_milicevic.jpg\",\"contentUrl\":\"https:\/\/tuzlainfo.ba\/wp-content\/uploads\/2022\/11\/1211_milan_milicevic.jpg\",\"width\":800,\"height\":428},{\"@type\":\"BreadcrumbList\",\"@id\":\"https:\/\/tuzlainfo.ba\/index.php\/bosna-i-hercegovina\/item\/189233-milicevic-naslijedio-sarovica-i-porucio-nema-vlasti-bez-podrske-beograda\/#breadcrumb\",\"itemListElement\":[{\"@type\":\"ListItem\",\"position\":1,\"name\":\"Home\",\"item\":\"https:\/\/tuzlainfo.ba\/\"},{\"@type\":\"ListItem\",\"position\":2,\"name\":\"Mili\u010devi\u0107 naslijedio \u0160arovi\u0107a i poru\u010dio: \u201cNema vlasti bez podr\u0161ke Beograda\u201d\"}]},{\"@type\":\"WebSite\",\"@id\":\"https:\/\/tuzlainfo.ba\/#website\",\"url\":\"https:\/\/tuzlainfo.ba\/\",\"name\":\"TuzlaInfo.ba\",\"description\":\"Tuzla info, gradski informator - Tuzla na dlanu\",\"publisher\":{\"@id\":\"https:\/\/tuzlainfo.ba\/#organization\"},\"potentialAction\":[{\"@type\":\"SearchAction\",\"target\":{\"@type\":\"EntryPoint\",\"urlTemplate\":\"https:\/\/tuzlainfo.ba\/?s={search_term_string}\"},\"query-input\":{\"@type\":\"PropertyValueSpecification\",\"valueRequired\":true,\"valueName\":\"search_term_string\"}}],\"inLanguage\":\"bs-BA\"},{\"@type\":\"Organization\",\"@id\":\"https:\/\/tuzlainfo.ba\/#organization\",\"name\":\"TuzlaInfo.ba\",\"url\":\"https:\/\/tuzlainfo.ba\/\",\"logo\":{\"@type\":\"ImageObject\",\"inLanguage\":\"bs-BA\",\"@id\":\"https:\/\/tuzlainfo.ba\/#\/schema\/logo\/image\/\",\"url\":\"https:\/\/tuzlainfo.ba\/wp-content\/uploads\/2021\/03\/logo-ver-3-1.png\",\"contentUrl\":\"https:\/\/tuzlainfo.ba\/wp-content\/uploads\/2021\/03\/logo-ver-3-1.png\",\"width\":350,\"height\":95,\"caption\":\"TuzlaInfo.ba\"},\"image\":{\"@id\":\"https:\/\/tuzlainfo.ba\/#\/schema\/logo\/image\/\"},\"sameAs\":[\"https:\/\/www.facebook.com\/tuzlainfo.ba\/\"]},{\"@type\":\"Person\",\"@id\":\"https:\/\/tuzlainfo.ba\/#\/schema\/person\/f434e20dc27ea133923aab08451b7f7f\",\"name\":\"nedim\",\"image\":{\"@type\":\"ImageObject\",\"inLanguage\":\"bs-BA\",\"@id\":\"https:\/\/tuzlainfo.ba\/#\/schema\/person\/image\/\",\"url\":\"https:\/\/tuzlainfo.ba\/wp-content\/litespeed\/avatar\/aabad687af24844af817603ac1cbdc4f.jpg?ver=1777306975\",\"contentUrl\":\"https:\/\/tuzlainfo.ba\/wp-content\/litespeed\/avatar\/aabad687af24844af817603ac1cbdc4f.jpg?ver=1777306975\",\"caption\":\"nedim\"},\"description\":\"Tuzlainfo.ba pratite na dru\u0161tvenim mre\u017eama: Facebook, Instagram i Youtube. Svoje pri\u010de, upite i fotografije \u0161aljite na na\u0161u e-mail adresu.\"}]}<\/script>\n<!-- \/ Yoast SEO plugin. -->","yoast_head_json":{"title":"Mili\u010devi\u0107 naslijedio \u0160arovi\u0107a i poru\u010dio: \u201cNema vlasti bez podr\u0161ke Beograda\u201d - TuzlaInfo.ba","robots":{"index":"index","follow":"follow","max-snippet":"max-snippet:-1","max-image-preview":"max-image-preview:large","max-video-preview":"max-video-preview:-1"},"canonical":"https:\/\/tuzlainfo.ba\/index.php\/bosna-i-hercegovina\/item\/189233-milicevic-naslijedio-sarovica-i-porucio-nema-vlasti-bez-podrske-beograda\/","og_locale":"bs_BA","og_type":"article","og_title":"Mili\u010devi\u0107 naslijedio \u0160arovi\u0107a i poru\u010dio: \u201cNema vlasti bez podr\u0161ke Beograda\u201d - TuzlaInfo.ba","og_description":"Na sjednici Glavnog odbora SDS-a, koja se odr\u017eava u Bijeljini, predsjednik te stranke Mirko \u0160arovi\u0107&hellip;","og_url":"https:\/\/tuzlainfo.ba\/index.php\/bosna-i-hercegovina\/item\/189233-milicevic-naslijedio-sarovica-i-porucio-nema-vlasti-bez-podrske-beograda\/","og_site_name":"TuzlaInfo.ba","article_publisher":"https:\/\/www.facebook.com\/tuzlainfo.ba\/","article_published_time":"2022-11-12T20:49:23+00:00","article_modified_time":"2022-11-12T20:50:07+00:00","og_image":[{"width":800,"height":428,"url":"https:\/\/tuzlainfo.ba\/wp-content\/uploads\/2022\/11\/1211_milan_milicevic.jpg","type":"image\/jpeg"}],"author":"nedim","twitter_card":"summary_large_image","twitter_misc":{"Written by":"nedim","Est. reading time":"3 minute"},"schema":{"@context":"https:\/\/schema.org","@graph":[{"@type":"Article","@id":"https:\/\/tuzlainfo.ba\/index.php\/bosna-i-hercegovina\/item\/189233-milicevic-naslijedio-sarovica-i-porucio-nema-vlasti-bez-podrske-beograda\/#article","isPartOf":{"@id":"https:\/\/tuzlainfo.ba\/index.php\/bosna-i-hercegovina\/item\/189233-milicevic-naslijedio-sarovica-i-porucio-nema-vlasti-bez-podrske-beograda\/"},"author":{"name":"nedim","@id":"https:\/\/tuzlainfo.ba\/#\/schema\/person\/f434e20dc27ea133923aab08451b7f7f"},"headline":"Mili\u010devi\u0107 naslijedio \u0160arovi\u0107a i poru\u010dio: \u201cNema vlasti bez podr\u0161ke Beograda\u201d","datePublished":"2022-11-12T20:49:23+00:00","dateModified":"2022-11-12T20:50:07+00:00","mainEntityOfPage":{"@id":"https:\/\/tuzlainfo.ba\/index.php\/bosna-i-hercegovina\/item\/189233-milicevic-naslijedio-sarovica-i-porucio-nema-vlasti-bez-podrske-beograda\/"},"wordCount":678,"commentCount":0,"publisher":{"@id":"https:\/\/tuzlainfo.ba\/#organization"},"image":{"@id":"https:\/\/tuzlainfo.ba\/index.php\/bosna-i-hercegovina\/item\/189233-milicevic-naslijedio-sarovica-i-porucio-nema-vlasti-bez-podrske-beograda\/#primaryimage"},"thumbnailUrl":"https:\/\/tuzlainfo.ba\/wp-content\/uploads\/2022\/11\/1211_milan_milicevic.jpg","keywords":["milan mili\u010devi\u0107","SDS"],"articleSection":["Bosna i Hercegovina"],"inLanguage":"bs-BA"},{"@type":"WebPage","@id":"https:\/\/tuzlainfo.ba\/index.php\/bosna-i-hercegovina\/item\/189233-milicevic-naslijedio-sarovica-i-porucio-nema-vlasti-bez-podrske-beograda\/","url":"https:\/\/tuzlainfo.ba\/index.php\/bosna-i-hercegovina\/item\/189233-milicevic-naslijedio-sarovica-i-porucio-nema-vlasti-bez-podrske-beograda\/","name":"Mili\u010devi\u0107 naslijedio \u0160arovi\u0107a i poru\u010dio: \u201cNema vlasti bez podr\u0161ke Beograda\u201d - TuzlaInfo.ba","isPartOf":{"@id":"https:\/\/tuzlainfo.ba\/#website"},"primaryImageOfPage":{"@id":"https:\/\/tuzlainfo.ba\/index.php\/bosna-i-hercegovina\/item\/189233-milicevic-naslijedio-sarovica-i-porucio-nema-vlasti-bez-podrske-beograda\/#primaryimage"},"image":{"@id":"https:\/\/tuzlainfo.ba\/index.php\/bosna-i-hercegovina\/item\/189233-milicevic-naslijedio-sarovica-i-porucio-nema-vlasti-bez-podrske-beograda\/#primaryimage"},"thumbnailUrl":"https:\/\/tuzlainfo.ba\/wp-content\/uploads\/2022\/11\/1211_milan_milicevic.jpg","datePublished":"2022-11-12T20:49:23+00:00","dateModified":"2022-11-12T20:50:07+00:00","breadcrumb":{"@id":"https:\/\/tuzlainfo.ba\/index.php\/bosna-i-hercegovina\/item\/189233-milicevic-naslijedio-sarovica-i-porucio-nema-vlasti-bez-podrske-beograda\/#breadcrumb"},"inLanguage":"bs-BA","potentialAction":[{"@type":"ReadAction","target":["https:\/\/tuzlainfo.ba\/index.php\/bosna-i-hercegovina\/item\/189233-milicevic-naslijedio-sarovica-i-porucio-nema-vlasti-bez-podrske-beograda\/"]}]},{"@type":"ImageObject","inLanguage":"bs-BA","@id":"https:\/\/tuzlainfo.ba\/index.php\/bosna-i-hercegovina\/item\/189233-milicevic-naslijedio-sarovica-i-porucio-nema-vlasti-bez-podrske-beograda\/#primaryimage","url":"https:\/\/tuzlainfo.ba\/wp-content\/uploads\/2022\/11\/1211_milan_milicevic.jpg","contentUrl":"https:\/\/tuzlainfo.ba\/wp-content\/uploads\/2022\/11\/1211_milan_milicevic.jpg","width":800,"height":428},{"@type":"BreadcrumbList","@id":"https:\/\/tuzlainfo.ba\/index.php\/bosna-i-hercegovina\/item\/189233-milicevic-naslijedio-sarovica-i-porucio-nema-vlasti-bez-podrske-beograda\/#breadcrumb","itemListElement":[{"@type":"ListItem","position":1,"name":"Home","item":"https:\/\/tuzlainfo.ba\/"},{"@type":"ListItem","position":2,"name":"Mili\u010devi\u0107 naslijedio \u0160arovi\u0107a i poru\u010dio: \u201cNema vlasti bez podr\u0161ke Beograda\u201d"}]},{"@type":"WebSite","@id":"https:\/\/tuzlainfo.ba\/#website","url":"https:\/\/tuzlainfo.ba\/","name":"TuzlaInfo.ba","description":"Tuzla info, gradski informator - Tuzla na dlanu","publisher":{"@id":"https:\/\/tuzlainfo.ba\/#organization"},"potentialAction":[{"@type":"SearchAction","target":{"@type":"EntryPoint","urlTemplate":"https:\/\/tuzlainfo.ba\/?s={search_term_string}"},"query-input":{"@type":"PropertyValueSpecification","valueRequired":true,"valueName":"search_term_string"}}],"inLanguage":"bs-BA"},{"@type":"Organization","@id":"https:\/\/tuzlainfo.ba\/#organization","name":"TuzlaInfo.ba","url":"https:\/\/tuzlainfo.ba\/","logo":{"@type":"ImageObject","inLanguage":"bs-BA","@id":"https:\/\/tuzlainfo.ba\/#\/schema\/logo\/image\/","url":"https:\/\/tuzlainfo.ba\/wp-content\/uploads\/2021\/03\/logo-ver-3-1.png","contentUrl":"https:\/\/tuzlainfo.ba\/wp-content\/uploads\/2021\/03\/logo-ver-3-1.png","width":350,"height":95,"caption":"TuzlaInfo.ba"},"image":{"@id":"https:\/\/tuzlainfo.ba\/#\/schema\/logo\/image\/"},"sameAs":["https:\/\/www.facebook.com\/tuzlainfo.ba\/"]},{"@type":"Person","@id":"https:\/\/tuzlainfo.ba\/#\/schema\/person\/f434e20dc27ea133923aab08451b7f7f","name":"nedim","image":{"@type":"ImageObject","inLanguage":"bs-BA","@id":"https:\/\/tuzlainfo.ba\/#\/schema\/person\/image\/","url":"https:\/\/tuzlainfo.ba\/wp-content\/litespeed\/avatar\/aabad687af24844af817603ac1cbdc4f.jpg?ver=1777306975","contentUrl":"https:\/\/tuzlainfo.ba\/wp-content\/litespeed\/avatar\/aabad687af24844af817603ac1cbdc4f.jpg?ver=1777306975","caption":"nedim"},"description":"Tuzlainfo.ba pratite na dru\u0161tvenim mre\u017eama: Facebook, Instagram i Youtube. Svoje pri\u010de, upite i fotografije \u0161aljite na na\u0161u e-mail adresu."}]}},"_links":{"self":[{"href":"https:\/\/tuzlainfo.ba\/index.php\/wp-json\/wp\/v2\/posts\/189233"}],"collection":[{"href":"https:\/\/tuzlainfo.ba\/index.php\/wp-json\/wp\/v2\/posts"}],"about":[{"href":"https:\/\/tuzlainfo.ba\/index.php\/wp-json\/wp\/v2\/types\/post"}],"author":[{"embeddable":true,"href":"https:\/\/tuzlainfo.ba\/index.php\/wp-json\/wp\/v2\/users\/2"}],"replies":[{"embeddable":true,"href":"https:\/\/tuzlainfo.ba\/index.php\/wp-json\/wp\/v2\/comments?post=189233"}],"version-history":[{"count":0,"href":"https:\/\/tuzlainfo.ba\/index.php\/wp-json\/wp\/v2\/posts\/189233\/revisions"}],"wp:featuredmedia":[{"embeddable":true,"href":"https:\/\/tuzlainfo.ba\/index.php\/wp-json\/wp\/v2\/media\/189234"}],"wp:attachment":[{"href":"https:\/\/tuzlainfo.ba\/index.php\/wp-json\/wp\/v2\/media?parent=189233"}],"wp:term":[{"taxonomy":"category","embeddable":true,"href":"https:\/\/tuzlainfo.ba\/index.php\/wp-json\/wp\/v2\/categories?post=189233"},{"taxonomy":"post_tag","embeddable":true,"href":"https:\/\/tuzlainfo.ba\/index.php\/wp-json\/wp\/v2\/tags?post=189233"}],"curies":[{"name":"wp","href":"https:\/\/api.w.org\/{rel}","templated":true}]}}