{"id":188903,"date":"2022-11-09T09:06:04","date_gmt":"2022-11-09T08:06:04","guid":{"rendered":"https:\/\/tuzlainfo.ba\/?p=188903"},"modified":"2022-11-09T08:46:48","modified_gmt":"2022-11-09T07:46:48","slug":"za-devet-mjeseci-iz-bih-otislo-75-hiljada-osoba","status":"publish","type":"post","link":"https:\/\/tuzlainfo.ba\/index.php\/bosna-i-hercegovina\/item\/188903-za-devet-mjeseci-iz-bih-otislo-75-hiljada-osoba\/","title":{"rendered":"Za devet mjeseci iz BiH oti\u0161lo 75 hiljada osoba"},"content":{"rendered":"<p>U Bosni i Hercegovini u posljednje dvije godine u porastu je broj onih koji tra\u017ee radnike, podaci su dr\u017eavne Agencije za rad i zapo\u0161ljavanje. Svih ovih godina u Bosni i Hercegovini statistike o prekidu radnog odnosa bile su u porastu, no u ovoj godini taj trend je prekinut, pa se postavlja pitanje je li radna snaga u BiH dragocjenija, nego ranije?<\/p>\n<p>D\u017eemal Tinjak sedam godina vodi tvrtku u Sarajevu koja se bavi uslugama \u0161pedicije. Posljednjih godina te\u0161ko dolazi do radnika, jer sve ve\u0107i broj kvalificiranih voza\u010da teretnih vozila odlazi na rad u inozemstvo.<\/p>\n<p><strong>&#8220;Nismo zabrinuti na tom nekom kratkoro\u010dnom planu, ali dugoro\u010dno smo ve\u0107 poduzeli neke mjere da cijenimo \u010dovjeka, da je \u010dovjek u fokusu tog procesa, samo je bitno sve iskomunicirati da ljudi budu zadovoljni s tim \u0161to rade&#8221;,<\/strong>\u00a0ka\u017ee Tinjak.<\/p>\n<p>Prema podacima Agencije za rad i zapo\u0161ljavanje BiH u Njema\u010dku i Sloveniju samo ove godine oti\u0161lo je oko 12.700 bh. gra\u0111ana. Sli\u010dni su podaci i za pro\u0161lu godinu. Stvarni broj onih kojih odlaze iz BiH u inozemstvo je daleko ve\u0107i, pokazuju podaci privantih agencija koje posreduju u zapo\u0161ljavanju bh. gra\u0111ana u zemlje regije i inozemstvo.<\/p>\n<p>A ove statistike se ve\u0107 itekako negativno odr\u017eavaju na tr\u017ei\u0161te rada u Bosni i Hercegovini, koje je se uveliko suo\u010dava s nedostatkom radne snage.<\/p>\n<p><strong>&#8220;Prema evidencijama zavoda i slu\u017ebi za zapo\u0161ljavanje broj zaposlenih na evidencijama nezaposlenih u 2022. godini je rastao, \u010dime je nastavljen trend rasta broja zaposlenih iz evidenacija iz 2021. godine. U periodu januar &#8211; august 2022. godine posredstvom zavoda i slu\u017ebi zaposleno je oko 74.019 lica, \u0161to je za 5,6 posto vi\u0161e u odnosu na period pro\u0161le godine&#8221;,<\/strong> navodi u izjavi za BHT, Muamer Bandi\u0107, direktor Agencije za rad i zapo\u0161ljavanje BiH.<\/p>\n<p>Prema podacima\u00a0Unije za odr\u017eivi povratak BiH je od 2013. godine napustilo pola milijuna gra\u0111ana. Odliv radne snage mo\u017ee se zaustaviti, a za to su potrebne reforme, nagla\u0161avaju ekonomisti.<\/p>\n<p><strong>&#8220;Radna snaga da bi se sa\u010duvala, moraju se pove\u0107ati plate. Tu su poslodavci u nezgodnom polo\u017eaju, ta razlika bruto-neto je vrlo visoka, 70 posto koji upla\u0107uju poslodavci, tu bi se trebale praviti odgovaraju\u0107e reforme penzionog i zdravstvenog osiguranja da se poslodavcima olak\u0161a i da oni imaju ve\u0107i manevarski prostor da se pove\u0107a plata&#8221;,<\/strong>\u00a0isti\u010de profesor na Ekonomskom fakultetu u Sarajevu Aziz \u0160unje.<\/p>\n<p>U posljednjih deset godina prosje\u010dna neto pla\u0107a u BiH porasla je za oko 300 KM. Sude\u0107i po sada\u0161njim statistikama, to je nedovoljno da se zaustavi odliv radne snage iz zemlje.<\/p>\n","protected":false},"excerpt":{"rendered":"<p>U Bosni i Hercegovini u posljednje dvije godine u porastu je broj onih koji tra\u017ee radnike, podaci su dr\u017eavne Agencije za rad i zapo\u0161ljavanje. Svih ovih godina u Bosni i Hercegovini statistike o prekidu radnog odnosa bile su u porastu, no u ovoj godini taj trend je prekinut, pa se postavlja pitanje je li radna [&hellip;]<\/p>\n","protected":false},"author":4,"featured_media":74476,"comment_status":"open","ping_status":"closed","sticky":false,"template":"","format":"standard","meta":{"footnotes":""},"categories":[291,304],"tags":[5659,706,5302],"class_list":["post-188903","post","type-post","status-publish","format-standard","has-post-thumbnail","hentry","category-bosna-i-hercegovina","category-istaknuto","tag-agencija-za-rad-i-zaposljavanje-bih","tag-bih","tag-odlazak-stanovnistva"],"yoast_head":"<!-- This site is optimized with the Yoast SEO plugin v28.3 - https:\/\/yoast.com\/product\/yoast-seo-wordpress\/ -->\n<title>Za devet mjeseci iz BiH oti\u0161lo 75 hiljada osoba<\/title>\n<meta name=\"robots\" content=\"index, follow, max-snippet:-1, max-image-preview:large, max-video-preview:-1\" \/>\n<link rel=\"canonical\" href=\"https:\/\/tuzlainfo.ba\/index.php\/bosna-i-hercegovina\/item\/188903-za-devet-mjeseci-iz-bih-otislo-75-hiljada-osoba\/\" \/>\n<meta property=\"og:locale\" content=\"bs_BA\" \/>\n<meta property=\"og:type\" content=\"article\" \/>\n<meta property=\"og:title\" content=\"Za devet mjeseci iz BiH oti\u0161lo 75 hiljada osoba\" \/>\n<meta property=\"og:description\" content=\"U Bosni i Hercegovini u posljednje dvije godine u porastu je broj onih koji tra\u017ee radnike, podaci su dr\u017eavne Agencije za rad i zapo\u0161ljavanje. Svih ovih godina u Bosni i Hercegovini statistike o prekidu radnog odnosa bile su u porastu, no u ovoj godini taj trend je prekinut, pa se postavlja pitanje je li radna [&hellip;]\" \/>\n<meta property=\"og:url\" content=\"https:\/\/tuzlainfo.ba\/index.php\/bosna-i-hercegovina\/item\/188903-za-devet-mjeseci-iz-bih-otislo-75-hiljada-osoba\/\" \/>\n<meta property=\"og:site_name\" content=\"TuzlaInfo.ba\" \/>\n<meta property=\"article:publisher\" content=\"https:\/\/www.facebook.com\/tuzlainfo.ba\/\" \/>\n<meta property=\"article:published_time\" content=\"2022-11-09T08:06:04+00:00\" \/>\n<meta property=\"og:image\" content=\"https:\/\/tuzlainfo.ba\/wp-content\/uploads\/2019\/11\/sadrzaj_2019_20191101_0111_odlazak.jpg\" \/>\n\t<meta property=\"og:image:width\" content=\"770\" \/>\n\t<meta property=\"og:image:height\" content=\"447\" \/>\n\t<meta property=\"og:image:type\" content=\"image\/jpeg\" \/>\n<meta name=\"author\" content=\"Tuzla Info\" \/>\n<meta name=\"twitter:card\" content=\"summary_large_image\" \/>\n<meta name=\"twitter:label1\" content=\"Written by\" \/>\n\t<meta name=\"twitter:data1\" content=\"Tuzla Info\" \/>\n\t<meta name=\"twitter:label2\" content=\"Est. reading time\" \/>\n\t<meta name=\"twitter:data2\" content=\"2 minute\" \/>\n<script type=\"application\/ld+json\" class=\"yoast-schema-graph\">{\"@context\":\"https:\\\/\\\/schema.org\",\"@graph\":[{\"@type\":\"Article\",\"@id\":\"https:\\\/\\\/tuzlainfo.ba\\\/index.php\\\/bosna-i-hercegovina\\\/item\\\/188903-za-devet-mjeseci-iz-bih-otislo-75-hiljada-osoba\\\/#article\",\"isPartOf\":{\"@id\":\"https:\\\/\\\/tuzlainfo.ba\\\/index.php\\\/bosna-i-hercegovina\\\/item\\\/188903-za-devet-mjeseci-iz-bih-otislo-75-hiljada-osoba\\\/\"},\"author\":{\"name\":\"Tuzla Info\",\"@id\":\"https:\\\/\\\/tuzlainfo.ba\\\/#\\\/schema\\\/person\\\/46cad4c57790cbc50781edd14870825a\"},\"headline\":\"Za devet mjeseci iz BiH oti\u0161lo 75 hiljada osoba\",\"datePublished\":\"2022-11-09T08:06:04+00:00\",\"mainEntityOfPage\":{\"@id\":\"https:\\\/\\\/tuzlainfo.ba\\\/index.php\\\/bosna-i-hercegovina\\\/item\\\/188903-za-devet-mjeseci-iz-bih-otislo-75-hiljada-osoba\\\/\"},\"wordCount\":449,\"commentCount\":0,\"publisher\":{\"@id\":\"https:\\\/\\\/tuzlainfo.ba\\\/#organization\"},\"image\":{\"@id\":\"https:\\\/\\\/tuzlainfo.ba\\\/index.php\\\/bosna-i-hercegovina\\\/item\\\/188903-za-devet-mjeseci-iz-bih-otislo-75-hiljada-osoba\\\/#primaryimage\"},\"thumbnailUrl\":\"https:\\\/\\\/tuzlainfo.ba\\\/wp-content\\\/uploads\\\/2019\\\/11\\\/sadrzaj_2019_20191101_0111_odlazak.jpg\",\"keywords\":[\"Agencija za rad i zapo\u0161ljavanje BiH\",\"bih\",\"odlazak stanovni\u0161tva\"],\"articleSection\":[\"Bosna i Hercegovina\",\"Istaknuto\"],\"inLanguage\":\"bs-BA\",\"copyrightYear\":\"2022\",\"copyrightHolder\":{\"@id\":\"https:\\\/\\\/tuzlainfo.ba\\\/#organization\"}},{\"@type\":\"WebPage\",\"@id\":\"https:\\\/\\\/tuzlainfo.ba\\\/index.php\\\/bosna-i-hercegovina\\\/item\\\/188903-za-devet-mjeseci-iz-bih-otislo-75-hiljada-osoba\\\/\",\"url\":\"https:\\\/\\\/tuzlainfo.ba\\\/index.php\\\/bosna-i-hercegovina\\\/item\\\/188903-za-devet-mjeseci-iz-bih-otislo-75-hiljada-osoba\\\/\",\"name\":\"Za devet mjeseci iz BiH oti\u0161lo 75 hiljada osoba\",\"isPartOf\":{\"@id\":\"https:\\\/\\\/tuzlainfo.ba\\\/#website\"},\"primaryImageOfPage\":{\"@id\":\"https:\\\/\\\/tuzlainfo.ba\\\/index.php\\\/bosna-i-hercegovina\\\/item\\\/188903-za-devet-mjeseci-iz-bih-otislo-75-hiljada-osoba\\\/#primaryimage\"},\"image\":{\"@id\":\"https:\\\/\\\/tuzlainfo.ba\\\/index.php\\\/bosna-i-hercegovina\\\/item\\\/188903-za-devet-mjeseci-iz-bih-otislo-75-hiljada-osoba\\\/#primaryimage\"},\"thumbnailUrl\":\"https:\\\/\\\/tuzlainfo.ba\\\/wp-content\\\/uploads\\\/2019\\\/11\\\/sadrzaj_2019_20191101_0111_odlazak.jpg\",\"datePublished\":\"2022-11-09T08:06:04+00:00\",\"breadcrumb\":{\"@id\":\"https:\\\/\\\/tuzlainfo.ba\\\/index.php\\\/bosna-i-hercegovina\\\/item\\\/188903-za-devet-mjeseci-iz-bih-otislo-75-hiljada-osoba\\\/#breadcrumb\"},\"inLanguage\":\"bs-BA\",\"potentialAction\":[{\"@type\":\"ReadAction\",\"target\":[\"https:\\\/\\\/tuzlainfo.ba\\\/index.php\\\/bosna-i-hercegovina\\\/item\\\/188903-za-devet-mjeseci-iz-bih-otislo-75-hiljada-osoba\\\/\"]}]},{\"@type\":\"ImageObject\",\"inLanguage\":\"bs-BA\",\"@id\":\"https:\\\/\\\/tuzlainfo.ba\\\/index.php\\\/bosna-i-hercegovina\\\/item\\\/188903-za-devet-mjeseci-iz-bih-otislo-75-hiljada-osoba\\\/#primaryimage\",\"url\":\"https:\\\/\\\/tuzlainfo.ba\\\/wp-content\\\/uploads\\\/2019\\\/11\\\/sadrzaj_2019_20191101_0111_odlazak.jpg\",\"contentUrl\":\"https:\\\/\\\/tuzlainfo.ba\\\/wp-content\\\/uploads\\\/2019\\\/11\\\/sadrzaj_2019_20191101_0111_odlazak.jpg\",\"width\":770,\"height\":447,\"caption\":\"0111 odlazak\"},{\"@type\":\"BreadcrumbList\",\"@id\":\"https:\\\/\\\/tuzlainfo.ba\\\/index.php\\\/bosna-i-hercegovina\\\/item\\\/188903-za-devet-mjeseci-iz-bih-otislo-75-hiljada-osoba\\\/#breadcrumb\",\"itemListElement\":[{\"@type\":\"ListItem\",\"position\":1,\"name\":\"Home\",\"item\":\"https:\\\/\\\/tuzlainfo.ba\\\/\"},{\"@type\":\"ListItem\",\"position\":2,\"name\":\"Za devet mjeseci iz BiH oti\u0161lo 75 hiljada osoba\"}]},{\"@type\":\"WebSite\",\"@id\":\"https:\\\/\\\/tuzlainfo.ba\\\/#website\",\"url\":\"https:\\\/\\\/tuzlainfo.ba\\\/\",\"name\":\"TuzlaInfo.ba\",\"description\":\"Tuzla info, gradski informator - Tuzla na dlanu\",\"publisher\":{\"@id\":\"https:\\\/\\\/tuzlainfo.ba\\\/#organization\"},\"potentialAction\":[{\"@type\":\"SearchAction\",\"target\":{\"@type\":\"EntryPoint\",\"urlTemplate\":\"https:\\\/\\\/tuzlainfo.ba\\\/?s={search_term_string}\"},\"query-input\":{\"@type\":\"PropertyValueSpecification\",\"valueRequired\":true,\"valueName\":\"search_term_string\"}}],\"inLanguage\":\"bs-BA\"},{\"@type\":\"Organization\",\"@id\":\"https:\\\/\\\/tuzlainfo.ba\\\/#organization\",\"name\":\"TuzlaInfo.ba\",\"url\":\"https:\\\/\\\/tuzlainfo.ba\\\/\",\"logo\":{\"@type\":\"ImageObject\",\"inLanguage\":\"bs-BA\",\"@id\":\"https:\\\/\\\/tuzlainfo.ba\\\/#\\\/schema\\\/logo\\\/image\\\/\",\"url\":\"https:\\\/\\\/tuzlainfo.ba\\\/wp-content\\\/uploads\\\/2021\\\/03\\\/logo-ver-3-1.png\",\"contentUrl\":\"https:\\\/\\\/tuzlainfo.ba\\\/wp-content\\\/uploads\\\/2021\\\/03\\\/logo-ver-3-1.png\",\"width\":350,\"height\":95,\"caption\":\"TuzlaInfo.ba\"},\"image\":{\"@id\":\"https:\\\/\\\/tuzlainfo.ba\\\/#\\\/schema\\\/logo\\\/image\\\/\"},\"sameAs\":[\"https:\\\/\\\/www.facebook.com\\\/tuzlainfo.ba\\\/\"]},{\"@type\":\"Person\",\"@id\":\"https:\\\/\\\/tuzlainfo.ba\\\/#\\\/schema\\\/person\\\/46cad4c57790cbc50781edd14870825a\",\"name\":\"Tuzla Info\",\"image\":{\"@type\":\"ImageObject\",\"inLanguage\":\"bs-BA\",\"@id\":\"https:\\\/\\\/secure.gravatar.com\\\/avatar\\\/e980921b00fa2e552723a2386544734ce6885d2b2304ccca3f45186f9ca4031d?s=96&d=mm&r=g\",\"url\":\"https:\\\/\\\/secure.gravatar.com\\\/avatar\\\/e980921b00fa2e552723a2386544734ce6885d2b2304ccca3f45186f9ca4031d?s=96&d=mm&r=g\",\"contentUrl\":\"https:\\\/\\\/secure.gravatar.com\\\/avatar\\\/e980921b00fa2e552723a2386544734ce6885d2b2304ccca3f45186f9ca4031d?s=96&d=mm&r=g\",\"caption\":\"Tuzla Info\"}}]}<\/script>\n<!-- \/ Yoast SEO plugin. -->","yoast_head_json":{"title":"Za devet mjeseci iz BiH oti\u0161lo 75 hiljada osoba","robots":{"index":"index","follow":"follow","max-snippet":"max-snippet:-1","max-image-preview":"max-image-preview:large","max-video-preview":"max-video-preview:-1"},"canonical":"https:\/\/tuzlainfo.ba\/index.php\/bosna-i-hercegovina\/item\/188903-za-devet-mjeseci-iz-bih-otislo-75-hiljada-osoba\/","og_locale":"bs_BA","og_type":"article","og_title":"Za devet mjeseci iz BiH oti\u0161lo 75 hiljada osoba","og_description":"U Bosni i Hercegovini u posljednje dvije godine u porastu je broj onih koji tra\u017ee radnike, podaci su dr\u017eavne Agencije za rad i zapo\u0161ljavanje. Svih ovih godina u Bosni i Hercegovini statistike o prekidu radnog odnosa bile su u porastu, no u ovoj godini taj trend je prekinut, pa se postavlja pitanje je li radna [&hellip;]","og_url":"https:\/\/tuzlainfo.ba\/index.php\/bosna-i-hercegovina\/item\/188903-za-devet-mjeseci-iz-bih-otislo-75-hiljada-osoba\/","og_site_name":"TuzlaInfo.ba","article_publisher":"https:\/\/www.facebook.com\/tuzlainfo.ba\/","article_published_time":"2022-11-09T08:06:04+00:00","og_image":[{"width":770,"height":447,"url":"https:\/\/tuzlainfo.ba\/wp-content\/uploads\/2019\/11\/sadrzaj_2019_20191101_0111_odlazak.jpg","type":"image\/jpeg"}],"author":"Tuzla Info","twitter_card":"summary_large_image","twitter_misc":{"Written by":"Tuzla Info","Est. reading time":"2 minute"},"schema":{"@context":"https:\/\/schema.org","@graph":[{"@type":"Article","@id":"https:\/\/tuzlainfo.ba\/index.php\/bosna-i-hercegovina\/item\/188903-za-devet-mjeseci-iz-bih-otislo-75-hiljada-osoba\/#article","isPartOf":{"@id":"https:\/\/tuzlainfo.ba\/index.php\/bosna-i-hercegovina\/item\/188903-za-devet-mjeseci-iz-bih-otislo-75-hiljada-osoba\/"},"author":{"name":"Tuzla Info","@id":"https:\/\/tuzlainfo.ba\/#\/schema\/person\/46cad4c57790cbc50781edd14870825a"},"headline":"Za devet mjeseci iz BiH oti\u0161lo 75 hiljada osoba","datePublished":"2022-11-09T08:06:04+00:00","mainEntityOfPage":{"@id":"https:\/\/tuzlainfo.ba\/index.php\/bosna-i-hercegovina\/item\/188903-za-devet-mjeseci-iz-bih-otislo-75-hiljada-osoba\/"},"wordCount":449,"commentCount":0,"publisher":{"@id":"https:\/\/tuzlainfo.ba\/#organization"},"image":{"@id":"https:\/\/tuzlainfo.ba\/index.php\/bosna-i-hercegovina\/item\/188903-za-devet-mjeseci-iz-bih-otislo-75-hiljada-osoba\/#primaryimage"},"thumbnailUrl":"https:\/\/tuzlainfo.ba\/wp-content\/uploads\/2019\/11\/sadrzaj_2019_20191101_0111_odlazak.jpg","keywords":["Agencija za rad i zapo\u0161ljavanje BiH","bih","odlazak stanovni\u0161tva"],"articleSection":["Bosna i Hercegovina","Istaknuto"],"inLanguage":"bs-BA","copyrightYear":"2022","copyrightHolder":{"@id":"https:\/\/tuzlainfo.ba\/#organization"}},{"@type":"WebPage","@id":"https:\/\/tuzlainfo.ba\/index.php\/bosna-i-hercegovina\/item\/188903-za-devet-mjeseci-iz-bih-otislo-75-hiljada-osoba\/","url":"https:\/\/tuzlainfo.ba\/index.php\/bosna-i-hercegovina\/item\/188903-za-devet-mjeseci-iz-bih-otislo-75-hiljada-osoba\/","name":"Za devet mjeseci iz BiH oti\u0161lo 75 hiljada osoba","isPartOf":{"@id":"https:\/\/tuzlainfo.ba\/#website"},"primaryImageOfPage":{"@id":"https:\/\/tuzlainfo.ba\/index.php\/bosna-i-hercegovina\/item\/188903-za-devet-mjeseci-iz-bih-otislo-75-hiljada-osoba\/#primaryimage"},"image":{"@id":"https:\/\/tuzlainfo.ba\/index.php\/bosna-i-hercegovina\/item\/188903-za-devet-mjeseci-iz-bih-otislo-75-hiljada-osoba\/#primaryimage"},"thumbnailUrl":"https:\/\/tuzlainfo.ba\/wp-content\/uploads\/2019\/11\/sadrzaj_2019_20191101_0111_odlazak.jpg","datePublished":"2022-11-09T08:06:04+00:00","breadcrumb":{"@id":"https:\/\/tuzlainfo.ba\/index.php\/bosna-i-hercegovina\/item\/188903-za-devet-mjeseci-iz-bih-otislo-75-hiljada-osoba\/#breadcrumb"},"inLanguage":"bs-BA","potentialAction":[{"@type":"ReadAction","target":["https:\/\/tuzlainfo.ba\/index.php\/bosna-i-hercegovina\/item\/188903-za-devet-mjeseci-iz-bih-otislo-75-hiljada-osoba\/"]}]},{"@type":"ImageObject","inLanguage":"bs-BA","@id":"https:\/\/tuzlainfo.ba\/index.php\/bosna-i-hercegovina\/item\/188903-za-devet-mjeseci-iz-bih-otislo-75-hiljada-osoba\/#primaryimage","url":"https:\/\/tuzlainfo.ba\/wp-content\/uploads\/2019\/11\/sadrzaj_2019_20191101_0111_odlazak.jpg","contentUrl":"https:\/\/tuzlainfo.ba\/wp-content\/uploads\/2019\/11\/sadrzaj_2019_20191101_0111_odlazak.jpg","width":770,"height":447,"caption":"0111 odlazak"},{"@type":"BreadcrumbList","@id":"https:\/\/tuzlainfo.ba\/index.php\/bosna-i-hercegovina\/item\/188903-za-devet-mjeseci-iz-bih-otislo-75-hiljada-osoba\/#breadcrumb","itemListElement":[{"@type":"ListItem","position":1,"name":"Home","item":"https:\/\/tuzlainfo.ba\/"},{"@type":"ListItem","position":2,"name":"Za devet mjeseci iz BiH oti\u0161lo 75 hiljada osoba"}]},{"@type":"WebSite","@id":"https:\/\/tuzlainfo.ba\/#website","url":"https:\/\/tuzlainfo.ba\/","name":"TuzlaInfo.ba","description":"Tuzla info, gradski informator - Tuzla na dlanu","publisher":{"@id":"https:\/\/tuzlainfo.ba\/#organization"},"potentialAction":[{"@type":"SearchAction","target":{"@type":"EntryPoint","urlTemplate":"https:\/\/tuzlainfo.ba\/?s={search_term_string}"},"query-input":{"@type":"PropertyValueSpecification","valueRequired":true,"valueName":"search_term_string"}}],"inLanguage":"bs-BA"},{"@type":"Organization","@id":"https:\/\/tuzlainfo.ba\/#organization","name":"TuzlaInfo.ba","url":"https:\/\/tuzlainfo.ba\/","logo":{"@type":"ImageObject","inLanguage":"bs-BA","@id":"https:\/\/tuzlainfo.ba\/#\/schema\/logo\/image\/","url":"https:\/\/tuzlainfo.ba\/wp-content\/uploads\/2021\/03\/logo-ver-3-1.png","contentUrl":"https:\/\/tuzlainfo.ba\/wp-content\/uploads\/2021\/03\/logo-ver-3-1.png","width":350,"height":95,"caption":"TuzlaInfo.ba"},"image":{"@id":"https:\/\/tuzlainfo.ba\/#\/schema\/logo\/image\/"},"sameAs":["https:\/\/www.facebook.com\/tuzlainfo.ba\/"]},{"@type":"Person","@id":"https:\/\/tuzlainfo.ba\/#\/schema\/person\/46cad4c57790cbc50781edd14870825a","name":"Tuzla Info","image":{"@type":"ImageObject","inLanguage":"bs-BA","@id":"https:\/\/secure.gravatar.com\/avatar\/e980921b00fa2e552723a2386544734ce6885d2b2304ccca3f45186f9ca4031d?s=96&d=mm&r=g","url":"https:\/\/secure.gravatar.com\/avatar\/e980921b00fa2e552723a2386544734ce6885d2b2304ccca3f45186f9ca4031d?s=96&d=mm&r=g","contentUrl":"https:\/\/secure.gravatar.com\/avatar\/e980921b00fa2e552723a2386544734ce6885d2b2304ccca3f45186f9ca4031d?s=96&d=mm&r=g","caption":"Tuzla Info"}}]}},"_links":{"self":[{"href":"https:\/\/tuzlainfo.ba\/index.php\/wp-json\/wp\/v2\/posts\/188903","targetHints":{"allow":["GET"]}}],"collection":[{"href":"https:\/\/tuzlainfo.ba\/index.php\/wp-json\/wp\/v2\/posts"}],"about":[{"href":"https:\/\/tuzlainfo.ba\/index.php\/wp-json\/wp\/v2\/types\/post"}],"author":[{"embeddable":true,"href":"https:\/\/tuzlainfo.ba\/index.php\/wp-json\/wp\/v2\/users\/4"}],"replies":[{"embeddable":true,"href":"https:\/\/tuzlainfo.ba\/index.php\/wp-json\/wp\/v2\/comments?post=188903"}],"version-history":[{"count":0,"href":"https:\/\/tuzlainfo.ba\/index.php\/wp-json\/wp\/v2\/posts\/188903\/revisions"}],"wp:featuredmedia":[{"embeddable":true,"href":"https:\/\/tuzlainfo.ba\/index.php\/wp-json\/wp\/v2\/media\/74476"}],"wp:attachment":[{"href":"https:\/\/tuzlainfo.ba\/index.php\/wp-json\/wp\/v2\/media?parent=188903"}],"wp:term":[{"taxonomy":"category","embeddable":true,"href":"https:\/\/tuzlainfo.ba\/index.php\/wp-json\/wp\/v2\/categories?post=188903"},{"taxonomy":"post_tag","embeddable":true,"href":"https:\/\/tuzlainfo.ba\/index.php\/wp-json\/wp\/v2\/tags?post=188903"}],"curies":[{"name":"wp","href":"https:\/\/api.w.org\/{rel}","templated":true}]}}