{"id":188530,"date":"2022-11-04T18:55:35","date_gmt":"2022-11-04T17:55:35","guid":{"rendered":"https:\/\/tuzlainfo.ba\/?p=188530"},"modified":"2022-11-04T18:35:20","modified_gmt":"2022-11-04T17:35:20","slug":"ukc-tuzla-odrzana-skola-ultrazvucne-dijagnostike-vratne-regije","status":"publish","type":"post","link":"https:\/\/tuzlainfo.ba\/index.php\/novosti\/item\/188530-ukc-tuzla-odrzana-skola-ultrazvucne-dijagnostike-vratne-regije\/","title":{"rendered":"UKC Tuzla: Odr\u017eana \u0160kola ultrazvu\u010dne dijagnostike vratne regije"},"content":{"rendered":"<p>U organizaciji JZU UKC Tuzla i Ljekarske komore Tuzlanskog kantona u Univerzitetskom klini\u010dkom centru Tuzla odr\u017eana je \u0160kola ultrazvu\u010dne dijagnostike vratne regije.<\/p>\n<p>Voditelj \u0161kole bila je prim. dr. med. sc. Belkisa Izi\u0107, specijalista nuklearne medicine, a predava\u010di su specijalisti iz oblasti nuklearne medicine sa dugogodi\u0161njim iskustvom u oblasti ultrasonografije.<\/p>\n<p>\u0160kolu je poha\u0111alo osamnaest polaznika iz cijele Bosne i Hercegovine koji su nakon teoretske i prakti\u010dne obuke stekli vje\u0161tine za samostalni rad.<\/p>\n<p>\u201c\u0160kola je koncipirana na na\u010din da su polaznici podijeljeni u tri grupe, po \u0161est polaznika, koji prolaze prvo teoretski, a potom i prakti\u010dni dio u Odjelu nuklearne medicine. Nakon polo\u017eenog zavr\u0161nog ispita svi polaznici samostalno obavljaju ultrazvu\u010dne preglede \u0161to je veliki benefit jer se zdravstvenim osiguranicima pru\u017ea lak\u0161a dostupnost ultrazvu\u010dnih pregleda predjela vratne regije\u201d, istakla je dr. sc. Belkisa Izi\u0107.<\/p>\n<p>Cilj organizatora \u0161kole ultrazvu\u010dne dijagnostike vrata je da se osavremeni i pobolj\u0161a nivo ultrasonografije, kao i da se omogu\u0107i kvalitetnija edukacija ljekara, navedeno je u informaciji UKC Tuzla.<\/p>\n","protected":false},"excerpt":{"rendered":"<p>U organizaciji JZU UKC Tuzla i Ljekarske komore Tuzlanskog kantona u Univerzitetskom klini\u010dkom centru Tuzla&hellip;<\/p>\n","protected":false},"author":2,"featured_media":188531,"comment_status":"open","ping_status":"closed","sticky":false,"template":"","format":"standard","meta":{"_acf_changed":false,"footnotes":""},"categories":[304,12],"tags":[5630,458],"acf":[],"yoast_head":"<!-- This site is optimized with the Yoast SEO plugin v23.5 - https:\/\/yoast.com\/wordpress\/plugins\/seo\/ -->\n<title>UKC Tuzla: Odr\u017eana \u0160kola ultrazvu\u010dne dijagnostike vratne regije - TuzlaInfo.ba<\/title>\n<meta name=\"robots\" content=\"index, follow, max-snippet:-1, max-image-preview:large, max-video-preview:-1\" \/>\n<link rel=\"canonical\" href=\"https:\/\/tuzlainfo.ba\/index.php\/novosti\/item\/188530-ukc-tuzla-odrzana-skola-ultrazvucne-dijagnostike-vratne-regije\/\" \/>\n<meta property=\"og:locale\" content=\"bs_BA\" \/>\n<meta property=\"og:type\" content=\"article\" \/>\n<meta property=\"og:title\" content=\"UKC Tuzla: Odr\u017eana \u0160kola ultrazvu\u010dne dijagnostike vratne regije - TuzlaInfo.ba\" \/>\n<meta property=\"og:description\" content=\"U organizaciji JZU UKC Tuzla i Ljekarske komore Tuzlanskog kantona u Univerzitetskom klini\u010dkom centru Tuzla&hellip;\" \/>\n<meta property=\"og:url\" content=\"https:\/\/tuzlainfo.ba\/index.php\/novosti\/item\/188530-ukc-tuzla-odrzana-skola-ultrazvucne-dijagnostike-vratne-regije\/\" \/>\n<meta property=\"og:site_name\" content=\"TuzlaInfo.ba\" \/>\n<meta property=\"article:publisher\" content=\"https:\/\/www.facebook.com\/tuzlainfo.ba\/\" \/>\n<meta property=\"article:published_time\" content=\"2022-11-04T17:55:35+00:00\" \/>\n<meta property=\"article:modified_time\" content=\"2022-11-04T17:35:20+00:00\" \/>\n<meta property=\"og:image\" content=\"https:\/\/tuzlainfo.ba\/wp-content\/uploads\/2022\/11\/0411_ukc_izic.jpg\" \/>\n\t<meta property=\"og:image:width\" content=\"1000\" \/>\n\t<meta property=\"og:image:height\" content=\"664\" \/>\n\t<meta property=\"og:image:type\" content=\"image\/jpeg\" \/>\n<meta name=\"author\" content=\"nedim\" \/>\n<meta name=\"twitter:card\" content=\"summary_large_image\" \/>\n<meta name=\"twitter:label1\" content=\"Written by\" \/>\n\t<meta name=\"twitter:data1\" content=\"nedim\" \/>\n\t<meta name=\"twitter:label2\" content=\"Est. reading time\" \/>\n\t<meta name=\"twitter:data2\" content=\"1 minuta\" \/>\n<script type=\"application\/ld+json\" class=\"yoast-schema-graph\">{\"@context\":\"https:\/\/schema.org\",\"@graph\":[{\"@type\":\"Article\",\"@id\":\"https:\/\/tuzlainfo.ba\/index.php\/novosti\/item\/188530-ukc-tuzla-odrzana-skola-ultrazvucne-dijagnostike-vratne-regije\/#article\",\"isPartOf\":{\"@id\":\"https:\/\/tuzlainfo.ba\/index.php\/novosti\/item\/188530-ukc-tuzla-odrzana-skola-ultrazvucne-dijagnostike-vratne-regije\/\"},\"author\":{\"name\":\"nedim\",\"@id\":\"https:\/\/tuzlainfo.ba\/#\/schema\/person\/f434e20dc27ea133923aab08451b7f7f\"},\"headline\":\"UKC Tuzla: Odr\u017eana \u0160kola ultrazvu\u010dne dijagnostike vratne regije\",\"datePublished\":\"2022-11-04T17:55:35+00:00\",\"dateModified\":\"2022-11-04T17:35:20+00:00\",\"mainEntityOfPage\":{\"@id\":\"https:\/\/tuzlainfo.ba\/index.php\/novosti\/item\/188530-ukc-tuzla-odrzana-skola-ultrazvucne-dijagnostike-vratne-regije\/\"},\"wordCount\":188,\"commentCount\":0,\"publisher\":{\"@id\":\"https:\/\/tuzlainfo.ba\/#organization\"},\"image\":{\"@id\":\"https:\/\/tuzlainfo.ba\/index.php\/novosti\/item\/188530-ukc-tuzla-odrzana-skola-ultrazvucne-dijagnostike-vratne-regije\/#primaryimage\"},\"thumbnailUrl\":\"https:\/\/tuzlainfo.ba\/wp-content\/uploads\/2022\/11\/0411_ukc_izic.jpg\",\"keywords\":[\"Belkisa Izi\u0107\",\"ukc tuzla\"],\"articleSection\":[\"Istaknuto\",\"Novosti\"],\"inLanguage\":\"bs-BA\"},{\"@type\":\"WebPage\",\"@id\":\"https:\/\/tuzlainfo.ba\/index.php\/novosti\/item\/188530-ukc-tuzla-odrzana-skola-ultrazvucne-dijagnostike-vratne-regije\/\",\"url\":\"https:\/\/tuzlainfo.ba\/index.php\/novosti\/item\/188530-ukc-tuzla-odrzana-skola-ultrazvucne-dijagnostike-vratne-regije\/\",\"name\":\"UKC Tuzla: Odr\u017eana \u0160kola ultrazvu\u010dne dijagnostike vratne regije - TuzlaInfo.ba\",\"isPartOf\":{\"@id\":\"https:\/\/tuzlainfo.ba\/#website\"},\"primaryImageOfPage\":{\"@id\":\"https:\/\/tuzlainfo.ba\/index.php\/novosti\/item\/188530-ukc-tuzla-odrzana-skola-ultrazvucne-dijagnostike-vratne-regije\/#primaryimage\"},\"image\":{\"@id\":\"https:\/\/tuzlainfo.ba\/index.php\/novosti\/item\/188530-ukc-tuzla-odrzana-skola-ultrazvucne-dijagnostike-vratne-regije\/#primaryimage\"},\"thumbnailUrl\":\"https:\/\/tuzlainfo.ba\/wp-content\/uploads\/2022\/11\/0411_ukc_izic.jpg\",\"datePublished\":\"2022-11-04T17:55:35+00:00\",\"dateModified\":\"2022-11-04T17:35:20+00:00\",\"breadcrumb\":{\"@id\":\"https:\/\/tuzlainfo.ba\/index.php\/novosti\/item\/188530-ukc-tuzla-odrzana-skola-ultrazvucne-dijagnostike-vratne-regije\/#breadcrumb\"},\"inLanguage\":\"bs-BA\",\"potentialAction\":[{\"@type\":\"ReadAction\",\"target\":[\"https:\/\/tuzlainfo.ba\/index.php\/novosti\/item\/188530-ukc-tuzla-odrzana-skola-ultrazvucne-dijagnostike-vratne-regije\/\"]}]},{\"@type\":\"ImageObject\",\"inLanguage\":\"bs-BA\",\"@id\":\"https:\/\/tuzlainfo.ba\/index.php\/novosti\/item\/188530-ukc-tuzla-odrzana-skola-ultrazvucne-dijagnostike-vratne-regije\/#primaryimage\",\"url\":\"https:\/\/tuzlainfo.ba\/wp-content\/uploads\/2022\/11\/0411_ukc_izic.jpg\",\"contentUrl\":\"https:\/\/tuzlainfo.ba\/wp-content\/uploads\/2022\/11\/0411_ukc_izic.jpg\",\"width\":1000,\"height\":664},{\"@type\":\"BreadcrumbList\",\"@id\":\"https:\/\/tuzlainfo.ba\/index.php\/novosti\/item\/188530-ukc-tuzla-odrzana-skola-ultrazvucne-dijagnostike-vratne-regije\/#breadcrumb\",\"itemListElement\":[{\"@type\":\"ListItem\",\"position\":1,\"name\":\"Home\",\"item\":\"https:\/\/tuzlainfo.ba\/\"},{\"@type\":\"ListItem\",\"position\":2,\"name\":\"UKC Tuzla: Odr\u017eana \u0160kola ultrazvu\u010dne dijagnostike vratne regije\"}]},{\"@type\":\"WebSite\",\"@id\":\"https:\/\/tuzlainfo.ba\/#website\",\"url\":\"https:\/\/tuzlainfo.ba\/\",\"name\":\"TuzlaInfo.ba\",\"description\":\"Tuzla info, gradski informator - Tuzla na dlanu\",\"publisher\":{\"@id\":\"https:\/\/tuzlainfo.ba\/#organization\"},\"potentialAction\":[{\"@type\":\"SearchAction\",\"target\":{\"@type\":\"EntryPoint\",\"urlTemplate\":\"https:\/\/tuzlainfo.ba\/?s={search_term_string}\"},\"query-input\":{\"@type\":\"PropertyValueSpecification\",\"valueRequired\":true,\"valueName\":\"search_term_string\"}}],\"inLanguage\":\"bs-BA\"},{\"@type\":\"Organization\",\"@id\":\"https:\/\/tuzlainfo.ba\/#organization\",\"name\":\"TuzlaInfo.ba\",\"url\":\"https:\/\/tuzlainfo.ba\/\",\"logo\":{\"@type\":\"ImageObject\",\"inLanguage\":\"bs-BA\",\"@id\":\"https:\/\/tuzlainfo.ba\/#\/schema\/logo\/image\/\",\"url\":\"https:\/\/tuzlainfo.ba\/wp-content\/uploads\/2021\/03\/logo-ver-3-1.png\",\"contentUrl\":\"https:\/\/tuzlainfo.ba\/wp-content\/uploads\/2021\/03\/logo-ver-3-1.png\",\"width\":350,\"height\":95,\"caption\":\"TuzlaInfo.ba\"},\"image\":{\"@id\":\"https:\/\/tuzlainfo.ba\/#\/schema\/logo\/image\/\"},\"sameAs\":[\"https:\/\/www.facebook.com\/tuzlainfo.ba\/\"]},{\"@type\":\"Person\",\"@id\":\"https:\/\/tuzlainfo.ba\/#\/schema\/person\/f434e20dc27ea133923aab08451b7f7f\",\"name\":\"nedim\",\"image\":{\"@type\":\"ImageObject\",\"inLanguage\":\"bs-BA\",\"@id\":\"https:\/\/tuzlainfo.ba\/#\/schema\/person\/image\/\",\"url\":\"https:\/\/tuzlainfo.ba\/wp-content\/litespeed\/avatar\/aabad687af24844af817603ac1cbdc4f.jpg?ver=1777306975\",\"contentUrl\":\"https:\/\/tuzlainfo.ba\/wp-content\/litespeed\/avatar\/aabad687af24844af817603ac1cbdc4f.jpg?ver=1777306975\",\"caption\":\"nedim\"},\"description\":\"Tuzlainfo.ba pratite na dru\u0161tvenim mre\u017eama: Facebook, Instagram i Youtube. Svoje pri\u010de, upite i fotografije \u0161aljite na na\u0161u e-mail adresu.\"}]}<\/script>\n<!-- \/ Yoast SEO plugin. -->","yoast_head_json":{"title":"UKC Tuzla: Odr\u017eana \u0160kola ultrazvu\u010dne dijagnostike vratne regije - TuzlaInfo.ba","robots":{"index":"index","follow":"follow","max-snippet":"max-snippet:-1","max-image-preview":"max-image-preview:large","max-video-preview":"max-video-preview:-1"},"canonical":"https:\/\/tuzlainfo.ba\/index.php\/novosti\/item\/188530-ukc-tuzla-odrzana-skola-ultrazvucne-dijagnostike-vratne-regije\/","og_locale":"bs_BA","og_type":"article","og_title":"UKC Tuzla: Odr\u017eana \u0160kola ultrazvu\u010dne dijagnostike vratne regije - TuzlaInfo.ba","og_description":"U organizaciji JZU UKC Tuzla i Ljekarske komore Tuzlanskog kantona u Univerzitetskom klini\u010dkom centru Tuzla&hellip;","og_url":"https:\/\/tuzlainfo.ba\/index.php\/novosti\/item\/188530-ukc-tuzla-odrzana-skola-ultrazvucne-dijagnostike-vratne-regije\/","og_site_name":"TuzlaInfo.ba","article_publisher":"https:\/\/www.facebook.com\/tuzlainfo.ba\/","article_published_time":"2022-11-04T17:55:35+00:00","article_modified_time":"2022-11-04T17:35:20+00:00","og_image":[{"width":1000,"height":664,"url":"https:\/\/tuzlainfo.ba\/wp-content\/uploads\/2022\/11\/0411_ukc_izic.jpg","type":"image\/jpeg"}],"author":"nedim","twitter_card":"summary_large_image","twitter_misc":{"Written by":"nedim","Est. reading time":"1 minuta"},"schema":{"@context":"https:\/\/schema.org","@graph":[{"@type":"Article","@id":"https:\/\/tuzlainfo.ba\/index.php\/novosti\/item\/188530-ukc-tuzla-odrzana-skola-ultrazvucne-dijagnostike-vratne-regije\/#article","isPartOf":{"@id":"https:\/\/tuzlainfo.ba\/index.php\/novosti\/item\/188530-ukc-tuzla-odrzana-skola-ultrazvucne-dijagnostike-vratne-regije\/"},"author":{"name":"nedim","@id":"https:\/\/tuzlainfo.ba\/#\/schema\/person\/f434e20dc27ea133923aab08451b7f7f"},"headline":"UKC Tuzla: Odr\u017eana \u0160kola ultrazvu\u010dne dijagnostike vratne regije","datePublished":"2022-11-04T17:55:35+00:00","dateModified":"2022-11-04T17:35:20+00:00","mainEntityOfPage":{"@id":"https:\/\/tuzlainfo.ba\/index.php\/novosti\/item\/188530-ukc-tuzla-odrzana-skola-ultrazvucne-dijagnostike-vratne-regije\/"},"wordCount":188,"commentCount":0,"publisher":{"@id":"https:\/\/tuzlainfo.ba\/#organization"},"image":{"@id":"https:\/\/tuzlainfo.ba\/index.php\/novosti\/item\/188530-ukc-tuzla-odrzana-skola-ultrazvucne-dijagnostike-vratne-regije\/#primaryimage"},"thumbnailUrl":"https:\/\/tuzlainfo.ba\/wp-content\/uploads\/2022\/11\/0411_ukc_izic.jpg","keywords":["Belkisa Izi\u0107","ukc tuzla"],"articleSection":["Istaknuto","Novosti"],"inLanguage":"bs-BA"},{"@type":"WebPage","@id":"https:\/\/tuzlainfo.ba\/index.php\/novosti\/item\/188530-ukc-tuzla-odrzana-skola-ultrazvucne-dijagnostike-vratne-regije\/","url":"https:\/\/tuzlainfo.ba\/index.php\/novosti\/item\/188530-ukc-tuzla-odrzana-skola-ultrazvucne-dijagnostike-vratne-regije\/","name":"UKC Tuzla: Odr\u017eana \u0160kola ultrazvu\u010dne dijagnostike vratne regije - TuzlaInfo.ba","isPartOf":{"@id":"https:\/\/tuzlainfo.ba\/#website"},"primaryImageOfPage":{"@id":"https:\/\/tuzlainfo.ba\/index.php\/novosti\/item\/188530-ukc-tuzla-odrzana-skola-ultrazvucne-dijagnostike-vratne-regije\/#primaryimage"},"image":{"@id":"https:\/\/tuzlainfo.ba\/index.php\/novosti\/item\/188530-ukc-tuzla-odrzana-skola-ultrazvucne-dijagnostike-vratne-regije\/#primaryimage"},"thumbnailUrl":"https:\/\/tuzlainfo.ba\/wp-content\/uploads\/2022\/11\/0411_ukc_izic.jpg","datePublished":"2022-11-04T17:55:35+00:00","dateModified":"2022-11-04T17:35:20+00:00","breadcrumb":{"@id":"https:\/\/tuzlainfo.ba\/index.php\/novosti\/item\/188530-ukc-tuzla-odrzana-skola-ultrazvucne-dijagnostike-vratne-regije\/#breadcrumb"},"inLanguage":"bs-BA","potentialAction":[{"@type":"ReadAction","target":["https:\/\/tuzlainfo.ba\/index.php\/novosti\/item\/188530-ukc-tuzla-odrzana-skola-ultrazvucne-dijagnostike-vratne-regije\/"]}]},{"@type":"ImageObject","inLanguage":"bs-BA","@id":"https:\/\/tuzlainfo.ba\/index.php\/novosti\/item\/188530-ukc-tuzla-odrzana-skola-ultrazvucne-dijagnostike-vratne-regije\/#primaryimage","url":"https:\/\/tuzlainfo.ba\/wp-content\/uploads\/2022\/11\/0411_ukc_izic.jpg","contentUrl":"https:\/\/tuzlainfo.ba\/wp-content\/uploads\/2022\/11\/0411_ukc_izic.jpg","width":1000,"height":664},{"@type":"BreadcrumbList","@id":"https:\/\/tuzlainfo.ba\/index.php\/novosti\/item\/188530-ukc-tuzla-odrzana-skola-ultrazvucne-dijagnostike-vratne-regije\/#breadcrumb","itemListElement":[{"@type":"ListItem","position":1,"name":"Home","item":"https:\/\/tuzlainfo.ba\/"},{"@type":"ListItem","position":2,"name":"UKC Tuzla: Odr\u017eana \u0160kola ultrazvu\u010dne dijagnostike vratne regije"}]},{"@type":"WebSite","@id":"https:\/\/tuzlainfo.ba\/#website","url":"https:\/\/tuzlainfo.ba\/","name":"TuzlaInfo.ba","description":"Tuzla info, gradski informator - Tuzla na dlanu","publisher":{"@id":"https:\/\/tuzlainfo.ba\/#organization"},"potentialAction":[{"@type":"SearchAction","target":{"@type":"EntryPoint","urlTemplate":"https:\/\/tuzlainfo.ba\/?s={search_term_string}"},"query-input":{"@type":"PropertyValueSpecification","valueRequired":true,"valueName":"search_term_string"}}],"inLanguage":"bs-BA"},{"@type":"Organization","@id":"https:\/\/tuzlainfo.ba\/#organization","name":"TuzlaInfo.ba","url":"https:\/\/tuzlainfo.ba\/","logo":{"@type":"ImageObject","inLanguage":"bs-BA","@id":"https:\/\/tuzlainfo.ba\/#\/schema\/logo\/image\/","url":"https:\/\/tuzlainfo.ba\/wp-content\/uploads\/2021\/03\/logo-ver-3-1.png","contentUrl":"https:\/\/tuzlainfo.ba\/wp-content\/uploads\/2021\/03\/logo-ver-3-1.png","width":350,"height":95,"caption":"TuzlaInfo.ba"},"image":{"@id":"https:\/\/tuzlainfo.ba\/#\/schema\/logo\/image\/"},"sameAs":["https:\/\/www.facebook.com\/tuzlainfo.ba\/"]},{"@type":"Person","@id":"https:\/\/tuzlainfo.ba\/#\/schema\/person\/f434e20dc27ea133923aab08451b7f7f","name":"nedim","image":{"@type":"ImageObject","inLanguage":"bs-BA","@id":"https:\/\/tuzlainfo.ba\/#\/schema\/person\/image\/","url":"https:\/\/tuzlainfo.ba\/wp-content\/litespeed\/avatar\/aabad687af24844af817603ac1cbdc4f.jpg?ver=1777306975","contentUrl":"https:\/\/tuzlainfo.ba\/wp-content\/litespeed\/avatar\/aabad687af24844af817603ac1cbdc4f.jpg?ver=1777306975","caption":"nedim"},"description":"Tuzlainfo.ba pratite na dru\u0161tvenim mre\u017eama: Facebook, Instagram i Youtube. Svoje pri\u010de, upite i fotografije \u0161aljite na na\u0161u e-mail adresu."}]}},"_links":{"self":[{"href":"https:\/\/tuzlainfo.ba\/index.php\/wp-json\/wp\/v2\/posts\/188530"}],"collection":[{"href":"https:\/\/tuzlainfo.ba\/index.php\/wp-json\/wp\/v2\/posts"}],"about":[{"href":"https:\/\/tuzlainfo.ba\/index.php\/wp-json\/wp\/v2\/types\/post"}],"author":[{"embeddable":true,"href":"https:\/\/tuzlainfo.ba\/index.php\/wp-json\/wp\/v2\/users\/2"}],"replies":[{"embeddable":true,"href":"https:\/\/tuzlainfo.ba\/index.php\/wp-json\/wp\/v2\/comments?post=188530"}],"version-history":[{"count":0,"href":"https:\/\/tuzlainfo.ba\/index.php\/wp-json\/wp\/v2\/posts\/188530\/revisions"}],"wp:featuredmedia":[{"embeddable":true,"href":"https:\/\/tuzlainfo.ba\/index.php\/wp-json\/wp\/v2\/media\/188531"}],"wp:attachment":[{"href":"https:\/\/tuzlainfo.ba\/index.php\/wp-json\/wp\/v2\/media?parent=188530"}],"wp:term":[{"taxonomy":"category","embeddable":true,"href":"https:\/\/tuzlainfo.ba\/index.php\/wp-json\/wp\/v2\/categories?post=188530"},{"taxonomy":"post_tag","embeddable":true,"href":"https:\/\/tuzlainfo.ba\/index.php\/wp-json\/wp\/v2\/tags?post=188530"}],"curies":[{"name":"wp","href":"https:\/\/api.w.org\/{rel}","templated":true}]}}