{"id":188252,"date":"2022-11-01T21:55:38","date_gmt":"2022-11-01T20:55:38","guid":{"rendered":"https:\/\/tuzlainfo.ba\/?p=188252"},"modified":"2022-11-01T21:55:38","modified_gmt":"2022-11-01T20:55:38","slug":"u-novom-pazaru-promovisana-knjiga-robije-alije-izetbegovica","status":"publish","type":"post","link":"https:\/\/tuzlainfo.ba\/index.php\/uncategorized\/item\/188252-u-novom-pazaru-promovisana-knjiga-robije-alije-izetbegovica\/","title":{"rendered":"U Novom Pazaru promovisana knjiga \u201cRobije Alije Izetbegovi\u0107a\u201d"},"content":{"rendered":"<p>U Glavnom uredu Bo\u0161nja\u010dkog nacionalnog vije\u0107a (BNV) u Novom Pazaru, ljubiteljima pisane re\u010di, lika i dela prvog predsednika Predsjedni\u0161tva Bosne i Hercegovine, predstavljena je knjiga \u201eRobije Alije Izetbegovi\u0107a\u201c, autora Fikreta Muslimovi\u0107a i Mustafe Spahi\u0107a.<\/p>\n<p>Prisutni su bili u prilici da se upoznaju sa sadr\u017eajem knjige te da tako upotpune znanje o liku i delu Alije Izetbegovi\u0107a i saznaju \u010dinjenice bitne za istoriju Bosne i Hercegovine.<\/p>\n<p>Recenzent knjige \u201cRobije Alije Izetbegovi\u0107a\u201d i jedan od promotera na promociji u organizaciji BNV-a, Admir Mulaosmanovi\u0107, kazao je da knjiga predstavlja prikaz iz \u017eivota Alije Izetbegovi\u0107a od kraja Drugog svetskog rata do 80-ih godina.<\/p>\n<p>&#8211; Radi se o knjizi koja obiluje \u010dinjenicama. Autori su koristili niz izvora, imali su pristup izvornoj arhivskoj gra\u0111i. Autori su se dosta potrudili, tako da knjiga mo\u017ee poslu\u017eiti za istra\u017eiva\u010de koji dolaze, a koji \u0107e se baviti segmentima misli Alije Izetbegovi\u0107a. Knjiga daje jedan fin presek i sve ono \u0161to je zna\u010dajno kada govorimo o Izetbegovi\u0107u, i te dve robije koje je on imao 1946. i 1983. godine i daje jedan zaplet o na\u010dinima i metodama organizovanja \u201eMladih muslimana\u201c u tom prvom periodu. Daje jednu porodi\u010dnu sliku, posebno je to prikazano u poslednjem poglavlju, kroz pisma dece ocu i oca deci iz zatvora. Taj kontekst sarajevskog procesa 1983. godine se na izuzetno lep na\u010din oslikava i prikazuje, tako da imamo, ja bih kazao, jedan prikaz \u017eivota predsednika Izetbegovi\u0107a od kraja Drugog svetskog rata, do osamdesetih godina, na na\u010din koji pokazuje da ljudi koji su pisali to delo su ga dobro i poznavali. Autori, Muslimovi\u0107 i Spahi\u0107 bili su bliski saradnici pa \u010dak i prijatelji rahmetli Alije Izetbegovi\u0107a, i to je jedno dodatno bogatstvo kada govorimo o ovom delu\u00a0&#8211; rekao je recenzent knjige, Admir Mulaosmanovi\u0107.<\/p>\n<p>Jedan od promotera knjige i govornika na promociji u BNV-u, ministar sigurnosti BiH, Selmo Cikoti\u0107 govorio je o liku i delu rahmetli Alije Izetbegovi\u0107a, te o njemu kao istorijskoj li\u010dnosti koja je ostavila neizbrisiv pe\u010dat u BiH, regionu i svetu.<\/p>\n<p>&#8211; Za lik i delo Alije Izetbegovi\u0107a postoji ve\u0107i interes i respekt u svetu nego me\u0111u Bo\u0161njacima u Bosni i Hercegovini i Sand\u017eaku, iako prime\u0107ujem i ose\u0107am jednu lepu notu respekta ovde u Sand\u017eaku, zbog \u010dega mi je posebno drago. On na neki na\u010din simbolizuje svojom veli\u010dinom, duhom i na\u010dinom borbe bo\u0161nja\u010dki narod i dr\u017eavu Bosnu i Hercegovinu. On je tvrdio da \u010dovek \u017eivi na dva nivoa, kao materijalno i kao duhovno bi\u0107e. \u010coveka je kao fizi\u010dko bi\u0107e mogu\u0107e uhapsiti, ali njegov duh nije. On je za one koji su ga progonili bio neuhvatljiv jer oni nisu mogli slediti njegovu misao. To je ta veli\u010dina njegove prakti\u010dne \u017eivotne filozofije koja reflektuje jedno dobro poznavanje ukupne filozofije kao ljudske tradicije, civilizacije i vrednosti. To je jedna sposobnost da tu filozofiju pretvori u prakti\u010dne postupke u Bosni i Hercegovini, on je tu bio izvrstan majstor i zbog toga ga svuda u svetu cene vi\u0161e nego \u0161to ga mi cenimo ovde. Ja mislim da je do\u0161lo vreme da mi cenimo sebe barem onoliko koliko nas na\u0161i protivnici cene, ako ne i vi\u0161e, a mi to zaslu\u017eujemo &#8211; rekao je ministar sigurnosti BiH Selmo Cikoti\u0107.<\/p>\n<p>BNV promociju knjige &#8220;Robije Alije Izetbegovi\u0107a\u201c organizovalo je u okviru manifestacije &#8220;Dani samoopredeljenja\u201c, koja se brojnim aktivnostima obele\u017eavala u regiji Sand\u017eak od 25. oktobra.<\/p>\n<p>&#8211; Veoma smo sre\u0107ni da okviru manifestacije \u201eDani samoopredeljenja\u201c, dana od posebnog zna\u010daja za Bo\u0161njake, imamo priliku da sand\u017ea\u010dkoj javnosti predstavimo ovo va\u017eno delo. Ovim doga\u0111ajem mi zatvaramo manifestaciju, prilika je ovo da se nau\u010dna javnost bli\u017ee upozna sa tom dimenzijom \u017eivota predsednika Alije Izetbegovi\u0107a kojeg u svetu prepoznaju kao oca mudrosti, a mi dr\u017eimo da je on otac moderne bo\u0161nja\u010dke nacije\u00a0&#8211; rekao je sekretar BNV, Mirza Hajdinovi\u0107.<\/p>\n<p>Izvod: Preporod.info<\/p>\n","protected":false},"excerpt":{"rendered":"<p>U Glavnom uredu Bo\u0161nja\u010dkog nacionalnog vije\u0107a (BNV) u Novom Pazaru, ljubiteljima pisane re\u010di, lika i&hellip;<\/p>\n","protected":false},"author":2,"featured_media":188253,"comment_status":"open","ping_status":"closed","sticky":false,"template":"","format":"standard","meta":{"_acf_changed":false,"footnotes":""},"categories":[16,1],"tags":[550,1317],"acf":[],"yoast_head":"<!-- This site is optimized with the Yoast SEO plugin v23.5 - https:\/\/yoast.com\/wordpress\/plugins\/seo\/ -->\n<title>U Novom Pazaru promovisana knjiga \u201cRobije Alije Izetbegovi\u0107a\u201d - TuzlaInfo.ba<\/title>\n<meta name=\"robots\" content=\"index, follow, max-snippet:-1, max-image-preview:large, max-video-preview:-1\" \/>\n<link rel=\"canonical\" href=\"https:\/\/tuzlainfo.ba\/index.php\/uncategorized\/item\/188252-u-novom-pazaru-promovisana-knjiga-robije-alije-izetbegovica\/\" \/>\n<meta property=\"og:locale\" content=\"bs_BA\" \/>\n<meta property=\"og:type\" content=\"article\" \/>\n<meta property=\"og:title\" content=\"U Novom Pazaru promovisana knjiga \u201cRobije Alije Izetbegovi\u0107a\u201d - TuzlaInfo.ba\" \/>\n<meta property=\"og:description\" content=\"U Glavnom uredu Bo\u0161nja\u010dkog nacionalnog vije\u0107a (BNV) u Novom Pazaru, ljubiteljima pisane re\u010di, lika i&hellip;\" \/>\n<meta property=\"og:url\" content=\"https:\/\/tuzlainfo.ba\/index.php\/uncategorized\/item\/188252-u-novom-pazaru-promovisana-knjiga-robije-alije-izetbegovica\/\" \/>\n<meta property=\"og:site_name\" content=\"TuzlaInfo.ba\" \/>\n<meta property=\"article:publisher\" content=\"https:\/\/www.facebook.com\/tuzlainfo.ba\/\" \/>\n<meta property=\"article:published_time\" content=\"2022-11-01T20:55:38+00:00\" \/>\n<meta property=\"og:image\" content=\"https:\/\/tuzlainfo.ba\/wp-content\/uploads\/2022\/11\/0111_np_ali.jpg\" \/>\n\t<meta property=\"og:image:width\" content=\"800\" \/>\n\t<meta property=\"og:image:height\" content=\"449\" \/>\n\t<meta property=\"og:image:type\" content=\"image\/jpeg\" \/>\n<meta name=\"author\" content=\"nedim\" \/>\n<meta name=\"twitter:card\" content=\"summary_large_image\" \/>\n<meta name=\"twitter:label1\" content=\"Written by\" \/>\n\t<meta name=\"twitter:data1\" content=\"nedim\" \/>\n\t<meta name=\"twitter:label2\" content=\"Est. reading time\" \/>\n\t<meta name=\"twitter:data2\" content=\"3 minute\" \/>\n<script type=\"application\/ld+json\" class=\"yoast-schema-graph\">{\"@context\":\"https:\/\/schema.org\",\"@graph\":[{\"@type\":\"Article\",\"@id\":\"https:\/\/tuzlainfo.ba\/index.php\/uncategorized\/item\/188252-u-novom-pazaru-promovisana-knjiga-robije-alije-izetbegovica\/#article\",\"isPartOf\":{\"@id\":\"https:\/\/tuzlainfo.ba\/index.php\/uncategorized\/item\/188252-u-novom-pazaru-promovisana-knjiga-robije-alije-izetbegovica\/\"},\"author\":{\"name\":\"nedim\",\"@id\":\"https:\/\/tuzlainfo.ba\/#\/schema\/person\/f434e20dc27ea133923aab08451b7f7f\"},\"headline\":\"U Novom Pazaru promovisana knjiga \u201cRobije Alije Izetbegovi\u0107a\u201d\",\"datePublished\":\"2022-11-01T20:55:38+00:00\",\"dateModified\":\"2022-11-01T20:55:38+00:00\",\"mainEntityOfPage\":{\"@id\":\"https:\/\/tuzlainfo.ba\/index.php\/uncategorized\/item\/188252-u-novom-pazaru-promovisana-knjiga-robije-alije-izetbegovica\/\"},\"wordCount\":688,\"commentCount\":0,\"publisher\":{\"@id\":\"https:\/\/tuzlainfo.ba\/#organization\"},\"image\":{\"@id\":\"https:\/\/tuzlainfo.ba\/index.php\/uncategorized\/item\/188252-u-novom-pazaru-promovisana-knjiga-robije-alije-izetbegovica\/#primaryimage\"},\"thumbnailUrl\":\"https:\/\/tuzlainfo.ba\/wp-content\/uploads\/2022\/11\/0111_np_ali.jpg\",\"keywords\":[\"alija izetbegovi\u0107\",\"novi pazar\"],\"articleSection\":[\"Sa svih strana\",\"Uncategorized\"],\"inLanguage\":\"bs-BA\"},{\"@type\":\"WebPage\",\"@id\":\"https:\/\/tuzlainfo.ba\/index.php\/uncategorized\/item\/188252-u-novom-pazaru-promovisana-knjiga-robije-alije-izetbegovica\/\",\"url\":\"https:\/\/tuzlainfo.ba\/index.php\/uncategorized\/item\/188252-u-novom-pazaru-promovisana-knjiga-robije-alije-izetbegovica\/\",\"name\":\"U Novom Pazaru promovisana knjiga \u201cRobije Alije Izetbegovi\u0107a\u201d - TuzlaInfo.ba\",\"isPartOf\":{\"@id\":\"https:\/\/tuzlainfo.ba\/#website\"},\"primaryImageOfPage\":{\"@id\":\"https:\/\/tuzlainfo.ba\/index.php\/uncategorized\/item\/188252-u-novom-pazaru-promovisana-knjiga-robije-alije-izetbegovica\/#primaryimage\"},\"image\":{\"@id\":\"https:\/\/tuzlainfo.ba\/index.php\/uncategorized\/item\/188252-u-novom-pazaru-promovisana-knjiga-robije-alije-izetbegovica\/#primaryimage\"},\"thumbnailUrl\":\"https:\/\/tuzlainfo.ba\/wp-content\/uploads\/2022\/11\/0111_np_ali.jpg\",\"datePublished\":\"2022-11-01T20:55:38+00:00\",\"dateModified\":\"2022-11-01T20:55:38+00:00\",\"breadcrumb\":{\"@id\":\"https:\/\/tuzlainfo.ba\/index.php\/uncategorized\/item\/188252-u-novom-pazaru-promovisana-knjiga-robije-alije-izetbegovica\/#breadcrumb\"},\"inLanguage\":\"bs-BA\",\"potentialAction\":[{\"@type\":\"ReadAction\",\"target\":[\"https:\/\/tuzlainfo.ba\/index.php\/uncategorized\/item\/188252-u-novom-pazaru-promovisana-knjiga-robije-alije-izetbegovica\/\"]}]},{\"@type\":\"ImageObject\",\"inLanguage\":\"bs-BA\",\"@id\":\"https:\/\/tuzlainfo.ba\/index.php\/uncategorized\/item\/188252-u-novom-pazaru-promovisana-knjiga-robije-alije-izetbegovica\/#primaryimage\",\"url\":\"https:\/\/tuzlainfo.ba\/wp-content\/uploads\/2022\/11\/0111_np_ali.jpg\",\"contentUrl\":\"https:\/\/tuzlainfo.ba\/wp-content\/uploads\/2022\/11\/0111_np_ali.jpg\",\"width\":800,\"height\":449,\"caption\":\"Foto: Preporod\"},{\"@type\":\"BreadcrumbList\",\"@id\":\"https:\/\/tuzlainfo.ba\/index.php\/uncategorized\/item\/188252-u-novom-pazaru-promovisana-knjiga-robije-alije-izetbegovica\/#breadcrumb\",\"itemListElement\":[{\"@type\":\"ListItem\",\"position\":1,\"name\":\"Home\",\"item\":\"https:\/\/tuzlainfo.ba\/\"},{\"@type\":\"ListItem\",\"position\":2,\"name\":\"U Novom Pazaru promovisana knjiga \u201cRobije Alije Izetbegovi\u0107a\u201d\"}]},{\"@type\":\"WebSite\",\"@id\":\"https:\/\/tuzlainfo.ba\/#website\",\"url\":\"https:\/\/tuzlainfo.ba\/\",\"name\":\"TuzlaInfo.ba\",\"description\":\"Tuzla info, gradski informator - Tuzla na dlanu\",\"publisher\":{\"@id\":\"https:\/\/tuzlainfo.ba\/#organization\"},\"potentialAction\":[{\"@type\":\"SearchAction\",\"target\":{\"@type\":\"EntryPoint\",\"urlTemplate\":\"https:\/\/tuzlainfo.ba\/?s={search_term_string}\"},\"query-input\":{\"@type\":\"PropertyValueSpecification\",\"valueRequired\":true,\"valueName\":\"search_term_string\"}}],\"inLanguage\":\"bs-BA\"},{\"@type\":\"Organization\",\"@id\":\"https:\/\/tuzlainfo.ba\/#organization\",\"name\":\"TuzlaInfo.ba\",\"url\":\"https:\/\/tuzlainfo.ba\/\",\"logo\":{\"@type\":\"ImageObject\",\"inLanguage\":\"bs-BA\",\"@id\":\"https:\/\/tuzlainfo.ba\/#\/schema\/logo\/image\/\",\"url\":\"https:\/\/tuzlainfo.ba\/wp-content\/uploads\/2021\/03\/logo-ver-3-1.png\",\"contentUrl\":\"https:\/\/tuzlainfo.ba\/wp-content\/uploads\/2021\/03\/logo-ver-3-1.png\",\"width\":350,\"height\":95,\"caption\":\"TuzlaInfo.ba\"},\"image\":{\"@id\":\"https:\/\/tuzlainfo.ba\/#\/schema\/logo\/image\/\"},\"sameAs\":[\"https:\/\/www.facebook.com\/tuzlainfo.ba\/\"]},{\"@type\":\"Person\",\"@id\":\"https:\/\/tuzlainfo.ba\/#\/schema\/person\/f434e20dc27ea133923aab08451b7f7f\",\"name\":\"nedim\",\"image\":{\"@type\":\"ImageObject\",\"inLanguage\":\"bs-BA\",\"@id\":\"https:\/\/tuzlainfo.ba\/#\/schema\/person\/image\/\",\"url\":\"https:\/\/tuzlainfo.ba\/wp-content\/litespeed\/avatar\/aabad687af24844af817603ac1cbdc4f.jpg?ver=1776702173\",\"contentUrl\":\"https:\/\/tuzlainfo.ba\/wp-content\/litespeed\/avatar\/aabad687af24844af817603ac1cbdc4f.jpg?ver=1776702173\",\"caption\":\"nedim\"},\"description\":\"Tuzlainfo.ba pratite na dru\u0161tvenim mre\u017eama: Facebook, Instagram i Youtube. Svoje pri\u010de, upite i fotografije \u0161aljite na na\u0161u e-mail adresu.\"}]}<\/script>\n<!-- \/ Yoast SEO plugin. -->","yoast_head_json":{"title":"U Novom Pazaru promovisana knjiga \u201cRobije Alije Izetbegovi\u0107a\u201d - TuzlaInfo.ba","robots":{"index":"index","follow":"follow","max-snippet":"max-snippet:-1","max-image-preview":"max-image-preview:large","max-video-preview":"max-video-preview:-1"},"canonical":"https:\/\/tuzlainfo.ba\/index.php\/uncategorized\/item\/188252-u-novom-pazaru-promovisana-knjiga-robije-alije-izetbegovica\/","og_locale":"bs_BA","og_type":"article","og_title":"U Novom Pazaru promovisana knjiga \u201cRobije Alije Izetbegovi\u0107a\u201d - TuzlaInfo.ba","og_description":"U Glavnom uredu Bo\u0161nja\u010dkog nacionalnog vije\u0107a (BNV) u Novom Pazaru, ljubiteljima pisane re\u010di, lika i&hellip;","og_url":"https:\/\/tuzlainfo.ba\/index.php\/uncategorized\/item\/188252-u-novom-pazaru-promovisana-knjiga-robije-alije-izetbegovica\/","og_site_name":"TuzlaInfo.ba","article_publisher":"https:\/\/www.facebook.com\/tuzlainfo.ba\/","article_published_time":"2022-11-01T20:55:38+00:00","og_image":[{"width":800,"height":449,"url":"https:\/\/tuzlainfo.ba\/wp-content\/uploads\/2022\/11\/0111_np_ali.jpg","type":"image\/jpeg"}],"author":"nedim","twitter_card":"summary_large_image","twitter_misc":{"Written by":"nedim","Est. reading time":"3 minute"},"schema":{"@context":"https:\/\/schema.org","@graph":[{"@type":"Article","@id":"https:\/\/tuzlainfo.ba\/index.php\/uncategorized\/item\/188252-u-novom-pazaru-promovisana-knjiga-robije-alije-izetbegovica\/#article","isPartOf":{"@id":"https:\/\/tuzlainfo.ba\/index.php\/uncategorized\/item\/188252-u-novom-pazaru-promovisana-knjiga-robije-alije-izetbegovica\/"},"author":{"name":"nedim","@id":"https:\/\/tuzlainfo.ba\/#\/schema\/person\/f434e20dc27ea133923aab08451b7f7f"},"headline":"U Novom Pazaru promovisana knjiga \u201cRobije Alije Izetbegovi\u0107a\u201d","datePublished":"2022-11-01T20:55:38+00:00","dateModified":"2022-11-01T20:55:38+00:00","mainEntityOfPage":{"@id":"https:\/\/tuzlainfo.ba\/index.php\/uncategorized\/item\/188252-u-novom-pazaru-promovisana-knjiga-robije-alije-izetbegovica\/"},"wordCount":688,"commentCount":0,"publisher":{"@id":"https:\/\/tuzlainfo.ba\/#organization"},"image":{"@id":"https:\/\/tuzlainfo.ba\/index.php\/uncategorized\/item\/188252-u-novom-pazaru-promovisana-knjiga-robije-alije-izetbegovica\/#primaryimage"},"thumbnailUrl":"https:\/\/tuzlainfo.ba\/wp-content\/uploads\/2022\/11\/0111_np_ali.jpg","keywords":["alija izetbegovi\u0107","novi pazar"],"articleSection":["Sa svih strana","Uncategorized"],"inLanguage":"bs-BA"},{"@type":"WebPage","@id":"https:\/\/tuzlainfo.ba\/index.php\/uncategorized\/item\/188252-u-novom-pazaru-promovisana-knjiga-robije-alije-izetbegovica\/","url":"https:\/\/tuzlainfo.ba\/index.php\/uncategorized\/item\/188252-u-novom-pazaru-promovisana-knjiga-robije-alije-izetbegovica\/","name":"U Novom Pazaru promovisana knjiga \u201cRobije Alije Izetbegovi\u0107a\u201d - TuzlaInfo.ba","isPartOf":{"@id":"https:\/\/tuzlainfo.ba\/#website"},"primaryImageOfPage":{"@id":"https:\/\/tuzlainfo.ba\/index.php\/uncategorized\/item\/188252-u-novom-pazaru-promovisana-knjiga-robije-alije-izetbegovica\/#primaryimage"},"image":{"@id":"https:\/\/tuzlainfo.ba\/index.php\/uncategorized\/item\/188252-u-novom-pazaru-promovisana-knjiga-robije-alije-izetbegovica\/#primaryimage"},"thumbnailUrl":"https:\/\/tuzlainfo.ba\/wp-content\/uploads\/2022\/11\/0111_np_ali.jpg","datePublished":"2022-11-01T20:55:38+00:00","dateModified":"2022-11-01T20:55:38+00:00","breadcrumb":{"@id":"https:\/\/tuzlainfo.ba\/index.php\/uncategorized\/item\/188252-u-novom-pazaru-promovisana-knjiga-robije-alije-izetbegovica\/#breadcrumb"},"inLanguage":"bs-BA","potentialAction":[{"@type":"ReadAction","target":["https:\/\/tuzlainfo.ba\/index.php\/uncategorized\/item\/188252-u-novom-pazaru-promovisana-knjiga-robije-alije-izetbegovica\/"]}]},{"@type":"ImageObject","inLanguage":"bs-BA","@id":"https:\/\/tuzlainfo.ba\/index.php\/uncategorized\/item\/188252-u-novom-pazaru-promovisana-knjiga-robije-alije-izetbegovica\/#primaryimage","url":"https:\/\/tuzlainfo.ba\/wp-content\/uploads\/2022\/11\/0111_np_ali.jpg","contentUrl":"https:\/\/tuzlainfo.ba\/wp-content\/uploads\/2022\/11\/0111_np_ali.jpg","width":800,"height":449,"caption":"Foto: Preporod"},{"@type":"BreadcrumbList","@id":"https:\/\/tuzlainfo.ba\/index.php\/uncategorized\/item\/188252-u-novom-pazaru-promovisana-knjiga-robije-alije-izetbegovica\/#breadcrumb","itemListElement":[{"@type":"ListItem","position":1,"name":"Home","item":"https:\/\/tuzlainfo.ba\/"},{"@type":"ListItem","position":2,"name":"U Novom Pazaru promovisana knjiga \u201cRobije Alije Izetbegovi\u0107a\u201d"}]},{"@type":"WebSite","@id":"https:\/\/tuzlainfo.ba\/#website","url":"https:\/\/tuzlainfo.ba\/","name":"TuzlaInfo.ba","description":"Tuzla info, gradski informator - Tuzla na dlanu","publisher":{"@id":"https:\/\/tuzlainfo.ba\/#organization"},"potentialAction":[{"@type":"SearchAction","target":{"@type":"EntryPoint","urlTemplate":"https:\/\/tuzlainfo.ba\/?s={search_term_string}"},"query-input":{"@type":"PropertyValueSpecification","valueRequired":true,"valueName":"search_term_string"}}],"inLanguage":"bs-BA"},{"@type":"Organization","@id":"https:\/\/tuzlainfo.ba\/#organization","name":"TuzlaInfo.ba","url":"https:\/\/tuzlainfo.ba\/","logo":{"@type":"ImageObject","inLanguage":"bs-BA","@id":"https:\/\/tuzlainfo.ba\/#\/schema\/logo\/image\/","url":"https:\/\/tuzlainfo.ba\/wp-content\/uploads\/2021\/03\/logo-ver-3-1.png","contentUrl":"https:\/\/tuzlainfo.ba\/wp-content\/uploads\/2021\/03\/logo-ver-3-1.png","width":350,"height":95,"caption":"TuzlaInfo.ba"},"image":{"@id":"https:\/\/tuzlainfo.ba\/#\/schema\/logo\/image\/"},"sameAs":["https:\/\/www.facebook.com\/tuzlainfo.ba\/"]},{"@type":"Person","@id":"https:\/\/tuzlainfo.ba\/#\/schema\/person\/f434e20dc27ea133923aab08451b7f7f","name":"nedim","image":{"@type":"ImageObject","inLanguage":"bs-BA","@id":"https:\/\/tuzlainfo.ba\/#\/schema\/person\/image\/","url":"https:\/\/tuzlainfo.ba\/wp-content\/litespeed\/avatar\/aabad687af24844af817603ac1cbdc4f.jpg?ver=1776702173","contentUrl":"https:\/\/tuzlainfo.ba\/wp-content\/litespeed\/avatar\/aabad687af24844af817603ac1cbdc4f.jpg?ver=1776702173","caption":"nedim"},"description":"Tuzlainfo.ba pratite na dru\u0161tvenim mre\u017eama: Facebook, Instagram i Youtube. Svoje pri\u010de, upite i fotografije \u0161aljite na na\u0161u e-mail adresu."}]}},"_links":{"self":[{"href":"https:\/\/tuzlainfo.ba\/index.php\/wp-json\/wp\/v2\/posts\/188252"}],"collection":[{"href":"https:\/\/tuzlainfo.ba\/index.php\/wp-json\/wp\/v2\/posts"}],"about":[{"href":"https:\/\/tuzlainfo.ba\/index.php\/wp-json\/wp\/v2\/types\/post"}],"author":[{"embeddable":true,"href":"https:\/\/tuzlainfo.ba\/index.php\/wp-json\/wp\/v2\/users\/2"}],"replies":[{"embeddable":true,"href":"https:\/\/tuzlainfo.ba\/index.php\/wp-json\/wp\/v2\/comments?post=188252"}],"version-history":[{"count":0,"href":"https:\/\/tuzlainfo.ba\/index.php\/wp-json\/wp\/v2\/posts\/188252\/revisions"}],"wp:featuredmedia":[{"embeddable":true,"href":"https:\/\/tuzlainfo.ba\/index.php\/wp-json\/wp\/v2\/media\/188253"}],"wp:attachment":[{"href":"https:\/\/tuzlainfo.ba\/index.php\/wp-json\/wp\/v2\/media?parent=188252"}],"wp:term":[{"taxonomy":"category","embeddable":true,"href":"https:\/\/tuzlainfo.ba\/index.php\/wp-json\/wp\/v2\/categories?post=188252"},{"taxonomy":"post_tag","embeddable":true,"href":"https:\/\/tuzlainfo.ba\/index.php\/wp-json\/wp\/v2\/tags?post=188252"}],"curies":[{"name":"wp","href":"https:\/\/api.w.org\/{rel}","templated":true}]}}