{"id":188004,"date":"2022-10-29T22:00:47","date_gmt":"2022-10-29T20:00:47","guid":{"rendered":"https:\/\/tuzlainfo.ba\/?p=188004"},"modified":"2022-10-29T21:32:47","modified_gmt":"2022-10-29T19:32:47","slug":"zbog-termoelektrana-u-tuzli-i-kaknju-energetska-zajednica-evrope-pokrenula-spor-protiv-bih","status":"publish","type":"post","link":"https:\/\/tuzlainfo.ba\/index.php\/bosna-i-hercegovina\/item\/188004-zbog-termoelektrana-u-tuzli-i-kaknju-energetska-zajednica-evrope-pokrenula-spor-protiv-bih\/","title":{"rendered":"Zbog termoelektrana u Tuzli i Kaknju: Energetska zajednica Evrope pokrenula spor protiv BiH"},"content":{"rendered":"<p>Sekretarijat Energetske zajednice pokrenuo je proceduru protiv Bosne i Hercegovine zbog kr\u0161enja Direktive o velikim postrojenjima za sagorjevanje, a u vezi sa radom bloka \u010detiri Termoelektrane Tuzla i bloka pet Termoelektrane Kakanj, objavljeno je na internet stranici Sekretarijata.<\/p>\n<p>U saop\u0161tenju se navodi da je Energetska zajednica ju\u010de poslala BiH otvoreno pismo kako bi ukazali da se daljim radom bloka \u010detiri Termoelektrane u Tuzli i bloka pet Termoelektrane u Kaknju kr\u0161i Direktiva.<\/p>\n<p>U pismu se ukazuje na to da su oba energetska postrojenja i dalje operativna iako je istekao period ograni\u010denog produ\u017eenja rada.<\/p>\n<p>Prema ocijeni Sekretarijata, nastavak rada nakon isteka roka imao je negativan uticaj na zdravlje dr\u017eavljana BiH.<\/p>\n<p>Energetska zajednica u pismu tvrdi da su se nadle\u017eni u BiH Deklaracijom obavezali da od 1. januara 2018. godine oba postrojenja nakon 20.000 sati rada prestati sa radom.<\/p>\n<p>Nakon potpisivanja Deklaracije ministarski savjet Energetske zajednice je odobrio ograni\u010deno produ\u017eenje rada postrojenja.<\/p>\n<p>U pismu se napominje da postrojenja mogu nastaviti s radom nakon isteka 20.000 sati samo u slu\u010daju da ispunjavaju stro\u017ee standarde Direktive o idustrijskim emisijama. Me\u0111utim, ti standardi nisu zadovoljeni.<\/p>\n<p>\u201cPo\u010detkom godine, poslanici Parlamenta Federacije BiH su usvojili zaklju\u010dak sa namjerom da se produ\u017ei rad ovih postrojenja do 1. januara 2028. Sekretarijat Energetske zajednice je iznio jasan stav se da ovom jednostranom odlukom kr\u0161e obaveze BiH prema Sporazumu Energetske zajednice\u201d, podsje\u0107a se u pismu.<\/p>\n","protected":false},"excerpt":{"rendered":"<p>Sekretarijat Energetske zajednice pokrenuo je proceduru protiv Bosne i Hercegovine zbog kr\u0161enja Direktive o velikim&hellip;<\/p>\n","protected":false},"author":2,"featured_media":161520,"comment_status":"open","ping_status":"closed","sticky":false,"template":"","format":"standard","meta":{"_acf_changed":false,"footnotes":""},"categories":[291,304],"tags":[3707,3403],"acf":[],"yoast_head":"<!-- This site is optimized with the Yoast SEO plugin v23.5 - https:\/\/yoast.com\/wordpress\/plugins\/seo\/ -->\n<title>Zbog termoelektrana u Tuzli i Kaknju: Energetska zajednica Evrope pokrenula spor protiv BiH - TuzlaInfo.ba<\/title>\n<meta name=\"robots\" content=\"index, follow, max-snippet:-1, max-image-preview:large, max-video-preview:-1\" \/>\n<link rel=\"canonical\" href=\"https:\/\/tuzlainfo.ba\/index.php\/bosna-i-hercegovina\/item\/188004-zbog-termoelektrana-u-tuzli-i-kaknju-energetska-zajednica-evrope-pokrenula-spor-protiv-bih\/\" \/>\n<meta property=\"og:locale\" content=\"bs_BA\" \/>\n<meta property=\"og:type\" content=\"article\" \/>\n<meta property=\"og:title\" content=\"Zbog termoelektrana u Tuzli i Kaknju: Energetska zajednica Evrope pokrenula spor protiv BiH - TuzlaInfo.ba\" \/>\n<meta property=\"og:description\" content=\"Sekretarijat Energetske zajednice pokrenuo je proceduru protiv Bosne i Hercegovine zbog kr\u0161enja Direktive o velikim&hellip;\" \/>\n<meta property=\"og:url\" content=\"https:\/\/tuzlainfo.ba\/index.php\/bosna-i-hercegovina\/item\/188004-zbog-termoelektrana-u-tuzli-i-kaknju-energetska-zajednica-evrope-pokrenula-spor-protiv-bih\/\" \/>\n<meta property=\"og:site_name\" content=\"TuzlaInfo.ba\" \/>\n<meta property=\"article:publisher\" content=\"https:\/\/www.facebook.com\/tuzlainfo.ba\/\" \/>\n<meta property=\"article:published_time\" content=\"2022-10-29T20:00:47+00:00\" \/>\n<meta property=\"article:modified_time\" content=\"2022-10-29T19:32:47+00:00\" \/>\n<meta property=\"og:image\" content=\"https:\/\/tuzlainfo.ba\/wp-content\/uploads\/2022\/01\/1901_termoelektrana_ugalj.jpg\" \/>\n\t<meta property=\"og:image:width\" content=\"1200\" \/>\n\t<meta property=\"og:image:height\" content=\"800\" \/>\n\t<meta property=\"og:image:type\" content=\"image\/jpeg\" \/>\n<meta name=\"author\" content=\"nedim\" \/>\n<meta name=\"twitter:card\" content=\"summary_large_image\" \/>\n<meta name=\"twitter:label1\" content=\"Written by\" \/>\n\t<meta name=\"twitter:data1\" content=\"nedim\" \/>\n\t<meta name=\"twitter:label2\" content=\"Est. reading time\" \/>\n\t<meta name=\"twitter:data2\" content=\"1 minuta\" \/>\n<script type=\"application\/ld+json\" class=\"yoast-schema-graph\">{\"@context\":\"https:\/\/schema.org\",\"@graph\":[{\"@type\":\"Article\",\"@id\":\"https:\/\/tuzlainfo.ba\/index.php\/bosna-i-hercegovina\/item\/188004-zbog-termoelektrana-u-tuzli-i-kaknju-energetska-zajednica-evrope-pokrenula-spor-protiv-bih\/#article\",\"isPartOf\":{\"@id\":\"https:\/\/tuzlainfo.ba\/index.php\/bosna-i-hercegovina\/item\/188004-zbog-termoelektrana-u-tuzli-i-kaknju-energetska-zajednica-evrope-pokrenula-spor-protiv-bih\/\"},\"author\":{\"name\":\"nedim\",\"@id\":\"https:\/\/tuzlainfo.ba\/#\/schema\/person\/f434e20dc27ea133923aab08451b7f7f\"},\"headline\":\"Zbog termoelektrana u Tuzli i Kaknju: Energetska zajednica Evrope pokrenula spor protiv BiH\",\"datePublished\":\"2022-10-29T20:00:47+00:00\",\"dateModified\":\"2022-10-29T19:32:47+00:00\",\"mainEntityOfPage\":{\"@id\":\"https:\/\/tuzlainfo.ba\/index.php\/bosna-i-hercegovina\/item\/188004-zbog-termoelektrana-u-tuzli-i-kaknju-energetska-zajednica-evrope-pokrenula-spor-protiv-bih\/\"},\"wordCount\":248,\"commentCount\":0,\"publisher\":{\"@id\":\"https:\/\/tuzlainfo.ba\/#organization\"},\"image\":{\"@id\":\"https:\/\/tuzlainfo.ba\/index.php\/bosna-i-hercegovina\/item\/188004-zbog-termoelektrana-u-tuzli-i-kaknju-energetska-zajednica-evrope-pokrenula-spor-protiv-bih\/#primaryimage\"},\"thumbnailUrl\":\"https:\/\/tuzlainfo.ba\/wp-content\/uploads\/2022\/01\/1901_termoelektrana_ugalj.jpg\",\"keywords\":[\"termoelektrana kakanj\",\"termoelektrana tuzla\"],\"articleSection\":[\"Bosna i Hercegovina\",\"Istaknuto\"],\"inLanguage\":\"bs-BA\"},{\"@type\":\"WebPage\",\"@id\":\"https:\/\/tuzlainfo.ba\/index.php\/bosna-i-hercegovina\/item\/188004-zbog-termoelektrana-u-tuzli-i-kaknju-energetska-zajednica-evrope-pokrenula-spor-protiv-bih\/\",\"url\":\"https:\/\/tuzlainfo.ba\/index.php\/bosna-i-hercegovina\/item\/188004-zbog-termoelektrana-u-tuzli-i-kaknju-energetska-zajednica-evrope-pokrenula-spor-protiv-bih\/\",\"name\":\"Zbog termoelektrana u Tuzli i Kaknju: Energetska zajednica Evrope pokrenula spor protiv BiH - TuzlaInfo.ba\",\"isPartOf\":{\"@id\":\"https:\/\/tuzlainfo.ba\/#website\"},\"primaryImageOfPage\":{\"@id\":\"https:\/\/tuzlainfo.ba\/index.php\/bosna-i-hercegovina\/item\/188004-zbog-termoelektrana-u-tuzli-i-kaknju-energetska-zajednica-evrope-pokrenula-spor-protiv-bih\/#primaryimage\"},\"image\":{\"@id\":\"https:\/\/tuzlainfo.ba\/index.php\/bosna-i-hercegovina\/item\/188004-zbog-termoelektrana-u-tuzli-i-kaknju-energetska-zajednica-evrope-pokrenula-spor-protiv-bih\/#primaryimage\"},\"thumbnailUrl\":\"https:\/\/tuzlainfo.ba\/wp-content\/uploads\/2022\/01\/1901_termoelektrana_ugalj.jpg\",\"datePublished\":\"2022-10-29T20:00:47+00:00\",\"dateModified\":\"2022-10-29T19:32:47+00:00\",\"breadcrumb\":{\"@id\":\"https:\/\/tuzlainfo.ba\/index.php\/bosna-i-hercegovina\/item\/188004-zbog-termoelektrana-u-tuzli-i-kaknju-energetska-zajednica-evrope-pokrenula-spor-protiv-bih\/#breadcrumb\"},\"inLanguage\":\"bs-BA\",\"potentialAction\":[{\"@type\":\"ReadAction\",\"target\":[\"https:\/\/tuzlainfo.ba\/index.php\/bosna-i-hercegovina\/item\/188004-zbog-termoelektrana-u-tuzli-i-kaknju-energetska-zajednica-evrope-pokrenula-spor-protiv-bih\/\"]}]},{\"@type\":\"ImageObject\",\"inLanguage\":\"bs-BA\",\"@id\":\"https:\/\/tuzlainfo.ba\/index.php\/bosna-i-hercegovina\/item\/188004-zbog-termoelektrana-u-tuzli-i-kaknju-energetska-zajednica-evrope-pokrenula-spor-protiv-bih\/#primaryimage\",\"url\":\"https:\/\/tuzlainfo.ba\/wp-content\/uploads\/2022\/01\/1901_termoelektrana_ugalj.jpg\",\"contentUrl\":\"https:\/\/tuzlainfo.ba\/wp-content\/uploads\/2022\/01\/1901_termoelektrana_ugalj.jpg\",\"width\":1200,\"height\":800,\"caption\":\"Termoelektrana Tuzla \/ Foto: EP BiH\"},{\"@type\":\"BreadcrumbList\",\"@id\":\"https:\/\/tuzlainfo.ba\/index.php\/bosna-i-hercegovina\/item\/188004-zbog-termoelektrana-u-tuzli-i-kaknju-energetska-zajednica-evrope-pokrenula-spor-protiv-bih\/#breadcrumb\",\"itemListElement\":[{\"@type\":\"ListItem\",\"position\":1,\"name\":\"Home\",\"item\":\"https:\/\/tuzlainfo.ba\/\"},{\"@type\":\"ListItem\",\"position\":2,\"name\":\"Zbog termoelektrana u Tuzli i Kaknju: Energetska zajednica Evrope pokrenula spor protiv BiH\"}]},{\"@type\":\"WebSite\",\"@id\":\"https:\/\/tuzlainfo.ba\/#website\",\"url\":\"https:\/\/tuzlainfo.ba\/\",\"name\":\"TuzlaInfo.ba\",\"description\":\"Tuzla info, gradski informator - Tuzla na dlanu\",\"publisher\":{\"@id\":\"https:\/\/tuzlainfo.ba\/#organization\"},\"potentialAction\":[{\"@type\":\"SearchAction\",\"target\":{\"@type\":\"EntryPoint\",\"urlTemplate\":\"https:\/\/tuzlainfo.ba\/?s={search_term_string}\"},\"query-input\":{\"@type\":\"PropertyValueSpecification\",\"valueRequired\":true,\"valueName\":\"search_term_string\"}}],\"inLanguage\":\"bs-BA\"},{\"@type\":\"Organization\",\"@id\":\"https:\/\/tuzlainfo.ba\/#organization\",\"name\":\"TuzlaInfo.ba\",\"url\":\"https:\/\/tuzlainfo.ba\/\",\"logo\":{\"@type\":\"ImageObject\",\"inLanguage\":\"bs-BA\",\"@id\":\"https:\/\/tuzlainfo.ba\/#\/schema\/logo\/image\/\",\"url\":\"https:\/\/tuzlainfo.ba\/wp-content\/uploads\/2021\/03\/logo-ver-3-1.png\",\"contentUrl\":\"https:\/\/tuzlainfo.ba\/wp-content\/uploads\/2021\/03\/logo-ver-3-1.png\",\"width\":350,\"height\":95,\"caption\":\"TuzlaInfo.ba\"},\"image\":{\"@id\":\"https:\/\/tuzlainfo.ba\/#\/schema\/logo\/image\/\"},\"sameAs\":[\"https:\/\/www.facebook.com\/tuzlainfo.ba\/\"]},{\"@type\":\"Person\",\"@id\":\"https:\/\/tuzlainfo.ba\/#\/schema\/person\/f434e20dc27ea133923aab08451b7f7f\",\"name\":\"nedim\",\"image\":{\"@type\":\"ImageObject\",\"inLanguage\":\"bs-BA\",\"@id\":\"https:\/\/tuzlainfo.ba\/#\/schema\/person\/image\/\",\"url\":\"https:\/\/tuzlainfo.ba\/wp-content\/litespeed\/avatar\/aabad687af24844af817603ac1cbdc4f.jpg?ver=1776702173\",\"contentUrl\":\"https:\/\/tuzlainfo.ba\/wp-content\/litespeed\/avatar\/aabad687af24844af817603ac1cbdc4f.jpg?ver=1776702173\",\"caption\":\"nedim\"},\"description\":\"Tuzlainfo.ba pratite na dru\u0161tvenim mre\u017eama: Facebook, Instagram i Youtube. Svoje pri\u010de, upite i fotografije \u0161aljite na na\u0161u e-mail adresu.\"}]}<\/script>\n<!-- \/ Yoast SEO plugin. -->","yoast_head_json":{"title":"Zbog termoelektrana u Tuzli i Kaknju: Energetska zajednica Evrope pokrenula spor protiv BiH - TuzlaInfo.ba","robots":{"index":"index","follow":"follow","max-snippet":"max-snippet:-1","max-image-preview":"max-image-preview:large","max-video-preview":"max-video-preview:-1"},"canonical":"https:\/\/tuzlainfo.ba\/index.php\/bosna-i-hercegovina\/item\/188004-zbog-termoelektrana-u-tuzli-i-kaknju-energetska-zajednica-evrope-pokrenula-spor-protiv-bih\/","og_locale":"bs_BA","og_type":"article","og_title":"Zbog termoelektrana u Tuzli i Kaknju: Energetska zajednica Evrope pokrenula spor protiv BiH - TuzlaInfo.ba","og_description":"Sekretarijat Energetske zajednice pokrenuo je proceduru protiv Bosne i Hercegovine zbog kr\u0161enja Direktive o velikim&hellip;","og_url":"https:\/\/tuzlainfo.ba\/index.php\/bosna-i-hercegovina\/item\/188004-zbog-termoelektrana-u-tuzli-i-kaknju-energetska-zajednica-evrope-pokrenula-spor-protiv-bih\/","og_site_name":"TuzlaInfo.ba","article_publisher":"https:\/\/www.facebook.com\/tuzlainfo.ba\/","article_published_time":"2022-10-29T20:00:47+00:00","article_modified_time":"2022-10-29T19:32:47+00:00","og_image":[{"width":1200,"height":800,"url":"https:\/\/tuzlainfo.ba\/wp-content\/uploads\/2022\/01\/1901_termoelektrana_ugalj.jpg","type":"image\/jpeg"}],"author":"nedim","twitter_card":"summary_large_image","twitter_misc":{"Written by":"nedim","Est. reading time":"1 minuta"},"schema":{"@context":"https:\/\/schema.org","@graph":[{"@type":"Article","@id":"https:\/\/tuzlainfo.ba\/index.php\/bosna-i-hercegovina\/item\/188004-zbog-termoelektrana-u-tuzli-i-kaknju-energetska-zajednica-evrope-pokrenula-spor-protiv-bih\/#article","isPartOf":{"@id":"https:\/\/tuzlainfo.ba\/index.php\/bosna-i-hercegovina\/item\/188004-zbog-termoelektrana-u-tuzli-i-kaknju-energetska-zajednica-evrope-pokrenula-spor-protiv-bih\/"},"author":{"name":"nedim","@id":"https:\/\/tuzlainfo.ba\/#\/schema\/person\/f434e20dc27ea133923aab08451b7f7f"},"headline":"Zbog termoelektrana u Tuzli i Kaknju: Energetska zajednica Evrope pokrenula spor protiv BiH","datePublished":"2022-10-29T20:00:47+00:00","dateModified":"2022-10-29T19:32:47+00:00","mainEntityOfPage":{"@id":"https:\/\/tuzlainfo.ba\/index.php\/bosna-i-hercegovina\/item\/188004-zbog-termoelektrana-u-tuzli-i-kaknju-energetska-zajednica-evrope-pokrenula-spor-protiv-bih\/"},"wordCount":248,"commentCount":0,"publisher":{"@id":"https:\/\/tuzlainfo.ba\/#organization"},"image":{"@id":"https:\/\/tuzlainfo.ba\/index.php\/bosna-i-hercegovina\/item\/188004-zbog-termoelektrana-u-tuzli-i-kaknju-energetska-zajednica-evrope-pokrenula-spor-protiv-bih\/#primaryimage"},"thumbnailUrl":"https:\/\/tuzlainfo.ba\/wp-content\/uploads\/2022\/01\/1901_termoelektrana_ugalj.jpg","keywords":["termoelektrana kakanj","termoelektrana tuzla"],"articleSection":["Bosna i Hercegovina","Istaknuto"],"inLanguage":"bs-BA"},{"@type":"WebPage","@id":"https:\/\/tuzlainfo.ba\/index.php\/bosna-i-hercegovina\/item\/188004-zbog-termoelektrana-u-tuzli-i-kaknju-energetska-zajednica-evrope-pokrenula-spor-protiv-bih\/","url":"https:\/\/tuzlainfo.ba\/index.php\/bosna-i-hercegovina\/item\/188004-zbog-termoelektrana-u-tuzli-i-kaknju-energetska-zajednica-evrope-pokrenula-spor-protiv-bih\/","name":"Zbog termoelektrana u Tuzli i Kaknju: Energetska zajednica Evrope pokrenula spor protiv BiH - TuzlaInfo.ba","isPartOf":{"@id":"https:\/\/tuzlainfo.ba\/#website"},"primaryImageOfPage":{"@id":"https:\/\/tuzlainfo.ba\/index.php\/bosna-i-hercegovina\/item\/188004-zbog-termoelektrana-u-tuzli-i-kaknju-energetska-zajednica-evrope-pokrenula-spor-protiv-bih\/#primaryimage"},"image":{"@id":"https:\/\/tuzlainfo.ba\/index.php\/bosna-i-hercegovina\/item\/188004-zbog-termoelektrana-u-tuzli-i-kaknju-energetska-zajednica-evrope-pokrenula-spor-protiv-bih\/#primaryimage"},"thumbnailUrl":"https:\/\/tuzlainfo.ba\/wp-content\/uploads\/2022\/01\/1901_termoelektrana_ugalj.jpg","datePublished":"2022-10-29T20:00:47+00:00","dateModified":"2022-10-29T19:32:47+00:00","breadcrumb":{"@id":"https:\/\/tuzlainfo.ba\/index.php\/bosna-i-hercegovina\/item\/188004-zbog-termoelektrana-u-tuzli-i-kaknju-energetska-zajednica-evrope-pokrenula-spor-protiv-bih\/#breadcrumb"},"inLanguage":"bs-BA","potentialAction":[{"@type":"ReadAction","target":["https:\/\/tuzlainfo.ba\/index.php\/bosna-i-hercegovina\/item\/188004-zbog-termoelektrana-u-tuzli-i-kaknju-energetska-zajednica-evrope-pokrenula-spor-protiv-bih\/"]}]},{"@type":"ImageObject","inLanguage":"bs-BA","@id":"https:\/\/tuzlainfo.ba\/index.php\/bosna-i-hercegovina\/item\/188004-zbog-termoelektrana-u-tuzli-i-kaknju-energetska-zajednica-evrope-pokrenula-spor-protiv-bih\/#primaryimage","url":"https:\/\/tuzlainfo.ba\/wp-content\/uploads\/2022\/01\/1901_termoelektrana_ugalj.jpg","contentUrl":"https:\/\/tuzlainfo.ba\/wp-content\/uploads\/2022\/01\/1901_termoelektrana_ugalj.jpg","width":1200,"height":800,"caption":"Termoelektrana Tuzla \/ Foto: EP BiH"},{"@type":"BreadcrumbList","@id":"https:\/\/tuzlainfo.ba\/index.php\/bosna-i-hercegovina\/item\/188004-zbog-termoelektrana-u-tuzli-i-kaknju-energetska-zajednica-evrope-pokrenula-spor-protiv-bih\/#breadcrumb","itemListElement":[{"@type":"ListItem","position":1,"name":"Home","item":"https:\/\/tuzlainfo.ba\/"},{"@type":"ListItem","position":2,"name":"Zbog termoelektrana u Tuzli i Kaknju: Energetska zajednica Evrope pokrenula spor protiv BiH"}]},{"@type":"WebSite","@id":"https:\/\/tuzlainfo.ba\/#website","url":"https:\/\/tuzlainfo.ba\/","name":"TuzlaInfo.ba","description":"Tuzla info, gradski informator - Tuzla na dlanu","publisher":{"@id":"https:\/\/tuzlainfo.ba\/#organization"},"potentialAction":[{"@type":"SearchAction","target":{"@type":"EntryPoint","urlTemplate":"https:\/\/tuzlainfo.ba\/?s={search_term_string}"},"query-input":{"@type":"PropertyValueSpecification","valueRequired":true,"valueName":"search_term_string"}}],"inLanguage":"bs-BA"},{"@type":"Organization","@id":"https:\/\/tuzlainfo.ba\/#organization","name":"TuzlaInfo.ba","url":"https:\/\/tuzlainfo.ba\/","logo":{"@type":"ImageObject","inLanguage":"bs-BA","@id":"https:\/\/tuzlainfo.ba\/#\/schema\/logo\/image\/","url":"https:\/\/tuzlainfo.ba\/wp-content\/uploads\/2021\/03\/logo-ver-3-1.png","contentUrl":"https:\/\/tuzlainfo.ba\/wp-content\/uploads\/2021\/03\/logo-ver-3-1.png","width":350,"height":95,"caption":"TuzlaInfo.ba"},"image":{"@id":"https:\/\/tuzlainfo.ba\/#\/schema\/logo\/image\/"},"sameAs":["https:\/\/www.facebook.com\/tuzlainfo.ba\/"]},{"@type":"Person","@id":"https:\/\/tuzlainfo.ba\/#\/schema\/person\/f434e20dc27ea133923aab08451b7f7f","name":"nedim","image":{"@type":"ImageObject","inLanguage":"bs-BA","@id":"https:\/\/tuzlainfo.ba\/#\/schema\/person\/image\/","url":"https:\/\/tuzlainfo.ba\/wp-content\/litespeed\/avatar\/aabad687af24844af817603ac1cbdc4f.jpg?ver=1776702173","contentUrl":"https:\/\/tuzlainfo.ba\/wp-content\/litespeed\/avatar\/aabad687af24844af817603ac1cbdc4f.jpg?ver=1776702173","caption":"nedim"},"description":"Tuzlainfo.ba pratite na dru\u0161tvenim mre\u017eama: Facebook, Instagram i Youtube. Svoje pri\u010de, upite i fotografije \u0161aljite na na\u0161u e-mail adresu."}]}},"_links":{"self":[{"href":"https:\/\/tuzlainfo.ba\/index.php\/wp-json\/wp\/v2\/posts\/188004"}],"collection":[{"href":"https:\/\/tuzlainfo.ba\/index.php\/wp-json\/wp\/v2\/posts"}],"about":[{"href":"https:\/\/tuzlainfo.ba\/index.php\/wp-json\/wp\/v2\/types\/post"}],"author":[{"embeddable":true,"href":"https:\/\/tuzlainfo.ba\/index.php\/wp-json\/wp\/v2\/users\/2"}],"replies":[{"embeddable":true,"href":"https:\/\/tuzlainfo.ba\/index.php\/wp-json\/wp\/v2\/comments?post=188004"}],"version-history":[{"count":0,"href":"https:\/\/tuzlainfo.ba\/index.php\/wp-json\/wp\/v2\/posts\/188004\/revisions"}],"wp:featuredmedia":[{"embeddable":true,"href":"https:\/\/tuzlainfo.ba\/index.php\/wp-json\/wp\/v2\/media\/161520"}],"wp:attachment":[{"href":"https:\/\/tuzlainfo.ba\/index.php\/wp-json\/wp\/v2\/media?parent=188004"}],"wp:term":[{"taxonomy":"category","embeddable":true,"href":"https:\/\/tuzlainfo.ba\/index.php\/wp-json\/wp\/v2\/categories?post=188004"},{"taxonomy":"post_tag","embeddable":true,"href":"https:\/\/tuzlainfo.ba\/index.php\/wp-json\/wp\/v2\/tags?post=188004"}],"curies":[{"name":"wp","href":"https:\/\/api.w.org\/{rel}","templated":true}]}}