{"id":187891,"date":"2022-10-28T15:27:03","date_gmt":"2022-10-28T13:27:03","guid":{"rendered":"https:\/\/tuzlainfo.ba\/?p=187891"},"modified":"2022-10-28T15:27:03","modified_gmt":"2022-10-28T13:27:03","slug":"produzena-zabrana-izvoza-peleta-iz-bosne-i-hercegovine","status":"publish","type":"post","link":"https:\/\/tuzlainfo.ba\/index.php\/bosna-i-hercegovina\/item\/187891-produzena-zabrana-izvoza-peleta-iz-bosne-i-hercegovine\/","title":{"rendered":"Produ\u017eena zabrana izvoza peleta iz Bosne i Hercegovine"},"content":{"rendered":"<p style=\"font-weight: 400;\"><b><strong>Vije\u0107e ministara BiH na vanrednoj telefonskoj sjednici donijelo je Odluku o privremenoj zabrani izvoza odre\u0111enih \u0161umskih drvnih sortimenata i proizvoda od drveta do 31. januara 2023. godine. \u00a0<\/strong><\/b><\/p>\n<p style=\"font-weight: 400;\">Zabrana izvoza odre\u0111enih \u0161umskih drvnih sortimenata i proizvoda od drveta odnosi se na 12 tarifnih oznaka i uklju\u010duje oblovinu i pelete od drveta, \u010dime se \u017eele sprije\u010diti nesta\u0161ice i ubla\u017eiti posljedice za stanovni\u0161tvo i privredu prouzrokovane rastom cijena i krizom na svjetskom tr\u017ei\u0161tu energenata.<\/p>\n<p style=\"font-weight: 400;\">Odluka je donesena u skladu s inicijativama Vlade Republike Srpske i Vlade Federacije Bosne i Hercegovine, a nakon \u0161to je utvr\u0111eno da ranije donesenom odlukom nisu ispunjeni ciljevi njenog dono\u0161enja. To se, prije svega, odnosi na enormni rast cijena odre\u0111enih drvnih sortimenata i proizvoda od drveta koji nije zasnovan na realnim tro\u0161kovima njihove proizvodnje ve\u0107 se cijena formira na osnovu kretanja cijena na me\u0111unarodnom tr\u017ei\u0161tu, a koje doma\u0107e tr\u017ei\u0161te ne mo\u017ee pratiti.<\/p>\n<p style=\"font-weight: 400;\">Ministarstvo vanjske trgovine i ekonomskih odnosa BiH zadu\u017eeno je da, u okviru svojih nadle\u017enosti i u koordinaciji s drugim nadle\u017enim institucijima na svim nivoima vlasti u Bosni i Hercegovini, izna\u0111e na\u010din za uvo\u0111enje izvoznih ograni\u010denja za odre\u0111ene \u0161umske drvne sortimente i proizvode od drveta, sve u skladu s dostavljenim inicijativama entitetskih nadle\u017enih institucija.<\/p>\n<p style=\"font-weight: 400;\">Po isteku roka primjene ove odluke Vije\u0107e ministara BiH \u0107e produ\u017eavati za\u0161titne mjere predvi\u0111ene ovom odlukom, na prijedlog i na osnovu izvje\u0161taja Ministarstva vanjske trgovine i ekonomskih odnosa, a sve do ispunjenja ciljeva uvo\u0111enja privremene zabrane izvoza.<\/p>\n<p style=\"font-weight: 400;\">Vije\u0107e ministara BiH mo\u017ee preispitati primjenu ove odluke i prije isteka njenog va\u017eenja u slu\u010daju ispunjenja ciljeva njenog dono\u0161enja, na osnovu dostavljenog izvje\u0161taja Ministarstva vanjske trgovine i ekonomskih odnosa.<\/p>\n<p style=\"font-weight: 400;\">Odluka stupa na snagu danom dono\u0161enja i bit \u0107e objavljena u \u201eSlu\u017ebenom glasniku BiH\u201c i slu\u017ebenim glasilima entiteta.<\/p>\n<p style=\"font-weight: 400;\">Danom stupanja na snagu ove odluke prestaje da va\u017ei ranije donesena Odluka o privremenoj zabrani izvoza odre\u0111enih \u0161umskih drvnih sortimenata i proizvoda od drveta, usvojena na 76. vanrednoj sjednici Vije\u0107a ministara BiH od 20. 9. 2022. godine.<\/p>\n","protected":false},"excerpt":{"rendered":"<p>Vije\u0107e ministara BiH na vanrednoj telefonskoj sjednici donijelo je Odluku o privremenoj zabrani izvoza odre\u0111enih&hellip;<\/p>\n","protected":false},"author":4,"featured_media":181308,"comment_status":"open","ping_status":"closed","sticky":false,"template":"","format":"standard","meta":{"_acf_changed":false,"footnotes":""},"categories":[291,304],"tags":[4034,1557,4871],"acf":[],"yoast_head":"<!-- This site is optimized with the Yoast SEO plugin v23.5 - https:\/\/yoast.com\/wordpress\/plugins\/seo\/ -->\n<title>Produ\u017eena zabrana izvoza peleta iz Bosne i Hercegovine - TuzlaInfo.ba<\/title>\n<meta name=\"robots\" content=\"index, follow, max-snippet:-1, max-image-preview:large, max-video-preview:-1\" \/>\n<link rel=\"canonical\" href=\"https:\/\/tuzlainfo.ba\/index.php\/bosna-i-hercegovina\/item\/187891-produzena-zabrana-izvoza-peleta-iz-bosne-i-hercegovine\/\" \/>\n<meta property=\"og:locale\" content=\"bs_BA\" \/>\n<meta property=\"og:type\" content=\"article\" \/>\n<meta property=\"og:title\" content=\"Produ\u017eena zabrana izvoza peleta iz Bosne i Hercegovine - TuzlaInfo.ba\" \/>\n<meta property=\"og:description\" content=\"Vije\u0107e ministara BiH na vanrednoj telefonskoj sjednici donijelo je Odluku o privremenoj zabrani izvoza odre\u0111enih&hellip;\" \/>\n<meta property=\"og:url\" content=\"https:\/\/tuzlainfo.ba\/index.php\/bosna-i-hercegovina\/item\/187891-produzena-zabrana-izvoza-peleta-iz-bosne-i-hercegovine\/\" \/>\n<meta property=\"og:site_name\" content=\"TuzlaInfo.ba\" \/>\n<meta property=\"article:publisher\" content=\"https:\/\/www.facebook.com\/tuzlainfo.ba\/\" \/>\n<meta property=\"article:published_time\" content=\"2022-10-28T13:27:03+00:00\" \/>\n<meta property=\"og:image\" content=\"https:\/\/tuzlainfo.ba\/wp-content\/uploads\/2022\/08\/1508-pelet.jpg\" \/>\n\t<meta property=\"og:image:width\" content=\"1600\" \/>\n\t<meta property=\"og:image:height\" content=\"1200\" \/>\n\t<meta property=\"og:image:type\" content=\"image\/jpeg\" \/>\n<meta name=\"author\" content=\"Tuzla Info\" \/>\n<meta name=\"twitter:card\" content=\"summary_large_image\" \/>\n<meta name=\"twitter:label1\" content=\"Written by\" \/>\n\t<meta name=\"twitter:data1\" content=\"Tuzla Info\" \/>\n\t<meta name=\"twitter:label2\" content=\"Est. reading time\" \/>\n\t<meta name=\"twitter:data2\" content=\"2 minute\" \/>\n<script type=\"application\/ld+json\" class=\"yoast-schema-graph\">{\"@context\":\"https:\/\/schema.org\",\"@graph\":[{\"@type\":\"Article\",\"@id\":\"https:\/\/tuzlainfo.ba\/index.php\/bosna-i-hercegovina\/item\/187891-produzena-zabrana-izvoza-peleta-iz-bosne-i-hercegovine\/#article\",\"isPartOf\":{\"@id\":\"https:\/\/tuzlainfo.ba\/index.php\/bosna-i-hercegovina\/item\/187891-produzena-zabrana-izvoza-peleta-iz-bosne-i-hercegovine\/\"},\"author\":{\"name\":\"Tuzla Info\",\"@id\":\"https:\/\/tuzlainfo.ba\/#\/schema\/person\/46cad4c57790cbc50781edd14870825a\"},\"headline\":\"Produ\u017eena zabrana izvoza peleta iz Bosne i Hercegovine\",\"datePublished\":\"2022-10-28T13:27:03+00:00\",\"dateModified\":\"2022-10-28T13:27:03+00:00\",\"mainEntityOfPage\":{\"@id\":\"https:\/\/tuzlainfo.ba\/index.php\/bosna-i-hercegovina\/item\/187891-produzena-zabrana-izvoza-peleta-iz-bosne-i-hercegovine\/\"},\"wordCount\":367,\"commentCount\":0,\"publisher\":{\"@id\":\"https:\/\/tuzlainfo.ba\/#organization\"},\"image\":{\"@id\":\"https:\/\/tuzlainfo.ba\/index.php\/bosna-i-hercegovina\/item\/187891-produzena-zabrana-izvoza-peleta-iz-bosne-i-hercegovine\/#primaryimage\"},\"thumbnailUrl\":\"https:\/\/tuzlainfo.ba\/wp-content\/uploads\/2022\/08\/1508-pelet.jpg\",\"keywords\":[\"pelet\",\"vije\u0107e minstara\",\"zabrana izvoza\"],\"articleSection\":[\"Bosna i Hercegovina\",\"Istaknuto\"],\"inLanguage\":\"bs-BA\"},{\"@type\":\"WebPage\",\"@id\":\"https:\/\/tuzlainfo.ba\/index.php\/bosna-i-hercegovina\/item\/187891-produzena-zabrana-izvoza-peleta-iz-bosne-i-hercegovine\/\",\"url\":\"https:\/\/tuzlainfo.ba\/index.php\/bosna-i-hercegovina\/item\/187891-produzena-zabrana-izvoza-peleta-iz-bosne-i-hercegovine\/\",\"name\":\"Produ\u017eena zabrana izvoza peleta iz Bosne i Hercegovine - TuzlaInfo.ba\",\"isPartOf\":{\"@id\":\"https:\/\/tuzlainfo.ba\/#website\"},\"primaryImageOfPage\":{\"@id\":\"https:\/\/tuzlainfo.ba\/index.php\/bosna-i-hercegovina\/item\/187891-produzena-zabrana-izvoza-peleta-iz-bosne-i-hercegovine\/#primaryimage\"},\"image\":{\"@id\":\"https:\/\/tuzlainfo.ba\/index.php\/bosna-i-hercegovina\/item\/187891-produzena-zabrana-izvoza-peleta-iz-bosne-i-hercegovine\/#primaryimage\"},\"thumbnailUrl\":\"https:\/\/tuzlainfo.ba\/wp-content\/uploads\/2022\/08\/1508-pelet.jpg\",\"datePublished\":\"2022-10-28T13:27:03+00:00\",\"dateModified\":\"2022-10-28T13:27:03+00:00\",\"breadcrumb\":{\"@id\":\"https:\/\/tuzlainfo.ba\/index.php\/bosna-i-hercegovina\/item\/187891-produzena-zabrana-izvoza-peleta-iz-bosne-i-hercegovine\/#breadcrumb\"},\"inLanguage\":\"bs-BA\",\"potentialAction\":[{\"@type\":\"ReadAction\",\"target\":[\"https:\/\/tuzlainfo.ba\/index.php\/bosna-i-hercegovina\/item\/187891-produzena-zabrana-izvoza-peleta-iz-bosne-i-hercegovine\/\"]}]},{\"@type\":\"ImageObject\",\"inLanguage\":\"bs-BA\",\"@id\":\"https:\/\/tuzlainfo.ba\/index.php\/bosna-i-hercegovina\/item\/187891-produzena-zabrana-izvoza-peleta-iz-bosne-i-hercegovine\/#primaryimage\",\"url\":\"https:\/\/tuzlainfo.ba\/wp-content\/uploads\/2022\/08\/1508-pelet.jpg\",\"contentUrl\":\"https:\/\/tuzlainfo.ba\/wp-content\/uploads\/2022\/08\/1508-pelet.jpg\",\"width\":1600,\"height\":1200},{\"@type\":\"BreadcrumbList\",\"@id\":\"https:\/\/tuzlainfo.ba\/index.php\/bosna-i-hercegovina\/item\/187891-produzena-zabrana-izvoza-peleta-iz-bosne-i-hercegovine\/#breadcrumb\",\"itemListElement\":[{\"@type\":\"ListItem\",\"position\":1,\"name\":\"Home\",\"item\":\"https:\/\/tuzlainfo.ba\/\"},{\"@type\":\"ListItem\",\"position\":2,\"name\":\"Produ\u017eena zabrana izvoza peleta iz Bosne i Hercegovine\"}]},{\"@type\":\"WebSite\",\"@id\":\"https:\/\/tuzlainfo.ba\/#website\",\"url\":\"https:\/\/tuzlainfo.ba\/\",\"name\":\"TuzlaInfo.ba\",\"description\":\"Tuzla info, gradski informator - Tuzla na dlanu\",\"publisher\":{\"@id\":\"https:\/\/tuzlainfo.ba\/#organization\"},\"potentialAction\":[{\"@type\":\"SearchAction\",\"target\":{\"@type\":\"EntryPoint\",\"urlTemplate\":\"https:\/\/tuzlainfo.ba\/?s={search_term_string}\"},\"query-input\":{\"@type\":\"PropertyValueSpecification\",\"valueRequired\":true,\"valueName\":\"search_term_string\"}}],\"inLanguage\":\"bs-BA\"},{\"@type\":\"Organization\",\"@id\":\"https:\/\/tuzlainfo.ba\/#organization\",\"name\":\"TuzlaInfo.ba\",\"url\":\"https:\/\/tuzlainfo.ba\/\",\"logo\":{\"@type\":\"ImageObject\",\"inLanguage\":\"bs-BA\",\"@id\":\"https:\/\/tuzlainfo.ba\/#\/schema\/logo\/image\/\",\"url\":\"https:\/\/tuzlainfo.ba\/wp-content\/uploads\/2021\/03\/logo-ver-3-1.png\",\"contentUrl\":\"https:\/\/tuzlainfo.ba\/wp-content\/uploads\/2021\/03\/logo-ver-3-1.png\",\"width\":350,\"height\":95,\"caption\":\"TuzlaInfo.ba\"},\"image\":{\"@id\":\"https:\/\/tuzlainfo.ba\/#\/schema\/logo\/image\/\"},\"sameAs\":[\"https:\/\/www.facebook.com\/tuzlainfo.ba\/\"]},{\"@type\":\"Person\",\"@id\":\"https:\/\/tuzlainfo.ba\/#\/schema\/person\/46cad4c57790cbc50781edd14870825a\",\"name\":\"Tuzla Info\",\"image\":{\"@type\":\"ImageObject\",\"inLanguage\":\"bs-BA\",\"@id\":\"https:\/\/tuzlainfo.ba\/#\/schema\/person\/image\/\",\"url\":\"https:\/\/tuzlainfo.ba\/wp-content\/litespeed\/avatar\/b6c453a6c38e3654f2e4416c643fc25c.jpg?ver=1777656712\",\"contentUrl\":\"https:\/\/tuzlainfo.ba\/wp-content\/litespeed\/avatar\/b6c453a6c38e3654f2e4416c643fc25c.jpg?ver=1777656712\",\"caption\":\"Tuzla Info\"}}]}<\/script>\n<!-- \/ Yoast SEO plugin. -->","yoast_head_json":{"title":"Produ\u017eena zabrana izvoza peleta iz Bosne i Hercegovine - TuzlaInfo.ba","robots":{"index":"index","follow":"follow","max-snippet":"max-snippet:-1","max-image-preview":"max-image-preview:large","max-video-preview":"max-video-preview:-1"},"canonical":"https:\/\/tuzlainfo.ba\/index.php\/bosna-i-hercegovina\/item\/187891-produzena-zabrana-izvoza-peleta-iz-bosne-i-hercegovine\/","og_locale":"bs_BA","og_type":"article","og_title":"Produ\u017eena zabrana izvoza peleta iz Bosne i Hercegovine - TuzlaInfo.ba","og_description":"Vije\u0107e ministara BiH na vanrednoj telefonskoj sjednici donijelo je Odluku o privremenoj zabrani izvoza odre\u0111enih&hellip;","og_url":"https:\/\/tuzlainfo.ba\/index.php\/bosna-i-hercegovina\/item\/187891-produzena-zabrana-izvoza-peleta-iz-bosne-i-hercegovine\/","og_site_name":"TuzlaInfo.ba","article_publisher":"https:\/\/www.facebook.com\/tuzlainfo.ba\/","article_published_time":"2022-10-28T13:27:03+00:00","og_image":[{"width":1600,"height":1200,"url":"https:\/\/tuzlainfo.ba\/wp-content\/uploads\/2022\/08\/1508-pelet.jpg","type":"image\/jpeg"}],"author":"Tuzla Info","twitter_card":"summary_large_image","twitter_misc":{"Written by":"Tuzla Info","Est. reading time":"2 minute"},"schema":{"@context":"https:\/\/schema.org","@graph":[{"@type":"Article","@id":"https:\/\/tuzlainfo.ba\/index.php\/bosna-i-hercegovina\/item\/187891-produzena-zabrana-izvoza-peleta-iz-bosne-i-hercegovine\/#article","isPartOf":{"@id":"https:\/\/tuzlainfo.ba\/index.php\/bosna-i-hercegovina\/item\/187891-produzena-zabrana-izvoza-peleta-iz-bosne-i-hercegovine\/"},"author":{"name":"Tuzla Info","@id":"https:\/\/tuzlainfo.ba\/#\/schema\/person\/46cad4c57790cbc50781edd14870825a"},"headline":"Produ\u017eena zabrana izvoza peleta iz Bosne i Hercegovine","datePublished":"2022-10-28T13:27:03+00:00","dateModified":"2022-10-28T13:27:03+00:00","mainEntityOfPage":{"@id":"https:\/\/tuzlainfo.ba\/index.php\/bosna-i-hercegovina\/item\/187891-produzena-zabrana-izvoza-peleta-iz-bosne-i-hercegovine\/"},"wordCount":367,"commentCount":0,"publisher":{"@id":"https:\/\/tuzlainfo.ba\/#organization"},"image":{"@id":"https:\/\/tuzlainfo.ba\/index.php\/bosna-i-hercegovina\/item\/187891-produzena-zabrana-izvoza-peleta-iz-bosne-i-hercegovine\/#primaryimage"},"thumbnailUrl":"https:\/\/tuzlainfo.ba\/wp-content\/uploads\/2022\/08\/1508-pelet.jpg","keywords":["pelet","vije\u0107e minstara","zabrana izvoza"],"articleSection":["Bosna i Hercegovina","Istaknuto"],"inLanguage":"bs-BA"},{"@type":"WebPage","@id":"https:\/\/tuzlainfo.ba\/index.php\/bosna-i-hercegovina\/item\/187891-produzena-zabrana-izvoza-peleta-iz-bosne-i-hercegovine\/","url":"https:\/\/tuzlainfo.ba\/index.php\/bosna-i-hercegovina\/item\/187891-produzena-zabrana-izvoza-peleta-iz-bosne-i-hercegovine\/","name":"Produ\u017eena zabrana izvoza peleta iz Bosne i Hercegovine - TuzlaInfo.ba","isPartOf":{"@id":"https:\/\/tuzlainfo.ba\/#website"},"primaryImageOfPage":{"@id":"https:\/\/tuzlainfo.ba\/index.php\/bosna-i-hercegovina\/item\/187891-produzena-zabrana-izvoza-peleta-iz-bosne-i-hercegovine\/#primaryimage"},"image":{"@id":"https:\/\/tuzlainfo.ba\/index.php\/bosna-i-hercegovina\/item\/187891-produzena-zabrana-izvoza-peleta-iz-bosne-i-hercegovine\/#primaryimage"},"thumbnailUrl":"https:\/\/tuzlainfo.ba\/wp-content\/uploads\/2022\/08\/1508-pelet.jpg","datePublished":"2022-10-28T13:27:03+00:00","dateModified":"2022-10-28T13:27:03+00:00","breadcrumb":{"@id":"https:\/\/tuzlainfo.ba\/index.php\/bosna-i-hercegovina\/item\/187891-produzena-zabrana-izvoza-peleta-iz-bosne-i-hercegovine\/#breadcrumb"},"inLanguage":"bs-BA","potentialAction":[{"@type":"ReadAction","target":["https:\/\/tuzlainfo.ba\/index.php\/bosna-i-hercegovina\/item\/187891-produzena-zabrana-izvoza-peleta-iz-bosne-i-hercegovine\/"]}]},{"@type":"ImageObject","inLanguage":"bs-BA","@id":"https:\/\/tuzlainfo.ba\/index.php\/bosna-i-hercegovina\/item\/187891-produzena-zabrana-izvoza-peleta-iz-bosne-i-hercegovine\/#primaryimage","url":"https:\/\/tuzlainfo.ba\/wp-content\/uploads\/2022\/08\/1508-pelet.jpg","contentUrl":"https:\/\/tuzlainfo.ba\/wp-content\/uploads\/2022\/08\/1508-pelet.jpg","width":1600,"height":1200},{"@type":"BreadcrumbList","@id":"https:\/\/tuzlainfo.ba\/index.php\/bosna-i-hercegovina\/item\/187891-produzena-zabrana-izvoza-peleta-iz-bosne-i-hercegovine\/#breadcrumb","itemListElement":[{"@type":"ListItem","position":1,"name":"Home","item":"https:\/\/tuzlainfo.ba\/"},{"@type":"ListItem","position":2,"name":"Produ\u017eena zabrana izvoza peleta iz Bosne i Hercegovine"}]},{"@type":"WebSite","@id":"https:\/\/tuzlainfo.ba\/#website","url":"https:\/\/tuzlainfo.ba\/","name":"TuzlaInfo.ba","description":"Tuzla info, gradski informator - Tuzla na dlanu","publisher":{"@id":"https:\/\/tuzlainfo.ba\/#organization"},"potentialAction":[{"@type":"SearchAction","target":{"@type":"EntryPoint","urlTemplate":"https:\/\/tuzlainfo.ba\/?s={search_term_string}"},"query-input":{"@type":"PropertyValueSpecification","valueRequired":true,"valueName":"search_term_string"}}],"inLanguage":"bs-BA"},{"@type":"Organization","@id":"https:\/\/tuzlainfo.ba\/#organization","name":"TuzlaInfo.ba","url":"https:\/\/tuzlainfo.ba\/","logo":{"@type":"ImageObject","inLanguage":"bs-BA","@id":"https:\/\/tuzlainfo.ba\/#\/schema\/logo\/image\/","url":"https:\/\/tuzlainfo.ba\/wp-content\/uploads\/2021\/03\/logo-ver-3-1.png","contentUrl":"https:\/\/tuzlainfo.ba\/wp-content\/uploads\/2021\/03\/logo-ver-3-1.png","width":350,"height":95,"caption":"TuzlaInfo.ba"},"image":{"@id":"https:\/\/tuzlainfo.ba\/#\/schema\/logo\/image\/"},"sameAs":["https:\/\/www.facebook.com\/tuzlainfo.ba\/"]},{"@type":"Person","@id":"https:\/\/tuzlainfo.ba\/#\/schema\/person\/46cad4c57790cbc50781edd14870825a","name":"Tuzla Info","image":{"@type":"ImageObject","inLanguage":"bs-BA","@id":"https:\/\/tuzlainfo.ba\/#\/schema\/person\/image\/","url":"https:\/\/tuzlainfo.ba\/wp-content\/litespeed\/avatar\/b6c453a6c38e3654f2e4416c643fc25c.jpg?ver=1777656712","contentUrl":"https:\/\/tuzlainfo.ba\/wp-content\/litespeed\/avatar\/b6c453a6c38e3654f2e4416c643fc25c.jpg?ver=1777656712","caption":"Tuzla Info"}}]}},"_links":{"self":[{"href":"https:\/\/tuzlainfo.ba\/index.php\/wp-json\/wp\/v2\/posts\/187891"}],"collection":[{"href":"https:\/\/tuzlainfo.ba\/index.php\/wp-json\/wp\/v2\/posts"}],"about":[{"href":"https:\/\/tuzlainfo.ba\/index.php\/wp-json\/wp\/v2\/types\/post"}],"author":[{"embeddable":true,"href":"https:\/\/tuzlainfo.ba\/index.php\/wp-json\/wp\/v2\/users\/4"}],"replies":[{"embeddable":true,"href":"https:\/\/tuzlainfo.ba\/index.php\/wp-json\/wp\/v2\/comments?post=187891"}],"version-history":[{"count":0,"href":"https:\/\/tuzlainfo.ba\/index.php\/wp-json\/wp\/v2\/posts\/187891\/revisions"}],"wp:featuredmedia":[{"embeddable":true,"href":"https:\/\/tuzlainfo.ba\/index.php\/wp-json\/wp\/v2\/media\/181308"}],"wp:attachment":[{"href":"https:\/\/tuzlainfo.ba\/index.php\/wp-json\/wp\/v2\/media?parent=187891"}],"wp:term":[{"taxonomy":"category","embeddable":true,"href":"https:\/\/tuzlainfo.ba\/index.php\/wp-json\/wp\/v2\/categories?post=187891"},{"taxonomy":"post_tag","embeddable":true,"href":"https:\/\/tuzlainfo.ba\/index.php\/wp-json\/wp\/v2\/tags?post=187891"}],"curies":[{"name":"wp","href":"https:\/\/api.w.org\/{rel}","templated":true}]}}