{"id":187745,"date":"2022-10-26T21:16:05","date_gmt":"2022-10-26T19:16:05","guid":{"rendered":"https:\/\/tuzlainfo.ba\/?p=187745"},"modified":"2022-10-26T21:16:05","modified_gmt":"2022-10-26T19:16:05","slug":"grlic-radman-turkovic-u-islamske-zemlje-ide-po-oruzje","status":"publish","type":"post","link":"https:\/\/tuzlainfo.ba\/index.php\/clanci\/sa-svih-strana\/item\/187745-grlic-radman-turkovic-u-islamske-zemlje-ide-po-oruzje\/","title":{"rendered":"Grli\u0107 Radman: Turkovi\u0107 u islamske zemlje ide po oru\u017eje"},"content":{"rendered":"<p>Ministar vanjskih poslova Hrvatske Gordan Grli\u0107 Radman obratio se danas Hrvatskom narodnom saboru gdje je govorio o polo\u017eaju hrvatskog naroda u BiH te ulozi visokog predstavnika Christiana Schmidta.<\/p>\n<p>&nbsp;<\/p>\n<p>Zastupnici vladaju\u0107e ve\u0107ine i opozicije u hrvatskom parlamentu me\u0111usobno su se optu\u017eivali za &#8220;veleizdaju Hrvata u BiH&#8221;.<\/p>\n<p>&nbsp;<\/p>\n<p>&#8220;Poka\u017eite mi \u0161to ste u\u010dinili, poka\u017eite mi dopis, nekog stranog parlamentarca s kim ste razgovarali. Jeste li u nekom parlamentu osvijetili polo\u017eaj hrvatskog naroda u BiH? Niste napravili ni\u0161ta, vi\u0161e \u0161tetite nego \u0161to mislite da pridonosite&#8221;, poru\u010dio je Grli\u0107 Radman zastupnicima.<\/p>\n<p>&nbsp;<\/p>\n<p>Hrvatski ministar vanjskih poslova kazao je da je &#8220;i dalje pup\u010danom vrpcom vezan za BiH&#8221;.<\/p>\n<p>&#8220;Niti jedna slu\u010dajnost nije slu\u010dajna. Ako spominjemo Milanovi\u0107a, \u010duli smo kako je gospodina Schmidta bio obasuo uvredama. To je jako puno doprinijelo atmosferi koja se stvorila prije upotrebe bonskih ovlasti. Naravno da je Schmidt imao na\u0161u potporu od samoga po\u010detka i da je u\u010dinio ono \u0161to je morao, na dan izbora ili prije. To je svakako velika pobjeda hrvatske diplomatije&#8221;, mi\u0161ljenja je Grli\u0107 Radman.<\/p>\n<p>&nbsp;<\/p>\n<p>Naglasio je kako on u Saboru sam samo djelomi\u010dno elaborirao sve \u0161to je ministarstvo vanjskih poslova uradilo.<\/p>\n<p>&nbsp;<\/p>\n<p>&#8220;Ali tu je velika uloga bila premijera Plenkovi\u0107a koji je jedini nakon Dejtonskog sporazuma ulo\u017eio velike napore da se do\u0111e do ovih promjena.To nije bilo jednostavno stavljati na agendu i Evropskom vije\u0107u, predsjednik Charles Michel je posjetio BiH i pozvao politi\u010dke lidere da potpi\u0161u sporazum kojim se obvezuju na izborne promjene. Ali kad se oni vrate dolje, to je druga pri\u010da, to je jedna politi\u010dka kultura na koju je te\u0161ko utjecati. Hrvatska je tu utjecala puno&#8221;, kazao je.<\/p>\n<p>&nbsp;<\/p>\n<p>Naglasio je da nikome nije u interesu, od zastupnika u Saboru, kako je do\u0161lo do izmjena Izbornog zakona BiH.<\/p>\n<p>&#8220;Kada vidite koji je rezultat, pa vi niste ni svjesni. Ovdje je spa\u0161ena politi\u010dka participacija i preglasavanje u Domu naroda, to je bitno. Mi smo u koordinaciji sa svim nositeljima vlasti, sa predstavnicima HNS-a i legitimno izabranim predstavnicima. Mi tra\u017eimo od me\u0111unarodne zajednice da razumije situaciju u BiH&#8221;, naglasio je.<\/p>\n<p>&nbsp;<\/p>\n<p>Grli\u0107 Radman predstavio je Saboru kratak izvje\u0161taj rada ministarstva vanjskih poslova u proteklome periodu.<\/p>\n<p>&nbsp;<\/p>\n<p>&#8220;Hrvati su u BiH dugotrajno izlo\u017eeni sa nemogu\u0107no\u0161\u0107u biranja vlastiti politi\u010dkih predstavnika kako je to predvi\u0111eno Ustavom BiH. Hrvatska dana je tokom 2020. i 2021. godine bila posebno predana senzibiliziranju me\u0111unarodnih partnera, internacionalizaciji pitanja na pote\u0161ko\u0107e sa kojima se Hrvati suo\u010davaju pri ostvarivanju zajam\u010denih prava. Ta su natojanja dovela i do konkretnih rezultata tokom ove godine, Na stru\u010dnoj i politi\u010dkoj razini, bili smo usredoto\u010deni na potporu Hrvatima BiH, putu ka EU i NATO-u i razvoju bilateralnih odnosa. Plenkovi\u0107 je sudjelovao u brojnim akrtivnostima usmjerenima na stabilnost BiH i polo\u017eaju Hrvata u BiH. Nastavio je odr\u017eavati kontakte sa legitimnim poliit\u010dkim predstavnicima u BiH. Ukazivao je na nu\u017enost izmjene Izbornog zakona, ograni\u010denu ustavnu izmjenu radi osiguravanja legitimnog politi\u010dkog predstavljanja hrvatskog naroda. Istivao je kako je cilj Hrvatske mirna i stabilna BiH koja napreduje na svom evropskom putu. Zalagao se za to da pitanje BiH ostane \u010dvrsto u fokusu EU. Nedavno smo svjedo\u010dili i odluci visokog predstavnika, to je bila pravedna odluka koja nije samo u interesu Hrvata ve\u0107 \u010ditave BiH, i dobrog funkcioniranja Federacije BiH te predstavlja prvi korak u daljim promjenama izbornog zakona u BiH. Pru\u017eena je kontinuirana podr\u0161ka procesu evropskim integracijiama BiH&#8221;, istakao je hrvatski ministar.<\/p>\n<p>&nbsp;<\/p>\n<p>Naglasio je kako je hrvatska vlada svoje evropske partnere upoznavala sa zna\u010dajem izmjene Izbornog zakona BiH posebno sa implementacjiom presude &#8216;Ljubi\u0107&#8217;.<\/p>\n<p>Naglasio je kako je hrvatska vlada svoje evropske partnere upoznavala sa zna\u010dajem izmjene Izbornog zakona BiH posebno sa implementacjiom presude &#8216;Ljubi\u0107&#8217;.<\/p>\n<p>&nbsp;<\/p>\n<p>&#8220;Hrvatska je pristupila dr\u017eavama partnerima u Evropskoj uniji kako bi se izradio non paper za BiH u kojem bi se istakao zajedni\u010dki cilj stabilne BiH spremne na reforme. Hrvatska je redovito insistirala na na\u010delima izmjena Izbornog zakona koji su potpisali Dragan \u010covi\u0107 i Bakir Izetbegovi\u0107. Aktivno smo se zalagali da se pomogne BiH u ispunjavanju prioriteta Evropske komisije&#8221;, istakao je.<\/p>\n<p>&nbsp;<\/p>\n<p>Tokom 2020. godine, kazao je kako je provedeno pet programa koji su radili na pobolj\u0161anja \u017eivota Hrvata u BiH.<\/p>\n<p>&nbsp;<\/p>\n<p>&#8220;Imamo s \u010dime hvaliti, ali govoriti znate o prosperitetnoj BiH. U tome je i rje\u0161enje, ali za\u0161to je dolje visoki predstavnik. Pa jer je to dr\u017eava sa demokratskim defiticom. Hrvati su stije\u0161njeni izme\u0111u srpskog separatizma i bo\u0161nja\u010dkog unitarizma. Pa njima dolje nije lako, sjetite se onih hu\u0161ka\u010dkih prosvjeda. Prijeti im se ratom, prebrojavanjem. Ministrica vanjskih poslova ide u islamske zemlje tra\u017eiti oru\u017eje&#8221;, kazao je Grli\u0107 Radman.<\/p>\n<p>&nbsp;<\/p>\n<p>Govorio je i o tome koliko je bilo te\u0161ko do\u0107i do trenutka izmjene Izbornog zakona u BiH.<\/p>\n<p>&nbsp;<\/p>\n<p>&#8220;Uvijek je lako sa strane gledati neku situaciju, procesi su vroma kompleksni. Me\u0111unarodna zajednica je slo\u017eena, i tu je te\u0161ko imati ono jedan kroz jedan. Morate vidjeti snage i slabosti. Ako ste pratili dobro ono \u0161to se de\u0161avalo mogli ste vidjeti da je bo\u0161nja\u010dka strana opstruirala svaki dogovor. Vi uvijek to gledate idealisti\u010dki, zapravo zaboravljaju\u0107i da postoje i neki drugi i da u Bosni i Hercegovini ne \u017eive samo Hrvati. Morate vidjeti na \u0161to je tko spreman i \u0161to se mo\u017ee napraviti u datim okolnostima. Naravno i u me\u0111unarodnoj zajednici, pa nisu sve dr\u017eave blagonaklono gledale na hrvatsku poziciju. Ovo \u0161to smo mi napravili, to je kolosalno. To je ne\u0161to \u0161to niko do sada nije napravio! Pazite, visoki predstavnik u BiH nikada do sada nije mijenjao ne\u0161to \u0161to je u\u010dinio njegov prethodnik. Ovo je prvi put i u korist hrvatskog naroda&#8221;, poru\u010dio je, prenio je Klix.<\/p>\n<p>&nbsp;<\/p>\n<p>Istakao je i kako smatra da je Borjana Kri\u0161to pobjednica na Op\u0107im izborima 2022 za \u010dlana Predsjendi\u0161tva BiH.<\/p>\n","protected":false},"excerpt":{"rendered":"<p>Ministar vanjskih poslova Hrvatske Gordan Grli\u0107 Radman obratio se danas Hrvatskom narodnom saboru gdje je&hellip;<\/p>\n","protected":false},"author":4,"featured_media":142749,"comment_status":"open","ping_status":"closed","sticky":false,"template":"","format":"standard","meta":{"_acf_changed":false,"footnotes":""},"categories":[16],"tags":[744,2043],"acf":[],"yoast_head":"<!-- This site is optimized with the Yoast SEO plugin v23.5 - https:\/\/yoast.com\/wordpress\/plugins\/seo\/ -->\n<title>Grli\u0107 Radman: Turkovi\u0107 u islamske zemlje ide po oru\u017eje - TuzlaInfo.ba<\/title>\n<meta name=\"robots\" content=\"index, follow, max-snippet:-1, max-image-preview:large, max-video-preview:-1\" \/>\n<link rel=\"canonical\" href=\"https:\/\/tuzlainfo.ba\/index.php\/clanci\/sa-svih-strana\/item\/187745-grlic-radman-turkovic-u-islamske-zemlje-ide-po-oruzje\/\" \/>\n<meta property=\"og:locale\" content=\"bs_BA\" \/>\n<meta property=\"og:type\" content=\"article\" \/>\n<meta property=\"og:title\" content=\"Grli\u0107 Radman: Turkovi\u0107 u islamske zemlje ide po oru\u017eje - TuzlaInfo.ba\" \/>\n<meta property=\"og:description\" content=\"Ministar vanjskih poslova Hrvatske Gordan Grli\u0107 Radman obratio se danas Hrvatskom narodnom saboru gdje je&hellip;\" \/>\n<meta property=\"og:url\" content=\"https:\/\/tuzlainfo.ba\/index.php\/clanci\/sa-svih-strana\/item\/187745-grlic-radman-turkovic-u-islamske-zemlje-ide-po-oruzje\/\" \/>\n<meta property=\"og:site_name\" content=\"TuzlaInfo.ba\" \/>\n<meta property=\"article:publisher\" content=\"https:\/\/www.facebook.com\/tuzlainfo.ba\/\" \/>\n<meta property=\"article:published_time\" content=\"2022-10-26T19:16:05+00:00\" \/>\n<meta property=\"og:image\" content=\"https:\/\/tuzlainfo.ba\/wp-content\/uploads\/2021\/07\/2307_grlic-radman.jpg\" \/>\n\t<meta property=\"og:image:width\" content=\"864\" \/>\n\t<meta property=\"og:image:height\" content=\"486\" \/>\n\t<meta property=\"og:image:type\" content=\"image\/jpeg\" \/>\n<meta name=\"author\" content=\"Tuzla Info\" \/>\n<meta name=\"twitter:card\" content=\"summary_large_image\" \/>\n<meta name=\"twitter:label1\" content=\"Written by\" \/>\n\t<meta name=\"twitter:data1\" content=\"Tuzla Info\" \/>\n\t<meta name=\"twitter:label2\" content=\"Est. reading time\" \/>\n\t<meta name=\"twitter:data2\" content=\"5 minuta\" \/>\n<script type=\"application\/ld+json\" class=\"yoast-schema-graph\">{\"@context\":\"https:\/\/schema.org\",\"@graph\":[{\"@type\":\"Article\",\"@id\":\"https:\/\/tuzlainfo.ba\/index.php\/clanci\/sa-svih-strana\/item\/187745-grlic-radman-turkovic-u-islamske-zemlje-ide-po-oruzje\/#article\",\"isPartOf\":{\"@id\":\"https:\/\/tuzlainfo.ba\/index.php\/clanci\/sa-svih-strana\/item\/187745-grlic-radman-turkovic-u-islamske-zemlje-ide-po-oruzje\/\"},\"author\":{\"name\":\"Tuzla Info\",\"@id\":\"https:\/\/tuzlainfo.ba\/#\/schema\/person\/46cad4c57790cbc50781edd14870825a\"},\"headline\":\"Grli\u0107 Radman: Turkovi\u0107 u islamske zemlje ide po oru\u017eje\",\"datePublished\":\"2022-10-26T19:16:05+00:00\",\"dateModified\":\"2022-10-26T19:16:05+00:00\",\"mainEntityOfPage\":{\"@id\":\"https:\/\/tuzlainfo.ba\/index.php\/clanci\/sa-svih-strana\/item\/187745-grlic-radman-turkovic-u-islamske-zemlje-ide-po-oruzje\/\"},\"wordCount\":1024,\"commentCount\":0,\"publisher\":{\"@id\":\"https:\/\/tuzlainfo.ba\/#organization\"},\"image\":{\"@id\":\"https:\/\/tuzlainfo.ba\/index.php\/clanci\/sa-svih-strana\/item\/187745-grlic-radman-turkovic-u-islamske-zemlje-ide-po-oruzje\/#primaryimage\"},\"thumbnailUrl\":\"https:\/\/tuzlainfo.ba\/wp-content\/uploads\/2021\/07\/2307_grlic-radman.jpg\",\"keywords\":[\"bisera turkovi\u0107\",\"grli\u0107-radman\"],\"articleSection\":[\"Sa svih strana\"],\"inLanguage\":\"bs-BA\"},{\"@type\":\"WebPage\",\"@id\":\"https:\/\/tuzlainfo.ba\/index.php\/clanci\/sa-svih-strana\/item\/187745-grlic-radman-turkovic-u-islamske-zemlje-ide-po-oruzje\/\",\"url\":\"https:\/\/tuzlainfo.ba\/index.php\/clanci\/sa-svih-strana\/item\/187745-grlic-radman-turkovic-u-islamske-zemlje-ide-po-oruzje\/\",\"name\":\"Grli\u0107 Radman: Turkovi\u0107 u islamske zemlje ide po oru\u017eje - TuzlaInfo.ba\",\"isPartOf\":{\"@id\":\"https:\/\/tuzlainfo.ba\/#website\"},\"primaryImageOfPage\":{\"@id\":\"https:\/\/tuzlainfo.ba\/index.php\/clanci\/sa-svih-strana\/item\/187745-grlic-radman-turkovic-u-islamske-zemlje-ide-po-oruzje\/#primaryimage\"},\"image\":{\"@id\":\"https:\/\/tuzlainfo.ba\/index.php\/clanci\/sa-svih-strana\/item\/187745-grlic-radman-turkovic-u-islamske-zemlje-ide-po-oruzje\/#primaryimage\"},\"thumbnailUrl\":\"https:\/\/tuzlainfo.ba\/wp-content\/uploads\/2021\/07\/2307_grlic-radman.jpg\",\"datePublished\":\"2022-10-26T19:16:05+00:00\",\"dateModified\":\"2022-10-26T19:16:05+00:00\",\"breadcrumb\":{\"@id\":\"https:\/\/tuzlainfo.ba\/index.php\/clanci\/sa-svih-strana\/item\/187745-grlic-radman-turkovic-u-islamske-zemlje-ide-po-oruzje\/#breadcrumb\"},\"inLanguage\":\"bs-BA\",\"potentialAction\":[{\"@type\":\"ReadAction\",\"target\":[\"https:\/\/tuzlainfo.ba\/index.php\/clanci\/sa-svih-strana\/item\/187745-grlic-radman-turkovic-u-islamske-zemlje-ide-po-oruzje\/\"]}]},{\"@type\":\"ImageObject\",\"inLanguage\":\"bs-BA\",\"@id\":\"https:\/\/tuzlainfo.ba\/index.php\/clanci\/sa-svih-strana\/item\/187745-grlic-radman-turkovic-u-islamske-zemlje-ide-po-oruzje\/#primaryimage\",\"url\":\"https:\/\/tuzlainfo.ba\/wp-content\/uploads\/2021\/07\/2307_grlic-radman.jpg\",\"contentUrl\":\"https:\/\/tuzlainfo.ba\/wp-content\/uploads\/2021\/07\/2307_grlic-radman.jpg\",\"width\":864,\"height\":486},{\"@type\":\"BreadcrumbList\",\"@id\":\"https:\/\/tuzlainfo.ba\/index.php\/clanci\/sa-svih-strana\/item\/187745-grlic-radman-turkovic-u-islamske-zemlje-ide-po-oruzje\/#breadcrumb\",\"itemListElement\":[{\"@type\":\"ListItem\",\"position\":1,\"name\":\"Home\",\"item\":\"https:\/\/tuzlainfo.ba\/\"},{\"@type\":\"ListItem\",\"position\":2,\"name\":\"Grli\u0107 Radman: Turkovi\u0107 u islamske zemlje ide po oru\u017eje\"}]},{\"@type\":\"WebSite\",\"@id\":\"https:\/\/tuzlainfo.ba\/#website\",\"url\":\"https:\/\/tuzlainfo.ba\/\",\"name\":\"TuzlaInfo.ba\",\"description\":\"Tuzla info, gradski informator - Tuzla na dlanu\",\"publisher\":{\"@id\":\"https:\/\/tuzlainfo.ba\/#organization\"},\"potentialAction\":[{\"@type\":\"SearchAction\",\"target\":{\"@type\":\"EntryPoint\",\"urlTemplate\":\"https:\/\/tuzlainfo.ba\/?s={search_term_string}\"},\"query-input\":{\"@type\":\"PropertyValueSpecification\",\"valueRequired\":true,\"valueName\":\"search_term_string\"}}],\"inLanguage\":\"bs-BA\"},{\"@type\":\"Organization\",\"@id\":\"https:\/\/tuzlainfo.ba\/#organization\",\"name\":\"TuzlaInfo.ba\",\"url\":\"https:\/\/tuzlainfo.ba\/\",\"logo\":{\"@type\":\"ImageObject\",\"inLanguage\":\"bs-BA\",\"@id\":\"https:\/\/tuzlainfo.ba\/#\/schema\/logo\/image\/\",\"url\":\"https:\/\/tuzlainfo.ba\/wp-content\/uploads\/2021\/03\/logo-ver-3-1.png\",\"contentUrl\":\"https:\/\/tuzlainfo.ba\/wp-content\/uploads\/2021\/03\/logo-ver-3-1.png\",\"width\":350,\"height\":95,\"caption\":\"TuzlaInfo.ba\"},\"image\":{\"@id\":\"https:\/\/tuzlainfo.ba\/#\/schema\/logo\/image\/\"},\"sameAs\":[\"https:\/\/www.facebook.com\/tuzlainfo.ba\/\"]},{\"@type\":\"Person\",\"@id\":\"https:\/\/tuzlainfo.ba\/#\/schema\/person\/46cad4c57790cbc50781edd14870825a\",\"name\":\"Tuzla Info\",\"image\":{\"@type\":\"ImageObject\",\"inLanguage\":\"bs-BA\",\"@id\":\"https:\/\/tuzlainfo.ba\/#\/schema\/person\/image\/\",\"url\":\"https:\/\/tuzlainfo.ba\/wp-content\/litespeed\/avatar\/b6c453a6c38e3654f2e4416c643fc25c.jpg?ver=1777051911\",\"contentUrl\":\"https:\/\/tuzlainfo.ba\/wp-content\/litespeed\/avatar\/b6c453a6c38e3654f2e4416c643fc25c.jpg?ver=1777051911\",\"caption\":\"Tuzla Info\"}}]}<\/script>\n<!-- \/ Yoast SEO plugin. -->","yoast_head_json":{"title":"Grli\u0107 Radman: Turkovi\u0107 u islamske zemlje ide po oru\u017eje - TuzlaInfo.ba","robots":{"index":"index","follow":"follow","max-snippet":"max-snippet:-1","max-image-preview":"max-image-preview:large","max-video-preview":"max-video-preview:-1"},"canonical":"https:\/\/tuzlainfo.ba\/index.php\/clanci\/sa-svih-strana\/item\/187745-grlic-radman-turkovic-u-islamske-zemlje-ide-po-oruzje\/","og_locale":"bs_BA","og_type":"article","og_title":"Grli\u0107 Radman: Turkovi\u0107 u islamske zemlje ide po oru\u017eje - TuzlaInfo.ba","og_description":"Ministar vanjskih poslova Hrvatske Gordan Grli\u0107 Radman obratio se danas Hrvatskom narodnom saboru gdje je&hellip;","og_url":"https:\/\/tuzlainfo.ba\/index.php\/clanci\/sa-svih-strana\/item\/187745-grlic-radman-turkovic-u-islamske-zemlje-ide-po-oruzje\/","og_site_name":"TuzlaInfo.ba","article_publisher":"https:\/\/www.facebook.com\/tuzlainfo.ba\/","article_published_time":"2022-10-26T19:16:05+00:00","og_image":[{"width":864,"height":486,"url":"https:\/\/tuzlainfo.ba\/wp-content\/uploads\/2021\/07\/2307_grlic-radman.jpg","type":"image\/jpeg"}],"author":"Tuzla Info","twitter_card":"summary_large_image","twitter_misc":{"Written by":"Tuzla Info","Est. reading time":"5 minuta"},"schema":{"@context":"https:\/\/schema.org","@graph":[{"@type":"Article","@id":"https:\/\/tuzlainfo.ba\/index.php\/clanci\/sa-svih-strana\/item\/187745-grlic-radman-turkovic-u-islamske-zemlje-ide-po-oruzje\/#article","isPartOf":{"@id":"https:\/\/tuzlainfo.ba\/index.php\/clanci\/sa-svih-strana\/item\/187745-grlic-radman-turkovic-u-islamske-zemlje-ide-po-oruzje\/"},"author":{"name":"Tuzla Info","@id":"https:\/\/tuzlainfo.ba\/#\/schema\/person\/46cad4c57790cbc50781edd14870825a"},"headline":"Grli\u0107 Radman: Turkovi\u0107 u islamske zemlje ide po oru\u017eje","datePublished":"2022-10-26T19:16:05+00:00","dateModified":"2022-10-26T19:16:05+00:00","mainEntityOfPage":{"@id":"https:\/\/tuzlainfo.ba\/index.php\/clanci\/sa-svih-strana\/item\/187745-grlic-radman-turkovic-u-islamske-zemlje-ide-po-oruzje\/"},"wordCount":1024,"commentCount":0,"publisher":{"@id":"https:\/\/tuzlainfo.ba\/#organization"},"image":{"@id":"https:\/\/tuzlainfo.ba\/index.php\/clanci\/sa-svih-strana\/item\/187745-grlic-radman-turkovic-u-islamske-zemlje-ide-po-oruzje\/#primaryimage"},"thumbnailUrl":"https:\/\/tuzlainfo.ba\/wp-content\/uploads\/2021\/07\/2307_grlic-radman.jpg","keywords":["bisera turkovi\u0107","grli\u0107-radman"],"articleSection":["Sa svih strana"],"inLanguage":"bs-BA"},{"@type":"WebPage","@id":"https:\/\/tuzlainfo.ba\/index.php\/clanci\/sa-svih-strana\/item\/187745-grlic-radman-turkovic-u-islamske-zemlje-ide-po-oruzje\/","url":"https:\/\/tuzlainfo.ba\/index.php\/clanci\/sa-svih-strana\/item\/187745-grlic-radman-turkovic-u-islamske-zemlje-ide-po-oruzje\/","name":"Grli\u0107 Radman: Turkovi\u0107 u islamske zemlje ide po oru\u017eje - TuzlaInfo.ba","isPartOf":{"@id":"https:\/\/tuzlainfo.ba\/#website"},"primaryImageOfPage":{"@id":"https:\/\/tuzlainfo.ba\/index.php\/clanci\/sa-svih-strana\/item\/187745-grlic-radman-turkovic-u-islamske-zemlje-ide-po-oruzje\/#primaryimage"},"image":{"@id":"https:\/\/tuzlainfo.ba\/index.php\/clanci\/sa-svih-strana\/item\/187745-grlic-radman-turkovic-u-islamske-zemlje-ide-po-oruzje\/#primaryimage"},"thumbnailUrl":"https:\/\/tuzlainfo.ba\/wp-content\/uploads\/2021\/07\/2307_grlic-radman.jpg","datePublished":"2022-10-26T19:16:05+00:00","dateModified":"2022-10-26T19:16:05+00:00","breadcrumb":{"@id":"https:\/\/tuzlainfo.ba\/index.php\/clanci\/sa-svih-strana\/item\/187745-grlic-radman-turkovic-u-islamske-zemlje-ide-po-oruzje\/#breadcrumb"},"inLanguage":"bs-BA","potentialAction":[{"@type":"ReadAction","target":["https:\/\/tuzlainfo.ba\/index.php\/clanci\/sa-svih-strana\/item\/187745-grlic-radman-turkovic-u-islamske-zemlje-ide-po-oruzje\/"]}]},{"@type":"ImageObject","inLanguage":"bs-BA","@id":"https:\/\/tuzlainfo.ba\/index.php\/clanci\/sa-svih-strana\/item\/187745-grlic-radman-turkovic-u-islamske-zemlje-ide-po-oruzje\/#primaryimage","url":"https:\/\/tuzlainfo.ba\/wp-content\/uploads\/2021\/07\/2307_grlic-radman.jpg","contentUrl":"https:\/\/tuzlainfo.ba\/wp-content\/uploads\/2021\/07\/2307_grlic-radman.jpg","width":864,"height":486},{"@type":"BreadcrumbList","@id":"https:\/\/tuzlainfo.ba\/index.php\/clanci\/sa-svih-strana\/item\/187745-grlic-radman-turkovic-u-islamske-zemlje-ide-po-oruzje\/#breadcrumb","itemListElement":[{"@type":"ListItem","position":1,"name":"Home","item":"https:\/\/tuzlainfo.ba\/"},{"@type":"ListItem","position":2,"name":"Grli\u0107 Radman: Turkovi\u0107 u islamske zemlje ide po oru\u017eje"}]},{"@type":"WebSite","@id":"https:\/\/tuzlainfo.ba\/#website","url":"https:\/\/tuzlainfo.ba\/","name":"TuzlaInfo.ba","description":"Tuzla info, gradski informator - Tuzla na dlanu","publisher":{"@id":"https:\/\/tuzlainfo.ba\/#organization"},"potentialAction":[{"@type":"SearchAction","target":{"@type":"EntryPoint","urlTemplate":"https:\/\/tuzlainfo.ba\/?s={search_term_string}"},"query-input":{"@type":"PropertyValueSpecification","valueRequired":true,"valueName":"search_term_string"}}],"inLanguage":"bs-BA"},{"@type":"Organization","@id":"https:\/\/tuzlainfo.ba\/#organization","name":"TuzlaInfo.ba","url":"https:\/\/tuzlainfo.ba\/","logo":{"@type":"ImageObject","inLanguage":"bs-BA","@id":"https:\/\/tuzlainfo.ba\/#\/schema\/logo\/image\/","url":"https:\/\/tuzlainfo.ba\/wp-content\/uploads\/2021\/03\/logo-ver-3-1.png","contentUrl":"https:\/\/tuzlainfo.ba\/wp-content\/uploads\/2021\/03\/logo-ver-3-1.png","width":350,"height":95,"caption":"TuzlaInfo.ba"},"image":{"@id":"https:\/\/tuzlainfo.ba\/#\/schema\/logo\/image\/"},"sameAs":["https:\/\/www.facebook.com\/tuzlainfo.ba\/"]},{"@type":"Person","@id":"https:\/\/tuzlainfo.ba\/#\/schema\/person\/46cad4c57790cbc50781edd14870825a","name":"Tuzla Info","image":{"@type":"ImageObject","inLanguage":"bs-BA","@id":"https:\/\/tuzlainfo.ba\/#\/schema\/person\/image\/","url":"https:\/\/tuzlainfo.ba\/wp-content\/litespeed\/avatar\/b6c453a6c38e3654f2e4416c643fc25c.jpg?ver=1777051911","contentUrl":"https:\/\/tuzlainfo.ba\/wp-content\/litespeed\/avatar\/b6c453a6c38e3654f2e4416c643fc25c.jpg?ver=1777051911","caption":"Tuzla Info"}}]}},"_links":{"self":[{"href":"https:\/\/tuzlainfo.ba\/index.php\/wp-json\/wp\/v2\/posts\/187745"}],"collection":[{"href":"https:\/\/tuzlainfo.ba\/index.php\/wp-json\/wp\/v2\/posts"}],"about":[{"href":"https:\/\/tuzlainfo.ba\/index.php\/wp-json\/wp\/v2\/types\/post"}],"author":[{"embeddable":true,"href":"https:\/\/tuzlainfo.ba\/index.php\/wp-json\/wp\/v2\/users\/4"}],"replies":[{"embeddable":true,"href":"https:\/\/tuzlainfo.ba\/index.php\/wp-json\/wp\/v2\/comments?post=187745"}],"version-history":[{"count":0,"href":"https:\/\/tuzlainfo.ba\/index.php\/wp-json\/wp\/v2\/posts\/187745\/revisions"}],"wp:featuredmedia":[{"embeddable":true,"href":"https:\/\/tuzlainfo.ba\/index.php\/wp-json\/wp\/v2\/media\/142749"}],"wp:attachment":[{"href":"https:\/\/tuzlainfo.ba\/index.php\/wp-json\/wp\/v2\/media?parent=187745"}],"wp:term":[{"taxonomy":"category","embeddable":true,"href":"https:\/\/tuzlainfo.ba\/index.php\/wp-json\/wp\/v2\/categories?post=187745"},{"taxonomy":"post_tag","embeddable":true,"href":"https:\/\/tuzlainfo.ba\/index.php\/wp-json\/wp\/v2\/tags?post=187745"}],"curies":[{"name":"wp","href":"https:\/\/api.w.org\/{rel}","templated":true}]}}