{"id":187506,"date":"2022-10-23T21:15:08","date_gmt":"2022-10-23T19:15:08","guid":{"rendered":"https:\/\/tuzlainfo.ba\/?p=187506"},"modified":"2022-10-23T21:15:08","modified_gmt":"2022-10-23T19:15:08","slug":"joe-biden-namjerava-da-se-ponovo-kandiduje-za-predsjednika-sad-a","status":"publish","type":"post","link":"https:\/\/tuzlainfo.ba\/index.php\/clanci\/sa-svih-strana\/item\/187506-joe-biden-namjerava-da-se-ponovo-kandiduje-za-predsjednika-sad-a\/","title":{"rendered":"Joe Biden namjerava da se ponovo kandiduje za predsjednika SAD-a"},"content":{"rendered":"<p>Predsjednik Sjedinjenih Ameri\u010dkih Dr\u017eava D\u017eo Bajden izjavio je da planira da se ponovo kandiduje za predsjednika. da se namjerava ponovo kandidovati za predsjednika.<\/p>\n<p>Ukazao je da jo\u0161 nije donio zvani\u010dnu odluku po ovom pitanju, ali da postoji namjera da to u\u010dini.<\/p>\n<p>-Nisam formalno donio odluku, ali to je moja namjera. Moja namjera je da se ponovo kandidujem i postoji dovoljno vremena da donesem takvu odluku-, izjavio je Bajden u intervjuu za televizijsku ku\u0107u MSNBC.<\/p>\n<p>Kako je rekao, njegova supruga D\u017eil smatra da radi posao koji je veoma va\u017ean.<\/p>\n<p>-Moja supruga smatra da radimo ne\u0161to veoma va\u017eno i to je ne\u0161to od \u010dega ne mogu pobje\u0107i &#8211;\u00a0 poru\u010dio je.<\/p>\n<p>Bajden ima 79 godina i kao kandidat Demokratske stranke 2020. izabran je za ameri\u010dkog predsjednika. Pojedini problematiziraju da li mo\u017ee biti dr\u017eavni \u010delnik. Smatraju da je njegovo zdravstveno stanje naru\u0161eno do te mjere da vi\u0161e ne mo\u017ee biti predsjednik.<\/p>\n","protected":false},"excerpt":{"rendered":"<p>Predsjednik Sjedinjenih Ameri\u010dkih Dr\u017eava D\u017eo Bajden izjavio je da planira da se ponovo kandiduje za&hellip;<\/p>\n","protected":false},"author":2,"featured_media":164667,"comment_status":"open","ping_status":"closed","sticky":false,"template":"","format":"standard","meta":{"_acf_changed":false,"footnotes":""},"categories":[16],"tags":[1533],"acf":[],"yoast_head":"<!-- This site is optimized with the Yoast SEO plugin v23.5 - https:\/\/yoast.com\/wordpress\/plugins\/seo\/ -->\n<title>Joe Biden namjerava da se ponovo kandiduje za predsjednika SAD-a - TuzlaInfo.ba<\/title>\n<meta name=\"robots\" content=\"index, follow, max-snippet:-1, max-image-preview:large, max-video-preview:-1\" \/>\n<link rel=\"canonical\" href=\"https:\/\/tuzlainfo.ba\/index.php\/clanci\/sa-svih-strana\/item\/187506-joe-biden-namjerava-da-se-ponovo-kandiduje-za-predsjednika-sad-a\/\" \/>\n<meta property=\"og:locale\" content=\"bs_BA\" \/>\n<meta property=\"og:type\" content=\"article\" \/>\n<meta property=\"og:title\" content=\"Joe Biden namjerava da se ponovo kandiduje za predsjednika SAD-a - TuzlaInfo.ba\" \/>\n<meta property=\"og:description\" content=\"Predsjednik Sjedinjenih Ameri\u010dkih Dr\u017eava D\u017eo Bajden izjavio je da planira da se ponovo kandiduje za&hellip;\" \/>\n<meta property=\"og:url\" content=\"https:\/\/tuzlainfo.ba\/index.php\/clanci\/sa-svih-strana\/item\/187506-joe-biden-namjerava-da-se-ponovo-kandiduje-za-predsjednika-sad-a\/\" \/>\n<meta property=\"og:site_name\" content=\"TuzlaInfo.ba\" \/>\n<meta property=\"article:publisher\" content=\"https:\/\/www.facebook.com\/tuzlainfo.ba\/\" \/>\n<meta property=\"article:published_time\" content=\"2022-10-23T19:15:08+00:00\" \/>\n<meta property=\"og:image\" content=\"https:\/\/tuzlainfo.ba\/wp-content\/uploads\/2022\/02\/2202_biden.jpg\" \/>\n\t<meta property=\"og:image:width\" content=\"1125\" \/>\n\t<meta property=\"og:image:height\" content=\"750\" \/>\n\t<meta property=\"og:image:type\" content=\"image\/jpeg\" \/>\n<meta name=\"author\" content=\"nedim\" \/>\n<meta name=\"twitter:card\" content=\"summary_large_image\" \/>\n<meta name=\"twitter:label1\" content=\"Written by\" \/>\n\t<meta name=\"twitter:data1\" content=\"nedim\" \/>\n\t<meta name=\"twitter:label2\" content=\"Est. reading time\" \/>\n\t<meta name=\"twitter:data2\" content=\"1 minuta\" \/>\n<script type=\"application\/ld+json\" class=\"yoast-schema-graph\">{\"@context\":\"https:\/\/schema.org\",\"@graph\":[{\"@type\":\"Article\",\"@id\":\"https:\/\/tuzlainfo.ba\/index.php\/clanci\/sa-svih-strana\/item\/187506-joe-biden-namjerava-da-se-ponovo-kandiduje-za-predsjednika-sad-a\/#article\",\"isPartOf\":{\"@id\":\"https:\/\/tuzlainfo.ba\/index.php\/clanci\/sa-svih-strana\/item\/187506-joe-biden-namjerava-da-se-ponovo-kandiduje-za-predsjednika-sad-a\/\"},\"author\":{\"name\":\"nedim\",\"@id\":\"https:\/\/tuzlainfo.ba\/#\/schema\/person\/f434e20dc27ea133923aab08451b7f7f\"},\"headline\":\"Joe Biden namjerava da se ponovo kandiduje za predsjednika SAD-a\",\"datePublished\":\"2022-10-23T19:15:08+00:00\",\"dateModified\":\"2022-10-23T19:15:08+00:00\",\"mainEntityOfPage\":{\"@id\":\"https:\/\/tuzlainfo.ba\/index.php\/clanci\/sa-svih-strana\/item\/187506-joe-biden-namjerava-da-se-ponovo-kandiduje-za-predsjednika-sad-a\/\"},\"wordCount\":174,\"commentCount\":0,\"publisher\":{\"@id\":\"https:\/\/tuzlainfo.ba\/#organization\"},\"image\":{\"@id\":\"https:\/\/tuzlainfo.ba\/index.php\/clanci\/sa-svih-strana\/item\/187506-joe-biden-namjerava-da-se-ponovo-kandiduje-za-predsjednika-sad-a\/#primaryimage\"},\"thumbnailUrl\":\"https:\/\/tuzlainfo.ba\/wp-content\/uploads\/2022\/02\/2202_biden.jpg\",\"keywords\":[\"joe biden\"],\"articleSection\":[\"Sa svih strana\"],\"inLanguage\":\"bs-BA\"},{\"@type\":\"WebPage\",\"@id\":\"https:\/\/tuzlainfo.ba\/index.php\/clanci\/sa-svih-strana\/item\/187506-joe-biden-namjerava-da-se-ponovo-kandiduje-za-predsjednika-sad-a\/\",\"url\":\"https:\/\/tuzlainfo.ba\/index.php\/clanci\/sa-svih-strana\/item\/187506-joe-biden-namjerava-da-se-ponovo-kandiduje-za-predsjednika-sad-a\/\",\"name\":\"Joe Biden namjerava da se ponovo kandiduje za predsjednika SAD-a - TuzlaInfo.ba\",\"isPartOf\":{\"@id\":\"https:\/\/tuzlainfo.ba\/#website\"},\"primaryImageOfPage\":{\"@id\":\"https:\/\/tuzlainfo.ba\/index.php\/clanci\/sa-svih-strana\/item\/187506-joe-biden-namjerava-da-se-ponovo-kandiduje-za-predsjednika-sad-a\/#primaryimage\"},\"image\":{\"@id\":\"https:\/\/tuzlainfo.ba\/index.php\/clanci\/sa-svih-strana\/item\/187506-joe-biden-namjerava-da-se-ponovo-kandiduje-za-predsjednika-sad-a\/#primaryimage\"},\"thumbnailUrl\":\"https:\/\/tuzlainfo.ba\/wp-content\/uploads\/2022\/02\/2202_biden.jpg\",\"datePublished\":\"2022-10-23T19:15:08+00:00\",\"dateModified\":\"2022-10-23T19:15:08+00:00\",\"breadcrumb\":{\"@id\":\"https:\/\/tuzlainfo.ba\/index.php\/clanci\/sa-svih-strana\/item\/187506-joe-biden-namjerava-da-se-ponovo-kandiduje-za-predsjednika-sad-a\/#breadcrumb\"},\"inLanguage\":\"bs-BA\",\"potentialAction\":[{\"@type\":\"ReadAction\",\"target\":[\"https:\/\/tuzlainfo.ba\/index.php\/clanci\/sa-svih-strana\/item\/187506-joe-biden-namjerava-da-se-ponovo-kandiduje-za-predsjednika-sad-a\/\"]}]},{\"@type\":\"ImageObject\",\"inLanguage\":\"bs-BA\",\"@id\":\"https:\/\/tuzlainfo.ba\/index.php\/clanci\/sa-svih-strana\/item\/187506-joe-biden-namjerava-da-se-ponovo-kandiduje-za-predsjednika-sad-a\/#primaryimage\",\"url\":\"https:\/\/tuzlainfo.ba\/wp-content\/uploads\/2022\/02\/2202_biden.jpg\",\"contentUrl\":\"https:\/\/tuzlainfo.ba\/wp-content\/uploads\/2022\/02\/2202_biden.jpg\",\"width\":1125,\"height\":750},{\"@type\":\"BreadcrumbList\",\"@id\":\"https:\/\/tuzlainfo.ba\/index.php\/clanci\/sa-svih-strana\/item\/187506-joe-biden-namjerava-da-se-ponovo-kandiduje-za-predsjednika-sad-a\/#breadcrumb\",\"itemListElement\":[{\"@type\":\"ListItem\",\"position\":1,\"name\":\"Home\",\"item\":\"https:\/\/tuzlainfo.ba\/\"},{\"@type\":\"ListItem\",\"position\":2,\"name\":\"Joe Biden namjerava da se ponovo kandiduje za predsjednika SAD-a\"}]},{\"@type\":\"WebSite\",\"@id\":\"https:\/\/tuzlainfo.ba\/#website\",\"url\":\"https:\/\/tuzlainfo.ba\/\",\"name\":\"TuzlaInfo.ba\",\"description\":\"Tuzla info, gradski informator - Tuzla na dlanu\",\"publisher\":{\"@id\":\"https:\/\/tuzlainfo.ba\/#organization\"},\"potentialAction\":[{\"@type\":\"SearchAction\",\"target\":{\"@type\":\"EntryPoint\",\"urlTemplate\":\"https:\/\/tuzlainfo.ba\/?s={search_term_string}\"},\"query-input\":{\"@type\":\"PropertyValueSpecification\",\"valueRequired\":true,\"valueName\":\"search_term_string\"}}],\"inLanguage\":\"bs-BA\"},{\"@type\":\"Organization\",\"@id\":\"https:\/\/tuzlainfo.ba\/#organization\",\"name\":\"TuzlaInfo.ba\",\"url\":\"https:\/\/tuzlainfo.ba\/\",\"logo\":{\"@type\":\"ImageObject\",\"inLanguage\":\"bs-BA\",\"@id\":\"https:\/\/tuzlainfo.ba\/#\/schema\/logo\/image\/\",\"url\":\"https:\/\/tuzlainfo.ba\/wp-content\/uploads\/2021\/03\/logo-ver-3-1.png\",\"contentUrl\":\"https:\/\/tuzlainfo.ba\/wp-content\/uploads\/2021\/03\/logo-ver-3-1.png\",\"width\":350,\"height\":95,\"caption\":\"TuzlaInfo.ba\"},\"image\":{\"@id\":\"https:\/\/tuzlainfo.ba\/#\/schema\/logo\/image\/\"},\"sameAs\":[\"https:\/\/www.facebook.com\/tuzlainfo.ba\/\"]},{\"@type\":\"Person\",\"@id\":\"https:\/\/tuzlainfo.ba\/#\/schema\/person\/f434e20dc27ea133923aab08451b7f7f\",\"name\":\"nedim\",\"image\":{\"@type\":\"ImageObject\",\"inLanguage\":\"bs-BA\",\"@id\":\"https:\/\/tuzlainfo.ba\/#\/schema\/person\/image\/\",\"url\":\"https:\/\/tuzlainfo.ba\/wp-content\/litespeed\/avatar\/aabad687af24844af817603ac1cbdc4f.jpg?ver=1777306975\",\"contentUrl\":\"https:\/\/tuzlainfo.ba\/wp-content\/litespeed\/avatar\/aabad687af24844af817603ac1cbdc4f.jpg?ver=1777306975\",\"caption\":\"nedim\"},\"description\":\"Tuzlainfo.ba pratite na dru\u0161tvenim mre\u017eama: Facebook, Instagram i Youtube. Svoje pri\u010de, upite i fotografije \u0161aljite na na\u0161u e-mail adresu.\"}]}<\/script>\n<!-- \/ Yoast SEO plugin. -->","yoast_head_json":{"title":"Joe Biden namjerava da se ponovo kandiduje za predsjednika SAD-a - TuzlaInfo.ba","robots":{"index":"index","follow":"follow","max-snippet":"max-snippet:-1","max-image-preview":"max-image-preview:large","max-video-preview":"max-video-preview:-1"},"canonical":"https:\/\/tuzlainfo.ba\/index.php\/clanci\/sa-svih-strana\/item\/187506-joe-biden-namjerava-da-se-ponovo-kandiduje-za-predsjednika-sad-a\/","og_locale":"bs_BA","og_type":"article","og_title":"Joe Biden namjerava da se ponovo kandiduje za predsjednika SAD-a - TuzlaInfo.ba","og_description":"Predsjednik Sjedinjenih Ameri\u010dkih Dr\u017eava D\u017eo Bajden izjavio je da planira da se ponovo kandiduje za&hellip;","og_url":"https:\/\/tuzlainfo.ba\/index.php\/clanci\/sa-svih-strana\/item\/187506-joe-biden-namjerava-da-se-ponovo-kandiduje-za-predsjednika-sad-a\/","og_site_name":"TuzlaInfo.ba","article_publisher":"https:\/\/www.facebook.com\/tuzlainfo.ba\/","article_published_time":"2022-10-23T19:15:08+00:00","og_image":[{"width":1125,"height":750,"url":"https:\/\/tuzlainfo.ba\/wp-content\/uploads\/2022\/02\/2202_biden.jpg","type":"image\/jpeg"}],"author":"nedim","twitter_card":"summary_large_image","twitter_misc":{"Written by":"nedim","Est. reading time":"1 minuta"},"schema":{"@context":"https:\/\/schema.org","@graph":[{"@type":"Article","@id":"https:\/\/tuzlainfo.ba\/index.php\/clanci\/sa-svih-strana\/item\/187506-joe-biden-namjerava-da-se-ponovo-kandiduje-za-predsjednika-sad-a\/#article","isPartOf":{"@id":"https:\/\/tuzlainfo.ba\/index.php\/clanci\/sa-svih-strana\/item\/187506-joe-biden-namjerava-da-se-ponovo-kandiduje-za-predsjednika-sad-a\/"},"author":{"name":"nedim","@id":"https:\/\/tuzlainfo.ba\/#\/schema\/person\/f434e20dc27ea133923aab08451b7f7f"},"headline":"Joe Biden namjerava da se ponovo kandiduje za predsjednika SAD-a","datePublished":"2022-10-23T19:15:08+00:00","dateModified":"2022-10-23T19:15:08+00:00","mainEntityOfPage":{"@id":"https:\/\/tuzlainfo.ba\/index.php\/clanci\/sa-svih-strana\/item\/187506-joe-biden-namjerava-da-se-ponovo-kandiduje-za-predsjednika-sad-a\/"},"wordCount":174,"commentCount":0,"publisher":{"@id":"https:\/\/tuzlainfo.ba\/#organization"},"image":{"@id":"https:\/\/tuzlainfo.ba\/index.php\/clanci\/sa-svih-strana\/item\/187506-joe-biden-namjerava-da-se-ponovo-kandiduje-za-predsjednika-sad-a\/#primaryimage"},"thumbnailUrl":"https:\/\/tuzlainfo.ba\/wp-content\/uploads\/2022\/02\/2202_biden.jpg","keywords":["joe biden"],"articleSection":["Sa svih strana"],"inLanguage":"bs-BA"},{"@type":"WebPage","@id":"https:\/\/tuzlainfo.ba\/index.php\/clanci\/sa-svih-strana\/item\/187506-joe-biden-namjerava-da-se-ponovo-kandiduje-za-predsjednika-sad-a\/","url":"https:\/\/tuzlainfo.ba\/index.php\/clanci\/sa-svih-strana\/item\/187506-joe-biden-namjerava-da-se-ponovo-kandiduje-za-predsjednika-sad-a\/","name":"Joe Biden namjerava da se ponovo kandiduje za predsjednika SAD-a - TuzlaInfo.ba","isPartOf":{"@id":"https:\/\/tuzlainfo.ba\/#website"},"primaryImageOfPage":{"@id":"https:\/\/tuzlainfo.ba\/index.php\/clanci\/sa-svih-strana\/item\/187506-joe-biden-namjerava-da-se-ponovo-kandiduje-za-predsjednika-sad-a\/#primaryimage"},"image":{"@id":"https:\/\/tuzlainfo.ba\/index.php\/clanci\/sa-svih-strana\/item\/187506-joe-biden-namjerava-da-se-ponovo-kandiduje-za-predsjednika-sad-a\/#primaryimage"},"thumbnailUrl":"https:\/\/tuzlainfo.ba\/wp-content\/uploads\/2022\/02\/2202_biden.jpg","datePublished":"2022-10-23T19:15:08+00:00","dateModified":"2022-10-23T19:15:08+00:00","breadcrumb":{"@id":"https:\/\/tuzlainfo.ba\/index.php\/clanci\/sa-svih-strana\/item\/187506-joe-biden-namjerava-da-se-ponovo-kandiduje-za-predsjednika-sad-a\/#breadcrumb"},"inLanguage":"bs-BA","potentialAction":[{"@type":"ReadAction","target":["https:\/\/tuzlainfo.ba\/index.php\/clanci\/sa-svih-strana\/item\/187506-joe-biden-namjerava-da-se-ponovo-kandiduje-za-predsjednika-sad-a\/"]}]},{"@type":"ImageObject","inLanguage":"bs-BA","@id":"https:\/\/tuzlainfo.ba\/index.php\/clanci\/sa-svih-strana\/item\/187506-joe-biden-namjerava-da-se-ponovo-kandiduje-za-predsjednika-sad-a\/#primaryimage","url":"https:\/\/tuzlainfo.ba\/wp-content\/uploads\/2022\/02\/2202_biden.jpg","contentUrl":"https:\/\/tuzlainfo.ba\/wp-content\/uploads\/2022\/02\/2202_biden.jpg","width":1125,"height":750},{"@type":"BreadcrumbList","@id":"https:\/\/tuzlainfo.ba\/index.php\/clanci\/sa-svih-strana\/item\/187506-joe-biden-namjerava-da-se-ponovo-kandiduje-za-predsjednika-sad-a\/#breadcrumb","itemListElement":[{"@type":"ListItem","position":1,"name":"Home","item":"https:\/\/tuzlainfo.ba\/"},{"@type":"ListItem","position":2,"name":"Joe Biden namjerava da se ponovo kandiduje za predsjednika SAD-a"}]},{"@type":"WebSite","@id":"https:\/\/tuzlainfo.ba\/#website","url":"https:\/\/tuzlainfo.ba\/","name":"TuzlaInfo.ba","description":"Tuzla info, gradski informator - Tuzla na dlanu","publisher":{"@id":"https:\/\/tuzlainfo.ba\/#organization"},"potentialAction":[{"@type":"SearchAction","target":{"@type":"EntryPoint","urlTemplate":"https:\/\/tuzlainfo.ba\/?s={search_term_string}"},"query-input":{"@type":"PropertyValueSpecification","valueRequired":true,"valueName":"search_term_string"}}],"inLanguage":"bs-BA"},{"@type":"Organization","@id":"https:\/\/tuzlainfo.ba\/#organization","name":"TuzlaInfo.ba","url":"https:\/\/tuzlainfo.ba\/","logo":{"@type":"ImageObject","inLanguage":"bs-BA","@id":"https:\/\/tuzlainfo.ba\/#\/schema\/logo\/image\/","url":"https:\/\/tuzlainfo.ba\/wp-content\/uploads\/2021\/03\/logo-ver-3-1.png","contentUrl":"https:\/\/tuzlainfo.ba\/wp-content\/uploads\/2021\/03\/logo-ver-3-1.png","width":350,"height":95,"caption":"TuzlaInfo.ba"},"image":{"@id":"https:\/\/tuzlainfo.ba\/#\/schema\/logo\/image\/"},"sameAs":["https:\/\/www.facebook.com\/tuzlainfo.ba\/"]},{"@type":"Person","@id":"https:\/\/tuzlainfo.ba\/#\/schema\/person\/f434e20dc27ea133923aab08451b7f7f","name":"nedim","image":{"@type":"ImageObject","inLanguage":"bs-BA","@id":"https:\/\/tuzlainfo.ba\/#\/schema\/person\/image\/","url":"https:\/\/tuzlainfo.ba\/wp-content\/litespeed\/avatar\/aabad687af24844af817603ac1cbdc4f.jpg?ver=1777306975","contentUrl":"https:\/\/tuzlainfo.ba\/wp-content\/litespeed\/avatar\/aabad687af24844af817603ac1cbdc4f.jpg?ver=1777306975","caption":"nedim"},"description":"Tuzlainfo.ba pratite na dru\u0161tvenim mre\u017eama: Facebook, Instagram i Youtube. Svoje pri\u010de, upite i fotografije \u0161aljite na na\u0161u e-mail adresu."}]}},"_links":{"self":[{"href":"https:\/\/tuzlainfo.ba\/index.php\/wp-json\/wp\/v2\/posts\/187506"}],"collection":[{"href":"https:\/\/tuzlainfo.ba\/index.php\/wp-json\/wp\/v2\/posts"}],"about":[{"href":"https:\/\/tuzlainfo.ba\/index.php\/wp-json\/wp\/v2\/types\/post"}],"author":[{"embeddable":true,"href":"https:\/\/tuzlainfo.ba\/index.php\/wp-json\/wp\/v2\/users\/2"}],"replies":[{"embeddable":true,"href":"https:\/\/tuzlainfo.ba\/index.php\/wp-json\/wp\/v2\/comments?post=187506"}],"version-history":[{"count":0,"href":"https:\/\/tuzlainfo.ba\/index.php\/wp-json\/wp\/v2\/posts\/187506\/revisions"}],"wp:featuredmedia":[{"embeddable":true,"href":"https:\/\/tuzlainfo.ba\/index.php\/wp-json\/wp\/v2\/media\/164667"}],"wp:attachment":[{"href":"https:\/\/tuzlainfo.ba\/index.php\/wp-json\/wp\/v2\/media?parent=187506"}],"wp:term":[{"taxonomy":"category","embeddable":true,"href":"https:\/\/tuzlainfo.ba\/index.php\/wp-json\/wp\/v2\/categories?post=187506"},{"taxonomy":"post_tag","embeddable":true,"href":"https:\/\/tuzlainfo.ba\/index.php\/wp-json\/wp\/v2\/tags?post=187506"}],"curies":[{"name":"wp","href":"https:\/\/api.w.org\/{rel}","templated":true}]}}